{"id":1766294,"date":"2026-02-11T00:00:00","date_gmt":"2026-02-10T21:00:00","guid":{"rendered":"https:\/\/analyse.optim.biz\/?p=1766294"},"modified":"2026-02-11T00:00:00","modified_gmt":"2026-02-10T21:00:00","slug":"foto-incendiu-la-vicovu-de-sus-o-sera-de-flori-a-ars-complet","status":"publish","type":"post","link":"https:\/\/analyse.optim.biz\/?p=1766294","title":{"rendered":"FOTO Incendiu la Vicovu de Sus. O ser\u0103 de flori a ars complet"},"content":{"rendered":"<p>[analyse_image type=&#8221;featured&#8221; src=&#8221;&#8221;]<\/p>\n<div class=\"entry-content\">\n<p><img decoding=\"async\" loading=\"lazy\" class=\"alignright size-medium wp-image-318587\" src=\"https:\/\/suceavanews.ro\/wp-content\/uploads\/2026\/02\/incendiu-vicovu-de-sus-300x225.jpeg\" alt=\"\" width=\"300\" height=\"225\">Pompierii militari ai G\u0103rzii de Interven\u021bie Vicovu de Sus, \u00eempreun\u0103 cu lucr\u0103torii Serviciului Voluntar pentru Situa\u021bii de Urgen\u021b\u0103 Bilca, au intervenit, mar\u0163i, cu trei autospeciale de stingere pentru localizarea \u0219i lichidarea unui incendiu izbucnit la o gospod\u0103rie din ora\u0219ul Vicovu de Sus.<\/p>\n<p>La sosirea echipajelor, fl\u0103c\u0103rile se manifestau generalizat la o ser\u0103 de flori (solar), cu pericol de propagare la construc\u021biile \u00eenvecinate.<\/p>\n<p>Incendiul a fost lichidat la ora 06:15.<\/p>\n<p>Fl\u0103c\u0103rile au distrus \u00eenvelitoarea din polietilen\u0103 \u0219i au afectat structura metalic\u0103 a serei, pe o suprafa\u021b\u0103 de aproximativ 100 mp. \u00cen urma incendiului, au ars \u0219i 2 mc de lemn de foc depozitat \u00een interior, precum \u0219i materiale horticole \u0219i culturi de flori.<\/p>\n<p>Cel mai probabil, incendiul a izbucnit din cauza jarului sau a sc\u00e2nteilor c\u0103zute dintr-o sob\u0103 f\u0103r\u0103 acumulare de c\u0103ldur\u0103, folosit\u0103 pentru \u00eenc\u0103lzirea solarului, care au aprins materialele combustibile din apropiere.<\/p>\n<\/div>\n<div class=\"entry-content\">\n<p><img decoding=\"async\" loading=\"lazy\" class=\"alignright size-medium wp-image-318587\" src=\"https:\/\/suceavanews.ro\/wp-content\/uploads\/2026\/02\/incendiu-vicovu-de-sus-300x225.jpeg\" alt=\"\" width=\"300\" height=\"225\">Pompierii militari ai G\u0103rzii de Interven\u021bie Vicovu de Sus, \u00eempreun\u0103 cu lucr\u0103torii Serviciului Voluntar pentru Situa\u021bii de Urgen\u021b\u0103 Bilca, au intervenit, mar\u0163i, cu trei autospeciale de stingere pentru localizarea \u0219i lichidarea unui incendiu izbucnit la o gospod\u0103rie din ora\u0219ul Vicovu de Sus.<\/p>\n<p>La sosirea echipajelor, fl\u0103c\u0103rile se manifestau generalizat la o ser\u0103 de flori (solar), cu pericol de propagare la construc\u021biile \u00eenvecinate.<\/p>\n<p>Incendiul a fost lichidat la ora 06:15.<\/p>\n<p>Fl\u0103c\u0103rile au distrus \u00eenvelitoarea din polietilen\u0103 \u0219i au afectat structura metalic\u0103 a serei, pe o suprafa\u021b\u0103 de aproximativ 100 mp. \u00cen urma incendiului, au ars \u0219i 2 mc de lemn de foc depozitat \u00een interior, precum \u0219i materiale horticole \u0219i culturi de flori.<\/p>\n<p>Cel mai probabil, incendiul a izbucnit din cauza jarului sau a sc\u00e2nteilor c\u0103zute dintr-o sob\u0103 f\u0103r\u0103 acumulare de c\u0103ldur\u0103, folosit\u0103 pentru \u00eenc\u0103lzirea solarului, care au aprins materialele combustibile din apropiere.<\/p>\n<\/div>\n<p>[analyse_source url=&#8221;https:\/\/suceavanews.ro\/318586\/eveniment\/foto-incendiu-la-vicovu-de-sus-o-sera-de-flori-a-ars-complet\/&#8221;]<\/p>\n","protected":false},"excerpt":{"rendered":"<p>[analyse_image type=&#8221;featured&#8221; src=&#8221;&#8221;] Pompierii militari ai G\u0103rzii de Interven\u021bie Vicovu de Sus, \u00eempreun\u0103 cu lucr\u0103torii Serviciului Voluntar pentru Situa\u021bii de Urgen\u021b\u0103 Bilca, au intervenit, mar\u0163i, cu trei autospeciale de stingere pentru localizarea \u0219i lichidarea unui incendiu izbucnit la o gospod\u0103rie din ora\u0219ul Vicovu de Sus. La sosirea echipajelor, fl\u0103c\u0103rile se manifestau generalizat la o ser\u0103 [&hellip;]<\/p>\n","protected":false},"author":1,"featured_media":0,"comment_status":"open","ping_status":"","sticky":false,"template":"","format":"standard","meta":{"footnotes":""},"categories":[89],"tags":[226,174],"class_list":["post-1766294","post","type-post","status-publish","format-standard","hentry","category-romania","tag-crawlmanager","tag-suceavanews-ro"],"_links":{"self":[{"href":"https:\/\/analyse.optim.biz\/index.php?rest_route=\/wp\/v2\/posts\/1766294","targetHints":{"allow":["GET"]}}],"collection":[{"href":"https:\/\/analyse.optim.biz\/index.php?rest_route=\/wp\/v2\/posts"}],"about":[{"href":"https:\/\/analyse.optim.biz\/index.php?rest_route=\/wp\/v2\/types\/post"}],"author":[{"embeddable":true,"href":"https:\/\/analyse.optim.biz\/index.php?rest_route=\/wp\/v2\/users\/1"}],"replies":[{"embeddable":true,"href":"https:\/\/analyse.optim.biz\/index.php?rest_route=%2Fwp%2Fv2%2Fcomments&post=1766294"}],"version-history":[{"count":0,"href":"https:\/\/analyse.optim.biz\/index.php?rest_route=\/wp\/v2\/posts\/1766294\/revisions"}],"wp:attachment":[{"href":"https:\/\/analyse.optim.biz\/index.php?rest_route=%2Fwp%2Fv2%2Fmedia&parent=1766294"}],"wp:term":[{"taxonomy":"category","embeddable":true,"href":"https:\/\/analyse.optim.biz\/index.php?rest_route=%2Fwp%2Fv2%2Fcategories&post=1766294"},{"taxonomy":"post_tag","embeddable":true,"href":"https:\/\/analyse.optim.biz\/index.php?rest_route=%2Fwp%2Fv2%2Ftags&post=1766294"}],"curies":[{"name":"wp","href":"https:\/\/api.w.org\/{rel}","templated":true}]}}