{"id":1766293,"date":"2026-02-06T00:00:00","date_gmt":"2026-02-05T21:00:00","guid":{"rendered":"https:\/\/analyse.optim.biz\/?p=1766293"},"modified":"2026-02-06T00:00:00","modified_gmt":"2026-02-05T21:00:00","slug":"a-fost-lansata-licitatia-pentru-constructia-noului-terminal-al-aeroportului-stefan-cel-mare-din-suceava","status":"publish","type":"post","link":"https:\/\/analyse.optim.biz\/?p=1766293","title":{"rendered":"A fost lansat\u0103 licita\u021bia pentru construc\u021bia noului terminal al Aeroportului \u0218tefan cel Mare din Suceava"},"content":{"rendered":"<p>[analyse_image type=&#8221;featured&#8221; src=&#8221;&#8221;]<\/p>\n<div class=\"entry-content\">\n<div class=\"xdj266r x14z9mp xat24cr x1lziwak x1vvkbs x126k92a\">\n<div dir=\"auto\"><img decoding=\"async\" loading=\"lazy\" class=\"alignright size-medium wp-image-314420\" src=\"https:\/\/suceavanews.ro\/wp-content\/uploads\/2023\/10\/aeroport-salcea-suceava-stiri-300x193.jpeg\" alt=\"\" width=\"300\" height=\"193\">Consiliul Jude\u021bean Suceava a lansat procedura de licita\u021bie pentru proiectarea \u0219i execu\u021bia Terminalului 3 de la Aeroportul Interna\u021bional \u201e\u0218tefan cel Mare\u201d Suceava. Este vorba de un terminal de aproape 11.000 de metri p\u0103tra\u021bi, de trei ori mai mare dec\u00e2t cele dou\u0103 terminale existente la un loc.<\/div>\n<\/div>\n<div class=\"x14z9mp xat24cr x1lziwak x1vvkbs xtlvy1s x126k92a\">\n<div dir=\"auto\">Valoarea estimat\u0103 a contractului de proiectare \u0219i execu\u021bie este de aproximativ 167,5 milioane de lei, f\u0103r\u0103 TVA (circa 33 de milioane de euro).<\/div>\n<div dir=\"auto\">C\u00e2\u0219tig\u0103torul licita\u021biei va avea la dispozi\u021bie 24 de luni pentru executarea contractului: 5 luni pentru proiectare \u0219i 19 luni pentru execu\u021bie. Lucr\u0103rile se vor desf\u0103\u0219ura f\u0103r\u0103 blocarea activit\u0103\u021bii aeroportului, astfel \u00eenc\u00e2t traficul aerian \u0219i fluxul de pasageri s\u0103 fie asigurate pe toat\u0103 durata contractului.<\/div>\n<\/div>\n<div class=\"x14z9mp xat24cr x1lziwak x1vvkbs xtlvy1s x126k92a\">\n<div dir=\"auto\"><em><strong>\u201eOdat\u0103 finalizat, noul terminal va permite deservirea unui trafic de peste 2.000.000 de pasageri pe an \u0219i un flux de minimum 500 de pasageri pe or\u0103.\u00a0<\/strong><\/em><em><strong>Terminalul va avea regim de \u00een\u0103l\u021bime P+1+2 par\u021bial, o suprafa\u021b\u0103 total\u0103 de aproximativ 10.800 mp \u0219i va fi conectat de cl\u0103dirile existente printr-o pasarel\u0103 pietonal\u0103 acoperit\u0103, care va asigura fluxul pasagerilor \u00eentre zona non-Schengen \u0219i noua aerogar\u0103\u201d,<\/strong><\/em>sus\u021bine Gheorghe \u0218oldan, pre\u0219edintele CJ Suceava.<\/div>\n<\/div>\n<\/div>\n<div class=\"entry-content\">\n<div class=\"xdj266r x14z9mp xat24cr x1lziwak x1vvkbs x126k92a\">\n<div dir=\"auto\"><img decoding=\"async\" loading=\"lazy\" class=\"alignright size-medium wp-image-314420\" src=\"https:\/\/suceavanews.ro\/wp-content\/uploads\/2023\/10\/aeroport-salcea-suceava-stiri-300x193.jpeg\" alt=\"\" width=\"300\" height=\"193\">Consiliul Jude\u021bean Suceava a lansat procedura de licita\u021bie pentru proiectarea \u0219i execu\u021bia Terminalului 3 de la Aeroportul Interna\u021bional \u201e\u0218tefan cel Mare\u201d Suceava. Este vorba de un terminal de aproape 11.000 de metri p\u0103tra\u021bi, de trei ori mai mare dec\u00e2t cele dou\u0103 terminale existente la un loc.<\/div>\n<\/div>\n<div class=\"x14z9mp xat24cr x1lziwak x1vvkbs xtlvy1s x126k92a\">\n<div dir=\"auto\">Valoarea estimat\u0103 a contractului de proiectare \u0219i execu\u021bie este de aproximativ 167,5 milioane de lei, f\u0103r\u0103 TVA (circa 33 de milioane de euro).<\/div>\n<div dir=\"auto\">C\u00e2\u0219tig\u0103torul licita\u021biei va avea la dispozi\u021bie 24 de luni pentru executarea contractului: 5 luni pentru proiectare \u0219i 19 luni pentru execu\u021bie. Lucr\u0103rile se vor desf\u0103\u0219ura f\u0103r\u0103 blocarea activit\u0103\u021bii aeroportului, astfel \u00eenc\u00e2t traficul aerian \u0219i fluxul de pasageri s\u0103 fie asigurate pe toat\u0103 durata contractului.<\/div>\n<\/div>\n<div class=\"x14z9mp xat24cr x1lziwak x1vvkbs xtlvy1s x126k92a\">\n<div dir=\"auto\"><em><strong>\u201eOdat\u0103 finalizat, noul terminal va permite deservirea unui trafic de peste 2.000.000 de pasageri pe an \u0219i un flux de minimum 500 de pasageri pe or\u0103.\u00a0<\/strong><\/em><em><strong>Terminalul va avea regim de \u00een\u0103l\u021bime P+1+2 par\u021bial, o suprafa\u021b\u0103 total\u0103 de aproximativ 10.800 mp \u0219i va fi conectat de cl\u0103dirile existente printr-o pasarel\u0103 pietonal\u0103 acoperit\u0103, care va asigura fluxul pasagerilor \u00eentre zona non-Schengen \u0219i noua aerogar\u0103\u201d,<\/strong><\/em>sus\u021bine Gheorghe \u0218oldan, pre\u0219edintele CJ Suceava.<\/div>\n<\/div>\n<\/div>\n<p>[analyse_source url=&#8221;https:\/\/suceavanews.ro\/318573\/administratie\/a-fost-lansata-licitatia-pentru-constructia-noului-terminal-al-aeroportului-stefan-cel-mare-din-suceava\/&#8221;]<\/p>\n","protected":false},"excerpt":{"rendered":"<p>[analyse_image type=&#8221;featured&#8221; src=&#8221;&#8221;] Consiliul Jude\u021bean Suceava a lansat procedura de licita\u021bie pentru proiectarea \u0219i execu\u021bia Terminalului 3 de la Aeroportul Interna\u021bional \u201e\u0218tefan cel Mare\u201d Suceava. Este vorba de un terminal de aproape 11.000 de metri p\u0103tra\u021bi, de trei ori mai mare dec\u00e2t cele dou\u0103 terminale existente la un loc. Valoarea estimat\u0103 a contractului de proiectare [&hellip;]<\/p>\n","protected":false},"author":1,"featured_media":0,"comment_status":"open","ping_status":"","sticky":false,"template":"","format":"standard","meta":{"footnotes":""},"categories":[89],"tags":[226,174],"class_list":["post-1766293","post","type-post","status-publish","format-standard","hentry","category-romania","tag-crawlmanager","tag-suceavanews-ro"],"_links":{"self":[{"href":"https:\/\/analyse.optim.biz\/index.php?rest_route=\/wp\/v2\/posts\/1766293","targetHints":{"allow":["GET"]}}],"collection":[{"href":"https:\/\/analyse.optim.biz\/index.php?rest_route=\/wp\/v2\/posts"}],"about":[{"href":"https:\/\/analyse.optim.biz\/index.php?rest_route=\/wp\/v2\/types\/post"}],"author":[{"embeddable":true,"href":"https:\/\/analyse.optim.biz\/index.php?rest_route=\/wp\/v2\/users\/1"}],"replies":[{"embeddable":true,"href":"https:\/\/analyse.optim.biz\/index.php?rest_route=%2Fwp%2Fv2%2Fcomments&post=1766293"}],"version-history":[{"count":0,"href":"https:\/\/analyse.optim.biz\/index.php?rest_route=\/wp\/v2\/posts\/1766293\/revisions"}],"wp:attachment":[{"href":"https:\/\/analyse.optim.biz\/index.php?rest_route=%2Fwp%2Fv2%2Fmedia&parent=1766293"}],"wp:term":[{"taxonomy":"category","embeddable":true,"href":"https:\/\/analyse.optim.biz\/index.php?rest_route=%2Fwp%2Fv2%2Fcategories&post=1766293"},{"taxonomy":"post_tag","embeddable":true,"href":"https:\/\/analyse.optim.biz\/index.php?rest_route=%2Fwp%2Fv2%2Ftags&post=1766293"}],"curies":[{"name":"wp","href":"https:\/\/api.w.org\/{rel}","templated":true}]}}