{"id":176561,"date":"2015-07-23T23:29:51","date_gmt":"2015-07-23T20:29:51","guid":{"rendered":"https:\/\/analyse.optim.biz\/?p=176561"},"modified":"2015-07-23T23:29:51","modified_gmt":"2015-07-23T20:29:51","slug":"liviu-dragnea-prima-zi-la-sefia-psd-i-am-spus-lui-victor-ponta-ca-nu-sunt-nici-las-nici-fricos","status":"publish","type":"post","link":"https:\/\/analyse.optim.biz\/?p=176561","title":{"rendered":"Liviu Dragnea, prima zi la \u0219efia PSD. \u201eI-am spus lui Victor Ponta c\u0103 nu sunt nici la\u0219, nici fricos\u201d"},"content":{"rendered":"<div class=\"entry data-app-meta data-app-meta-article\" data-embed-base-url-canonical=\"https:\/\/www.digi24.ro\/embed\/stiri\/actualitate\/politica\/liviu-dragnea-prima-zi-la-sefia-psd-i-am-spus-lui-victor-ponta-ca-nu-sunt-nici-las-nici-fricos-419535\">\n<p data-index=\"1\">Mesajul principal: \u00een partid, sunt c\u00e2teva lucruri importante de schimbat! Comunicarea nu e tocmai cea mai fericit\u0103 \u015fi exist\u0103 metehne vechi de care social-democra\u0163ii trebuie s\u0103 scape. C\u00e2t despre premierul Victor Ponta, Liviu Dragnea insist\u0103 c\u0103 va r\u0103m\u00e2ne prietenul lui. Asta nu \u00eenseamn\u0103 c\u0103 nu trebuie s\u0103 treac\u0103 pe la partid cu rectificarea bugetar\u0103.<\/p>\n<p data-index=\"2\">Primul chemat la discu\u0163ii cu noua conducere este ministrul de finan\u0163e.<strong> Eugen Teodorovici<\/strong> va trebui s\u0103-\u015fi prezinte proiectul de rectificare bugetar\u0103 pentru ca liderii PSD s\u0103 \u00ee\u015fi dea acordul.<\/p>\n<p data-index=\"3\"><strong>Liviu Dragnea \u015fi-a propus s\u0103 reformeze PSD \u015fi vrea ca fo\u015ftii lideri Ion Iliescu \u015fi Adrian N\u0103stase s\u0103 aib\u0103 un cuv\u00e2nt de spus \u00een partid.<\/strong><\/p>\n<p data-index=\"4\">C\u00e2t despre Victor Ponta, acesta va fi sus\u0163inut la \u015fefia Guvernului de PSD, dar activitatea Executivului va trece mai \u00eent\u00e2i prin filtrul partidului.<\/p>\n<p data-index=\"5\">\u201eLuni, ministrul finan\u021belor s\u0103 prezinte BPN proiectul de rectificare, \u00eenainte ca el s\u0103 fie aprobat \u00een Guvern\u201d, a cerut Liviu Dragnea.<\/p>\n<p data-index=\"6\">El a \u00eentors deja o decizie a lui Victor Ponta. A anun\u021bat c\u0103 <a href=\"https:\/\/www.digi24.ro\/Stiri\/Digi24\/Actualitate\/Social\/Liviu+Dragnea+Salariile+demnitarilor+se+maresc+din+august\" target=\"_blank\" data-skip-linkfix=\"1\" rel=\"noopener\">salariile demnitarilor se m\u0103resc din luna august<\/a>.<\/p>\n<p data-index=\"7\">Noul \u015fef al PSD se laud\u0103, de altfel, cu <a href=\"https:\/\/www.digi24.ro\/Stiri\/Digi24\/Actualitate\/Politica\/LIVIU+DRAGNEA+LIDER+PSD+DECLARATII+FILM+ALEGERE\" target=\"_blank\" data-skip-linkfix=\"1\" rel=\"noopener\">votul primit miercuri \u00een Comitetul Executiv.<\/a><\/p>\n<p data-index=\"8\">\u201eNu a fost un vot \u00eempotriva lui Ponta. Cred \u0219i sper. Cred c\u0103 Rovana a gre\u0219it c\u0103 i-a l\u0103sat pe al\u021bii s\u0103 vorbeasc\u0103 \u00een numele ei. S-a votat \u00eempotriva unui mod de a face politic\u0103, unui mod de a \u00eencerca s\u0103 convingi ni\u0219te colegi prin mijloace pe care to\u021bi am zis c\u0103 nu vrem s\u0103 le mai folosim \u00een acest partid\u201d, a afirmat Liviu Dragnea.<\/p>\n<p data-index=\"9\">Chiar dac\u0103 are prima func\u0163ie \u00een partid, Liviu Dragnea nu-\u015fi schimb\u0103 biroul. La loc de cinste, se afl\u0103 o poz\u0103 cu fostul pre\u015fedinte PSD Victor Ponta, f\u0103cut\u0103 \u00een perioada alegerilor preziden\u0163iale. \u201eEu am conceput-o \u00een campanie electoral\u0103. P\u0103cat c\u0103 nu a ajuns pre\u0219edinte\u201d, a comentat Liviu Dragnea.<\/p>\n<p data-index=\"10\">Liviu Dragnea spune c\u0103 <strong>e nevoie de mai mult\u0103 disciplin\u0103 de partid<\/strong>, pentru c\u0103 PSD a ajuns \u00een situa\u021bia de a vorbi pe mai multe voci, iar \u00een final s\u0103 c\u00e2nte fals. <strong>\u201eI-am spus lui Victor Ponta c\u0103 nu sunt nici la\u0219, nici fricos \u0219i c\u0103 \u00een situa\u021bia \u00een care este sau era partidul, nu puteam s\u0103 nu m\u0103 implic \u00een acest moment \u0219i s\u0103 stau toat\u0103 via\u021ba cu o piatr\u0103 pe suflet c\u0103 din team\u0103 nu am f\u0103cut acest gest. Nu am venit s\u0103 conduc o armat\u0103 la r\u0103zboi \u00eempotriva cuiva\u201d<\/strong>, a spus Liviu Dragnea.<\/p>\n<p data-index=\"11\">\u00centrebat dac\u0103, \u00een cazul \u00een care Victor Ponta este trimis \u00een judecat\u0103, PSD \u00ee\u0219i men\u021bine sus\u021binerea pentru el ca premier, Liviu Dragnea a r\u0103spuns: \u201eDe ce vre\u021bi s\u0103 vorbim noi de lucrurile astea? Ponta e colegul meu, prietenul meu, partenerul meu, un om sus\u021binut puternic de PSD\u201d.<\/p>\n<h5>Reac\u021bii<\/h5>\n<p data-index=\"12\">R\u0103mas simplu membru de partid, <strong>Victor Ponta<\/strong> crede c\u0103 votul nu reprezint\u0103 \u00eenfr\u00e2ngerea sa, chiar dac\u0103 Rovana Plumb, candidatul pe care l-a sus\u0163inut, a pierdut.<\/p>\n<p data-index=\"13\">\u201e<span>Important este c\u0103 Liviu Dragnea a ob\u0163inut un vot foarte clar. Sunt convins c\u0103 \u015fi cei care nu l-au votat \u00eel vor sprijini. Cine l-a l\u0103udat azi c\u0103 se lupt\u0103 cu mine &#8211; nu s-a luptat deloc cu mine, nici vorb\u0103 &#8211; m\u00e2ine o s\u0103-l \u00eenjure, depinde ce primesc pe unitate\u201d, a declarat, miercuri seara, Victor Ponta la un post de televiziune. \u201ePSD are dreptul s\u0103-\u015fi aleag\u0103 lider pe cine crede PSD c\u0103 e mai bun\u201d, a ad\u0103ugat premierul.<\/span><\/p>\n<p data-index=\"14\">Evenimentele de la PSD au fost comentate \u0219i de fostul social-democrat <strong>Marian Vanghelie,<\/strong> exclus anul trecut din partid pentru c\u0103 ar fi urm\u0103rit preluarea conducerii partidului.<\/p>\n<p data-index=\"15\">\u201e<span>Deci cred c\u0103 e un c\u00e2\u0219tig pentru PSD. A\u021bi v\u0103zut ce vot zdrobitor, a fost un vot \u00eempotriva lui Ponta, du-te acas\u0103, ce ai f\u0103cut \u00een acest partid nu \u0219i-a permis nimeni. (&#8230;) Acum s-a ajuns la final \u0219i oamenii s-au exprimat, oamenii se exprim\u0103 la vot, la vot pleci acas\u0103\u201d, a spus fostul edil al sectorului 5.<\/span><\/p>\n<p data-index=\"16\">Departe de politic\u0103, fostul pre\u015fedinte al PSD <strong>Adrian N\u0103stase<\/strong> trage un semnal de alarm\u0103 pentru actualii lideri ai PSD.<\/p>\n<p data-index=\"17\">\u201e<span>Sigur c\u0103 Dragnea are o serie de vulnerabilit\u0103\u0163i. El reprezint\u0103 \u00eens\u0103 o \u015fans\u0103 de a schimba abordarea partidului, de a o dinamiza, de a clarifica rela\u0163iile cu UNPR. Gabriel Oprea poate fi prieten cu liderii PSD, dar partidul lui va deveni principalul competitor pentru voturile st\u00e2ngii \u015fi va candida separat \u00een alegerile din 2016. (&#8230;) P\u00e2n\u0103 \u00een noiembrie, la Congres, trebuie schimbat\u0103 strategia, trebuie renun\u0163at la excluderi, trebuie ref\u0103cut\u0103 echipa. Dac\u0103 nu, probabil c\u0103 la Congres, va avea loc o schimbare radical\u0103\u201d, a avertizat Adrian N\u0103stase.<\/span><\/p>\n<p data-index=\"18\">Citi\u021bi \u0219i:\u00a0<\/p>\n<h5><a href=\"https:\/\/www.digi24.ro\/Stiri\/Digi24\/Actualitate\/Politica\/HotNews+Victor+Ponta+s-ar+putea+opera+din+nou\" target=\"_blank\" data-skip-linkfix=\"1\" rel=\"noopener\">Victor Ponta se opereaz\u0103 din nou. Gabriel Oprea \u00eei va \u021bine locul la Guvern: \u201eNu mi-e fric\u0103 de tr\u0103dare!\u201d<\/a><\/h5>\n<\/div>\n<p> Source URL: https:\/\/www.digi24.ro\/stiri\/actualitate\/politica\/liviu-dragnea-prima-zi-la-sefia-psd-i-am-spus-lui-victor-ponta-ca-nu-sunt-nici-las-nici-fricos-419535<\/p>\n","protected":false},"excerpt":{"rendered":"<p>Mesajul principal: \u00een partid, sunt c\u00e2teva lucruri importante de schimbat! Comunicarea nu e tocmai cea mai fericit\u0103 \u015fi exist\u0103 metehne vechi de care social-democra\u0163ii trebuie s\u0103 scape. C\u00e2t despre premierul Victor Ponta, Liviu Dragnea insist\u0103 c\u0103 va r\u0103m\u00e2ne prietenul lui. Asta nu \u00eenseamn\u0103 c\u0103 nu trebuie s\u0103 treac\u0103 pe la partid cu rectificarea bugetar\u0103. Primul [&hellip;]<\/p>\n","protected":false},"author":1,"featured_media":176562,"comment_status":"open","ping_status":"","sticky":false,"template":"","format":"standard","meta":{"footnotes":""},"categories":[2],"tags":[11],"class_list":["post-176561","post","type-post","status-publish","format-standard","has-post-thumbnail","hentry","category-politics","tag-digi24"],"_links":{"self":[{"href":"https:\/\/analyse.optim.biz\/index.php?rest_route=\/wp\/v2\/posts\/176561","targetHints":{"allow":["GET"]}}],"collection":[{"href":"https:\/\/analyse.optim.biz\/index.php?rest_route=\/wp\/v2\/posts"}],"about":[{"href":"https:\/\/analyse.optim.biz\/index.php?rest_route=\/wp\/v2\/types\/post"}],"author":[{"embeddable":true,"href":"https:\/\/analyse.optim.biz\/index.php?rest_route=\/wp\/v2\/users\/1"}],"replies":[{"embeddable":true,"href":"https:\/\/analyse.optim.biz\/index.php?rest_route=%2Fwp%2Fv2%2Fcomments&post=176561"}],"version-history":[{"count":0,"href":"https:\/\/analyse.optim.biz\/index.php?rest_route=\/wp\/v2\/posts\/176561\/revisions"}],"wp:featuredmedia":[{"embeddable":true,"href":"https:\/\/analyse.optim.biz\/index.php?rest_route=\/wp\/v2\/media\/176562"}],"wp:attachment":[{"href":"https:\/\/analyse.optim.biz\/index.php?rest_route=%2Fwp%2Fv2%2Fmedia&parent=176561"}],"wp:term":[{"taxonomy":"category","embeddable":true,"href":"https:\/\/analyse.optim.biz\/index.php?rest_route=%2Fwp%2Fv2%2Fcategories&post=176561"},{"taxonomy":"post_tag","embeddable":true,"href":"https:\/\/analyse.optim.biz\/index.php?rest_route=%2Fwp%2Fv2%2Ftags&post=176561"}],"curies":[{"name":"wp","href":"https:\/\/api.w.org\/{rel}","templated":true}]}}