{"id":1764603,"date":"2026-02-10T11:41:28","date_gmt":"2026-02-10T08:41:28","guid":{"rendered":"https:\/\/analyse.optim.biz\/?p=1764603"},"modified":"2026-02-10T11:41:28","modified_gmt":"2026-02-10T08:41:28","slug":"bataie-in-scoala-la-olteni-doi-elevi-au-agresat-fizic-un-coleg-ei-au-fost-retinuti-ziarul-liber-in","status":"publish","type":"post","link":"https:\/\/analyse.optim.biz\/?p=1764603","title":{"rendered":"B\u0103taie \u00een \u0219coal\u0103, la Olteni. Doi elevi au agresat fizic un coleg &#8211; Ei au fost RE\u021aINU\u021aI &#8211; Ziarul Liber in"},"content":{"rendered":"<p>[analyse_image type=&#8221;featured&#8221; src=&#8221;https:\/\/liberinteleorman.ro\/wp-content\/uploads\/2024\/04\/scoala-elev.jpg&#8221;]<\/p>\n<div class=\"entry-content single56__content single56__post_content single56__body_area\">\n<p>IPJ Teleorman a anun\u021bat c\u0103 poli\u021bi\u0219tii Sec\u021biei 5 Poli\u021bie Rural\u0103 Dobrote\u0219ti efectueaz\u0103 cercet\u0103ri fa\u021b\u0103 de doi tineri, de 14 \u0219i 15 ani, din comuna Olteni, sub aspectul s\u0103v\u00e2r\u0219irii infrac\u021biunilor de lovire sau alte violen\u021be \u0219i amenin\u021bare.<\/p>\n<p>Cercet\u0103rile preliminare au conturat ipoteza c\u0103, la data de 9 februarie a.c., \u00een timp ce se aflau \u00eentr-o unitate de \u00eenv\u0103\u021b\u0103m\u00e2nt, din comuna Olteni, pe fondul unui conflict spontan, doi elevi ar fi agresat fizic un alt elev, de 14 ani.<\/p>\n<p>Totodat\u0103, unul dintre cei doi tineri cerceta\u021bi l-ar fi amenin\u021bat pe minor.<\/p>\n<p>Reprezentantul legal al minorului a refuzat \u00eentocmirea formularului de evaluare a riscului \u00een vederea emiterii unui ordin de protec\u021bie.<\/p>\n<p>De asemenea, minorul nu a necesitat \u00eengrijiri medicale.<\/p>\n<p>\u00cen urma administr\u0103rii probatoriului, cei doi tineri au fost re\u021binu\u021bi.<\/p>\n<p>Cercet\u0103rile sunt continuate, sub coordonarea procurorului din cadrul Parchetului de pe l\u00e2ng\u0103 Judec\u0103toria Videle.<\/p>\n<\/div>\n<p>[analyse_source url=&#8221;https:\/\/liberinteleorman.ro\/bataie-in-scoala-la-olteni-doi-elevi-au-agresat-fizic-un-coleg-ei-au-fost-retinuti\/&#8221;]<\/p>\n","protected":false},"excerpt":{"rendered":"<p>[analyse_image type=&#8221;featured&#8221; src=&#8221;https:\/\/liberinteleorman.ro\/wp-content\/uploads\/2024\/04\/scoala-elev.jpg&#8221;] IPJ Teleorman a anun\u021bat c\u0103 poli\u021bi\u0219tii Sec\u021biei 5 Poli\u021bie Rural\u0103 Dobrote\u0219ti efectueaz\u0103 cercet\u0103ri fa\u021b\u0103 de doi tineri, de 14 \u0219i 15 ani, din comuna Olteni, sub aspectul s\u0103v\u00e2r\u0219irii infrac\u021biunilor de lovire sau alte violen\u021be \u0219i amenin\u021bare. Cercet\u0103rile preliminare au conturat ipoteza c\u0103, la data de 9 februarie a.c., \u00een timp ce se [&hellip;]<\/p>\n","protected":false},"author":1,"featured_media":0,"comment_status":"open","ping_status":"","sticky":false,"template":"","format":"standard","meta":{"footnotes":""},"categories":[89],"tags":[226,181],"class_list":["post-1764603","post","type-post","status-publish","format-standard","hentry","category-romania","tag-crawlmanager","tag-liberinteleorman-ro"],"_links":{"self":[{"href":"https:\/\/analyse.optim.biz\/index.php?rest_route=\/wp\/v2\/posts\/1764603","targetHints":{"allow":["GET"]}}],"collection":[{"href":"https:\/\/analyse.optim.biz\/index.php?rest_route=\/wp\/v2\/posts"}],"about":[{"href":"https:\/\/analyse.optim.biz\/index.php?rest_route=\/wp\/v2\/types\/post"}],"author":[{"embeddable":true,"href":"https:\/\/analyse.optim.biz\/index.php?rest_route=\/wp\/v2\/users\/1"}],"replies":[{"embeddable":true,"href":"https:\/\/analyse.optim.biz\/index.php?rest_route=%2Fwp%2Fv2%2Fcomments&post=1764603"}],"version-history":[{"count":0,"href":"https:\/\/analyse.optim.biz\/index.php?rest_route=\/wp\/v2\/posts\/1764603\/revisions"}],"wp:attachment":[{"href":"https:\/\/analyse.optim.biz\/index.php?rest_route=%2Fwp%2Fv2%2Fmedia&parent=1764603"}],"wp:term":[{"taxonomy":"category","embeddable":true,"href":"https:\/\/analyse.optim.biz\/index.php?rest_route=%2Fwp%2Fv2%2Fcategories&post=1764603"},{"taxonomy":"post_tag","embeddable":true,"href":"https:\/\/analyse.optim.biz\/index.php?rest_route=%2Fwp%2Fv2%2Ftags&post=1764603"}],"curies":[{"name":"wp","href":"https:\/\/api.w.org\/{rel}","templated":true}]}}