{"id":176414,"date":"2015-08-03T14:01:38","date_gmt":"2015-08-03T11:01:38","guid":{"rendered":"https:\/\/analyse.optim.biz\/?p=176414"},"modified":"2015-08-03T14:01:38","modified_gmt":"2015-08-03T11:01:38","slug":"liliana-minca-despre-inscrierea-in-unpr-imi-place-sa-execut-ordinele-date-de-generali-care-au-strategii","status":"publish","type":"post","link":"https:\/\/analyse.optim.biz\/?p=176414","title":{"rendered":"Liliana Minc\u0103, despre \u00eenscrierea \u00een UNPR: \u00cemi place s\u0103 execut ordinele date de generali care au strategii"},"content":{"rendered":"<div class=\"entry data-app-meta data-app-meta-article\" data-embed-base-url-canonical=\"https:\/\/www.digi24.ro\/embed\/stiri\/actualitate\/politica\/liliana-minca-despre-inscrierea-in-unpr-imi-place-sa-execut-ordinele-date-de-generali-care-au-strategii-423257\">\n<p data-index=\"1\"><img decoding=\"async\" src=\"https:\/\/analyse.optim.biz\/wp-content\/uploads\/2024\/09\/mdamagfzad02m2fiy2njyjhjodbkzwfmztu2mzrjmmrjngy5y2fmza-thumb_.jpg\" data-skip-htmlfix=\"1\" title=\"mdamagfzad02m2fiy2njyjhjodbkzwfmztu2mzrjmmrjngy5y2fmza-thumb_\"><\/p>\n<p data-index=\"2\"><span><em><strong>Foto: Facebook<\/strong><\/em><\/span><\/p>\n<p data-index=\"3\">Ea a declarat, pentru Agerpres, c\u0103 echipa condus\u0103 de Gabriel Oprea este una c\u00e2\u0219tig\u0103toare \u0219i c\u0103 \u00eei place s\u0103 execute ordinele date de generali.<\/p>\n<p data-index=\"4\">\u201e<em>M\u0103 reg\u0103sesc l\u00e2ng\u0103 domnul general Oprea, pre\u0219edintele UNPR. Sunt un om care a lucrat de-a lungul timpului cu reprezentan\u021bii Armatei. \u00cemi place s\u0103 execut ordinele date de generali care au strategii. Domnul Oprea a ar\u0103tat c\u0103 are strategii, demonstr\u00e2nd \u00eentr-un timp record, \u0219i m\u0103 refer la cinci ani de la \u00eenfiin\u021barea UNPR, c\u0103 partidul este \u00een cre\u0219tere \u0219i se afl\u0103 pe pozi\u021bia num\u0103rul trei \u00een Rom\u00e2nia. Acesta este motivul pentru care m-am \u00eenscris al\u0103turi de deputatul \u0218tefan Petru Dalc\u0103, ne-am \u00eenscris \u00een UNPR, o echip\u0103 c\u00e2\u0219tig\u0103toare<\/em>\u201d, a afirmat Minc\u0103.<\/p>\n<p data-index=\"5\">Parlamentarul UNPR sper\u0103 ca odat\u0103 cu \u00eenscrierea \u00een UNPR s\u0103 beneficieze de mai mult\u0103 sus\u021binere pentru ini\u021biativele legislative depuse la Camera Deputa\u021bilor.<\/p>\n<p data-index=\"6\">Liliana Minc\u0103 este deputat ales \u00een Colegiul 3 S\u0103veni din jude\u021bul Boto\u0219ani, pe listele PP-DD, partid care a fuzionat prin absorb\u021bie cu UNPR.<\/p>\n<\/div>\n<p> Source URL: https:\/\/www.digi24.ro\/stiri\/actualitate\/politica\/liliana-minca-despre-inscrierea-in-unpr-imi-place-sa-execut-ordinele-date-de-generali-care-au-strategii-423257<\/p>\n","protected":false},"excerpt":{"rendered":"<p>Foto: Facebook Ea a declarat, pentru Agerpres, c\u0103 echipa condus\u0103 de Gabriel Oprea este una c\u00e2\u0219tig\u0103toare \u0219i c\u0103 \u00eei place s\u0103 execute ordinele date de generali. \u201eM\u0103 reg\u0103sesc l\u00e2ng\u0103 domnul general Oprea, pre\u0219edintele UNPR. Sunt un om care a lucrat de-a lungul timpului cu reprezentan\u021bii Armatei. \u00cemi place s\u0103 execut ordinele date de generali care [&hellip;]<\/p>\n","protected":false},"author":1,"featured_media":176415,"comment_status":"open","ping_status":"","sticky":false,"template":"","format":"standard","meta":{"footnotes":""},"categories":[2],"tags":[11],"class_list":["post-176414","post","type-post","status-publish","format-standard","has-post-thumbnail","hentry","category-politics","tag-digi24"],"_links":{"self":[{"href":"https:\/\/analyse.optim.biz\/index.php?rest_route=\/wp\/v2\/posts\/176414","targetHints":{"allow":["GET"]}}],"collection":[{"href":"https:\/\/analyse.optim.biz\/index.php?rest_route=\/wp\/v2\/posts"}],"about":[{"href":"https:\/\/analyse.optim.biz\/index.php?rest_route=\/wp\/v2\/types\/post"}],"author":[{"embeddable":true,"href":"https:\/\/analyse.optim.biz\/index.php?rest_route=\/wp\/v2\/users\/1"}],"replies":[{"embeddable":true,"href":"https:\/\/analyse.optim.biz\/index.php?rest_route=%2Fwp%2Fv2%2Fcomments&post=176414"}],"version-history":[{"count":0,"href":"https:\/\/analyse.optim.biz\/index.php?rest_route=\/wp\/v2\/posts\/176414\/revisions"}],"wp:featuredmedia":[{"embeddable":true,"href":"https:\/\/analyse.optim.biz\/index.php?rest_route=\/wp\/v2\/media\/176415"}],"wp:attachment":[{"href":"https:\/\/analyse.optim.biz\/index.php?rest_route=%2Fwp%2Fv2%2Fmedia&parent=176414"}],"wp:term":[{"taxonomy":"category","embeddable":true,"href":"https:\/\/analyse.optim.biz\/index.php?rest_route=%2Fwp%2Fv2%2Fcategories&post=176414"},{"taxonomy":"post_tag","embeddable":true,"href":"https:\/\/analyse.optim.biz\/index.php?rest_route=%2Fwp%2Fv2%2Ftags&post=176414"}],"curies":[{"name":"wp","href":"https:\/\/api.w.org\/{rel}","templated":true}]}}