{"id":176403,"date":"2015-08-03T14:20:33","date_gmt":"2015-08-03T11:20:33","guid":{"rendered":"https:\/\/analyse.optim.biz\/?p=176403"},"modified":"2015-08-03T14:20:33","modified_gmt":"2015-08-03T11:20:33","slug":"liderii-pnl-nu-vor-bani-mai-multi-pentru-alesi","status":"publish","type":"post","link":"https:\/\/analyse.optim.biz\/?p=176403","title":{"rendered":"Liderii PNL nu vor bani mai mul\u0163i pentru ale\u015fi"},"content":{"rendered":"<div class=\"entry data-app-meta data-app-meta-article\" data-embed-base-url-canonical=\"https:\/\/www.digi24.ro\/embed\/stiri\/actualitate\/politica\/liderii-pnl-nu-vor-bani-mai-multi-pentru-alesi-423269\">\n<p data-index=\"1\">Aceast\u0103 propunere a fost lansat\u0103 de parlamentari la finalul s\u0103pt\u0103m\u00e2nii trecute. Atunci, ale\u015fii PSD vorbeau de o majorare a veniturilor de la 5.000 de lei, c\u00e2t este actuala indemniza\u0163ie, la 9.000 de lei. Propunerea ar putea ajunge \u00een Parlament la pachet cu ordonan\u0163a privind noile salarii ale bugetarilor, deci \u00een luna septembrie. <\/p>\n<p data-index=\"2\">\u00centrebat cum vede ideea unor parlamentari de a-\u015fi m\u0103ri salariile \u015fi dac\u0103 o va sus\u0163ine, Ludovic Orban a declarat: \u201e\u00cen mod evident c\u0103 nu sus\u0163inem. A\u015fa cum am spus \u015fi despre ordonan\u0163a privind cre\u015fterea salariilor \u00eenal\u0163ilor demnitari, unul dintre punctele pentru care vrem s\u0103 ne a\u015fez\u0103m la mas\u0103 cu celelalte partide este exact acesta ca s\u0103 nu ne apuc\u0103m s\u0103 d\u0103m drumul la Cutia Pandorei \u015fi fiecare categorie s\u0103 \u00ee\u015fi voteze propriile m\u0103riri\u201d.<\/p>\n<\/div>\n<p> Source URL: https:\/\/www.digi24.ro\/stiri\/actualitate\/politica\/liderii-pnl-nu-vor-bani-mai-multi-pentru-alesi-423269<\/p>\n","protected":false},"excerpt":{"rendered":"<p>Aceast\u0103 propunere a fost lansat\u0103 de parlamentari la finalul s\u0103pt\u0103m\u00e2nii trecute. Atunci, ale\u015fii PSD vorbeau de o majorare a veniturilor de la 5.000 de lei, c\u00e2t este actuala indemniza\u0163ie, la 9.000 de lei. Propunerea ar putea ajunge \u00een Parlament la pachet cu ordonan\u0163a privind noile salarii ale bugetarilor, deci \u00een luna septembrie. \u00centrebat cum vede [&hellip;]<\/p>\n","protected":false},"author":1,"featured_media":176404,"comment_status":"open","ping_status":"","sticky":false,"template":"","format":"standard","meta":{"footnotes":""},"categories":[2],"tags":[11],"class_list":["post-176403","post","type-post","status-publish","format-standard","has-post-thumbnail","hentry","category-politics","tag-digi24"],"_links":{"self":[{"href":"https:\/\/analyse.optim.biz\/index.php?rest_route=\/wp\/v2\/posts\/176403","targetHints":{"allow":["GET"]}}],"collection":[{"href":"https:\/\/analyse.optim.biz\/index.php?rest_route=\/wp\/v2\/posts"}],"about":[{"href":"https:\/\/analyse.optim.biz\/index.php?rest_route=\/wp\/v2\/types\/post"}],"author":[{"embeddable":true,"href":"https:\/\/analyse.optim.biz\/index.php?rest_route=\/wp\/v2\/users\/1"}],"replies":[{"embeddable":true,"href":"https:\/\/analyse.optim.biz\/index.php?rest_route=%2Fwp%2Fv2%2Fcomments&post=176403"}],"version-history":[{"count":0,"href":"https:\/\/analyse.optim.biz\/index.php?rest_route=\/wp\/v2\/posts\/176403\/revisions"}],"wp:featuredmedia":[{"embeddable":true,"href":"https:\/\/analyse.optim.biz\/index.php?rest_route=\/wp\/v2\/media\/176404"}],"wp:attachment":[{"href":"https:\/\/analyse.optim.biz\/index.php?rest_route=%2Fwp%2Fv2%2Fmedia&parent=176403"}],"wp:term":[{"taxonomy":"category","embeddable":true,"href":"https:\/\/analyse.optim.biz\/index.php?rest_route=%2Fwp%2Fv2%2Fcategories&post=176403"},{"taxonomy":"post_tag","embeddable":true,"href":"https:\/\/analyse.optim.biz\/index.php?rest_route=%2Fwp%2Fv2%2Ftags&post=176403"}],"curies":[{"name":"wp","href":"https:\/\/api.w.org\/{rel}","templated":true}]}}