{"id":176400,"date":"2015-08-03T14:32:49","date_gmt":"2015-08-03T11:32:49","guid":{"rendered":"https:\/\/analyse.optim.biz\/?p=176400"},"modified":"2015-08-03T14:32:49","modified_gmt":"2015-08-03T11:32:49","slug":"gabriela-firea-pentru-pnl-votul-prin-corespondenta-nu-e-decat-un-subiect-ofertant-pentru-declaratii-bombastice","status":"publish","type":"post","link":"https:\/\/analyse.optim.biz\/?p=176400","title":{"rendered":"Gabriela Firea: Pentru PNL votul prin coresponden\u021b\u0103 nu e dec\u00e2t un subiect ofertant pentru declara\u021bii bombastice"},"content":{"rendered":"<div class=\"entry data-app-meta data-app-meta-article\" data-embed-base-url-canonical=\"https:\/\/www.digi24.ro\/embed\/stiri\/actualitate\/politica\/gabriela-firea-pentru-pnl-votul-prin-corespondenta-nu-e-decat-un-subiect-ofertant-pentru-declaratii-bombastice-423287\">\n<p data-index=\"1\">\u00a0<img decoding=\"async\" src=\"https:\/\/analyse.optim.biz\/wp-content\/uploads\/2024\/09\/odawjmhhc2g9mdezymzkzgy4yzizzdvmogzizjq1m2q5zgq1ngfiodi-thumb_.jpg\" data-skip-htmlfix=\"1\" title=\"odawjmhhc2g9mdezymzkzgy4yzizzdvmogzizjq1m2q5zgq1ngfiodi-thumb_\"><\/p>\n<p data-index=\"2\"><span><em><strong>\u00a0Foto: psd.ro<\/strong><\/em><\/span><\/p>\n<p data-index=\"3\">\u201e<span>Pentru liderii PNL, votul prin coresponden\u021b\u0103 nu este dec\u00e2t un subiect ofertant pentru declara\u021bii bombastice \u0219i nu o tem\u0103 politic\u0103 real\u0103. Dac\u0103 \u00eentr-adev\u0103r \u0219i-ar fi dorit rezolvarea acestei probleme, ar fi avut p\u00e2rghiile necesare, \u00eentruc\u00e2t de\u021bin pre\u0219edin\u021bia comisiei parlamentare privind legile electorale. Numai c\u0103 \u00een loc de o lege bun\u0103 privind votul cet\u0103\u021benilor rom\u00e2ni afla\u021bi peste hotare, avem patru proiecte de lege pe aceast\u0103 tem\u0103, am avut o mo\u021biune de cenzur\u0103, o solicitare de convocare a unei sesiuni parlamentare extraordinare pe aceast\u0103 tem\u0103, iar acum, de ultim\u0103 or\u0103, solicitarea de a include acest subiect pe ordinea de zi a sesiunii ce va fi convocat\u0103 pentru Codul Fiscal.<\/span><\/p>\n<p data-index=\"4\">Dac\u0103 \u00eentr-adev\u0103r exist\u0103 voin\u021b\u0103 politic\u0103 din partea PNL, subiectul va putea fi tran\u0219at de comisie \u0219i apoi de plenul Parlamentului \u00een sesiunea de toamn\u0103, pentru c\u0103 alegerile din 2016 nu vor avea loc \u00een septembrie, ci probabil mult mai aproape de sf\u00e2r\u0219itul anului. Timp este a\u0219adar suficient, a\u0219a c\u0103 a\u0219tept\u0103m de la colegii liberali dovezi de responsabilitate \u0219i nu doar exerci\u021bii sterile de retoric\u0103\u201d, se arat\u0103 \u00eentr-un comunicat de pres\u0103 al PSD.<\/p>\n<h5><span>Citi\u021bi \u0219i: <a href=\"https:\/\/www.digi24.ro\/Stiri\/Digi24\/Actualitate\/Politica\/PMP+acuzatii+la+adresa+PSD+si+PNL+Sunt+impotriva+schimbarii+legi\" target=\"_blank\" data-skip-linkfix=\"1\" rel=\"noopener\">PMP, acuza\u0163ii la adresa PSD \u0219i PNL: \u201eSunt \u00eempotriva schimb\u0103rii legii care ar putea permite celor 4 milioane de rom\u00e2ni de peste hotare s\u0103 poat\u0103 vota\u201d<\/a><\/span><\/h5>\n<\/div>\n<p> Source URL: https:\/\/www.digi24.ro\/stiri\/actualitate\/politica\/gabriela-firea-pentru-pnl-votul-prin-corespondenta-nu-e-decat-un-subiect-ofertant-pentru-declaratii-bombastice-423287<\/p>\n","protected":false},"excerpt":{"rendered":"<p>\u00a0 \u00a0Foto: psd.ro \u201ePentru liderii PNL, votul prin coresponden\u021b\u0103 nu este dec\u00e2t un subiect ofertant pentru declara\u021bii bombastice \u0219i nu o tem\u0103 politic\u0103 real\u0103. Dac\u0103 \u00eentr-adev\u0103r \u0219i-ar fi dorit rezolvarea acestei probleme, ar fi avut p\u00e2rghiile necesare, \u00eentruc\u00e2t de\u021bin pre\u0219edin\u021bia comisiei parlamentare privind legile electorale. Numai c\u0103 \u00een loc de o lege bun\u0103 privind votul [&hellip;]<\/p>\n","protected":false},"author":1,"featured_media":176401,"comment_status":"open","ping_status":"","sticky":false,"template":"","format":"standard","meta":{"footnotes":""},"categories":[2],"tags":[11],"class_list":["post-176400","post","type-post","status-publish","format-standard","has-post-thumbnail","hentry","category-politics","tag-digi24"],"_links":{"self":[{"href":"https:\/\/analyse.optim.biz\/index.php?rest_route=\/wp\/v2\/posts\/176400","targetHints":{"allow":["GET"]}}],"collection":[{"href":"https:\/\/analyse.optim.biz\/index.php?rest_route=\/wp\/v2\/posts"}],"about":[{"href":"https:\/\/analyse.optim.biz\/index.php?rest_route=\/wp\/v2\/types\/post"}],"author":[{"embeddable":true,"href":"https:\/\/analyse.optim.biz\/index.php?rest_route=\/wp\/v2\/users\/1"}],"replies":[{"embeddable":true,"href":"https:\/\/analyse.optim.biz\/index.php?rest_route=%2Fwp%2Fv2%2Fcomments&post=176400"}],"version-history":[{"count":0,"href":"https:\/\/analyse.optim.biz\/index.php?rest_route=\/wp\/v2\/posts\/176400\/revisions"}],"wp:featuredmedia":[{"embeddable":true,"href":"https:\/\/analyse.optim.biz\/index.php?rest_route=\/wp\/v2\/media\/176401"}],"wp:attachment":[{"href":"https:\/\/analyse.optim.biz\/index.php?rest_route=%2Fwp%2Fv2%2Fmedia&parent=176400"}],"wp:term":[{"taxonomy":"category","embeddable":true,"href":"https:\/\/analyse.optim.biz\/index.php?rest_route=%2Fwp%2Fv2%2Fcategories&post=176400"},{"taxonomy":"post_tag","embeddable":true,"href":"https:\/\/analyse.optim.biz\/index.php?rest_route=%2Fwp%2Fv2%2Ftags&post=176400"}],"curies":[{"name":"wp","href":"https:\/\/api.w.org\/{rel}","templated":true}]}}