{"id":1760665,"date":"2026-02-06T09:34:30","date_gmt":"2026-02-06T06:34:30","guid":{"rendered":"https:\/\/analyse.optim.biz\/?p=1760665"},"modified":"2026-02-06T09:34:30","modified_gmt":"2026-02-06T06:34:30","slug":"ministrul-culturii-intalnire-cu-angajatii-operei-romane-din-timisoara","status":"publish","type":"post","link":"https:\/\/analyse.optim.biz\/?p=1760665","title":{"rendered":"Ministrul Culturii, \u00eent\u00e2lnire cu angaja\u0163ii Operei Rom\u00e2ne din Timi\u0219oara"},"content":{"rendered":"<p>[analyse_image type=&#8221;featured&#8221; src=&#8221;https:\/\/timpolis.ro\/wp-content\/uploads\/2025\/10\/Demeter-Andras-2-Foto-Fb-DA-1024&#215;682.jpghttps:\/\/timpolis.ro\/wp-content\/uploads\/2025\/10\/Demeter-Andras-2-Foto-Fb-DA-1024&#215;682.jpg&#8221;]<\/p>\n<div class=\"post-entry\">\n<div class=\"pf-content\">\n<div id=\"attachment_60254\" class=\"wp-caption aligncenter\"><a href=\"https:\/\/timpolis.ro\/wp-content\/uploads\/2025\/10\/Demeter-Andras-2-Foto-Fb-DA-scaled.jpg\"><img decoding=\"async\" aria-describedby=\"caption-attachment-60254\" loading=\"lazy\" title=\"Demeter Andras (2) Foto Fb DA\" alt width=\"1801\" height=\"1200\" class=\"wp-image-60254 size-full lazyload\" src=\"https:\/\/timpolis.ro\/wp-content\/uploads\/2025\/10\/Demeter-Andras-2-Foto-Fb-DA-scaled.jpg\"><img decoding=\"async\" aria-describedby=\"caption-attachment-60254\" loading=\"lazy\" class=\"wp-image-60254 size-full\" title=\"Demeter Andras (2) Foto Fb DA\" src=\"https:\/\/timpolis.ro\/wp-content\/uploads\/2025\/10\/Demeter-Andras-2-Foto-Fb-DA-scaled.jpg\" alt width=\"1801\" height=\"1200\"><\/a><\/p>\n<p id=\"caption-attachment-60254\" class=\"wp-caption-text\">Demeter Andr\u00e1s Istv\u00e1n. Surs\u0103 foto: Facebook \/ D.A.<\/p>\n<\/div>\n<p><strong>Ministrul Culturii, Demeter Andr\u00e1s Istv\u00e1n, a avut ast\u0103zi o \u00eent\u00e2lnire cu colectivul Operei Na\u021bionale Rom\u00e2ne din Timi\u0219oara. Reprezentan\u0163ii Operei spun c\u0103 aceasta este prima ocazie, dup\u0103 mai bine de 20 de ani, \u00een care un ministru al Culturii a dialogat direct cu angaja\u0163ii.<\/strong><\/p>\n<p>\u00a0<\/p>\n<p>\u00cen timpul \u00eent\u00e2lnirii, angaja\u021bii institu\u021biei au avut oportunitatea de a purta un dialog deschis cu ministrul <strong>Demeter Andr\u00e1s Istv\u00e1n <\/strong>pe diverse teme de interes pentru activitatea institu\u021biei.<\/p>\n<p>Potrivit unui comunicat al Operei din Timi\u015foara, ministrul Culturii a oferit clarific\u0103ri privind documentul recent lansat referitor la instruc\u021biunile pentru organizarea unitar\u0103 \u0219i eviden\u021ba timpului de munc\u0103 pentru func\u021biile de execu\u021bie din institu\u021biile publice de spectacole \u0219i concerte: \u201e<em>Acesta a subliniat faptul c\u0103 documentul a fost elaborat la solicitarea Cur\u021bii de Conturi, are caracter perfectibil \u0219i urmeaz\u0103 s\u0103 fie implementat sub forma unui proiect-pilot, \u00een vederea evalu\u0103rii aplicabilit\u0103\u021bii sale \u00een practic\u0103<\/em>\u201d.<\/p>\n<p>Referitor la pachetul de m\u0103suri privind reducerea cheltuielilor de personal, ministrul a precizat c\u0103 a depus un amendament prin care a solicitat exceptarea sectorului cultural de la aceste reduceri.<\/p>\n<p>\u00cen ceea ce prive\u0219te situa\u021bia de la conducerea Operei timi\u0219orene, \u00een urma \u00eencet\u0103rii, prin acordul p\u0103r\u021bilor, a contractului de management al baritonului <strong>Cristian Rudic<\/strong>, ministrul Demeter Andr\u00e1s Istv\u00e1n a dat asigur\u0103ri c\u0103 va numi un manager interimar p\u00e2n\u0103 \u00een 15 februarie, dup\u0103 ce va analiza atent situa\u021bia. Ast\u0103zi, c\u0103 ministrul Culturii a aprobat \u00eencetarea, prin acordul p\u0103r\u021bilor, a contractului de management al baritonului Cristian Rudic, la solicitarea sa.<\/p>\n<p>Aceasta, spun reprezentan\u0163ii institu\u0163iei, este prima ocazie, dup\u0103 mai bine de 20 de ani, \u00een care un ministru al Culturii a dialogat direct cu angaja\u021bii Operei Rom\u00e2ne din Timi\u0219oara.<\/p>\n<div id=\"metaslider-id-56545\" class=\"ml-slider-3-18-9 metaslider metaslider-responsive metaslider-56545 ml-slider nav-hidden nav-hidden nav-hidden\">\n<div id=\"metaslider_container_56545\">\n<ul id=\"metaslider_56545\" class=\"rslides\">\n<li><a href=\"https:\/\/iuliustown.ro\/ro\" target=\"_blank\"><img decoding=\"async\" width=\"610\" height=\"260\" alt loading=\"lazy\" title=\"Banner Iulius Town 610x260 - februarie 2025\" class=\"slider-56545 slide-61310 lazyload\" src=\"https:\/\/timpolis.ro\/wp-content\/uploads\/2026\/02\/Banner-Iulius-Town-610x260-februarie-2025.png\"><img decoding=\"async\" width=\"610\" height=\"260\" src=\"https:\/\/timpolis.ro\/wp-content\/uploads\/2026\/02\/Banner-Iulius-Town-610x260-februarie-2025.png\" class=\"slider-56545 slide-61310\" alt loading=\"lazy\" title=\"Banner Iulius Town 610x260 - februarie 2025\"><\/a><\/li>\n<\/ul>\n<\/div>\n<\/div>\n<div class=\"printfriendly pf-alignright\"><a href=\"https:\/\/timpolis.ro\/ministrul-culturii-intalnire-cu-angajatii-operei-romane-din-timisoara\/\" rel=\"nofollow\" title=\"Printer Friendly, PDF &amp; Email\"><img decoding=\"async\" alt=\"Print Friendly, PDF &amp; Email\" class=\"lazyload\" src=\"https:\/\/cdn.printfriendly.com\/buttons\/print-button.png\"><img decoding=\"async\" src=\"https:\/\/cdn.printfriendly.com\/buttons\/print-button.png\" alt=\"Print Friendly, PDF &amp; Email\"><\/a><\/div>\n<\/div>\n<div class=\"yarpp-related\">\n<h3>\u015etiri din aceea\u015fi categorie:<\/h3>\n<div class=\"yarpp-thumbnails-horizontal\"><a class=\"yarpp-thumbnail\" rel=\"norewrite\" href=\"https:\/\/timpolis.ro\/ministrul-culturii-la-timisoara-pentru-a-acorda-premiul-sculptura-anului-2025\/\" title=\"Ministrul Culturii, la Timi\u0219oara, pentru a acorda premiul Sculptura Anului 2025\"><img decoding=\"async\" width=\"120\" height=\"120\" alt loading=\"lazy\" class=\"attachment-yarpp-thumbnail size-yarpp-thumbnail wp-post-image lazyload\" src=\"https:\/\/timpolis.ro\/wp-content\/uploads\/2025\/10\/Demeter-Andras-2-Foto-Fb-DA-120x120.jpg\"><img decoding=\"async\" width=\"120\" height=\"120\" src=\"https:\/\/timpolis.ro\/wp-content\/uploads\/2025\/10\/Demeter-Andras-2-Foto-Fb-DA-120x120.jpg\" class=\"attachment-yarpp-thumbnail size-yarpp-thumbnail wp-post-image\" alt loading=\"lazy\"><span class=\"yarpp-thumbnail-title\">Ministrul Culturii, la Timi\u0219oara, pentru a acorda premiul Sculptura Anului 2025<\/span><\/a><a class=\"yarpp-thumbnail\" rel=\"norewrite\" href=\"https:\/\/timpolis.ro\/directorul-operei-romane-din-timisoara-decorat-cu-ordinul-national-pentru-merit-in-grad-de-cavaler\/\" title=\"Directorul Operei Rom\u00e2ne din Timi\u0219oara, decorat cu Ordinul Na\u0163ional \u201ePentru Merit\u201d \u00een grad de Cavaler\"><img decoding=\"async\" width=\"120\" height=\"120\" alt loading=\"lazy\" class=\"attachment-yarpp-thumbnail size-yarpp-thumbnail wp-post-image lazyload\" src=\"https:\/\/timpolis.ro\/wp-content\/uploads\/2023\/10\/Cristian-Rudic-Foto-ORT-120x120.jpg\"><img decoding=\"async\" width=\"120\" height=\"120\" src=\"https:\/\/timpolis.ro\/wp-content\/uploads\/2023\/10\/Cristian-Rudic-Foto-ORT-120x120.jpg\" class=\"attachment-yarpp-thumbnail size-yarpp-thumbnail wp-post-image\" alt loading=\"lazy\"><span class=\"yarpp-thumbnail-title\">Directorul Operei Rom\u00e2ne din Timi\u0219oara, decorat cu Ordinul Na\u0163ional \u201ePentru Merit\u201d \u00een grad de Cavaler<\/span><\/a><a class=\"yarpp-thumbnail\" rel=\"norewrite\" href=\"https:\/\/timpolis.ro\/directorul-operei-romane-din-timisoara-a-cerut-incetarea-mandatului\/\" title=\"Directorul Operei Rom\u00e2ne din Timi\u0219oara a cerut \u00eencetarea mandatului\"><img decoding=\"async\" width=\"120\" height=\"120\" alt loading=\"lazy\" class=\"attachment-yarpp-thumbnail size-yarpp-thumbnail wp-post-image lazyload\" src=\"https:\/\/timpolis.ro\/wp-content\/uploads\/2024\/01\/Cristian-Rudic-Foto-Arhiva-personala-120x120.jpg\"><img decoding=\"async\" width=\"120\" height=\"120\" src=\"https:\/\/timpolis.ro\/wp-content\/uploads\/2024\/01\/Cristian-Rudic-Foto-Arhiva-personala-120x120.jpg\" class=\"attachment-yarpp-thumbnail size-yarpp-thumbnail wp-post-image\" alt loading=\"lazy\"><span class=\"yarpp-thumbnail-title\">Directorul Operei Rom\u00e2ne din Timi\u0219oara a cerut \u00eencetarea mandatului<\/span><\/a><a class=\"yarpp-thumbnail\" rel=\"norewrite\" href=\"https:\/\/timpolis.ro\/directorii-teatrului-si-operei-din-timisoara-decorati-de-ministrul-culturii-raluca-turcan\/\" title=\"Directorii Teatrului \u0219i Operei din Timi\u0219oara, decora\u021bi de ministrul Culturii, Raluca Turcan\"><img decoding=\"async\" width=\"120\" height=\"120\" alt loading=\"lazy\" class=\"attachment-yarpp-thumbnail size-yarpp-thumbnail wp-post-image lazyload\" src=\"https:\/\/timpolis.ro\/wp-content\/uploads\/2024\/03\/Cristian-Rudic-Raluca-Turcan-Ada-Hausvater-Foto-Adrian-Piclisan-120x120.jpg\"><img decoding=\"async\" width=\"120\" height=\"120\" src=\"https:\/\/timpolis.ro\/wp-content\/uploads\/2024\/03\/Cristian-Rudic-Raluca-Turcan-Ada-Hausvater-Foto-Adrian-Piclisan-120x120.jpg\" class=\"attachment-yarpp-thumbnail size-yarpp-thumbnail wp-post-image\" alt loading=\"lazy\"><span class=\"yarpp-thumbnail-title\">Directorii Teatrului \u0219i Operei din Timi\u0219oara, decora\u021bi de ministrul Culturii, Raluca Turcan<\/span><\/a><\/div>\n<\/div>\n<\/div>\n<div class=\"pf-content\">\n<div id=\"attachment_60254\" class=\"wp-caption aligncenter\"><a href=\"https:\/\/timpolis.ro\/wp-content\/uploads\/2025\/10\/Demeter-Andras-2-Foto-Fb-DA-scaled.jpg\"><img decoding=\"async\" aria-describedby=\"caption-attachment-60254\" loading=\"lazy\" title=\"Demeter Andras (2) Foto Fb DA\" alt width=\"1801\" height=\"1200\" class=\"wp-image-60254 size-full lazyload\" src=\"https:\/\/timpolis.ro\/wp-content\/uploads\/2025\/10\/Demeter-Andras-2-Foto-Fb-DA-scaled.jpg\"><img decoding=\"async\" aria-describedby=\"caption-attachment-60254\" loading=\"lazy\" class=\"wp-image-60254 size-full\" title=\"Demeter Andras (2) Foto Fb DA\" src=\"https:\/\/timpolis.ro\/wp-content\/uploads\/2025\/10\/Demeter-Andras-2-Foto-Fb-DA-scaled.jpg\" alt width=\"1801\" height=\"1200\"><\/a><\/p>\n<p id=\"caption-attachment-60254\" class=\"wp-caption-text\">Demeter Andr\u00e1s Istv\u00e1n. Surs\u0103 foto: Facebook \/ D.A.<\/p>\n<\/div>\n<p><strong>Ministrul Culturii, Demeter Andr\u00e1s Istv\u00e1n, a avut ast\u0103zi o \u00eent\u00e2lnire cu colectivul Operei Na\u021bionale Rom\u00e2ne din Timi\u0219oara. Reprezentan\u0163ii Operei spun c\u0103 aceasta este prima ocazie, dup\u0103 mai bine de 20 de ani, \u00een care un ministru al Culturii a dialogat direct cu angaja\u0163ii.<\/strong><\/p>\n<p>\u00a0<\/p>\n<p>\u00cen timpul \u00eent\u00e2lnirii, angaja\u021bii institu\u021biei au avut oportunitatea de a purta un dialog deschis cu ministrul <strong>Demeter Andr\u00e1s Istv\u00e1n <\/strong>pe diverse teme de interes pentru activitatea institu\u021biei.<\/p>\n<p>Potrivit unui comunicat al Operei din Timi\u015foara, ministrul Culturii a oferit clarific\u0103ri privind documentul recent lansat referitor la instruc\u021biunile pentru organizarea unitar\u0103 \u0219i eviden\u021ba timpului de munc\u0103 pentru func\u021biile de execu\u021bie din institu\u021biile publice de spectacole \u0219i concerte: \u201e<em>Acesta a subliniat faptul c\u0103 documentul a fost elaborat la solicitarea Cur\u021bii de Conturi, are caracter perfectibil \u0219i urmeaz\u0103 s\u0103 fie implementat sub forma unui proiect-pilot, \u00een vederea evalu\u0103rii aplicabilit\u0103\u021bii sale \u00een practic\u0103<\/em>\u201d.<\/p>\n<p>Referitor la pachetul de m\u0103suri privind reducerea cheltuielilor de personal, ministrul a precizat c\u0103 a depus un amendament prin care a solicitat exceptarea sectorului cultural de la aceste reduceri.<\/p>\n<p>\u00cen ceea ce prive\u0219te situa\u021bia de la conducerea Operei timi\u0219orene, \u00een urma \u00eencet\u0103rii, prin acordul p\u0103r\u021bilor, a contractului de management al baritonului <strong>Cristian Rudic<\/strong>, ministrul Demeter Andr\u00e1s Istv\u00e1n a dat asigur\u0103ri c\u0103 va numi un manager interimar p\u00e2n\u0103 \u00een 15 februarie, dup\u0103 ce va analiza atent situa\u021bia. Ast\u0103zi, c\u0103 ministrul Culturii a aprobat \u00eencetarea, prin acordul p\u0103r\u021bilor, a contractului de management al baritonului Cristian Rudic, la solicitarea sa.<\/p>\n<p>Aceasta, spun reprezentan\u0163ii institu\u0163iei, este prima ocazie, dup\u0103 mai bine de 20 de ani, \u00een care un ministru al Culturii a dialogat direct cu angaja\u021bii Operei Rom\u00e2ne din Timi\u0219oara.<\/p>\n<div id=\"metaslider-id-56545\" class=\"ml-slider-3-18-9 metaslider metaslider-responsive metaslider-56545 ml-slider nav-hidden nav-hidden nav-hidden\">\n<div id=\"metaslider_container_56545\">\n<ul id=\"metaslider_56545\" class=\"rslides\">\n<li><a href=\"https:\/\/iuliustown.ro\/ro\" target=\"_blank\"><img decoding=\"async\" width=\"610\" height=\"260\" alt loading=\"lazy\" title=\"Banner Iulius Town 610x260 - februarie 2025\" class=\"slider-56545 slide-61310 lazyload\" src=\"https:\/\/timpolis.ro\/wp-content\/uploads\/2026\/02\/Banner-Iulius-Town-610x260-februarie-2025.png\"><img decoding=\"async\" width=\"610\" height=\"260\" src=\"https:\/\/timpolis.ro\/wp-content\/uploads\/2026\/02\/Banner-Iulius-Town-610x260-februarie-2025.png\" class=\"slider-56545 slide-61310\" alt loading=\"lazy\" title=\"Banner Iulius Town 610x260 - februarie 2025\"><\/a><\/li>\n<\/ul>\n<\/div>\n<\/div>\n<div class=\"printfriendly pf-alignright\"><a href=\"https:\/\/timpolis.ro\/ministrul-culturii-intalnire-cu-angajatii-operei-romane-din-timisoara\/\" rel=\"nofollow\" title=\"Printer Friendly, PDF &amp; Email\"><img decoding=\"async\" alt=\"Print Friendly, PDF &amp; Email\" class=\"lazyload\" src=\"https:\/\/cdn.printfriendly.com\/buttons\/print-button.png\"><img decoding=\"async\" src=\"https:\/\/cdn.printfriendly.com\/buttons\/print-button.png\" alt=\"Print Friendly, PDF &amp; Email\"><\/a><\/div>\n<\/div>\n<p>[analyse_source url=&#8221;https:\/\/timpolis.ro\/ministrul-culturii-intalnire-cu-angajatii-operei-romane-din-timisoara\/&#8221;]<\/p>\n","protected":false},"excerpt":{"rendered":"<p>[analyse_image type=&#8221;featured&#8221; src=&#8221;https:\/\/timpolis.ro\/wp-content\/uploads\/2025\/10\/Demeter-Andras-2-Foto-Fb-DA-1024&#215;682.jpghttps:\/\/timpolis.ro\/wp-content\/uploads\/2025\/10\/Demeter-Andras-2-Foto-Fb-DA-1024&#215;682.jpg&#8221;] Demeter Andr\u00e1s Istv\u00e1n. Surs\u0103 foto: Facebook \/ D.A. Ministrul Culturii, Demeter Andr\u00e1s Istv\u00e1n, a avut ast\u0103zi o \u00eent\u00e2lnire cu colectivul Operei Na\u021bionale Rom\u00e2ne din Timi\u0219oara. Reprezentan\u0163ii Operei spun c\u0103 aceasta este prima ocazie, dup\u0103 mai bine de 20 de ani, \u00een care un ministru al Culturii a dialogat direct cu angaja\u0163ii. \u00a0 [&hellip;]<\/p>\n","protected":false},"author":1,"featured_media":0,"comment_status":"open","ping_status":"","sticky":false,"template":"","format":"standard","meta":{"footnotes":""},"categories":[89],"tags":[226,202],"class_list":["post-1760665","post","type-post","status-publish","format-standard","hentry","category-romania","tag-crawlmanager","tag-timpolis-ro"],"_links":{"self":[{"href":"https:\/\/analyse.optim.biz\/index.php?rest_route=\/wp\/v2\/posts\/1760665","targetHints":{"allow":["GET"]}}],"collection":[{"href":"https:\/\/analyse.optim.biz\/index.php?rest_route=\/wp\/v2\/posts"}],"about":[{"href":"https:\/\/analyse.optim.biz\/index.php?rest_route=\/wp\/v2\/types\/post"}],"author":[{"embeddable":true,"href":"https:\/\/analyse.optim.biz\/index.php?rest_route=\/wp\/v2\/users\/1"}],"replies":[{"embeddable":true,"href":"https:\/\/analyse.optim.biz\/index.php?rest_route=%2Fwp%2Fv2%2Fcomments&post=1760665"}],"version-history":[{"count":0,"href":"https:\/\/analyse.optim.biz\/index.php?rest_route=\/wp\/v2\/posts\/1760665\/revisions"}],"wp:attachment":[{"href":"https:\/\/analyse.optim.biz\/index.php?rest_route=%2Fwp%2Fv2%2Fmedia&parent=1760665"}],"wp:term":[{"taxonomy":"category","embeddable":true,"href":"https:\/\/analyse.optim.biz\/index.php?rest_route=%2Fwp%2Fv2%2Fcategories&post=1760665"},{"taxonomy":"post_tag","embeddable":true,"href":"https:\/\/analyse.optim.biz\/index.php?rest_route=%2Fwp%2Fv2%2Ftags&post=1760665"}],"curies":[{"name":"wp","href":"https:\/\/api.w.org\/{rel}","templated":true}]}}