{"id":1760649,"date":"2026-02-04T08:11:20","date_gmt":"2026-02-04T05:11:20","guid":{"rendered":"https:\/\/analyse.optim.biz\/?p=1760649"},"modified":"2026-02-04T08:11:20","modified_gmt":"2026-02-04T05:11:20","slug":"muzica-timisoreana-si-fenomenul-rock-la-sa-citimisoara","status":"publish","type":"post","link":"https:\/\/analyse.optim.biz\/?p=1760649","title":{"rendered":"Muzica timi\u0219orean\u0103 \u0219i fenomenul rock, la \u201eS\u0103 ciTimi\u0219oara\u201d"},"content":{"rendered":"<p>[analyse_image type=&#8221;featured&#8221; src=&#8221;https:\/\/timpolis.ro\/wp-content\/uploads\/2026\/02\/SaCiTimisoara_Afis_04Febr2026.pnghttps:\/\/timpolis.ro\/wp-content\/uploads\/2026\/02\/SaCiTimisoara_Afis_04Febr2026.png&#8221;]<\/p>\n<div class=\"post-entry\">\n<div class=\"pf-content\">\n<p><strong><a href=\"https:\/\/timpolis.ro\/wp-content\/uploads\/2026\/02\/SaCiTimisoara_Afis_04Febr2026.png\"><img decoding=\"async\" loading=\"lazy\" title=\"SaCiTimisoara_Afis_04Febr2026\" alt width=\"900\" height=\"601\" class=\"aligncenter size-full wp-image-61271 lazyload\" src=\"https:\/\/timpolis.ro\/wp-content\/uploads\/2026\/02\/SaCiTimisoara_Afis_04Febr2026.png\"><\/a><\/strong><\/p>\n<p><img decoding=\"async\" loading=\"lazy\" class=\"aligncenter size-full wp-image-61271\" title=\"SaCiTimisoara_Afis_04Febr2026\" src=\"https:\/\/timpolis.ro\/wp-content\/uploads\/2026\/02\/SaCiTimisoara_Afis_04Febr2026.png\" alt width=\"900\" height=\"601\">O nou\u0103 \u00eent\u00e2lnire din seria <em>S\u0103 ciTimi\u0219oara<\/em> este dedicat\u0103 de aceast\u0103 dat\u0103 muzicii timi\u0219orene \u0219i fenomenului rock. Invitatul serii este Mimo Obradov, reputat critic muzical, publicist, istoriograf al muzicii rock \u0219i realizator de emisiuni radio-TV, o voce de referin\u021b\u0103 \u00een documentarea \u0219i interpretarea scenei rock din Rom\u00e2nia.<\/p>\n<p>\u00a0<\/p>\n<p>Evenimentul, care va avea loc joi, 5 februarie, de la ora 18, la C\u0103rture\u0219ti Mercy, propune o conversa\u021bie deschis\u0103 despre rolul muzicii rock \u00een construc\u021bia identit\u0103\u021bii culturale a Timi\u0219oarei, despre scenele care au contat, contextul social \u0219i istoric \u00een care s-au format \u0219i despre oamenii care au dat ora\u0219ului un sunet recognoscibil. Discu\u021bia se va concentra pe muzic\u0103 nu doar ca form\u0103 artistic\u0103, ci ca fenomen cultural \u0219i expresie a libert\u0103\u021bii.<\/p>\n<p>\u00cent\u00e2lnirea este organizat\u0103 de Asocia\u021bia Bastionul ArtLitTim \u0219i Patricia Lidia, iar dialogul va fi moderat de <strong>Adrian-Petru Stepan<\/strong> \u0219i <strong>Cristian Vicol<\/strong>. .<\/p>\n<p>Seria <em>S\u0103 ciTimi\u0219oara<\/em> \u00ee\u0219i propune s\u0103 aduc\u0103 \u00een prim-plan teme culturale relevante pentru ora\u0219, prin \u00eent\u00e2lniri care favorizeaz\u0103 dialogul, memoria vie \u0219i schimbul de idei \u00eentre invita\u021bi \u0219i public.<\/p>\n<p>\u00a0<\/p>\n<div id=\"metaslider-id-56545\" class=\"ml-slider-3-18-9 metaslider metaslider-responsive metaslider-56545 ml-slider nav-hidden nav-hidden nav-hidden\">\n<div id=\"metaslider_container_56545\">\n<ul id=\"metaslider_56545\" class=\"rslides\">\n<li><a href=\"https:\/\/iuliustown.ro\/ro\" target=\"_blank\"><img decoding=\"async\" width=\"610\" height=\"260\" alt loading=\"lazy\" title=\"Banner Iulius Town 610x260 - februarie 2025\" class=\"slider-56545 slide-61310 lazyload\" src=\"https:\/\/timpolis.ro\/wp-content\/uploads\/2026\/02\/Banner-Iulius-Town-610x260-februarie-2025.png\"><img decoding=\"async\" width=\"610\" height=\"260\" src=\"https:\/\/timpolis.ro\/wp-content\/uploads\/2026\/02\/Banner-Iulius-Town-610x260-februarie-2025.png\" class=\"slider-56545 slide-61310\" alt loading=\"lazy\" title=\"Banner Iulius Town 610x260 - februarie 2025\"><\/a><\/li>\n<\/ul>\n<\/div>\n<\/div>\n<div class=\"printfriendly pf-alignright\"><a href=\"https:\/\/timpolis.ro\/muzica-timisoreana-si-fenomenul-rock-la-sa-citimisoara\/\" rel=\"nofollow\" title=\"Printer Friendly, PDF &amp; Email\"><img decoding=\"async\" alt=\"Print Friendly, PDF &amp; Email\" class=\"lazyload\" src=\"https:\/\/cdn.printfriendly.com\/buttons\/print-button.png\"><img decoding=\"async\" src=\"https:\/\/cdn.printfriendly.com\/buttons\/print-button.png\" alt=\"Print Friendly, PDF &amp; Email\"><\/a><\/div>\n<\/div>\n<div class=\"yarpp-related\">\n<h3>\u015etiri din aceea\u015fi categorie:<\/h3>\n<div class=\"yarpp-thumbnails-horizontal\"><a class=\"yarpp-thumbnail\" rel=\"norewrite\" href=\"https:\/\/timpolis.ro\/monoloagele-solitudinii-un-spectacol-despre-fenomenul-singuratatii\/\" title=\"\u201eMonoloagele solitudinii\u201d, un spectacol despre fenomenul singur\u0103t\u0103\u0163ii\"><img decoding=\"async\" width=\"120\" height=\"120\" alt loading=\"lazy\" class=\"attachment-yarpp-thumbnail size-yarpp-thumbnail wp-post-image lazyload\" src=\"https:\/\/timpolis.ro\/wp-content\/uploads\/2023\/07\/Elvira-Monoloagele-solitudinii-Foto-Ika-Rodica-120x120.jpg\"><img decoding=\"async\" width=\"120\" height=\"120\" src=\"https:\/\/timpolis.ro\/wp-content\/uploads\/2023\/07\/Elvira-Monoloagele-solitudinii-Foto-Ika-Rodica-120x120.jpg\" class=\"attachment-yarpp-thumbnail size-yarpp-thumbnail wp-post-image\" alt loading=\"lazy\"><span class=\"yarpp-thumbnail-title\">\u201eMonoloagele solitudinii\u201d, un spectacol despre fenomenul singur\u0103t\u0103\u0163ii<\/span><\/a><a class=\"yarpp-thumbnail\" rel=\"norewrite\" href=\"https:\/\/timpolis.ro\/fenomenul-facebook-disecat-pe-viu-la-timisoara\/\" title=\"Fenomenul Facebook, disecat pe viu, la Timi\u0219oara\"><img decoding=\"async\" width=\"120\" height=\"120\" alt loading=\"lazy\" class=\"attachment-yarpp-thumbnail size-yarpp-thumbnail wp-post-image lazyload\" src=\"https:\/\/timpolis.ro\/wp-content\/uploads\/2015\/02\/Lucian-Mandruta-721-120x120.jpg\"><img decoding=\"async\" width=\"120\" height=\"120\" src=\"https:\/\/timpolis.ro\/wp-content\/uploads\/2015\/02\/Lucian-Mandruta-721-120x120.jpg\" class=\"attachment-yarpp-thumbnail size-yarpp-thumbnail wp-post-image\" alt loading=\"lazy\"><span class=\"yarpp-thumbnail-title\">Fenomenul Facebook, disecat pe viu, la Timi\u0219oara<\/span><\/a><a class=\"yarpp-thumbnail\" rel=\"norewrite\" href=\"https:\/\/timpolis.ro\/marea-muzica-serie-de-concerte-si-spectacole-de-muzica-clasica-pentru-copiii-din-lugoj\/\" title=\"\u201eMarea Muzic\u0103\u201d, serie de concerte \u0219i spectacole de muzic\u0103 clasic\u0103 pentru copiii din Lugoj\"><img decoding=\"async\" width=\"120\" height=\"120\" alt loading=\"lazy\" class=\"attachment-yarpp-thumbnail size-yarpp-thumbnail wp-post-image lazyload\" src=\"https:\/\/timpolis.ro\/wp-content\/uploads\/2022\/06\/Incanto-Quartetto-120x120.jpg\"><img decoding=\"async\" width=\"120\" height=\"120\" src=\"https:\/\/timpolis.ro\/wp-content\/uploads\/2022\/06\/Incanto-Quartetto-120x120.jpg\" class=\"attachment-yarpp-thumbnail size-yarpp-thumbnail wp-post-image\" alt loading=\"lazy\"><span class=\"yarpp-thumbnail-title\">\u201eMarea Muzic\u0103\u201d, serie de concerte \u0219i spectacole de muzic\u0103 clasic\u0103 pentru copiii din Lugoj<\/span><\/a><a class=\"yarpp-thumbnail\" rel=\"norewrite\" href=\"https:\/\/timpolis.ro\/sa-citimisoara-2025\/\" title=\"\u201eS\u0103 ciTimi\u0219oara 2025\u201d\"><img decoding=\"async\" width=\"120\" height=\"120\" alt loading=\"lazy\" class=\"attachment-yarpp-thumbnail size-yarpp-thumbnail wp-post-image lazyload\" src=\"https:\/\/timpolis.ro\/wp-content\/uploads\/2025\/04\/Eveniment-Sa-CiTimisoara-Foto-Fb-SCT-120x120.jpg\"><img decoding=\"async\" width=\"120\" height=\"120\" src=\"https:\/\/timpolis.ro\/wp-content\/uploads\/2025\/04\/Eveniment-Sa-CiTimisoara-Foto-Fb-SCT-120x120.jpg\" class=\"attachment-yarpp-thumbnail size-yarpp-thumbnail wp-post-image\" alt loading=\"lazy\"><span class=\"yarpp-thumbnail-title\">\u201eS\u0103 ciTimi\u0219oara 2025\u201d<\/span><\/a><\/div>\n<\/div>\n<\/div>\n<div class=\"pf-content\">\n<p><strong><a href=\"https:\/\/timpolis.ro\/wp-content\/uploads\/2026\/02\/SaCiTimisoara_Afis_04Febr2026.png\"><img decoding=\"async\" loading=\"lazy\" title=\"SaCiTimisoara_Afis_04Febr2026\" alt width=\"900\" height=\"601\" class=\"aligncenter size-full wp-image-61271 lazyload\" src=\"https:\/\/timpolis.ro\/wp-content\/uploads\/2026\/02\/SaCiTimisoara_Afis_04Febr2026.png\"><\/a><\/strong><\/p>\n<p><img decoding=\"async\" loading=\"lazy\" class=\"aligncenter size-full wp-image-61271\" title=\"SaCiTimisoara_Afis_04Febr2026\" src=\"https:\/\/timpolis.ro\/wp-content\/uploads\/2026\/02\/SaCiTimisoara_Afis_04Febr2026.png\" alt width=\"900\" height=\"601\">O nou\u0103 \u00eent\u00e2lnire din seria <em>S\u0103 ciTimi\u0219oara<\/em> este dedicat\u0103 de aceast\u0103 dat\u0103 muzicii timi\u0219orene \u0219i fenomenului rock. Invitatul serii este Mimo Obradov, reputat critic muzical, publicist, istoriograf al muzicii rock \u0219i realizator de emisiuni radio-TV, o voce de referin\u021b\u0103 \u00een documentarea \u0219i interpretarea scenei rock din Rom\u00e2nia.<\/p>\n<p>\u00a0<\/p>\n<p>Evenimentul, care va avea loc joi, 5 februarie, de la ora 18, la C\u0103rture\u0219ti Mercy, propune o conversa\u021bie deschis\u0103 despre rolul muzicii rock \u00een construc\u021bia identit\u0103\u021bii culturale a Timi\u0219oarei, despre scenele care au contat, contextul social \u0219i istoric \u00een care s-au format \u0219i despre oamenii care au dat ora\u0219ului un sunet recognoscibil. Discu\u021bia se va concentra pe muzic\u0103 nu doar ca form\u0103 artistic\u0103, ci ca fenomen cultural \u0219i expresie a libert\u0103\u021bii.<\/p>\n<p>\u00cent\u00e2lnirea este organizat\u0103 de Asocia\u021bia Bastionul ArtLitTim \u0219i Patricia Lidia, iar dialogul va fi moderat de <strong>Adrian-Petru Stepan<\/strong> \u0219i <strong>Cristian Vicol<\/strong>. .<\/p>\n<p>Seria <em>S\u0103 ciTimi\u0219oara<\/em> \u00ee\u0219i propune s\u0103 aduc\u0103 \u00een prim-plan teme culturale relevante pentru ora\u0219, prin \u00eent\u00e2lniri care favorizeaz\u0103 dialogul, memoria vie \u0219i schimbul de idei \u00eentre invita\u021bi \u0219i public.<\/p>\n<p>\u00a0<\/p>\n<div id=\"metaslider-id-56545\" class=\"ml-slider-3-18-9 metaslider metaslider-responsive metaslider-56545 ml-slider nav-hidden nav-hidden nav-hidden\">\n<div id=\"metaslider_container_56545\">\n<ul id=\"metaslider_56545\" class=\"rslides\">\n<li><a href=\"https:\/\/iuliustown.ro\/ro\" target=\"_blank\"><img decoding=\"async\" width=\"610\" height=\"260\" alt loading=\"lazy\" title=\"Banner Iulius Town 610x260 - februarie 2025\" class=\"slider-56545 slide-61310 lazyload\" src=\"https:\/\/timpolis.ro\/wp-content\/uploads\/2026\/02\/Banner-Iulius-Town-610x260-februarie-2025.png\"><img decoding=\"async\" width=\"610\" height=\"260\" src=\"https:\/\/timpolis.ro\/wp-content\/uploads\/2026\/02\/Banner-Iulius-Town-610x260-februarie-2025.png\" class=\"slider-56545 slide-61310\" alt loading=\"lazy\" title=\"Banner Iulius Town 610x260 - februarie 2025\"><\/a><\/li>\n<\/ul>\n<\/div>\n<\/div>\n<div class=\"printfriendly pf-alignright\"><a href=\"https:\/\/timpolis.ro\/muzica-timisoreana-si-fenomenul-rock-la-sa-citimisoara\/\" rel=\"nofollow\" title=\"Printer Friendly, PDF &amp; Email\"><img decoding=\"async\" alt=\"Print Friendly, PDF &amp; Email\" class=\"lazyload\" src=\"https:\/\/cdn.printfriendly.com\/buttons\/print-button.png\"><img decoding=\"async\" src=\"https:\/\/cdn.printfriendly.com\/buttons\/print-button.png\" alt=\"Print Friendly, PDF &amp; Email\"><\/a><\/div>\n<\/div>\n<p>[analyse_source url=&#8221;https:\/\/timpolis.ro\/muzica-timisoreana-si-fenomenul-rock-la-sa-citimisoara\/&#8221;]<\/p>\n","protected":false},"excerpt":{"rendered":"<p>[analyse_image type=&#8221;featured&#8221; src=&#8221;https:\/\/timpolis.ro\/wp-content\/uploads\/2026\/02\/SaCiTimisoara_Afis_04Febr2026.pnghttps:\/\/timpolis.ro\/wp-content\/uploads\/2026\/02\/SaCiTimisoara_Afis_04Febr2026.png&#8221;] O nou\u0103 \u00eent\u00e2lnire din seria S\u0103 ciTimi\u0219oara este dedicat\u0103 de aceast\u0103 dat\u0103 muzicii timi\u0219orene \u0219i fenomenului rock. Invitatul serii este Mimo Obradov, reputat critic muzical, publicist, istoriograf al muzicii rock \u0219i realizator de emisiuni radio-TV, o voce de referin\u021b\u0103 \u00een documentarea \u0219i interpretarea scenei rock din Rom\u00e2nia. \u00a0 Evenimentul, care va avea [&hellip;]<\/p>\n","protected":false},"author":1,"featured_media":0,"comment_status":"open","ping_status":"","sticky":false,"template":"","format":"standard","meta":{"footnotes":""},"categories":[89],"tags":[226,202],"class_list":["post-1760649","post","type-post","status-publish","format-standard","hentry","category-romania","tag-crawlmanager","tag-timpolis-ro"],"_links":{"self":[{"href":"https:\/\/analyse.optim.biz\/index.php?rest_route=\/wp\/v2\/posts\/1760649","targetHints":{"allow":["GET"]}}],"collection":[{"href":"https:\/\/analyse.optim.biz\/index.php?rest_route=\/wp\/v2\/posts"}],"about":[{"href":"https:\/\/analyse.optim.biz\/index.php?rest_route=\/wp\/v2\/types\/post"}],"author":[{"embeddable":true,"href":"https:\/\/analyse.optim.biz\/index.php?rest_route=\/wp\/v2\/users\/1"}],"replies":[{"embeddable":true,"href":"https:\/\/analyse.optim.biz\/index.php?rest_route=%2Fwp%2Fv2%2Fcomments&post=1760649"}],"version-history":[{"count":0,"href":"https:\/\/analyse.optim.biz\/index.php?rest_route=\/wp\/v2\/posts\/1760649\/revisions"}],"wp:attachment":[{"href":"https:\/\/analyse.optim.biz\/index.php?rest_route=%2Fwp%2Fv2%2Fmedia&parent=1760649"}],"wp:term":[{"taxonomy":"category","embeddable":true,"href":"https:\/\/analyse.optim.biz\/index.php?rest_route=%2Fwp%2Fv2%2Fcategories&post=1760649"},{"taxonomy":"post_tag","embeddable":true,"href":"https:\/\/analyse.optim.biz\/index.php?rest_route=%2Fwp%2Fv2%2Ftags&post=1760649"}],"curies":[{"name":"wp","href":"https:\/\/api.w.org\/{rel}","templated":true}]}}