{"id":1759083,"date":"2026-02-05T00:00:00","date_gmt":"2026-02-04T21:00:00","guid":{"rendered":"https:\/\/analyse.optim.biz\/?p=1759083"},"modified":"2026-02-05T00:00:00","modified_gmt":"2026-02-04T21:00:00","slug":"primarul-din-mitocu-dragomirnei-monitorizat-de-politistii-din-suceava-este-nevoit-sa-poarte-bratara-electronica","status":"publish","type":"post","link":"https:\/\/analyse.optim.biz\/?p=1759083","title":{"rendered":"Primarul din Mitocu Dragomirnei, monitorizat de poli\u021bi\u0219tii din Suceava. Este nevoit s\u0103 poarte br\u0103\u021bar\u0103 electronic\u0103"},"content":{"rendered":"<p>[analyse_image type=&#8221;featured&#8221; src=&#8221;&#8221;]<\/p>\n<div class=\"entry-content\">\n<p><img decoding=\"async\" loading=\"lazy\" class=\"alignright size-full wp-image-318559\" src=\"https:\/\/suceavanews.ro\/wp-content\/uploads\/2026\/02\/primarul-din-mitocu-dragomirnei.jpg\" alt=\"\" width=\"269\" height=\"188\">Primarul din Mitocu Dragomirnei, Radu Reziuc, care este acuzat c\u0103 \u015fi-a agresat \u015fi sechestrat iubita \u015fi pe fiica acesteia, este monitorizat de poli\u021bi\u0219tii din Suceava. Edilul \u0219ef din Mitocu Dragomirnei este nevoit s\u0103 poarte br\u0103\u021bar\u0103 electronic\u0103.<\/p>\n<p>Primarul este acuzat de violen\u021b\u0103 domestic\u0103, lipsire de libertate \u00een mod ilegal \u0219i nerespectarea regimului armelor \u0219i muni\u021biilor, ancheta \u00een cazul s\u0103u\u00a0 fiind coordonat\u0103 de un procuror din cadrul Parchetului de pe l\u00e2ng\u0103 Judec\u0103toria Suceava.<\/p>\n<p>\u201e<em><strong>Pe l\u00e2ng\u0103 actele si etapele procedurale incidente legisla\u021biei penale, poli\u021bi\u0219tii suceveni au dispus, \u00een regim de urgen\u021b\u0103 \u0219i o serie de m\u0103suri, pentru protejarea imediat\u0103 \u0219i concret\u0103 a persoanelor care au sesizat faptele de violen\u021b\u0103, fiind aplicate cu celeritate toate resorturile legale prev\u0103zute de Legea nr. 217\/2003 privind prevenirea \u0219i combaterea violen\u021bei domestice.<\/strong> Astfel, imediat dup\u0103 primirea sesiz\u0103rii, poli\u021bi\u0219tii au aplicat formularele de evaluare a riscului pentru cele dou\u0103 femei, fiind identificat risc iminent prin prisma r\u0103spunsurilor oferite de c\u0103tre acestea, fiind emise de c\u0103tre poli\u021bi\u0219ti dou\u0103 ordine provizorii de protec\u021bie \u00eempotriva persoanei reclamate, respectiv un b\u0103rbat de 40 de ani din comuna Mitocu Dragomirnei<\/em>\u201d, au precizat poli\u021bi\u0219tii din Suceava.<\/p>\n<p>Cele dou\u0103 femei au fost de acord cu emiterea ordinelor provizorii de c\u0103tre poli\u021bi\u0219ti, refuz\u00e2nd \u00eens\u0103, \u00een scris, posibilitatea monitoriz\u0103rii electronice a agresorului.<\/p>\n<p>Ulterior, m\u0103surile dispuse de poli\u021bi\u0219ti \u0219i materialul specific a stat la baza emiterii de c\u0103tre instan\u021ba de judecat\u0103 a dou\u0103 ordine de protec\u021bie, cu o durat\u0103 de 12 luni, \u00een aceast\u0103 faz\u0103 cele dou\u0103 femei solicit\u00e2nd \u0219i accept\u00e2nd \u0219i procedura monitoriz\u0103rii electronice a agresorului.<\/p>\n<p>Poli\u021bi\u0219tii din cadrul Poli\u021biei Ora\u0219ului Salcea au pus \u00een executare cu celeritate hot\u0103r\u00e2rea instan\u021bei de judecat\u0103, b\u0103rbatului de 40 de ani, fiindu-i montat\u0103 o br\u0103\u021bara de monitorizare electronic\u0103, fiindu-i predat \u00eentregul kit de monitorizare \u0219i fiind instruit cu privire la respectarea m\u0103surilor dispuse prin ordinele de protec\u021bie, dar \u0219i cu privire la consecin\u021bele \u00een plan juridic generate de eventuala nerespectare a interdic\u021biilor stabilie.<\/p>\n<p>De asemenea, cele doua femei au primit dispozitivele specifice, fiind consiliate, \u00een vederea \u00eenl\u0103tur\u0103rii riscului victimal.<\/p>\n<p>\u00a0<\/p>\n<\/div>\n<div class=\"entry-content\">\n<p><img decoding=\"async\" loading=\"lazy\" class=\"alignright size-full wp-image-318559\" src=\"https:\/\/suceavanews.ro\/wp-content\/uploads\/2026\/02\/primarul-din-mitocu-dragomirnei.jpg\" alt=\"\" width=\"269\" height=\"188\">Primarul din Mitocu Dragomirnei, Radu Reziuc, care este acuzat c\u0103 \u015fi-a agresat \u015fi sechestrat iubita \u015fi pe fiica acesteia, este monitorizat de poli\u021bi\u0219tii din Suceava. Edilul \u0219ef din Mitocu Dragomirnei este nevoit s\u0103 poarte br\u0103\u021bar\u0103 electronic\u0103.<\/p>\n<p>Primarul este acuzat de violen\u021b\u0103 domestic\u0103, lipsire de libertate \u00een mod ilegal \u0219i nerespectarea regimului armelor \u0219i muni\u021biilor, ancheta \u00een cazul s\u0103u\u00a0 fiind coordonat\u0103 de un procuror din cadrul Parchetului de pe l\u00e2ng\u0103 Judec\u0103toria Suceava.<\/p>\n<p>\u201e<em><strong>Pe l\u00e2ng\u0103 actele si etapele procedurale incidente legisla\u021biei penale, poli\u021bi\u0219tii suceveni au dispus, \u00een regim de urgen\u021b\u0103 \u0219i o serie de m\u0103suri, pentru protejarea imediat\u0103 \u0219i concret\u0103 a persoanelor care au sesizat faptele de violen\u021b\u0103, fiind aplicate cu celeritate toate resorturile legale prev\u0103zute de Legea nr. 217\/2003 privind prevenirea \u0219i combaterea violen\u021bei domestice.<\/strong> Astfel, imediat dup\u0103 primirea sesiz\u0103rii, poli\u021bi\u0219tii au aplicat formularele de evaluare a riscului pentru cele dou\u0103 femei, fiind identificat risc iminent prin prisma r\u0103spunsurilor oferite de c\u0103tre acestea, fiind emise de c\u0103tre poli\u021bi\u0219ti dou\u0103 ordine provizorii de protec\u021bie \u00eempotriva persoanei reclamate, respectiv un b\u0103rbat de 40 de ani din comuna Mitocu Dragomirnei<\/em>\u201d, au precizat poli\u021bi\u0219tii din Suceava.<\/p>\n<p>Cele dou\u0103 femei au fost de acord cu emiterea ordinelor provizorii de c\u0103tre poli\u021bi\u0219ti, refuz\u00e2nd \u00eens\u0103, \u00een scris, posibilitatea monitoriz\u0103rii electronice a agresorului.<\/p>\n<p>Ulterior, m\u0103surile dispuse de poli\u021bi\u0219ti \u0219i materialul specific a stat la baza emiterii de c\u0103tre instan\u021ba de judecat\u0103 a dou\u0103 ordine de protec\u021bie, cu o durat\u0103 de 12 luni, \u00een aceast\u0103 faz\u0103 cele dou\u0103 femei solicit\u00e2nd \u0219i accept\u00e2nd \u0219i procedura monitoriz\u0103rii electronice a agresorului.<\/p>\n<p>Poli\u021bi\u0219tii din cadrul Poli\u021biei Ora\u0219ului Salcea au pus \u00een executare cu celeritate hot\u0103r\u00e2rea instan\u021bei de judecat\u0103, b\u0103rbatului de 40 de ani, fiindu-i montat\u0103 o br\u0103\u021bara de monitorizare electronic\u0103, fiindu-i predat \u00eentregul kit de monitorizare \u0219i fiind instruit cu privire la respectarea m\u0103surilor dispuse prin ordinele de protec\u021bie, dar \u0219i cu privire la consecin\u021bele \u00een plan juridic generate de eventuala nerespectare a interdic\u021biilor stabilie.<\/p>\n<p>De asemenea, cele doua femei au primit dispozitivele specifice, fiind consiliate, \u00een vederea \u00eenl\u0103tur\u0103rii riscului victimal.<\/p>\n<p>\u00a0<\/p>\n<\/div>\n<p>[analyse_source url=&#8221;https:\/\/suceavanews.ro\/318558\/administratie\/primarul-din-mitocu-dragomirnei-monitorizat-de-politistii-din-suceava-este-nevoit-sa-poarte-bratara-electronica\/&#8221;]<\/p>\n","protected":false},"excerpt":{"rendered":"<p>[analyse_image type=&#8221;featured&#8221; src=&#8221;&#8221;] Primarul din Mitocu Dragomirnei, Radu Reziuc, care este acuzat c\u0103 \u015fi-a agresat \u015fi sechestrat iubita \u015fi pe fiica acesteia, este monitorizat de poli\u021bi\u0219tii din Suceava. Edilul \u0219ef din Mitocu Dragomirnei este nevoit s\u0103 poarte br\u0103\u021bar\u0103 electronic\u0103. Primarul este acuzat de violen\u021b\u0103 domestic\u0103, lipsire de libertate \u00een mod ilegal \u0219i nerespectarea regimului armelor [&hellip;]<\/p>\n","protected":false},"author":1,"featured_media":0,"comment_status":"open","ping_status":"","sticky":false,"template":"","format":"standard","meta":{"footnotes":""},"categories":[89],"tags":[226,174],"class_list":["post-1759083","post","type-post","status-publish","format-standard","hentry","category-romania","tag-crawlmanager","tag-suceavanews-ro"],"_links":{"self":[{"href":"https:\/\/analyse.optim.biz\/index.php?rest_route=\/wp\/v2\/posts\/1759083","targetHints":{"allow":["GET"]}}],"collection":[{"href":"https:\/\/analyse.optim.biz\/index.php?rest_route=\/wp\/v2\/posts"}],"about":[{"href":"https:\/\/analyse.optim.biz\/index.php?rest_route=\/wp\/v2\/types\/post"}],"author":[{"embeddable":true,"href":"https:\/\/analyse.optim.biz\/index.php?rest_route=\/wp\/v2\/users\/1"}],"replies":[{"embeddable":true,"href":"https:\/\/analyse.optim.biz\/index.php?rest_route=%2Fwp%2Fv2%2Fcomments&post=1759083"}],"version-history":[{"count":0,"href":"https:\/\/analyse.optim.biz\/index.php?rest_route=\/wp\/v2\/posts\/1759083\/revisions"}],"wp:attachment":[{"href":"https:\/\/analyse.optim.biz\/index.php?rest_route=%2Fwp%2Fv2%2Fmedia&parent=1759083"}],"wp:term":[{"taxonomy":"category","embeddable":true,"href":"https:\/\/analyse.optim.biz\/index.php?rest_route=%2Fwp%2Fv2%2Fcategories&post=1759083"},{"taxonomy":"post_tag","embeddable":true,"href":"https:\/\/analyse.optim.biz\/index.php?rest_route=%2Fwp%2Fv2%2Ftags&post=1759083"}],"curies":[{"name":"wp","href":"https:\/\/api.w.org\/{rel}","templated":true}]}}