{"id":1758767,"date":"2026-02-05T20:31:33","date_gmt":"2026-02-05T17:31:33","guid":{"rendered":"https:\/\/analyse.optim.biz\/?p=1758767"},"modified":"2026-02-05T20:31:33","modified_gmt":"2026-02-05T17:31:33","slug":"ce-se-intampla-cu-padurea-crang","status":"publish","type":"post","link":"https:\/\/analyse.optim.biz\/?p=1758767","title":{"rendered":"Ce se \u00eent\u00e2mpl\u0103 cu p\u0103durea Cr\u00e2ng?"},"content":{"rendered":"<p>[analyse_image type=&#8221;featured&#8221; src=&#8221;https:\/\/www.tvbuzau.ro\/wp-content\/uploads\/2026\/02\/hqdefault-8.jpghttps:\/\/www.tvbuzau.ro\/wp-content\/uploads\/2026\/02\/hqdefault-8.jpg&#8221;]<\/p>\n<div class=\"td-ss-main-content\">\n<article id=\"post-117990\" class=\"post-117990 post type-post status-publish format-video has-post-thumbnail hentry category-actualitate post_format-post-format-video\">\n<div class=\"td-post-header\">\n<ul class=\"td-category\">\n<li class=\"entry-category\"><a href=\"https:\/\/www.tvbuzau.ro\/category\/actualitate\/\">Actualitate<\/a><\/li>\n<\/ul>\n<header class=\"td-post-title\">\n<h1 class=\"entry-title\">Ce se \u00eent\u00e2mpl\u0103 cu p\u0103durea Cr\u00e2ng?<\/h1>\n<div class=\"td-module-meta-info\">\n<div class=\"td-post-author-name\">De c\u0103tre <a href=\"https:\/\/www.tvbuzau.ro\/author\/mihai-vasilescu\/\">TV Buz\u0103u<\/a> &#8211; <\/div>\n<p><span class=\"td-post-date\"><time class=\"entry-date updated td-module-date\" datetime=\"2026-02-05T20:31:33+00:00\">februarie 5, 2026<\/time><\/span><\/p>\n<div class=\"td-post-comments\"><a href=\"https:\/\/www.tvbuzau.ro\/ce-se-intampla-cu-padurea-crang\/#respond\">0<\/a><\/div>\n<div class=\"td-post-views\"><span class=\"td-nr-views-117990\">10<\/span><\/div>\n<\/div>\n<\/header>\n<\/div>\n<div class=\"td-post-sharing td-post-sharing-top td-with-like\">\n<div class=\"td-default-sharing\"><a class=\"td-social-sharing-buttons td-social-facebook\" href=\"http:\/\/www.facebook.com\/sharer.php?u=https%3A%2F%2Fwww.tvbuzau.ro%2Fce-se-intampla-cu-padurea-crang%2F\"><\/p>\n<div class=\"td-social-but-text\">Distribui\u021bi pe Facebook<\/div>\n<p><\/a><a class=\"td-social-sharing-buttons td-social-twitter\" href=\"https:\/\/twitter.com\/intent\/tweet?text=Ce+se+%C3%AEnt%C3%A2mpl%C4%83+cu+p%C4%83durea+Cr%C3%A2ng%3F&amp;url=https%3A%2F%2Fwww.tvbuzau.ro%2Fce-se-intampla-cu-padurea-crang%2F&amp;via=TV+Buz%C4%83u\"><\/p>\n<div class=\"td-social-but-text\">Distribui\u021bi pe Twitter<\/div>\n<p><\/a><\/div>\n<div class=\"td-classic-sharing\">\n<ul>\n<li class=\"td-classic-facebook\"><iframe frameborder src=\"https:\/\/www.facebook.com\/plugins\/like.php?href=https:\/\/www.tvbuzau.ro\/ce-se-intampla-cu-padurea-crang\/&amp;layout=button_count&amp;show_faces=false&amp;width=105&amp;action=like&amp;colorscheme=light&amp;height=21\"><\/iframe><\/li>\n<li class=\"td-classic-twitter\"><a href=\"https:\/\/twitter.com\/share\" class=\"twitter-share-button\" data-url=\"https:\/\/www.tvbuzau.ro\/ce-se-intampla-cu-padurea-crang\/\" data-text=\"Ce se \u00eent\u00e2mpl\u0103 cu p\u0103durea Cr\u00e2ng?\" data-via data-lang=\"en\">tweet<\/a><\/li>\n<\/ul>\n<\/div>\n<\/div>\n<div class=\"td-post-content\">\n<div class=\"td-featured-image-rec\">\n<div class=\"wpb_video_wrapper\">\n                    <iframe loading=\"lazy\" id=\"td_youtube_player\" width=\"600\" height=\"560\" src=\"https:\/\/www.youtube.com\/embed\/R1R5MaBgSbA?enablejsapi=1&amp;feature=oembed&amp;wmode=opaque&amp;vq=hd720\" frameborder allowfullscreen><\/iframe><\/p><\/div>\n<\/div>\n<p>Continu\u0103 proiectul de realizare a unei p\u0103duri pe malul r\u00e2ului Buz\u0103u<br \/>\nPrimarul municipiului Buz\u0103u, Constantin Toma a anun\u0163at c\u0103 \u00een anul 2026 vor continua proiectele de \u00eemp\u0103durire dar \u015fi cel referitor la Parcul Cr\u00e2ng. \u00cen pl\u0103m\u00e2nul verde al ora\u015fului cel mai probabil se vor executa lucr\u0103ri de t\u0103iere a arborilor usca\u0163i \u00eens\u0103 nu au fost oferite detalii referitoare la \u00eemp\u0103durire.<br \/>\nTotodat\u0103, edilul a anun\u0163at c\u0103 sunt \u00een derulare proiecte \u00een valoare de 182 milioane euro.<br \/>\nP\u0103durea Cr\u00e2ng a f\u0103cut obiectul unor discu\u0163ii aprinse, dup\u0103 ce au fost realizate t\u0103ieri, \u00een schimb \u00eemp\u0103duririle nu au fost pe m\u0103sur\u0103 \u015fi \u00een acela\u015fi ritm.<\/p>\n<div class=\"post-views post-117990 entry-meta\"><span class=\"post-views-label\">Post Views: <\/span><span class=\"post-views-count\">165<\/span><\/div>\n<\/div>\n<footer>\n<div class=\"td-post-sharing td-post-sharing-bottom td-with-like\"><span class=\"td-post-share-title\">DISTRIBUI\u021aI<\/span><\/p>\n<div class=\"td-default-sharing\"><a class=\"td-social-sharing-buttons td-social-facebook\" href=\"http:\/\/www.facebook.com\/sharer.php?u=https%3A%2F%2Fwww.tvbuzau.ro%2Fce-se-intampla-cu-padurea-crang%2F\"><\/p>\n<div class=\"td-social-but-text\">Facebook<\/div>\n<p><\/a><a class=\"td-social-sharing-buttons td-social-twitter\" href=\"https:\/\/twitter.com\/intent\/tweet?text=Ce+se+%C3%AEnt%C3%A2mpl%C4%83+cu+p%C4%83durea+Cr%C3%A2ng%3F&amp;url=https%3A%2F%2Fwww.tvbuzau.ro%2Fce-se-intampla-cu-padurea-crang%2F&amp;via=TV+Buz%C4%83u\"><\/p>\n<div class=\"td-social-but-text\">Twitter<\/div>\n<p><\/a><\/div>\n<div class=\"td-classic-sharing\">\n<ul>\n<li class=\"td-classic-facebook\"><iframe frameborder src=\"https:\/\/www.facebook.com\/plugins\/like.php?href=https:\/\/www.tvbuzau.ro\/ce-se-intampla-cu-padurea-crang\/&amp;layout=button_count&amp;show_faces=false&amp;width=105&amp;action=like&amp;colorscheme=light&amp;height=21\"><\/iframe><\/li>\n<li class=\"td-classic-twitter\"><a href=\"https:\/\/twitter.com\/share\" class=\"twitter-share-button\" data-url=\"https:\/\/www.tvbuzau.ro\/ce-se-intampla-cu-padurea-crang\/\" data-text=\"Ce se \u00eent\u00e2mpl\u0103 cu p\u0103durea Cr\u00e2ng?\" data-via data-lang=\"en\">tweet<\/a><\/li>\n<\/ul>\n<\/div>\n<\/div>\n<div class=\"td-author-name vcard author\"><span class=\"fn\"><a href=\"https:\/\/www.tvbuzau.ro\/author\/mihai-vasilescu\/\">TV Buz\u0103u<\/a><\/span><\/div>\n<p><span><\/span><span><span><\/span><\/span><span><\/span><\/footer>\n<\/article>\n<div class=\"td_block_wrap td_block_related_posts td_uid_1_69861f2204431_rand td_with_ajax_pagination td-pb-border-top\" data-td-block-uid=\"td_uid_1_69861f2204431\">\n<h4 class=\"td-related-title\"><a id=\"td_uid_2_69861f22099b4\" class=\"td-related-left td-cur-simple-item\" data-td_filter_value data-td_block_id=\"td_uid_1_69861f2204431\" href=\"https:\/\/www.tvbuzau.ro\/ce-se-intampla-cu-padurea-crang\/\">ARTICOLE SIMILARE<\/a><a id=\"td_uid_3_69861f22099ed\" class=\"td-related-right\" data-td_filter_value=\"td_related_more_from_author\" data-td_block_id=\"td_uid_1_69861f2204431\" href=\"https:\/\/www.tvbuzau.ro\/ce-se-intampla-cu-padurea-crang\/\">DE LA ACELA\u0218I AUTOR<\/a><\/h4>\n<div id=\"td_uid_1_69861f2204431\" class=\"td_block_inner\">\n<div class=\"td-related-row\">\n<div class=\"td-related-span4\">\n<div class=\"td_module_related_posts td-animation-stack td_mod_related_posts\">\n<div class=\"td-module-image\">\n<div class=\"td-module-thumb\"><a href=\"https:\/\/www.tvbuzau.ro\/consortiu-in-sanatate-intre-buzau-si-spitalul-universitar\/\" rel=\"bookmark\" title=\"Consor\u0163iu \u00een s\u0103n\u0103tate \u00eentre Buz\u0103u \u015fi Spitalul Universitar\"><img loading=\"lazy\" decoding=\"async\" width=\"218\" height=\"150\" class=\"entry-thumb\" src=\"https:\/\/www.tvbuzau.ro\/wp-content\/uploads\/2026\/02\/maxresdefault-218x150.jpg\" alt title=\"Consor\u0163iu \u00een s\u0103n\u0103tate \u00eentre Buz\u0103u \u015fi Spitalul Universitar\"><span class=\"td-video-play-ico\"><img loading=\"lazy\" decoding=\"async\" width=\"40\" height=\"40\" class=\"td-retina\" src=\"https:\/\/www.tvbuzau.ro\/wp-content\/themes\/Newspaper\/images\/icons\/ico-video-large.png\" alt=\"video\"><\/span><\/a><\/div>\n<p><a href=\"https:\/\/www.tvbuzau.ro\/category\/actualitate\/\" class=\"td-post-category\">Actualitate<\/a><\/div>\n<div class=\"item-details\">\n<h3 class=\"entry-title td-module-title\"><a href=\"https:\/\/www.tvbuzau.ro\/consortiu-in-sanatate-intre-buzau-si-spitalul-universitar\/\" rel=\"bookmark\" title=\"Consor\u0163iu \u00een s\u0103n\u0103tate \u00eentre Buz\u0103u \u015fi Spitalul Universitar\">Consor\u0163iu \u00een s\u0103n\u0103tate \u00eentre Buz\u0103u \u015fi Spitalul Universitar<\/a><\/h3>\n<\/div>\n<\/div>\n<\/div>\n<div class=\"td-related-span4\">\n<div class=\"td_module_related_posts td-animation-stack td_mod_related_posts\">\n<div class=\"td-module-image\">\n<div class=\"td-module-thumb\"><a href=\"https:\/\/www.tvbuzau.ro\/primaria-nu-are-buget-pentru-2026\/\" rel=\"bookmark\" title=\"Prim\u0103ria nu are buget pentru 2026\"><img loading=\"lazy\" decoding=\"async\" width=\"218\" height=\"150\" class=\"entry-thumb\" src=\"https:\/\/www.tvbuzau.ro\/wp-content\/uploads\/2026\/02\/sddefault-14-218x150.jpg\" alt title=\"Prim\u0103ria nu are buget pentru 2026\"><span class=\"td-video-play-ico\"><img loading=\"lazy\" decoding=\"async\" width=\"40\" height=\"40\" class=\"td-retina\" src=\"https:\/\/www.tvbuzau.ro\/wp-content\/themes\/Newspaper\/images\/icons\/ico-video-large.png\" alt=\"video\"><\/span><\/a><\/div>\n<p><a href=\"https:\/\/www.tvbuzau.ro\/category\/actualitate\/\" class=\"td-post-category\">Actualitate<\/a><\/div>\n<div class=\"item-details\">\n<h3 class=\"entry-title td-module-title\"><a href=\"https:\/\/www.tvbuzau.ro\/primaria-nu-are-buget-pentru-2026\/\" rel=\"bookmark\" title=\"Prim\u0103ria nu are buget pentru 2026\">Prim\u0103ria nu are buget pentru 2026<\/a><\/h3>\n<\/div>\n<\/div>\n<\/div>\n<div class=\"td-related-span4\">\n<div class=\"td_module_related_posts td-animation-stack td_mod_related_posts\">\n<div class=\"td-module-image\">\n<div class=\"td-module-thumb\"><a href=\"https:\/\/www.tvbuzau.ro\/40-de-garsoniere-din-blocul-afectat-de-explozie-racordate-la-gaze\/\" rel=\"bookmark\" title=\"40 de garsoniere din blocul afectat de explozie racordate la gaze\"><img loading=\"lazy\" decoding=\"async\" width=\"218\" height=\"150\" class=\"entry-thumb\" src=\"https:\/\/www.tvbuzau.ro\/wp-content\/uploads\/2026\/02\/sddefault-13-218x150.jpg\" alt title=\"40 de garsoniere din blocul afectat de explozie racordate la gaze\"><span class=\"td-video-play-ico\"><img loading=\"lazy\" decoding=\"async\" width=\"40\" height=\"40\" class=\"td-retina\" src=\"https:\/\/www.tvbuzau.ro\/wp-content\/themes\/Newspaper\/images\/icons\/ico-video-large.png\" alt=\"video\"><\/span><\/a><\/div>\n<p><a href=\"https:\/\/www.tvbuzau.ro\/category\/actualitate\/\" class=\"td-post-category\">Actualitate<\/a><\/div>\n<div class=\"item-details\">\n<h3 class=\"entry-title td-module-title\"><a href=\"https:\/\/www.tvbuzau.ro\/40-de-garsoniere-din-blocul-afectat-de-explozie-racordate-la-gaze\/\" rel=\"bookmark\" title=\"40 de garsoniere din blocul afectat de explozie racordate la gaze\">40 de garsoniere din blocul afectat de explozie racordate la gaze<\/a><\/h3>\n<\/div>\n<\/div>\n<\/div>\n<\/div>\n<div class=\"td-related-row\">\n<div class=\"td-related-span4\">\n<div class=\"td_module_related_posts td-animation-stack td_mod_related_posts\">\n<div class=\"td-module-image\">\n<div class=\"td-module-thumb\"><a href=\"https:\/\/www.tvbuzau.ro\/informari-ale-ispectorilor-de-munca-in-perioada-rece\/\" rel=\"bookmark\" title=\"Inform\u0103ri ale ispectorilor de munc\u0103 \u00een perioada rece\"><img loading=\"lazy\" decoding=\"async\" width=\"218\" height=\"150\" class=\"entry-thumb\" src=\"https:\/\/www.tvbuzau.ro\/wp-content\/uploads\/2026\/02\/sddefault-12-218x150.jpg\" alt title=\"Inform\u0103ri ale ispectorilor de munc\u0103 \u00een perioada rece\"><span class=\"td-video-play-ico\"><img loading=\"lazy\" decoding=\"async\" width=\"40\" height=\"40\" class=\"td-retina\" src=\"https:\/\/www.tvbuzau.ro\/wp-content\/themes\/Newspaper\/images\/icons\/ico-video-large.png\" alt=\"video\"><\/span><\/a><\/div>\n<p><a href=\"https:\/\/www.tvbuzau.ro\/category\/actualitate\/\" class=\"td-post-category\">Actualitate<\/a><\/div>\n<div class=\"item-details\">\n<h3 class=\"entry-title td-module-title\"><a href=\"https:\/\/www.tvbuzau.ro\/informari-ale-ispectorilor-de-munca-in-perioada-rece\/\" rel=\"bookmark\" title=\"Inform\u0103ri ale ispectorilor de munc\u0103 \u00een perioada rece\">Inform\u0103ri ale ispectorilor de munc\u0103 \u00een perioada rece<\/a><\/h3>\n<\/div>\n<\/div>\n<\/div>\n<div class=\"td-related-span4\">\n<div class=\"td_module_related_posts td-animation-stack td_mod_related_posts\">\n<div class=\"td-module-image\">\n<div class=\"td-module-thumb\"><a href=\"https:\/\/www.tvbuzau.ro\/lumina-in-zeci-de-comune\/\" rel=\"bookmark\" title=\"Lumin\u0103 \u00een zeci de comune\"><img loading=\"lazy\" decoding=\"async\" width=\"218\" height=\"150\" class=\"entry-thumb\" src=\"https:\/\/www.tvbuzau.ro\/wp-content\/uploads\/2026\/02\/sddefault-11-218x150.jpg\" alt title=\"Lumin\u0103 \u00een zeci de comune\"><span class=\"td-video-play-ico\"><img loading=\"lazy\" decoding=\"async\" width=\"40\" height=\"40\" class=\"td-retina\" src=\"https:\/\/www.tvbuzau.ro\/wp-content\/themes\/Newspaper\/images\/icons\/ico-video-large.png\" alt=\"video\"><\/span><\/a><\/div>\n<p><a href=\"https:\/\/www.tvbuzau.ro\/category\/actualitate\/\" class=\"td-post-category\">Actualitate<\/a><\/div>\n<div class=\"item-details\">\n<h3 class=\"entry-title td-module-title\"><a href=\"https:\/\/www.tvbuzau.ro\/lumina-in-zeci-de-comune\/\" rel=\"bookmark\" title=\"Lumin\u0103 \u00een zeci de comune\">Lumin\u0103 \u00een zeci de comune<\/a><\/h3>\n<\/div>\n<\/div>\n<\/div>\n<div class=\"td-related-span4\">\n<div class=\"td_module_related_posts td-animation-stack td_mod_related_posts\">\n<div class=\"td-module-image\">\n<div class=\"td-module-thumb\"><a href=\"https:\/\/www.tvbuzau.ro\/buzaul-fruntas-la-productia-de-carne-de-porc\/\" rel=\"bookmark\" title=\"Buzaul frunta\u0219 la produc\u021bia de carne de porc\"><img loading=\"lazy\" decoding=\"async\" width=\"218\" height=\"150\" class=\"entry-thumb\" src=\"https:\/\/www.tvbuzau.ro\/wp-content\/uploads\/2026\/02\/hqdefault-6-218x150.jpg\" alt title=\"Buzaul frunta\u0219 la produc\u021bia de carne de porc\"><span class=\"td-video-play-ico\"><img loading=\"lazy\" decoding=\"async\" width=\"40\" height=\"40\" class=\"td-retina\" src=\"https:\/\/www.tvbuzau.ro\/wp-content\/themes\/Newspaper\/images\/icons\/ico-video-large.png\" alt=\"video\"><\/span><\/a><\/div>\n<p><a href=\"https:\/\/www.tvbuzau.ro\/category\/actualitate\/\" class=\"td-post-category\">Actualitate<\/a><\/div>\n<div class=\"item-details\">\n<h3 class=\"entry-title td-module-title\"><a href=\"https:\/\/www.tvbuzau.ro\/buzaul-fruntas-la-productia-de-carne-de-porc\/\" rel=\"bookmark\" title=\"Buzaul frunta\u0219 la produc\u021bia de carne de porc\">Buzaul frunta\u0219 la produc\u021bia de carne de porc<\/a><\/h3>\n<\/div>\n<\/div>\n<\/div>\n<\/div>\n<\/div>\n<\/div>\n<div class=\"comments\" id=\"comments\">\n<div id=\"respond\" class=\"comment-respond\">\n<h3 id=\"reply-title\" class=\"comment-reply-title\">L\u0102SA\u021aI UN MESAJ <small><a rel=\"nofollow\" id=\"cancel-comment-reply-link\" href=\"https:\/\/www.tvbuzau.ro\/ce-se-intampla-cu-padurea-crang\/#respond\">Renun\u021ba\u021bi la r\u0103spuns<\/a><\/small><\/h3>\n<\/div>\n<\/div>\n<\/div>\n<div class=\"td-post-content\">\n<div class=\"td-featured-image-rec\">\n<div class=\"wpb_video_wrapper\">\n                    <iframe loading=\"lazy\" id=\"td_youtube_player\" width=\"600\" height=\"560\" src=\"https:\/\/www.youtube.com\/embed\/R1R5MaBgSbA?enablejsapi=1&amp;feature=oembed&amp;wmode=opaque&amp;vq=hd720\" frameborder allowfullscreen><\/iframe><\/p><\/div>\n<\/div>\n<p>Continu\u0103 proiectul de realizare a unei p\u0103duri pe malul r\u00e2ului Buz\u0103u<br \/>\nPrimarul municipiului Buz\u0103u, Constantin Toma a anun\u0163at c\u0103 \u00een anul 2026 vor continua proiectele de \u00eemp\u0103durire dar \u015fi cel referitor la Parcul Cr\u00e2ng. \u00cen pl\u0103m\u00e2nul verde al ora\u015fului cel mai probabil se vor executa lucr\u0103ri de t\u0103iere a arborilor usca\u0163i \u00eens\u0103 nu au fost oferite detalii referitoare la \u00eemp\u0103durire.<br \/>\nTotodat\u0103, edilul a anun\u0163at c\u0103 sunt \u00een derulare proiecte \u00een valoare de 182 milioane euro.<br \/>\nP\u0103durea Cr\u00e2ng a f\u0103cut obiectul unor discu\u0163ii aprinse, dup\u0103 ce au fost realizate t\u0103ieri, \u00een schimb \u00eemp\u0103duririle nu au fost pe m\u0103sur\u0103 \u015fi \u00een acela\u015fi ritm.<\/p>\n<div class=\"post-views post-117990 entry-meta\"><span class=\"post-views-label\">Post Views: <\/span><span class=\"post-views-count\">165<\/span><\/div>\n<\/div>\n<p>[analyse_source url=&#8221;https:\/\/www.tvbuzau.ro\/ce-se-intampla-cu-padurea-crang\/&#8221;]<\/p>\n","protected":false},"excerpt":{"rendered":"<p>[analyse_image type=&#8221;featured&#8221; src=&#8221;https:\/\/www.tvbuzau.ro\/wp-content\/uploads\/2026\/02\/hqdefault-8.jpghttps:\/\/www.tvbuzau.ro\/wp-content\/uploads\/2026\/02\/hqdefault-8.jpg&#8221;] Actualitate Ce se \u00eent\u00e2mpl\u0103 cu p\u0103durea Cr\u00e2ng? De c\u0103tre TV Buz\u0103u &#8211; februarie 5, 2026 0 10 Distribui\u021bi pe Facebook Distribui\u021bi pe Twitter tweet Continu\u0103 proiectul de realizare a unei p\u0103duri pe malul r\u00e2ului Buz\u0103u Primarul municipiului Buz\u0103u, Constantin Toma a anun\u0163at c\u0103 \u00een anul 2026 vor continua proiectele de \u00eemp\u0103durire dar [&hellip;]<\/p>\n","protected":false},"author":1,"featured_media":0,"comment_status":"open","ping_status":"","sticky":false,"template":"","format":"standard","meta":{"footnotes":""},"categories":[2],"tags":[226,116],"class_list":["post-1758767","post","type-post","status-publish","format-standard","hentry","category-politics","tag-crawlmanager","tag-tvbuzau-ro"],"_links":{"self":[{"href":"https:\/\/analyse.optim.biz\/index.php?rest_route=\/wp\/v2\/posts\/1758767","targetHints":{"allow":["GET"]}}],"collection":[{"href":"https:\/\/analyse.optim.biz\/index.php?rest_route=\/wp\/v2\/posts"}],"about":[{"href":"https:\/\/analyse.optim.biz\/index.php?rest_route=\/wp\/v2\/types\/post"}],"author":[{"embeddable":true,"href":"https:\/\/analyse.optim.biz\/index.php?rest_route=\/wp\/v2\/users\/1"}],"replies":[{"embeddable":true,"href":"https:\/\/analyse.optim.biz\/index.php?rest_route=%2Fwp%2Fv2%2Fcomments&post=1758767"}],"version-history":[{"count":0,"href":"https:\/\/analyse.optim.biz\/index.php?rest_route=\/wp\/v2\/posts\/1758767\/revisions"}],"wp:attachment":[{"href":"https:\/\/analyse.optim.biz\/index.php?rest_route=%2Fwp%2Fv2%2Fmedia&parent=1758767"}],"wp:term":[{"taxonomy":"category","embeddable":true,"href":"https:\/\/analyse.optim.biz\/index.php?rest_route=%2Fwp%2Fv2%2Fcategories&post=1758767"},{"taxonomy":"post_tag","embeddable":true,"href":"https:\/\/analyse.optim.biz\/index.php?rest_route=%2Fwp%2Fv2%2Ftags&post=1758767"}],"curies":[{"name":"wp","href":"https:\/\/api.w.org\/{rel}","templated":true}]}}