{"id":175853,"date":"2015-08-17T15:31:13","date_gmt":"2015-08-17T12:31:13","guid":{"rendered":"https:\/\/analyse.optim.biz\/?p=175853"},"modified":"2015-08-17T15:31:13","modified_gmt":"2015-08-17T12:31:13","slug":"foto-solicitare-inedita-cum-i-a-cerut-adrian-paunescu-fostului-premier-adrian-nastase-sa-ia-cuvantul-in-parlament","status":"publish","type":"post","link":"https:\/\/analyse.optim.biz\/?p=175853","title":{"rendered":"FOTO. Solicitare inedit\u0103: cum i-a cerut Adrian P\u0103unescu fostului premier Adrian N\u0103stase s\u0103 ia cuv\u00e2ntul \u00een Parlament"},"content":{"rendered":"<div class=\"entry data-app-meta data-app-meta-article\" data-embed-base-url-canonical=\"https:\/\/www.digi24.ro\/embed\/stiri\/actualitate\/politica\/foto-solicitare-inedita-cum-i-a-cerut-adrian-paunescu-fostului-premier-adrian-nastase-sa-ia-cuvantul-in-parlament-428245\">\n<p data-index=\"1\">\u00a0<img decoding=\"async\" src=\"https:\/\/analyse.optim.biz\/wp-content\/uploads\/2024\/09\/pwrlngnhyjnimdhiywm5mdg3ztvlnmziowvimdrmmjcw-thumb_.jpg\" data-skip-htmlfix=\"1\" title=\"pwrlngnhyjnimdhiywm5mdg3ztvlnmziowvimdrmmjcw-thumb_\"><\/p>\n<p data-index=\"2\">&#8220;La Cornu, am g\u0103sit, \u00eentre h\u00e2rtiile mele, un \u201ebilet\u201d, scris \u201epe picior\u201d, pe care mi l-a trimis Adrian P\u0103unescu, \u00een 30 iunie 1994, atunci c\u00e2nd, \u00een calitate de senator de Dolj, insist\u0103 s\u0103 ia cuv\u00e2ntul \u00eentr-o \u015fedin\u0163a a Parlamentului, \u015fedin\u0163a pe care o conduceam. \u00cemi amintesc faptul c\u0103 timpii de interven\u0163ie ai grupului sau parlamentar se epuizaser\u0103 \u015fi, de aici, solicitarea insolit\u0103&#8221;, a scris <a href=\"https:\/\/nastase.wordpress.com\/2015\/08\/16\/adrian-paunescu-cum-sa-ceri-cuvantul-in-parlament\/\" target=\"_blank\" data-skip-linkfix=\"1\" rel=\"noopener\">Adrian N\u0103stase pe blogul personal.\u00a0<\/a><\/p>\n<p data-index=\"3\"><img decoding=\"async\" src=\"https:\/\/analyse.optim.biz\/wp-content\/uploads\/2024\/09\/anbnjnc9odawjmhhc2g9m2m5zthmmgm3ntcxn2iyyzgynja0zteymdk4ndk3odc-thumb_.jpg\" data-skip-htmlfix=\"1\" title=\"anbnjnc9odawjmhhc2g9m2m5zthmmgm3ntcxn2iyyzgynja0zteymdk4ndk3odc-thumb_\"><\/p>\n<p data-index=\"4\"><em><strong>FOTO\u00a0https:\/\/nastase.wordpress.com<\/strong><\/em><\/p>\n<p data-index=\"5\">\u201e<span>Adriane, Adriane,<\/span><\/p>\n<p data-index=\"6\">\u00een urgiile du\u015fmane,<\/p>\n<p data-index=\"7\">ce ne p\u00e2rjolesc p\u0103m\u00e2ntul,<\/p>\n<p data-index=\"8\">am venit s\u0103 iau cuv\u00e2ntul,<\/p>\n<p data-index=\"9\">ca s\u0103 punem stop c\u0103derii,<\/p>\n<p data-index=\"10\">dup\u0103 cum ne-o cer hingherii.<\/p>\n<p data-index=\"11\">D\u0103-mi minutele normale,<\/p>\n<p data-index=\"12\">din cesucul dumitale,<\/p>\n<p data-index=\"13\">nu mai mult de opt sau nou\u0103,<\/p>\n<p data-index=\"14\">prin num\u0103r\u0103toare nou\u0103.<\/p>\n<p data-index=\"15\">Sunt aicea \u00een culise,<\/p>\n<p data-index=\"16\">printre u\u015file deschise&#8221;.<\/p>\n<p data-index=\"17\">&#8220;U\u015furin\u0163a de versificare, inspira\u0163ia, capacitatea de a uimi prin metafor\u0103 mi s-au p\u0103rut, din totdeauna, o marca a geniului s\u0103u&#8221;, a mai scris fostul premier.<\/p>\n<\/div>\n<p> Source URL: https:\/\/www.digi24.ro\/stiri\/actualitate\/politica\/foto-solicitare-inedita-cum-i-a-cerut-adrian-paunescu-fostului-premier-adrian-nastase-sa-ia-cuvantul-in-parlament-428245<\/p>\n","protected":false},"excerpt":{"rendered":"<p>\u00a0 &#8220;La Cornu, am g\u0103sit, \u00eentre h\u00e2rtiile mele, un \u201ebilet\u201d, scris \u201epe picior\u201d, pe care mi l-a trimis Adrian P\u0103unescu, \u00een 30 iunie 1994, atunci c\u00e2nd, \u00een calitate de senator de Dolj, insist\u0103 s\u0103 ia cuv\u00e2ntul \u00eentr-o \u015fedin\u0163a a Parlamentului, \u015fedin\u0163a pe care o conduceam. \u00cemi amintesc faptul c\u0103 timpii de interven\u0163ie ai grupului sau [&hellip;]<\/p>\n","protected":false},"author":1,"featured_media":175854,"comment_status":"open","ping_status":"","sticky":false,"template":"","format":"standard","meta":{"footnotes":""},"categories":[2],"tags":[11],"class_list":["post-175853","post","type-post","status-publish","format-standard","has-post-thumbnail","hentry","category-politics","tag-digi24"],"_links":{"self":[{"href":"https:\/\/analyse.optim.biz\/index.php?rest_route=\/wp\/v2\/posts\/175853","targetHints":{"allow":["GET"]}}],"collection":[{"href":"https:\/\/analyse.optim.biz\/index.php?rest_route=\/wp\/v2\/posts"}],"about":[{"href":"https:\/\/analyse.optim.biz\/index.php?rest_route=\/wp\/v2\/types\/post"}],"author":[{"embeddable":true,"href":"https:\/\/analyse.optim.biz\/index.php?rest_route=\/wp\/v2\/users\/1"}],"replies":[{"embeddable":true,"href":"https:\/\/analyse.optim.biz\/index.php?rest_route=%2Fwp%2Fv2%2Fcomments&post=175853"}],"version-history":[{"count":0,"href":"https:\/\/analyse.optim.biz\/index.php?rest_route=\/wp\/v2\/posts\/175853\/revisions"}],"wp:featuredmedia":[{"embeddable":true,"href":"https:\/\/analyse.optim.biz\/index.php?rest_route=\/wp\/v2\/media\/175854"}],"wp:attachment":[{"href":"https:\/\/analyse.optim.biz\/index.php?rest_route=%2Fwp%2Fv2%2Fmedia&parent=175853"}],"wp:term":[{"taxonomy":"category","embeddable":true,"href":"https:\/\/analyse.optim.biz\/index.php?rest_route=%2Fwp%2Fv2%2Fcategories&post=175853"},{"taxonomy":"post_tag","embeddable":true,"href":"https:\/\/analyse.optim.biz\/index.php?rest_route=%2Fwp%2Fv2%2Ftags&post=175853"}],"curies":[{"name":"wp","href":"https:\/\/api.w.org\/{rel}","templated":true}]}}