{"id":175850,"date":"2015-08-17T18:20:58","date_gmt":"2015-08-17T15:20:58","guid":{"rendered":"https:\/\/analyse.optim.biz\/?p=175850"},"modified":"2015-08-17T18:20:58","modified_gmt":"2015-08-17T15:20:58","slug":"victor-ponta-pnl-sustine-declaratiile-ambasadorului-ungariei-la-bucuresti","status":"publish","type":"post","link":"https:\/\/analyse.optim.biz\/?p=175850","title":{"rendered":"Victor Ponta: PNL sus\u021bine declara\u021biile Ambasadorului Ungariei la Bucure\u0219ti"},"content":{"rendered":"<div class=\"entry data-app-meta data-app-meta-article\" data-embed-base-url-canonical=\"https:\/\/www.digi24.ro\/embed\/stiri\/actualitate\/politica\/victor-ponta-pnl-sustine-declaratiile-ambasadorului-ungariei-la-bucuresti-428378\">\n<p data-index=\"1\"><img decoding=\"async\" src=\"https:\/\/analyse.optim.biz\/wp-content\/uploads\/2024\/09\/mjk1yte1mjaym2i2nzbmnzexmtazoddjmdnlotq-thumb_.jpg\" data-skip-htmlfix=\"1\" title=\"mjk1yte1mjaym2i2nzbmnzexmtazoddjmdnlotq-thumb_\">\u00a0<\/p>\n<p data-index=\"2\"><span><em><strong>Foto: Facebook Victor Ponta<\/strong><\/em><\/span><\/p>\n<p data-index=\"3\">\u201e<span>O \u0219tire important\u0103, pentru c\u0103 ne arat\u0103 ce urmeaz\u0103 pentru Rom\u00e2nia \u00een viitor &#8211; <\/span><span><strong>PNL sus\u021bine declara\u021biile Ambasadorului Ungariei la Bucure\u0219ti \u0219i ale oficialilor maghiari care privesc \u021bara noastr\u0103<\/strong><\/span><span>. \u00centrebare (cu dou\u0103 posibile r\u0103spunsuri):<\/span><\/p>\n<p data-index=\"4\">1. Au primit ordin de la PPE s\u0103 spun\u0103 asta (deci sunt doar slugarnici);<br \/>2. Sunt \u00een stare de orice compromis ca s\u0103 ajung\u0103 la Putere (ceea ce arat\u0103 o capacitate de a fi tic\u0103lo\u0219i peste tot ce am v\u0103zut \u00een ultimii 25 ani)!\u201d, a scris Victor Ponta pe Facebook.<\/p>\n<div class=\"fb-post\">\n<div class=\"fb-xfbml-parse-ignore\">\n<blockquote cite=\"https:\/\/www.facebook.com\/victor.ponta\/posts\/1009665695739984\">\n<p data-index=\"6\">O \u0219tire important\u0103, pentru c\u0103 ne arat\u0103 ce urmeaz\u0103 pentru Rom\u00e2nia \u00een viitor &#8211; PNL sus\u021bine declara\u021biile Ambasadorului&#8230;<\/p>\n<p>Posted by <a href=\"https:\/\/www.facebook.com\/victor.ponta\" data-skip-linkfix=\"1\">Victor Ponta<\/a> on\u00a0<a href=\"https:\/\/www.facebook.com\/victor.ponta\/posts\/1009665695739984\" data-skip-linkfix=\"1\">Monday, August 17, 2015<\/a><\/p><\/blockquote>\n<\/div>\n<\/div>\n<p data-index=\"7\">Reac\u021bia premierului vine dup\u0103 ce secretarul executiv al liberalilor a declarat c\u0103 \u201e<em>prin comportamentul s\u0103u,\u00a0Victor Ponta\u00a0ofer\u0103 un bun exemplu de lider etno-populist ce ac\u0163ioneaz\u0103 \u00eempotriva intereselor \u0163\u0103rii pe care o reprezint\u0103. (&#8230;) De c\u00e2nd Victor Ponta este \u00een fruntea Guvernului, rela\u0163ia Rom\u00e2niei cu Ungaria s-a \u00eenr\u0103ut\u0103\u0163it semnificativ, \u00een paralel cu un dezinteres profund al Guvernului pentru soarta rom\u00e2nilor din \u0163ara vecin\u0103. Atunci c\u00e2nd \u00eei atac\u0103 pe oficialii maghiari, Victor Ponta uit\u0103 s\u0103 spun\u0103 c\u0103 Departamentul Politici pentru Rom\u00e2nii de Pretutindeni din cadrul MAE sprijin\u0103 pentru anul \u00een curs doar trei proiecte ale rom\u00e2nilor din Ungaria, dintr-un total de 140 de proiecte finan\u0163ate, cu o sum\u0103 mai mic\u0103 de 30.000 de euro \u00een total<\/em>\u201d.<\/p>\n<p data-index=\"8\">Tensiunile Budapesta-Bucure\u0219ti s-au accentuat \u00een ultima s\u0103pt\u0103m\u00e2n\u0103 dup\u0103 ce \u00eens\u0103rcinatul cu afaceri al Ambasadei Ungariei la Bucure\u015fti a f\u0103cut mai multe declara\u0163ii despre autonomia \u0162inutului Secuiesc \u015fi a acuzat autorit\u0103\u0163ile rom\u00e2ne de rea voin\u0163\u0103 pentru c\u0103 refuz\u0103 s\u0103 termine 10 drumuri transfrontaliere \u00eentre cele dou\u0103 \u021b\u0103ri \u015fi pentru c\u0103 nu asigur\u0103 folosirea limbii maghiare \u00een administra\u021bia public\u0103 \u0219i \u00een educa\u021bie. La scurt timp el <a href=\"https:\/\/www.digi24.ro\/Stiri\/Digi24\/Actualitate\/Stiri\/Tensiuni+Budapesta+-+Bucuresti+Diplomat+maghiar+convocat+la+MAE\" target=\"_blank\" data-skip-linkfix=\"1\" rel=\"noopener\"><strong>a fost convocat la MAE pentru explica\u021bii<\/strong><\/a> iar Victor Ponta a declarat c\u0103 \u201e<a href=\"https:\/\/www.digi24.ro\/Stiri\/Digi24\/Actualitate\/Politica\/Victor+Ponta+Ambasadorul+Ungariei+a+exagerat+cu+obraznicia\" target=\"_blank\" data-skip-linkfix=\"1\" rel=\"noopener\"><strong>a exagerat cu obr\u0103znicia<\/strong><\/a>\u201d.<\/p>\n<h5>Citi\u021bi \u0219i: <a href=\"https:\/\/www.digi24.ro\/Stiri\/Digi24\/Actualitate\/Politica\/Ambasadorul+roman+convocat+la+MAE+ungar\" target=\"_blank\" data-skip-linkfix=\"1\" rel=\"noopener\"><strong>Convocare sau audien\u021b\u0103 solicitat\u0103? Ne\u00een\u021belegeri \u00eentre diploma\u021bii ungari \u0219i rom\u00e2ni<\/strong><\/a><\/h5>\n<\/div>\n<p> Source URL: https:\/\/www.digi24.ro\/stiri\/actualitate\/politica\/victor-ponta-pnl-sustine-declaratiile-ambasadorului-ungariei-la-bucuresti-428378<\/p>\n","protected":false},"excerpt":{"rendered":"<p>\u00a0 Foto: Facebook Victor Ponta \u201eO \u0219tire important\u0103, pentru c\u0103 ne arat\u0103 ce urmeaz\u0103 pentru Rom\u00e2nia \u00een viitor &#8211; PNL sus\u021bine declara\u021biile Ambasadorului Ungariei la Bucure\u0219ti \u0219i ale oficialilor maghiari care privesc \u021bara noastr\u0103. \u00centrebare (cu dou\u0103 posibile r\u0103spunsuri): 1. Au primit ordin de la PPE s\u0103 spun\u0103 asta (deci sunt doar slugarnici);2. Sunt \u00een [&hellip;]<\/p>\n","protected":false},"author":1,"featured_media":175851,"comment_status":"open","ping_status":"","sticky":false,"template":"","format":"standard","meta":{"footnotes":""},"categories":[2],"tags":[11],"class_list":["post-175850","post","type-post","status-publish","format-standard","has-post-thumbnail","hentry","category-politics","tag-digi24"],"_links":{"self":[{"href":"https:\/\/analyse.optim.biz\/index.php?rest_route=\/wp\/v2\/posts\/175850","targetHints":{"allow":["GET"]}}],"collection":[{"href":"https:\/\/analyse.optim.biz\/index.php?rest_route=\/wp\/v2\/posts"}],"about":[{"href":"https:\/\/analyse.optim.biz\/index.php?rest_route=\/wp\/v2\/types\/post"}],"author":[{"embeddable":true,"href":"https:\/\/analyse.optim.biz\/index.php?rest_route=\/wp\/v2\/users\/1"}],"replies":[{"embeddable":true,"href":"https:\/\/analyse.optim.biz\/index.php?rest_route=%2Fwp%2Fv2%2Fcomments&post=175850"}],"version-history":[{"count":0,"href":"https:\/\/analyse.optim.biz\/index.php?rest_route=\/wp\/v2\/posts\/175850\/revisions"}],"wp:featuredmedia":[{"embeddable":true,"href":"https:\/\/analyse.optim.biz\/index.php?rest_route=\/wp\/v2\/media\/175851"}],"wp:attachment":[{"href":"https:\/\/analyse.optim.biz\/index.php?rest_route=%2Fwp%2Fv2%2Fmedia&parent=175850"}],"wp:term":[{"taxonomy":"category","embeddable":true,"href":"https:\/\/analyse.optim.biz\/index.php?rest_route=%2Fwp%2Fv2%2Fcategories&post=175850"},{"taxonomy":"post_tag","embeddable":true,"href":"https:\/\/analyse.optim.biz\/index.php?rest_route=%2Fwp%2Fv2%2Ftags&post=175850"}],"curies":[{"name":"wp","href":"https:\/\/api.w.org\/{rel}","templated":true}]}}