{"id":175847,"date":"2015-08-18T10:43:46","date_gmt":"2015-08-18T07:43:46","guid":{"rendered":"https:\/\/analyse.optim.biz\/?p=175847"},"modified":"2015-08-18T10:43:46","modified_gmt":"2015-08-18T07:43:46","slug":"veste-foarte-buna-din-partea-premierului-victor-ponta-da-stiu-o-sa-mi-ceara-demisia-alina-gorghiu","status":"publish","type":"post","link":"https:\/\/analyse.optim.biz\/?p=175847","title":{"rendered":"&#8220;Veste foarte bun\u0103&#8221; din partea premierului Victor Ponta: &#8220;Da, \u015ftiu, o s\u0103-mi cear\u0103 demisia Alina Gorghiu&#8221;\u00a0"},"content":{"rendered":"<div class=\"entry data-app-meta data-app-meta-article\" data-embed-base-url-canonical=\"https:\/\/www.digi24.ro\/embed\/stiri\/actualitate\/politica\/veste-foarte-buna-din-partea-premierului-victor-ponta-da-stiu-o-sa-mi-ceara-demisia-alina-gorghiu-428595\">\n<p data-index=\"1\">\u00a0<img decoding=\"async\" src=\"https:\/\/analyse.optim.biz\/wp-content\/uploads\/2024\/09\/jnc9odawjmhhc2g9zmiwotnhzwy5mjlkmwjiyji2mzk5yjc2otk2nte0njm-thumb_.jpg\" data-skip-htmlfix=\"1\" title=\"jnc9odawjmhhc2g9zmiwotnhzwy5mjlkmwjiyji2mzk5yjc2otk2nte0njm-thumb_\"><\/p>\n<p data-index=\"2\">Premierul Victor Ponta a postat un nou mesaj pe pagina sa de Facebook legat de noul Cod Fiscal. Acesta precizeaz\u0103 c\u0103 exist\u0103 deja un trend pozitiv pe pia\u0163a muncii.\u00a0<\/p>\n<p data-index=\"3\">&#8220;<em><strong>Informa\u021bii din economia real\u0103. Potrivit unui studiu privind pia\u021ba muncii, aproape jum\u0103tate dintre companii vor face noi angaj\u0103ri, \u00een ritm accelerat, \u00een a doua parte din 2015! Sunt viza\u021bi at\u00e2t angaja\u021bii cu experien\u021b\u0103, c\u00e2t \u0219i personalul cu studii medii sau necalificat.\u00a0<\/strong><\/em><em><strong>Vestea este foarte bun\u0103 \u0219i sus\u021bine un trend pozitiv deja existent &#8211; cre\u0219terea num\u0103rului de locuri de munc\u0103 (+115.000 fa\u021b\u0103 de iunie 2014)<\/strong><\/em>va fi \u0219i mai mare dac\u0103 vom aplica noul Cod Fiscal! Da, \u015ftiu, o s\u0103-mi cear\u0103 demisia doamna Alina Gorghiu! Dar ne descurc\u0103m cu asta!, este mesajul lui Victor Ponta.\u00a0<\/p>\n<\/div>\n<p> Source URL: https:\/\/www.digi24.ro\/stiri\/actualitate\/politica\/veste-foarte-buna-din-partea-premierului-victor-ponta-da-stiu-o-sa-mi-ceara-demisia-alina-gorghiu-428595<\/p>\n","protected":false},"excerpt":{"rendered":"<p>\u00a0 Premierul Victor Ponta a postat un nou mesaj pe pagina sa de Facebook legat de noul Cod Fiscal. Acesta precizeaz\u0103 c\u0103 exist\u0103 deja un trend pozitiv pe pia\u0163a muncii.\u00a0 &#8220;Informa\u021bii din economia real\u0103. Potrivit unui studiu privind pia\u021ba muncii, aproape jum\u0103tate dintre companii vor face noi angaj\u0103ri, \u00een ritm accelerat, \u00een a doua parte [&hellip;]<\/p>\n","protected":false},"author":1,"featured_media":175848,"comment_status":"open","ping_status":"","sticky":false,"template":"","format":"standard","meta":{"footnotes":""},"categories":[2],"tags":[11],"class_list":["post-175847","post","type-post","status-publish","format-standard","has-post-thumbnail","hentry","category-politics","tag-digi24"],"_links":{"self":[{"href":"https:\/\/analyse.optim.biz\/index.php?rest_route=\/wp\/v2\/posts\/175847","targetHints":{"allow":["GET"]}}],"collection":[{"href":"https:\/\/analyse.optim.biz\/index.php?rest_route=\/wp\/v2\/posts"}],"about":[{"href":"https:\/\/analyse.optim.biz\/index.php?rest_route=\/wp\/v2\/types\/post"}],"author":[{"embeddable":true,"href":"https:\/\/analyse.optim.biz\/index.php?rest_route=\/wp\/v2\/users\/1"}],"replies":[{"embeddable":true,"href":"https:\/\/analyse.optim.biz\/index.php?rest_route=%2Fwp%2Fv2%2Fcomments&post=175847"}],"version-history":[{"count":0,"href":"https:\/\/analyse.optim.biz\/index.php?rest_route=\/wp\/v2\/posts\/175847\/revisions"}],"wp:featuredmedia":[{"embeddable":true,"href":"https:\/\/analyse.optim.biz\/index.php?rest_route=\/wp\/v2\/media\/175848"}],"wp:attachment":[{"href":"https:\/\/analyse.optim.biz\/index.php?rest_route=%2Fwp%2Fv2%2Fmedia&parent=175847"}],"wp:term":[{"taxonomy":"category","embeddable":true,"href":"https:\/\/analyse.optim.biz\/index.php?rest_route=%2Fwp%2Fv2%2Fcategories&post=175847"},{"taxonomy":"post_tag","embeddable":true,"href":"https:\/\/analyse.optim.biz\/index.php?rest_route=%2Fwp%2Fv2%2Ftags&post=175847"}],"curies":[{"name":"wp","href":"https:\/\/api.w.org\/{rel}","templated":true}]}}