{"id":1758392,"date":"2026-02-06T08:57:58","date_gmt":"2026-02-06T05:57:58","guid":{"rendered":"https:\/\/analyse.optim.biz\/?p=1758392"},"modified":"2026-02-06T08:57:58","modified_gmt":"2026-02-06T05:57:58","slug":"directorul-operei-romane-din-timisoara-a-cerut-incetarea-mandatului","status":"publish","type":"post","link":"https:\/\/analyse.optim.biz\/?p=1758392","title":{"rendered":"Directorul Operei Rom\u00e2ne din Timi\u0219oara a cerut \u00eencetarea mandatului"},"content":{"rendered":"<p>[analyse_image type=&#8221;featured&#8221; src=&#8221;https:\/\/timpolis.ro\/wp-content\/uploads\/2024\/01\/Cristian-Rudic-Foto-Arhiva-personala.jpghttps:\/\/timpolis.ro\/wp-content\/uploads\/2024\/01\/Cristian-Rudic-Foto-Arhiva-personala.jpg&#8221;]<\/p>\n<div class=\"post-entry\">\n<div class=\"pf-content\">\n<div id=\"attachment_53130\" class=\"wp-caption aligncenter\"><a href=\"https:\/\/timpolis.ro\/wp-content\/uploads\/2024\/01\/Cristian-Rudic-Foto-Arhiva-personala.jpg\"><img decoding=\"async\" aria-describedby=\"caption-attachment-53130\" loading=\"lazy\" title=\"Cristian Rudic Foto Arhiva personala\" alt width=\"870\" height=\"609\" class=\"wp-image-53130 size-full lazyload\" src=\"https:\/\/timpolis.ro\/wp-content\/uploads\/2024\/01\/Cristian-Rudic-Foto-Arhiva-personala.jpg\"><img decoding=\"async\" aria-describedby=\"caption-attachment-53130\" loading=\"lazy\" class=\"wp-image-53130 size-full\" title=\"Cristian Rudic Foto Arhiva personala\" src=\"https:\/\/timpolis.ro\/wp-content\/uploads\/2024\/01\/Cristian-Rudic-Foto-Arhiva-personala.jpg\" alt width=\"870\" height=\"609\"><\/a><\/p>\n<p id=\"caption-attachment-53130\" class=\"wp-caption-text\">Cristian Rudic. Foto: Arhiv\u0103 personal\u0103<\/p>\n<\/div>\n<p><strong>Opera Na\u021bional\u0103 Rom\u00e2n\u0103 din Timi\u0219oara anun\u0163\u0103 c\u0103 ministrul Culturii a aprobat \u00eencetarea, prin acordul p\u0103r\u021bilor, a contractului de management al baritonului Cristian Rudic.<\/strong><\/p>\n<p>\u00a0<\/p>\n<p>\u00cencetarea contractului de management s-a f\u0103cut la solicitarea lui Cristian Rudic, mai transmite Opera Na\u021bional\u0103 Rom\u00e2n\u0103 din Timi\u0219oara \u015fi se va face \u00eencep\u00e2nd cu data de 15 februarie:<em> \u201eManagerul Cristian Rudic a solicitat \u00eencetarea contractului din considerente personale. Cererea a fost aprobat\u0103 conform prevederilor legale. \u00cen scrisoarea adresat\u0103 Ministerului Culturii, Cristian Rudic a mul\u021bumit pentru colaborarea \u0219i sprijinul acordate pe parcursul mandatului, care au contribuit la realizarea proiectelor Operei<\/em>.\u201d<\/p>\n<p><strong>Cristian Rudic<\/strong> a ocupat func\u021bia de manager al Operei Na\u021bionale Rom\u00e2ne din Timi\u0219oara din 2019.<\/p>\n<p>N\u0103scut la Arad, \u00een 1970, Cristian Rudic a absolvit \u00een anul 1995 Facultatea de Muzic\u0103 din cadrul Universit\u0103\u021bii de Vest din Timi\u015foara, la clasa profesorului Emil Rotundu, urm\u00e2nd ca apoi s\u0103 se perfec\u021bioneze cu K.S. Alfredo Kraus \u0219i K.S. Gottfried Hornik.<\/p>\n<p>\u00cen acela\u0219i an ob\u021bine Premiul al III-lea la Concursul interna\u0163ional de canto \u201eHariclea Darcl\u00e8e\u201d, de la Br\u0103ila.<\/p>\n<p>A fost angajat la Opera Rom\u00e2n\u0103 din Timi\u015foara \u00een anul III de facultate. Dup\u0103 ce a debutat \u00een roluri importante de bariton liric pe scena Operei Rom\u00e2ne din Timi\u015foara, \u015fi-a \u00eembog\u0103\u0163it repertoriul cu particip\u0103ri numeroase \u00een concerte simfonice sau de muzica sacr\u0103.<\/p>\n<p>Printre cele mai importante colabor\u0103ri interna\u0163ionale se num\u0103r\u0103 cele cu Orchestra Europa Simphony, Teatrul de oper\u0103 din Baden, Mozartorchester \u2013 Musikverein din Viena, Konzerthause Wien, Nieder\u00f6sterreichische Tonk\u00fcnstler, Opera din Graz \u015fi Neue Oper Wien (Austria), Teatrul \u201ePerez Galdos\u201d, din Las Palmas, Societatea Filarmonic\u0103 din Bilbao \u015fi Teatro de la Zarzuela, din Madrid (Spania), Opera din St. Gallen (Elve\u0163ia) sau Opera Nomori, din Tokio (Japonia).<\/p>\n<p>\u00cen \u021bar\u0103 a colaborat cu Filarmonicile din Cluj-Napoca, Timi\u015foara,\u00a0 Arad, Bucure\u015fti, Ia\u015fi,\u00a0 Bra\u015fov, Opera Na\u0163ional\u0103 din Bucure\u015fti \u015fi Teatrul Liric din Constan\u0163a.<\/p>\n<p>Repertoriul s\u0103u bogat cuprinde at\u00e2t roluri din opere, c\u00e2t \u0219i roluri din operete, precum: Valentin din <em>Faust,<\/em> de Ch. Gounod, Enrico din <em>Lucia di Lammermoor<\/em>, de G. Donizetti, G. Germont din <em>Traviat<\/em>a, de G. Verdi, Sharpless din <em>Madama Butterfly<\/em> de G. Puccini, Alfio din <em>Cavalleria rusticana<\/em>, de P. Mascagni, Papageno din <em>Flautul fermecat,<\/em> de W.A. Mozart, Don Giovanni din <em>Don Giovanni<\/em>, de W.A. Mozart, King Arthur din <em>King Arthur<\/em>, de H. Purcell, Roucher din <em>Andrea Ch\u00e8nier<\/em>, de U. Giordano, Jago din <em>Otello,<\/em> de G. Verdi, Escamillo din <em>Car<\/em>men, de G. Bizet, Klingsor din <em>Parsifal<\/em>, de R. Wagner, Schaunard din <em>Boema<\/em>, de G. Puccini, Regele din <em>Regele Berenger<\/em>, de H. Sutermeister, Leontes din <em>Poveste de iarn\u0103<\/em>, de Fr. Boesmans, Eisenstein, Falke \u0219i Frosch din <em>Liliacul,<\/em> de J. Strauss, Homonay \u0219i Kalman Zsupan din <em>Voievodul \u0163igan<\/em>ilor, de J. Strauss, Danilo din <em>V\u0103duva vesel\u0103<\/em>, de Fr. Lehar, Edwin \u0219i Boni din <em>Silvia<\/em>, de E. Kalman, Kalman Zsupan din <em>Contesa Mari<\/em>tza, de E. Kalman, Tevye din <em>Scripcarul pe acoperi\u0219<\/em>, de J. Bock, prof. Higgins \u0219i Alfred Doolittle din <em>My Fair Lad<\/em>y de Fr. Loewe.<\/p>\n<p>Repertoriul s\u0103u vocal-simfonic sunt cuprinde: <em>Requ<\/em>iem, de G. Faure, <em>Requiem<\/em>, de J. Brahms, <em>War Requiem<\/em>, de B. Britten, <em>Simfonia a IX-<\/em>a, de L.v. Beethoven, C<em>armin<\/em>a Burana, de C. Orff, <em>Misse<\/em>, de J. Haydn, W.A. Mozart \u015fi L.v. Beethoven.<\/p>\n<p>\u00cen anul 2003 a fost distins cu\u00a0 Meritul Cultural al Rom\u00e2niei \u00een grad de cavaler.<\/p>\n<div id=\"metaslider-id-56545\" class=\"ml-slider-3-18-9 metaslider metaslider-responsive metaslider-56545 ml-slider nav-hidden nav-hidden nav-hidden\">\n<div id=\"metaslider_container_56545\">\n<ul id=\"metaslider_56545\" class=\"rslides\">\n<li><a href=\"https:\/\/iuliustown.ro\/ro\" target=\"_blank\"><img decoding=\"async\" width=\"610\" height=\"260\" alt loading=\"lazy\" title=\"Banner Iulius Town 610x260 - februarie 2025\" class=\"slider-56545 slide-61310 lazyload\" src=\"https:\/\/timpolis.ro\/wp-content\/uploads\/2026\/02\/Banner-Iulius-Town-610x260-februarie-2025.png\"><img decoding=\"async\" width=\"610\" height=\"260\" src=\"https:\/\/timpolis.ro\/wp-content\/uploads\/2026\/02\/Banner-Iulius-Town-610x260-februarie-2025.png\" class=\"slider-56545 slide-61310\" alt loading=\"lazy\" title=\"Banner Iulius Town 610x260 - februarie 2025\"><\/a><\/li>\n<\/ul>\n<\/div>\n<\/div>\n<div class=\"printfriendly pf-alignright\"><a href=\"https:\/\/timpolis.ro\/directorul-operei-romane-din-timisoara-a-cerut-incetarea-mandatului\/\" rel=\"nofollow\" title=\"Printer Friendly, PDF &amp; Email\"><img decoding=\"async\" alt=\"Print Friendly, PDF &amp; Email\" class=\"lazyload\" src=\"https:\/\/cdn.printfriendly.com\/buttons\/print-button.png\"><img decoding=\"async\" src=\"https:\/\/cdn.printfriendly.com\/buttons\/print-button.png\" alt=\"Print Friendly, PDF &amp; Email\"><\/a><\/div>\n<\/div>\n<div class=\"yarpp-related\">\n<h3>\u015etiri din aceea\u015fi categorie:<\/h3>\n<div class=\"yarpp-thumbnails-horizontal\"><a class=\"yarpp-thumbnail\" rel=\"norewrite\" href=\"https:\/\/timpolis.ro\/tururi-ghidate-in-culisele-operei-romane-din-timisoara\/\" title=\"Tururi ghidate \u00een culisele Operei Rom\u00e2ne din Timi\u015foara\"><img decoding=\"async\" width=\"120\" height=\"120\" alt loading=\"lazy\" class=\"attachment-yarpp-thumbnail size-yarpp-thumbnail wp-post-image lazyload\" src=\"https:\/\/timpolis.ro\/wp-content\/uploads\/2022\/06\/Sala-Mare-Teatrul-National-Timisoara-Foto-TNT-120x120.jpg\"><img decoding=\"async\" width=\"120\" height=\"120\" src=\"https:\/\/timpolis.ro\/wp-content\/uploads\/2022\/06\/Sala-Mare-Teatrul-National-Timisoara-Foto-TNT-120x120.jpg\" class=\"attachment-yarpp-thumbnail size-yarpp-thumbnail wp-post-image\" alt loading=\"lazy\"><span class=\"yarpp-thumbnail-title\">Tururi ghidate \u00een culisele Operei Rom\u00e2ne din Timi\u015foara<\/span><\/a><a class=\"yarpp-thumbnail\" rel=\"norewrite\" href=\"https:\/\/timpolis.ro\/tenorul-stefan-von-korch-pe-scena-operei-romane-din-timisoara\/\" title=\"Tenorul Stefan von Korch, pe scena Operei Rom\u00e2ne din Timi\u015foara\"><img decoding=\"async\" width=\"120\" height=\"120\" alt loading=\"lazy\" class=\"attachment-yarpp-thumbnail size-yarpp-thumbnail wp-post-image lazyload\" src=\"https:\/\/timpolis.ro\/wp-content\/uploads\/2024\/02\/Stefan-von-Korch-Foto-Arhiva-personala-120x120.jpg\"><img decoding=\"async\" width=\"120\" height=\"120\" src=\"https:\/\/timpolis.ro\/wp-content\/uploads\/2024\/02\/Stefan-von-Korch-Foto-Arhiva-personala-120x120.jpg\" class=\"attachment-yarpp-thumbnail size-yarpp-thumbnail wp-post-image\" alt loading=\"lazy\"><span class=\"yarpp-thumbnail-title\">Tenorul Stefan von Korch, pe scena Operei Rom\u00e2ne din Timi\u015foara<\/span><\/a><a class=\"yarpp-thumbnail\" rel=\"norewrite\" href=\"https:\/\/timpolis.ro\/forta-dreptei-cere-incetarea-mandatului-primarului-orasului-recas-pavel-teodor\/\" title=\"For\u0163a Dreptei cere \u00eencetarea mandatului primarului ora\u0219ului Reca\u0219, Pavel Teodor\"><img decoding=\"async\" width=\"120\" height=\"120\" alt loading=\"lazy\" class=\"attachment-yarpp-thumbnail size-yarpp-thumbnail wp-post-image lazyload\" src=\"https:\/\/timpolis.ro\/wp-content\/uploads\/2024\/05\/Pavel-Teodor-2-Foto-Arhiva-personala-Fb-120x120.jpg\"><img decoding=\"async\" width=\"120\" height=\"120\" src=\"https:\/\/timpolis.ro\/wp-content\/uploads\/2024\/05\/Pavel-Teodor-2-Foto-Arhiva-personala-Fb-120x120.jpg\" class=\"attachment-yarpp-thumbnail size-yarpp-thumbnail wp-post-image\" alt loading=\"lazy\"><span class=\"yarpp-thumbnail-title\">For\u0163a Dreptei cere \u00eencetarea mandatului primarului ora\u0219ului Reca\u0219, Pavel Teodor<\/span><\/a><a class=\"yarpp-thumbnail\" rel=\"norewrite\" href=\"https:\/\/timpolis.ro\/directorul-operei-romane-din-timisoara-decorat-cu-ordinul-national-pentru-merit-in-grad-de-cavaler\/\" title=\"Directorul Operei Rom\u00e2ne din Timi\u0219oara, decorat cu Ordinul Na\u0163ional \u201ePentru Merit\u201d \u00een grad de Cavaler\"><img decoding=\"async\" width=\"120\" height=\"120\" alt loading=\"lazy\" class=\"attachment-yarpp-thumbnail size-yarpp-thumbnail wp-post-image lazyload\" src=\"https:\/\/timpolis.ro\/wp-content\/uploads\/2023\/10\/Cristian-Rudic-Foto-ORT-120x120.jpg\"><img decoding=\"async\" width=\"120\" height=\"120\" src=\"https:\/\/timpolis.ro\/wp-content\/uploads\/2023\/10\/Cristian-Rudic-Foto-ORT-120x120.jpg\" class=\"attachment-yarpp-thumbnail size-yarpp-thumbnail wp-post-image\" alt loading=\"lazy\"><span class=\"yarpp-thumbnail-title\">Directorul Operei Rom\u00e2ne din Timi\u0219oara, decorat cu Ordinul Na\u0163ional \u201ePentru Merit\u201d \u00een grad de Cavaler<\/span><\/a><\/div>\n<\/div>\n<\/div>\n<div class=\"pf-content\">\n<div id=\"attachment_53130\" class=\"wp-caption aligncenter\"><a href=\"https:\/\/timpolis.ro\/wp-content\/uploads\/2024\/01\/Cristian-Rudic-Foto-Arhiva-personala.jpg\"><img decoding=\"async\" aria-describedby=\"caption-attachment-53130\" loading=\"lazy\" title=\"Cristian Rudic Foto Arhiva personala\" alt width=\"870\" height=\"609\" class=\"wp-image-53130 size-full lazyload\" src=\"https:\/\/timpolis.ro\/wp-content\/uploads\/2024\/01\/Cristian-Rudic-Foto-Arhiva-personala.jpg\"><img decoding=\"async\" aria-describedby=\"caption-attachment-53130\" loading=\"lazy\" class=\"wp-image-53130 size-full\" title=\"Cristian Rudic Foto Arhiva personala\" src=\"https:\/\/timpolis.ro\/wp-content\/uploads\/2024\/01\/Cristian-Rudic-Foto-Arhiva-personala.jpg\" alt width=\"870\" height=\"609\"><\/a><\/p>\n<p id=\"caption-attachment-53130\" class=\"wp-caption-text\">Cristian Rudic. Foto: Arhiv\u0103 personal\u0103<\/p>\n<\/div>\n<p><strong>Opera Na\u021bional\u0103 Rom\u00e2n\u0103 din Timi\u0219oara anun\u0163\u0103 c\u0103 ministrul Culturii a aprobat \u00eencetarea, prin acordul p\u0103r\u021bilor, a contractului de management al baritonului Cristian Rudic.<\/strong><\/p>\n<p>\u00a0<\/p>\n<p>\u00cencetarea contractului de management s-a f\u0103cut la solicitarea lui Cristian Rudic, mai transmite Opera Na\u021bional\u0103 Rom\u00e2n\u0103 din Timi\u0219oara \u015fi se va face \u00eencep\u00e2nd cu data de 15 februarie:<em> \u201eManagerul Cristian Rudic a solicitat \u00eencetarea contractului din considerente personale. Cererea a fost aprobat\u0103 conform prevederilor legale. \u00cen scrisoarea adresat\u0103 Ministerului Culturii, Cristian Rudic a mul\u021bumit pentru colaborarea \u0219i sprijinul acordate pe parcursul mandatului, care au contribuit la realizarea proiectelor Operei<\/em>.\u201d<\/p>\n<p><strong>Cristian Rudic<\/strong> a ocupat func\u021bia de manager al Operei Na\u021bionale Rom\u00e2ne din Timi\u0219oara din 2019.<\/p>\n<p>N\u0103scut la Arad, \u00een 1970, Cristian Rudic a absolvit \u00een anul 1995 Facultatea de Muzic\u0103 din cadrul Universit\u0103\u021bii de Vest din Timi\u015foara, la clasa profesorului Emil Rotundu, urm\u00e2nd ca apoi s\u0103 se perfec\u021bioneze cu K.S. Alfredo Kraus \u0219i K.S. Gottfried Hornik.<\/p>\n<p>\u00cen acela\u0219i an ob\u021bine Premiul al III-lea la Concursul interna\u0163ional de canto \u201eHariclea Darcl\u00e8e\u201d, de la Br\u0103ila.<\/p>\n<p>A fost angajat la Opera Rom\u00e2n\u0103 din Timi\u015foara \u00een anul III de facultate. Dup\u0103 ce a debutat \u00een roluri importante de bariton liric pe scena Operei Rom\u00e2ne din Timi\u015foara, \u015fi-a \u00eembog\u0103\u0163it repertoriul cu particip\u0103ri numeroase \u00een concerte simfonice sau de muzica sacr\u0103.<\/p>\n<p>Printre cele mai importante colabor\u0103ri interna\u0163ionale se num\u0103r\u0103 cele cu Orchestra Europa Simphony, Teatrul de oper\u0103 din Baden, Mozartorchester \u2013 Musikverein din Viena, Konzerthause Wien, Nieder\u00f6sterreichische Tonk\u00fcnstler, Opera din Graz \u015fi Neue Oper Wien (Austria), Teatrul \u201ePerez Galdos\u201d, din Las Palmas, Societatea Filarmonic\u0103 din Bilbao \u015fi Teatro de la Zarzuela, din Madrid (Spania), Opera din St. Gallen (Elve\u0163ia) sau Opera Nomori, din Tokio (Japonia).<\/p>\n<p>\u00cen \u021bar\u0103 a colaborat cu Filarmonicile din Cluj-Napoca, Timi\u015foara,\u00a0 Arad, Bucure\u015fti, Ia\u015fi,\u00a0 Bra\u015fov, Opera Na\u0163ional\u0103 din Bucure\u015fti \u015fi Teatrul Liric din Constan\u0163a.<\/p>\n<p>Repertoriul s\u0103u bogat cuprinde at\u00e2t roluri din opere, c\u00e2t \u0219i roluri din operete, precum: Valentin din <em>Faust,<\/em> de Ch. Gounod, Enrico din <em>Lucia di Lammermoor<\/em>, de G. Donizetti, G. Germont din <em>Traviat<\/em>a, de G. Verdi, Sharpless din <em>Madama Butterfly<\/em> de G. Puccini, Alfio din <em>Cavalleria rusticana<\/em>, de P. Mascagni, Papageno din <em>Flautul fermecat,<\/em> de W.A. Mozart, Don Giovanni din <em>Don Giovanni<\/em>, de W.A. Mozart, King Arthur din <em>King Arthur<\/em>, de H. Purcell, Roucher din <em>Andrea Ch\u00e8nier<\/em>, de U. Giordano, Jago din <em>Otello,<\/em> de G. Verdi, Escamillo din <em>Car<\/em>men, de G. Bizet, Klingsor din <em>Parsifal<\/em>, de R. Wagner, Schaunard din <em>Boema<\/em>, de G. Puccini, Regele din <em>Regele Berenger<\/em>, de H. Sutermeister, Leontes din <em>Poveste de iarn\u0103<\/em>, de Fr. Boesmans, Eisenstein, Falke \u0219i Frosch din <em>Liliacul,<\/em> de J. Strauss, Homonay \u0219i Kalman Zsupan din <em>Voievodul \u0163igan<\/em>ilor, de J. Strauss, Danilo din <em>V\u0103duva vesel\u0103<\/em>, de Fr. Lehar, Edwin \u0219i Boni din <em>Silvia<\/em>, de E. Kalman, Kalman Zsupan din <em>Contesa Mari<\/em>tza, de E. Kalman, Tevye din <em>Scripcarul pe acoperi\u0219<\/em>, de J. Bock, prof. Higgins \u0219i Alfred Doolittle din <em>My Fair Lad<\/em>y de Fr. Loewe.<\/p>\n<p>Repertoriul s\u0103u vocal-simfonic sunt cuprinde: <em>Requ<\/em>iem, de G. Faure, <em>Requiem<\/em>, de J. Brahms, <em>War Requiem<\/em>, de B. Britten, <em>Simfonia a IX-<\/em>a, de L.v. Beethoven, C<em>armin<\/em>a Burana, de C. Orff, <em>Misse<\/em>, de J. Haydn, W.A. Mozart \u015fi L.v. Beethoven.<\/p>\n<p>\u00cen anul 2003 a fost distins cu\u00a0 Meritul Cultural al Rom\u00e2niei \u00een grad de cavaler.<\/p>\n<div id=\"metaslider-id-56545\" class=\"ml-slider-3-18-9 metaslider metaslider-responsive metaslider-56545 ml-slider nav-hidden nav-hidden nav-hidden\">\n<div id=\"metaslider_container_56545\">\n<ul id=\"metaslider_56545\" class=\"rslides\">\n<li><a href=\"https:\/\/iuliustown.ro\/ro\" target=\"_blank\"><img decoding=\"async\" width=\"610\" height=\"260\" alt loading=\"lazy\" title=\"Banner Iulius Town 610x260 - februarie 2025\" class=\"slider-56545 slide-61310 lazyload\" src=\"https:\/\/timpolis.ro\/wp-content\/uploads\/2026\/02\/Banner-Iulius-Town-610x260-februarie-2025.png\"><img decoding=\"async\" width=\"610\" height=\"260\" src=\"https:\/\/timpolis.ro\/wp-content\/uploads\/2026\/02\/Banner-Iulius-Town-610x260-februarie-2025.png\" class=\"slider-56545 slide-61310\" alt loading=\"lazy\" title=\"Banner Iulius Town 610x260 - februarie 2025\"><\/a><\/li>\n<\/ul>\n<\/div>\n<\/div>\n<div class=\"printfriendly pf-alignright\"><a href=\"https:\/\/timpolis.ro\/directorul-operei-romane-din-timisoara-a-cerut-incetarea-mandatului\/\" rel=\"nofollow\" title=\"Printer Friendly, PDF &amp; Email\"><img decoding=\"async\" alt=\"Print Friendly, PDF &amp; Email\" class=\"lazyload\" src=\"https:\/\/cdn.printfriendly.com\/buttons\/print-button.png\"><img decoding=\"async\" src=\"https:\/\/cdn.printfriendly.com\/buttons\/print-button.png\" alt=\"Print Friendly, PDF &amp; Email\"><\/a><\/div>\n<\/div>\n<p>[analyse_source url=&#8221;https:\/\/timpolis.ro\/directorul-operei-romane-din-timisoara-a-cerut-incetarea-mandatului\/&#8221;]<\/p>\n","protected":false},"excerpt":{"rendered":"<p>[analyse_image type=&#8221;featured&#8221; src=&#8221;https:\/\/timpolis.ro\/wp-content\/uploads\/2024\/01\/Cristian-Rudic-Foto-Arhiva-personala.jpghttps:\/\/timpolis.ro\/wp-content\/uploads\/2024\/01\/Cristian-Rudic-Foto-Arhiva-personala.jpg&#8221;] Cristian Rudic. Foto: Arhiv\u0103 personal\u0103 Opera Na\u021bional\u0103 Rom\u00e2n\u0103 din Timi\u0219oara anun\u0163\u0103 c\u0103 ministrul Culturii a aprobat \u00eencetarea, prin acordul p\u0103r\u021bilor, a contractului de management al baritonului Cristian Rudic. \u00a0 \u00cencetarea contractului de management s-a f\u0103cut la solicitarea lui Cristian Rudic, mai transmite Opera Na\u021bional\u0103 Rom\u00e2n\u0103 din Timi\u0219oara \u015fi se va face \u00eencep\u00e2nd [&hellip;]<\/p>\n","protected":false},"author":1,"featured_media":0,"comment_status":"open","ping_status":"","sticky":false,"template":"","format":"standard","meta":{"footnotes":""},"categories":[89],"tags":[226,202],"class_list":["post-1758392","post","type-post","status-publish","format-standard","hentry","category-romania","tag-crawlmanager","tag-timpolis-ro"],"_links":{"self":[{"href":"https:\/\/analyse.optim.biz\/index.php?rest_route=\/wp\/v2\/posts\/1758392","targetHints":{"allow":["GET"]}}],"collection":[{"href":"https:\/\/analyse.optim.biz\/index.php?rest_route=\/wp\/v2\/posts"}],"about":[{"href":"https:\/\/analyse.optim.biz\/index.php?rest_route=\/wp\/v2\/types\/post"}],"author":[{"embeddable":true,"href":"https:\/\/analyse.optim.biz\/index.php?rest_route=\/wp\/v2\/users\/1"}],"replies":[{"embeddable":true,"href":"https:\/\/analyse.optim.biz\/index.php?rest_route=%2Fwp%2Fv2%2Fcomments&post=1758392"}],"version-history":[{"count":0,"href":"https:\/\/analyse.optim.biz\/index.php?rest_route=\/wp\/v2\/posts\/1758392\/revisions"}],"wp:attachment":[{"href":"https:\/\/analyse.optim.biz\/index.php?rest_route=%2Fwp%2Fv2%2Fmedia&parent=1758392"}],"wp:term":[{"taxonomy":"category","embeddable":true,"href":"https:\/\/analyse.optim.biz\/index.php?rest_route=%2Fwp%2Fv2%2Fcategories&post=1758392"},{"taxonomy":"post_tag","embeddable":true,"href":"https:\/\/analyse.optim.biz\/index.php?rest_route=%2Fwp%2Fv2%2Ftags&post=1758392"}],"curies":[{"name":"wp","href":"https:\/\/api.w.org\/{rel}","templated":true}]}}