{"id":1758379,"date":"2026-02-06T09:20:45","date_gmt":"2026-02-06T06:20:45","guid":{"rendered":"https:\/\/analyse.optim.biz\/?p=1758379"},"modified":"2026-02-06T09:20:45","modified_gmt":"2026-02-06T06:20:45","slug":"restrictii-de-circulatie-pe-bulevardul-16-decembrie-1989","status":"publish","type":"post","link":"https:\/\/analyse.optim.biz\/?p=1758379","title":{"rendered":"Restric\u021bii de circula\u021bie pe bulevardul 16 Decembrie 1989"},"content":{"rendered":"<p>[analyse_image type=&#8221;featured&#8221; src=&#8221;https:\/\/timpolis.ro\/wp-content\/uploads\/2024\/06\/Restrictii-circulatie-Foto-Agerpres.jpghttps:\/\/timpolis.ro\/wp-content\/uploads\/2024\/06\/Restrictii-circulatie-Foto-Agerpres.jpg&#8221;]<\/p>\n<div class=\"post-entry\">\n<div class=\"pf-content\">\n<p><strong data-wp-editing=\"1\"><a href=\"https:\/\/timpolis.ro\/wp-content\/uploads\/2024\/06\/Restrictii-circulatie-Foto-Agerpres.jpg\"><img decoding=\"async\" loading=\"lazy\" title=\"Restrictii circulatie Foto Agerpres\" alt width=\"900\" height=\"506\" class=\"aligncenter size-full wp-image-54861 lazyload\" src=\"https:\/\/timpolis.ro\/wp-content\/uploads\/2024\/06\/Restrictii-circulatie-Foto-Agerpres.jpg\"><\/a><\/strong><\/p>\n<p><img decoding=\"async\" loading=\"lazy\" class=\"aligncenter size-full wp-image-54861\" title=\"Restrictii circulatie Foto Agerpres\" src=\"https:\/\/timpolis.ro\/wp-content\/uploads\/2024\/06\/Restrictii-circulatie-Foto-Agerpres.jpg\" alt width=\"900\" height=\"506\">La solicitarea Aquatim SA, comisia de circula\u021bie din cadrul Prim\u0103riei Municipiului Timi\u0219oara a avizat restric\u021bionarea traficului rutier pe bulevardul 16 Decembrie 1989.<\/p>\n<p>\u00a0<\/p>\n<p>Restric\u0163iile vor fi f\u0103cute etapizat, \u00eencep\u00e2nd de luni, 9 februarie. Restric\u021biile, spun oficiali Municipalit\u0103\u0163ii, se impun \u00een vederea realiz\u0103rii lucr\u0103rilor la re\u021belele de ap\u0103 \u0219i canalizare.<\/p>\n<p>Astfel, \u00een perioada 9-16 februarie, circula\u021bia rutier\u0103 va fi restric\u021bionat\u0103 \u00een zona intersec\u021biei cu strada Alexandru Odobescu, iar \u00een perioada 16 februarie -10 aprilie, traficul va fi restric\u021bionat pe tronsonul cuprins \u00eentre strada Alexandru Odobescu \u0219i Pia\u021ba Mocioni.<\/p>\n<p>\u00a0<\/p>\n<p>\u00a0<\/p>\n<p>\u00a0<\/p>\n<div id=\"metaslider-id-56545\" class=\"ml-slider-3-18-9 metaslider metaslider-responsive metaslider-56545 ml-slider nav-hidden nav-hidden nav-hidden\">\n<div id=\"metaslider_container_56545\">\n<ul id=\"metaslider_56545\" class=\"rslides\">\n<li><a href=\"https:\/\/iuliustown.ro\/ro\" target=\"_blank\"><img decoding=\"async\" width=\"610\" height=\"260\" alt loading=\"lazy\" title=\"Banner Iulius Town 610x260 - februarie 2025\" class=\"slider-56545 slide-61310 lazyload\" src=\"https:\/\/timpolis.ro\/wp-content\/uploads\/2026\/02\/Banner-Iulius-Town-610x260-februarie-2025.png\"><img decoding=\"async\" width=\"610\" height=\"260\" src=\"https:\/\/timpolis.ro\/wp-content\/uploads\/2026\/02\/Banner-Iulius-Town-610x260-februarie-2025.png\" class=\"slider-56545 slide-61310\" alt loading=\"lazy\" title=\"Banner Iulius Town 610x260 - februarie 2025\"><\/a><\/li>\n<\/ul>\n<\/div>\n<\/div>\n<div class=\"printfriendly pf-alignright\"><a href=\"https:\/\/timpolis.ro\/restrictii-de-circulatie-pe-bulevardul-16-decembrie-1989\/\" rel=\"nofollow\" title=\"Printer Friendly, PDF &amp; Email\"><img decoding=\"async\" alt=\"Print Friendly, PDF &amp; Email\" class=\"lazyload\" src=\"https:\/\/cdn.printfriendly.com\/buttons\/print-button.png\"><img decoding=\"async\" src=\"https:\/\/cdn.printfriendly.com\/buttons\/print-button.png\" alt=\"Print Friendly, PDF &amp; Email\"><\/a><\/div>\n<\/div>\n<div class=\"yarpp-related\">\n<h3>\u015etiri din aceea\u015fi categorie:<\/h3>\n<div class=\"yarpp-thumbnails-horizontal\"><a class=\"yarpp-thumbnail\" rel=\"norewrite\" href=\"https:\/\/timpolis.ro\/restrictii-de-circulatie-pe-mai-multe-strazi-din-timisoara\/\" title=\"Restric\u021bii de circula\u021bie pe mai multe str\u0103zi din Timi\u015foara\"><img decoding=\"async\" width=\"120\" height=\"120\" alt loading=\"lazy\" class=\"attachment-yarpp-thumbnail size-yarpp-thumbnail wp-post-image lazyload\" src=\"https:\/\/timpolis.ro\/wp-content\/uploads\/2024\/06\/Restrictii-circulatie-Foto-Agerpres-120x120.jpg\"><img decoding=\"async\" width=\"120\" height=\"120\" alt loading=\"lazy\" class=\"attachment-yarpp-thumbnail size-yarpp-thumbnail wp-post-image lazyload\" src=\"https:\/\/timpolis.ro\/wp-content\/uploads\/2024\/06\/Restrictii-circulatie-Foto-Agerpres-120x120.jpg\"><img decoding=\"async\" width=\"120\" height=\"120\" alt loading=\"lazy\" class=\"attachment-yarpp-thumbnail size-yarpp-thumbnail wp-post-image lazyload\" src=\"https:\/\/timpolis.ro\/wp-content\/uploads\/2024\/06\/Restrictii-circulatie-Foto-Agerpres-120x120.jpg\"><img decoding=\"async\" width=\"120\" height=\"120\" src=\"https:\/\/timpolis.ro\/wp-content\/uploads\/2024\/06\/Restrictii-circulatie-Foto-Agerpres-120x120.jpg\" class=\"attachment-yarpp-thumbnail size-yarpp-thumbnail wp-post-image\" alt loading=\"lazy\"><span class=\"yarpp-thumbnail-title\">Restric\u021bii de circula\u021bie pe mai multe str\u0103zi din Timi\u015foara<\/span><\/a><a class=\"yarpp-thumbnail\" rel=\"norewrite\" href=\"https:\/\/timpolis.ro\/inchideri-si-restrictii-de-circulatie\/\" title=\"\u00cenchideri \u0219i restric\u021bii de circula\u021bie\"><img decoding=\"async\" width=\"120\" height=\"120\" alt loading=\"lazy\" class=\"attachment-yarpp-thumbnail size-yarpp-thumbnail wp-post-image lazyload\" src=\"https:\/\/timpolis.ro\/wp-content\/uploads\/2024\/06\/Restrictii-circulatie-Foto-Agerpres-120x120.jpg\"><img decoding=\"async\" width=\"120\" height=\"120\" alt loading=\"lazy\" class=\"attachment-yarpp-thumbnail size-yarpp-thumbnail wp-post-image lazyload\" src=\"https:\/\/timpolis.ro\/wp-content\/uploads\/2024\/06\/Restrictii-circulatie-Foto-Agerpres-120x120.jpg\"><img decoding=\"async\" width=\"120\" height=\"120\" alt loading=\"lazy\" class=\"attachment-yarpp-thumbnail size-yarpp-thumbnail wp-post-image lazyload\" src=\"https:\/\/timpolis.ro\/wp-content\/uploads\/2024\/06\/Restrictii-circulatie-Foto-Agerpres-120x120.jpg\"><img decoding=\"async\" width=\"120\" height=\"120\" src=\"https:\/\/timpolis.ro\/wp-content\/uploads\/2024\/06\/Restrictii-circulatie-Foto-Agerpres-120x120.jpg\" class=\"attachment-yarpp-thumbnail size-yarpp-thumbnail wp-post-image\" alt loading=\"lazy\"><span class=\"yarpp-thumbnail-title\">\u00cenchideri \u0219i restric\u021bii de circula\u021bie<\/span><\/a><a class=\"yarpp-thumbnail\" rel=\"norewrite\" href=\"https:\/\/timpolis.ro\/restrictii-de-circulatie-in-timisoara-2\/\" title=\"Restric\u021bii de circula\u021bie, \u00een Timi\u015foara\"><img decoding=\"async\" width=\"120\" height=\"120\" alt loading=\"lazy\" class=\"attachment-yarpp-thumbnail size-yarpp-thumbnail wp-post-image lazyload\" src=\"https:\/\/timpolis.ro\/wp-content\/uploads\/2024\/06\/Restrictii-circulatie-Foto-Agerpres-120x120.jpg\"><img decoding=\"async\" width=\"120\" height=\"120\" alt loading=\"lazy\" class=\"attachment-yarpp-thumbnail size-yarpp-thumbnail wp-post-image lazyload\" src=\"https:\/\/timpolis.ro\/wp-content\/uploads\/2024\/06\/Restrictii-circulatie-Foto-Agerpres-120x120.jpg\"><img decoding=\"async\" width=\"120\" height=\"120\" alt loading=\"lazy\" class=\"attachment-yarpp-thumbnail size-yarpp-thumbnail wp-post-image lazyload\" src=\"https:\/\/timpolis.ro\/wp-content\/uploads\/2024\/06\/Restrictii-circulatie-Foto-Agerpres-120x120.jpg\"><img decoding=\"async\" width=\"120\" height=\"120\" src=\"https:\/\/timpolis.ro\/wp-content\/uploads\/2024\/06\/Restrictii-circulatie-Foto-Agerpres-120x120.jpg\" class=\"attachment-yarpp-thumbnail size-yarpp-thumbnail wp-post-image\" alt loading=\"lazy\"><span class=\"yarpp-thumbnail-title\">Restric\u021bii de circula\u021bie, \u00een Timi\u015foara<\/span><\/a><a class=\"yarpp-thumbnail\" rel=\"norewrite\" href=\"https:\/\/timpolis.ro\/restrictii-de-circulatie-pe-strada-dimitrie-gusti\/\" title=\"Restric\u021bii de circula\u021bie pe strada Dimitrie Gusti\"><img decoding=\"async\" width=\"120\" height=\"120\" alt loading=\"lazy\" class=\"attachment-yarpp-thumbnail size-yarpp-thumbnail wp-post-image lazyload\" src=\"https:\/\/timpolis.ro\/wp-content\/uploads\/2023\/10\/Stop-120x120.jpg\"><img decoding=\"async\" width=\"120\" height=\"120\" src=\"https:\/\/timpolis.ro\/wp-content\/uploads\/2023\/10\/Stop-120x120.jpg\" class=\"attachment-yarpp-thumbnail size-yarpp-thumbnail wp-post-image\" alt loading=\"lazy\"><span class=\"yarpp-thumbnail-title\">Restric\u021bii de circula\u021bie pe strada Dimitrie Gusti<\/span><\/a><\/div>\n<\/div>\n<\/div>\n<div class=\"pf-content\">\n<p><strong data-wp-editing=\"1\"><a href=\"https:\/\/timpolis.ro\/wp-content\/uploads\/2024\/06\/Restrictii-circulatie-Foto-Agerpres.jpg\"><img decoding=\"async\" loading=\"lazy\" title=\"Restrictii circulatie Foto Agerpres\" alt width=\"900\" height=\"506\" class=\"aligncenter size-full wp-image-54861 lazyload\" src=\"https:\/\/timpolis.ro\/wp-content\/uploads\/2024\/06\/Restrictii-circulatie-Foto-Agerpres.jpg\"><\/a><\/strong><\/p>\n<p><img decoding=\"async\" loading=\"lazy\" class=\"aligncenter size-full wp-image-54861\" title=\"Restrictii circulatie Foto Agerpres\" src=\"https:\/\/timpolis.ro\/wp-content\/uploads\/2024\/06\/Restrictii-circulatie-Foto-Agerpres.jpg\" alt width=\"900\" height=\"506\">La solicitarea Aquatim SA, comisia de circula\u021bie din cadrul Prim\u0103riei Municipiului Timi\u0219oara a avizat restric\u021bionarea traficului rutier pe bulevardul 16 Decembrie 1989.<\/p>\n<p>\u00a0<\/p>\n<p>Restric\u0163iile vor fi f\u0103cute etapizat, \u00eencep\u00e2nd de luni, 9 februarie. Restric\u021biile, spun oficiali Municipalit\u0103\u0163ii, se impun \u00een vederea realiz\u0103rii lucr\u0103rilor la re\u021belele de ap\u0103 \u0219i canalizare.<\/p>\n<p>Astfel, \u00een perioada 9-16 februarie, circula\u021bia rutier\u0103 va fi restric\u021bionat\u0103 \u00een zona intersec\u021biei cu strada Alexandru Odobescu, iar \u00een perioada 16 februarie -10 aprilie, traficul va fi restric\u021bionat pe tronsonul cuprins \u00eentre strada Alexandru Odobescu \u0219i Pia\u021ba Mocioni.<\/p>\n<p>\u00a0<\/p>\n<p>\u00a0<\/p>\n<p>\u00a0<\/p>\n<div id=\"metaslider-id-56545\" class=\"ml-slider-3-18-9 metaslider metaslider-responsive metaslider-56545 ml-slider nav-hidden nav-hidden nav-hidden\">\n<div id=\"metaslider_container_56545\">\n<ul id=\"metaslider_56545\" class=\"rslides\">\n<li><a href=\"https:\/\/iuliustown.ro\/ro\" target=\"_blank\"><img decoding=\"async\" width=\"610\" height=\"260\" alt loading=\"lazy\" title=\"Banner Iulius Town 610x260 - februarie 2025\" class=\"slider-56545 slide-61310 lazyload\" src=\"https:\/\/timpolis.ro\/wp-content\/uploads\/2026\/02\/Banner-Iulius-Town-610x260-februarie-2025.png\"><img decoding=\"async\" width=\"610\" height=\"260\" src=\"https:\/\/timpolis.ro\/wp-content\/uploads\/2026\/02\/Banner-Iulius-Town-610x260-februarie-2025.png\" class=\"slider-56545 slide-61310\" alt loading=\"lazy\" title=\"Banner Iulius Town 610x260 - februarie 2025\"><\/a><\/li>\n<\/ul>\n<\/div>\n<\/div>\n<div class=\"printfriendly pf-alignright\"><a href=\"https:\/\/timpolis.ro\/restrictii-de-circulatie-pe-bulevardul-16-decembrie-1989\/\" rel=\"nofollow\" title=\"Printer Friendly, PDF &amp; Email\"><img decoding=\"async\" alt=\"Print Friendly, PDF &amp; Email\" class=\"lazyload\" src=\"https:\/\/cdn.printfriendly.com\/buttons\/print-button.png\"><img decoding=\"async\" src=\"https:\/\/cdn.printfriendly.com\/buttons\/print-button.png\" alt=\"Print Friendly, PDF &amp; Email\"><\/a><\/div>\n<\/div>\n<p>[analyse_source url=&#8221;https:\/\/timpolis.ro\/restrictii-de-circulatie-pe-bulevardul-16-decembrie-1989\/&#8221;]<\/p>\n","protected":false},"excerpt":{"rendered":"<p>[analyse_image type=&#8221;featured&#8221; src=&#8221;https:\/\/timpolis.ro\/wp-content\/uploads\/2024\/06\/Restrictii-circulatie-Foto-Agerpres.jpghttps:\/\/timpolis.ro\/wp-content\/uploads\/2024\/06\/Restrictii-circulatie-Foto-Agerpres.jpg&#8221;] La solicitarea Aquatim SA, comisia de circula\u021bie din cadrul Prim\u0103riei Municipiului Timi\u0219oara a avizat restric\u021bionarea traficului rutier pe bulevardul 16 Decembrie 1989. \u00a0 Restric\u0163iile vor fi f\u0103cute etapizat, \u00eencep\u00e2nd de luni, 9 februarie. Restric\u021biile, spun oficiali Municipalit\u0103\u0163ii, se impun \u00een vederea realiz\u0103rii lucr\u0103rilor la re\u021belele de ap\u0103 \u0219i canalizare. Astfel, \u00een perioada [&hellip;]<\/p>\n","protected":false},"author":1,"featured_media":0,"comment_status":"open","ping_status":"","sticky":false,"template":"","format":"standard","meta":{"footnotes":""},"categories":[89],"tags":[226,202],"class_list":["post-1758379","post","type-post","status-publish","format-standard","hentry","category-romania","tag-crawlmanager","tag-timpolis-ro"],"_links":{"self":[{"href":"https:\/\/analyse.optim.biz\/index.php?rest_route=\/wp\/v2\/posts\/1758379","targetHints":{"allow":["GET"]}}],"collection":[{"href":"https:\/\/analyse.optim.biz\/index.php?rest_route=\/wp\/v2\/posts"}],"about":[{"href":"https:\/\/analyse.optim.biz\/index.php?rest_route=\/wp\/v2\/types\/post"}],"author":[{"embeddable":true,"href":"https:\/\/analyse.optim.biz\/index.php?rest_route=\/wp\/v2\/users\/1"}],"replies":[{"embeddable":true,"href":"https:\/\/analyse.optim.biz\/index.php?rest_route=%2Fwp%2Fv2%2Fcomments&post=1758379"}],"version-history":[{"count":0,"href":"https:\/\/analyse.optim.biz\/index.php?rest_route=\/wp\/v2\/posts\/1758379\/revisions"}],"wp:attachment":[{"href":"https:\/\/analyse.optim.biz\/index.php?rest_route=%2Fwp%2Fv2%2Fmedia&parent=1758379"}],"wp:term":[{"taxonomy":"category","embeddable":true,"href":"https:\/\/analyse.optim.biz\/index.php?rest_route=%2Fwp%2Fv2%2Fcategories&post=1758379"},{"taxonomy":"post_tag","embeddable":true,"href":"https:\/\/analyse.optim.biz\/index.php?rest_route=%2Fwp%2Fv2%2Ftags&post=1758379"}],"curies":[{"name":"wp","href":"https:\/\/api.w.org\/{rel}","templated":true}]}}