{"id":175836,"date":"2015-08-18T22:24:18","date_gmt":"2015-08-18T19:24:18","guid":{"rendered":"https:\/\/analyse.optim.biz\/?p=175836"},"modified":"2015-08-18T22:24:18","modified_gmt":"2015-08-18T19:24:18","slug":"politicieni-certati-cu-legea-posibili-candidati-la-alegerile-locale","status":"publish","type":"post","link":"https:\/\/analyse.optim.biz\/?p=175836","title":{"rendered":"Politicieni certa\u0163i cu legea, posibili candida\u0163i la alegerile locale"},"content":{"rendered":"<div class=\"entry data-app-meta data-app-meta-article\" data-embed-base-url-canonical=\"https:\/\/www.digi24.ro\/embed\/stiri\/actualitate\/politica\/politicieni-certati-cu-legea-posibili-candidati-la-alegerile-locale-428940\">\n<p data-index=\"1\"><strong>Nicu\u015for Constantinescu<\/strong> este unul dintre cei mai cunoscu\u0163i baroni locali ai PSD. Pre\u015fedintele suspendat al Consiliului Jude\u0163ean Constan\u0163a confirm\u0103 c\u0103 ar putea candida din nou.<\/p>\n<p data-index=\"2\">\u201e\u00cen principiu, m\u0103 g\u00e2ndesc s\u0103 candidez. Am avut dosare penale \u0219i \u00een 2003, \u0219i \u00een 2004, c\u00e2nd am c\u00e2\u0219tigat prima oar\u0103 \u0219i alegerile la Prim\u0103ria Constan\u021ba \u0219i alegerile la Consiliul Jude\u021bean Constan\u021ba\u201d, spune Nicu\u0219or Constantinescu.<\/p>\n<p data-index=\"3\"><strong>PSD ia \u00een discu\u021bie s\u0103 accepte candidaturile celor nu sunt condamna\u0163i definitiv pentru corup\u0163ie, dac\u0103 analizele interne vor arata c\u0103 ace\u015ftia pot str\u00e2nge multe voturi.<\/strong><\/p>\n<p data-index=\"4\">\u201eEu spun c\u0103 nu au o problem\u0103 cu justi\u0163ia, ci au o problem\u0103 de interpretare a legilor\u201d, a afirmat Codrin \u015etef\u0103nescu, secretarul general al PSD.<\/p>\n<p data-index=\"5\"><strong>Dintre cei 23 de pre\u0219edin\u021bi de consilii jude\u021bene ai PSD, 14 sunt urm\u0103ri\u021bi penal, au fost trimi\u0219i \u00een judecat\u0103 sau declara\u0163i incompatibili. \u00cen plus, 65 de primari sunt declara\u021bi incompatibili de ANI \u015fi al\u0163i 14 edili au probleme \u00een justi\u021bie.<\/strong><\/p>\n<p data-index=\"6\">Dac\u0103 se poate la putere, se poate \u0219i \u00een opozi\u021bie. <strong>Mircia Gut\u0103u<\/strong>, fost primar la R\u00e2mnicu V\u00e2lcea, condamnat definitiv pentru c\u0103 a pretins 50.000 de euro mit\u0103, \u015fi-a isp\u0103\u015fit pedeapsa \u015fi ar putea fi sus\u021binut de filiala PNL pentru un nou mandat.<\/p>\n<p data-index=\"7\">\u201e<span>Ne-am fixat ca obiectiv c\u00e2\u015ftigarea at\u00e2t a Prim\u0103riei municipiului R\u00e2micu V\u00e2lcea, c\u00e2t \u015fi a pre\u015fedin\u0163iei Consiliului Jude\u0163ean. Dac\u0103 Mircia Gut\u0103u va fi favoritul \u00een cursa pentru prim\u0103rie, atunci noi vom avea o problem\u0103 cu obiectivele noastre \u00een cazul \u00een care vom refuza s\u0103-l desemn\u0103m drept candidat\u201d, a spus Cristian Buican, copre\u015fedinte PNL V\u00e2lcea.<\/span><\/p>\n<p data-index=\"8\"><strong>Oficial, PNL sus\u021bine doar candida\u021bii integri.<\/strong><\/p>\n<p data-index=\"9\">\u201e<span>To\u0163i cei care au probleme cu justi\u0163ia, care au fost trimi\u015fi \u00een judecat\u0103 sau care au fost condamna\u0163i \u00een prim\u0103 instan\u0163\u0103, nu mai vorbim de cei condamna\u0163i definitiv, nu pot fi sprijini\u0163i de PNL\u201d, a spus liderul liberal Ludovic Orban.<\/span><\/p>\n<p data-index=\"10\"><strong>PNL are \u015fi al\u0163i baroni locali care ar putea candida. De exemplu, Dorin Florea, primarul din T\u00e2rgu Mure\u015f, cercetat pentru abuz \u00een serviciu, sau Sorin Frunz\u0103verde, pre\u015fedintele CJ Cara\u015f Severin, trimis \u00een judecat\u0103 pentru fapte de corup\u0163ie.<\/strong><\/p>\n<\/div>\n<p> Source URL: https:\/\/www.digi24.ro\/stiri\/actualitate\/politica\/politicieni-certati-cu-legea-posibili-candidati-la-alegerile-locale-428940<\/p>\n","protected":false},"excerpt":{"rendered":"<p>Nicu\u015for Constantinescu este unul dintre cei mai cunoscu\u0163i baroni locali ai PSD. Pre\u015fedintele suspendat al Consiliului Jude\u0163ean Constan\u0163a confirm\u0103 c\u0103 ar putea candida din nou. \u201e\u00cen principiu, m\u0103 g\u00e2ndesc s\u0103 candidez. Am avut dosare penale \u0219i \u00een 2003, \u0219i \u00een 2004, c\u00e2nd am c\u00e2\u0219tigat prima oar\u0103 \u0219i alegerile la Prim\u0103ria Constan\u021ba \u0219i alegerile la Consiliul [&hellip;]<\/p>\n","protected":false},"author":1,"featured_media":175837,"comment_status":"open","ping_status":"","sticky":false,"template":"","format":"standard","meta":{"footnotes":""},"categories":[2],"tags":[11],"class_list":["post-175836","post","type-post","status-publish","format-standard","has-post-thumbnail","hentry","category-politics","tag-digi24"],"_links":{"self":[{"href":"https:\/\/analyse.optim.biz\/index.php?rest_route=\/wp\/v2\/posts\/175836","targetHints":{"allow":["GET"]}}],"collection":[{"href":"https:\/\/analyse.optim.biz\/index.php?rest_route=\/wp\/v2\/posts"}],"about":[{"href":"https:\/\/analyse.optim.biz\/index.php?rest_route=\/wp\/v2\/types\/post"}],"author":[{"embeddable":true,"href":"https:\/\/analyse.optim.biz\/index.php?rest_route=\/wp\/v2\/users\/1"}],"replies":[{"embeddable":true,"href":"https:\/\/analyse.optim.biz\/index.php?rest_route=%2Fwp%2Fv2%2Fcomments&post=175836"}],"version-history":[{"count":0,"href":"https:\/\/analyse.optim.biz\/index.php?rest_route=\/wp\/v2\/posts\/175836\/revisions"}],"wp:featuredmedia":[{"embeddable":true,"href":"https:\/\/analyse.optim.biz\/index.php?rest_route=\/wp\/v2\/media\/175837"}],"wp:attachment":[{"href":"https:\/\/analyse.optim.biz\/index.php?rest_route=%2Fwp%2Fv2%2Fmedia&parent=175836"}],"wp:term":[{"taxonomy":"category","embeddable":true,"href":"https:\/\/analyse.optim.biz\/index.php?rest_route=%2Fwp%2Fv2%2Fcategories&post=175836"},{"taxonomy":"post_tag","embeddable":true,"href":"https:\/\/analyse.optim.biz\/index.php?rest_route=%2Fwp%2Fv2%2Ftags&post=175836"}],"curies":[{"name":"wp","href":"https:\/\/api.w.org\/{rel}","templated":true}]}}