{"id":175833,"date":"2015-08-19T00:53:06","date_gmt":"2015-08-18T21:53:06","guid":{"rendered":"https:\/\/analyse.optim.biz\/?p=175833"},"modified":"2015-08-19T00:53:06","modified_gmt":"2015-08-18T21:53:06","slug":"a-gorghiu-nu-mai-sunt-atat-de-sigura-ca-boc-va-fi-candidatul-pnl-la-primaria-cluj-napoca","status":"publish","type":"post","link":"https:\/\/analyse.optim.biz\/?p=175833","title":{"rendered":"A. Gorghiu: Nu mai sunt at\u00e2t de sigur\u0103 c\u0103 Boc va fi candidatul PNL la Prim\u0103ria Cluj-Napoca"},"content":{"rendered":"<div class=\"entry data-app-meta data-app-meta-article\" data-embed-base-url-canonical=\"https:\/\/www.digi24.ro\/embed\/stiri\/actualitate\/politica\/a-gorghiu-nu-mai-sunt-atat-de-sigura-ca-boc-va-fi-candidatul-pnl-la-primaria-cluj-napoca-428974\">\n<p data-index=\"1\"><img decoding=\"async\" src=\"https:\/\/analyse.optim.biz\/wp-content\/uploads\/2024\/09\/lmpwzyz3ptgwmczoyxnoptfjnzzlzjc2otrkoge0mjq4mgjhntkyztu5zjdlnjez-thumb_.jpg\" data-skip-htmlfix=\"1\" title=\"lmpwzyz3ptgwmczoyxnoptfjnzzlzjc2otrkoge0mjq4mgjhntkyztu5zjdlnjez-thumb_\"><\/p>\n<p data-index=\"2\"><em>Emil Boc, selfie cu participan\u021bi la festivalul UNTOLD FOTO: Digi24<\/em><\/p>\n<p data-index=\"3\">\u00a0\u201e\u0218i-a depus candidatura domnul Boc. O s\u0103 fie o discu\u021bie, pentru c\u0103 nu a\u0219 vrea s\u0103 re\u00eenviez sensibilit\u0103\u021bi pe care le-a avut domnul Boc dup\u0103 ce \u0219i-a anun\u021bat candidatura sau \u00eenscrierea lui Traian B\u0103sescu \u00een PMP \u0219i a\u0219 vrea s\u0103 \u0219tiu foarte clar, \u00een calitate de copre\u0219edinte al acestui partid, dac\u0103 este trup \u0219i suflet \u00een aceast\u0103 formul\u0103 sau se uit\u0103 cumva \u00een spate \u0219i poate vrea altceva, poate vrea alt proiect, poarte vrea s\u0103 fac\u0103 un pas lateral. Nu \u0219tiu. R\u0103m\u00e2ne de v\u0103zut. Nu-mi este foarte clar\u0103 direc\u021bia de la Prim\u0103ria Cluj-Napoca, nu \u0219tiu dac\u0103 va fi Emil Boc. Nu mai sunt at\u00e2t de sigur\u0103 dac\u0103 Emil Boc va fi candidatul&#8221;, a declarat Alina Gorghiu la B1 TV.<\/p>\n<p data-index=\"4\">Ea a precizat c\u0103 va exista o discu\u021bie, \u00een mod cert, \u00een interiorul PNL cu privire la candidatura lui Emil Boc la alegerile locale.<\/p>\n<p data-index=\"5\">Gorghiu a mai precizat c\u0103 integritatea este criteriul esen\u021bial \u00een ceea ce prive\u0219te desemnarea candida\u021bilor la acest scrutin.<\/p>\n<p data-index=\"6\">\u201eCandida\u021bii PNL pentru diverse administra\u021bii locale trebuie s\u0103 nu aib\u0103 probleme cu legea, s\u0103 respecte criteriile de integritate, trebuie s\u0103 aib\u0103 o preg\u0103tire profesional\u0103 care s\u0103-l recomande pentru func\u021bie \u00een administra\u021bie \u0219i trebuie s\u0103 aib\u0103 girul comunit\u0103\u021bii care va fi eviden\u021biat \u00eentr-o analiz\u0103 sociologic\u0103. \u00cencerc\u0103m s\u0103 ne \u021binem de aceast\u0103 re\u021bet\u0103\u201d, a ad\u0103ugat Gorghiu, subliniind c\u0103 liberalii cu probleme \u00een justi\u021bie fie \u0219i-au dat demisia, fie s-au retras.<\/p>\n<p data-index=\"7\">Citi\u021bi \u0219i:<\/p>\n<h5><a href=\"https:\/\/www.digi24.ro\/Stiri\/Digi24\/Actualitate\/Politica\/PNL+in+goana+dupa+primariile+puse+in+joc+in+2016+Cine+sunt+prete\" target=\"_blank\" data-skip-linkfix=\"1\" rel=\"noopener\">PNL, \u00een goana dup\u0103 prim\u0103riile puse \u00een joc \u00een 2016. Cine sunt candida\u0163ii \u00eenscri\u015fi \u00een lupta pentru putere<\/a><\/h5>\n<\/div>\n<p> Source URL: https:\/\/www.digi24.ro\/stiri\/actualitate\/politica\/a-gorghiu-nu-mai-sunt-atat-de-sigura-ca-boc-va-fi-candidatul-pnl-la-primaria-cluj-napoca-428974<\/p>\n","protected":false},"excerpt":{"rendered":"<p>Emil Boc, selfie cu participan\u021bi la festivalul UNTOLD FOTO: Digi24 \u00a0\u201e\u0218i-a depus candidatura domnul Boc. O s\u0103 fie o discu\u021bie, pentru c\u0103 nu a\u0219 vrea s\u0103 re\u00eenviez sensibilit\u0103\u021bi pe care le-a avut domnul Boc dup\u0103 ce \u0219i-a anun\u021bat candidatura sau \u00eenscrierea lui Traian B\u0103sescu \u00een PMP \u0219i a\u0219 vrea s\u0103 \u0219tiu foarte clar, \u00een calitate [&hellip;]<\/p>\n","protected":false},"author":1,"featured_media":175834,"comment_status":"open","ping_status":"","sticky":false,"template":"","format":"standard","meta":{"footnotes":""},"categories":[2],"tags":[11],"class_list":["post-175833","post","type-post","status-publish","format-standard","has-post-thumbnail","hentry","category-politics","tag-digi24"],"_links":{"self":[{"href":"https:\/\/analyse.optim.biz\/index.php?rest_route=\/wp\/v2\/posts\/175833","targetHints":{"allow":["GET"]}}],"collection":[{"href":"https:\/\/analyse.optim.biz\/index.php?rest_route=\/wp\/v2\/posts"}],"about":[{"href":"https:\/\/analyse.optim.biz\/index.php?rest_route=\/wp\/v2\/types\/post"}],"author":[{"embeddable":true,"href":"https:\/\/analyse.optim.biz\/index.php?rest_route=\/wp\/v2\/users\/1"}],"replies":[{"embeddable":true,"href":"https:\/\/analyse.optim.biz\/index.php?rest_route=%2Fwp%2Fv2%2Fcomments&post=175833"}],"version-history":[{"count":0,"href":"https:\/\/analyse.optim.biz\/index.php?rest_route=\/wp\/v2\/posts\/175833\/revisions"}],"wp:featuredmedia":[{"embeddable":true,"href":"https:\/\/analyse.optim.biz\/index.php?rest_route=\/wp\/v2\/media\/175834"}],"wp:attachment":[{"href":"https:\/\/analyse.optim.biz\/index.php?rest_route=%2Fwp%2Fv2%2Fmedia&parent=175833"}],"wp:term":[{"taxonomy":"category","embeddable":true,"href":"https:\/\/analyse.optim.biz\/index.php?rest_route=%2Fwp%2Fv2%2Fcategories&post=175833"},{"taxonomy":"post_tag","embeddable":true,"href":"https:\/\/analyse.optim.biz\/index.php?rest_route=%2Fwp%2Fv2%2Ftags&post=175833"}],"curies":[{"name":"wp","href":"https:\/\/api.w.org\/{rel}","templated":true}]}}