{"id":175822,"date":"2015-08-19T08:23:23","date_gmt":"2015-08-19T05:23:23","guid":{"rendered":"https:\/\/analyse.optim.biz\/?p=175822"},"modified":"2015-08-19T08:23:23","modified_gmt":"2015-08-19T05:23:23","slug":"gabriel-oprea-ia-profil-de-candidat-unpr-a-prezentat-un-plan-politic-national","status":"publish","type":"post","link":"https:\/\/analyse.optim.biz\/?p=175822","title":{"rendered":"Gabriel Oprea ia profil de candidat. UNPR a prezentat un Plan Politic Na\u021bional"},"content":{"rendered":"<div class=\"entry data-app-meta data-app-meta-article\" data-embed-base-url-canonical=\"https:\/\/www.digi24.ro\/embed\/stiri\/actualitate\/politica\/gabriel-oprea-ia-profil-de-candidat-unpr-a-prezentat-un-plan-politic-national-429028\">\n<p data-index=\"1\">Salarii mari pentru medici \u015fi profesori, confiscarea averilor ilicite \u015fi sprijin mai mare pentru Republica Moldova. Sunt doar c\u00e2teva dintre punctele programului lansat de UNPR. Gabriel Oprea sus\u0163ine c\u0103 nu s-a consultat cu partenerii de coali\u0163ie, dar c\u0103 sunt deziderate fire\u015fti care nu pot sup\u0103ra pe nimeni.<\/p>\n<p data-index=\"2\">Social-democra\u0163ii sus\u0163in c\u0103 nu sunt deranja\u0163i de manifest\u0103rile de independen\u0163\u0103 ale partenerilor de guvernare.<\/p>\n<p data-index=\"3\">\u201e<span>Sigur c\u0103 odat\u0103 cu apropierea alegerilor locale \u0219i parlamentare cresc interven\u021biile \u00een sensul de a discuta noi variante, noi formule de guvernare. Dialogul sigur c\u0103 na\u0219te \u0219i dispute \u0219i controverse, dar \u00een mod clar dialogul poate veni \u0219i cu solu\u021bii care atunci c\u00e2nd sunt asumate de o formul\u0103 guvernamental\u0103 ele se \u0219i \u00eent\u00e2mpl\u0103. Altfel, r\u0103m\u00e2n doar programe de guvernare ale opozi\u021biei\u201d, a comentat<strong> C\u0103t\u0103lin Nechifor<\/strong>, pre\u0219edintele CJ Suceava.<\/span><\/p>\n<p data-index=\"4\">Anali\u015ftii politici spun c\u0103 UNPR nu va merge, totu\u015fi, pe cont propriu \u00een alegeri, chiar dac\u0103 pare c\u0103 Gabriel Oprea vrea s\u0103 ia distan\u0163\u0103 fa\u0163\u0103 de PSD \u015fi s\u0103 aib\u0103 proiecte individuale.<\/p>\n<p data-index=\"5\">\u201e<span>Nu cred c\u0103 \u00ee\u015fi permite pe moment un conflict foarte deschis cu oricare dintre cele dou\u0103 p\u0103r\u0163i. E clar c\u0103 el nu poate de unul singur s\u0103-\u015fi fac\u0103 partidul s\u0103 c\u00e2\u015ftige foarte mult, chiar pe list\u0103. \u015ei atunci va \u00eencerca s\u0103 mearg\u0103 la negociere. Sunt partide care \u015ftiu sigur c\u0103 nu au un bazin electoral propriu \u0219i care, neav\u00e2nd un program foarte clar, iau de la st\u00e2nga \u015fi de la dreapta absolut orice, \u00een mod c\u00e2t se poate de populist \u015fi, \u00een momentul \u00een care au un num\u0103r suficient de parlamentari, negociaz\u0103\u201d, spune politologul <strong>Andrei \u021a\u0103rnea<\/strong>.<\/span><\/p>\n<p data-index=\"6\">Pre\u015fedintele UNPR spune c\u0103 va trece la implementarea programului na\u0163ional \u00een decembrie, anul acesta. \u00a0<\/p>\n<p data-index=\"7\">\u00a0<span><strong>Planul lui Gabriel Oprea<\/strong><\/span><\/p>\n<p data-index=\"8\"><strong>DECLARA\u021aIE DE PRES\u0102<\/strong><\/p>\n<p data-index=\"9\">\u201eUNPR lanseaz\u0103 ast\u0103zi spre dezbatere \u00een spa\u021biul public\u00a05 teme majore din Planul Politic Na\u021bional \u201eSiguran\u021b\u0103 \u0219i Prosperitate pentru Rom\u00e2nia\u201d. Acest document lansat \u0219i asumat de UNPR abordeaz\u0103 subiecte extrem de importante pentru societate \u0219i definitorii pentru noi ca partid.<\/p>\n<p data-index=\"10\">Am spus mereu c\u0103 UNPR este partidul interesului na\u021bional. Iar interesul na\u021bional \u00eenseamn\u0103 siguran\u021b\u0103 \u0219i prosperitate pentru Rom\u00e2nia. C\u00e2nd vorbim despre siguran\u021b\u0103, ne referim la siguran\u021ba public\u0103, la siguran\u021ba locului de munc\u0103, la siguran\u021ba zilei de m\u00e2ine, dar \u0219i la siguran\u021ba \u0219i securitatea Rom\u00e2niei. C\u00e2nd vorbim despre prosperitate, ne referim la prosperitatea \u021b\u0103rii, dar \u0219i a fiec\u0103rei familii \u00een parte.<\/p>\n<p data-index=\"11\">Cele cinci teme de interes major din\u00a0Planul Politic Na\u021bional\u00a0\u201cSiguran\u021b\u0103 \u0219i Prosperitate pentru Rom\u00e2nia\u201d,\u00a0sunt: rena\u0219terea na\u021bional\u0103, func\u021bionarea statului, rolul Rom\u00e2niei \u00een lume, func\u021bionarea economiei \u0219i noul stat social. La aproape 100 de ani de la Unirea din 1918 consider c\u0103 suntem obliga\u021bi s\u0103 definim o viziune pe termen lung pentru Rom\u00e2nia.<\/p>\n<p data-index=\"12\">UNPR \u00ee\u0219i asum\u0103 aceast\u0103 misiune \u0219i invit\u0103 toate partidele la un dialog onest pe aceste teme. Rom\u00e2nia are nevoie de m\u0103suri coerente \u0219i consecvente care s\u0103 dep\u0103\u0219easc\u0103 orizontul unui mandat de 4 ani. Pentru noi, Planul Politic Na\u021bional Siguran\u021b\u0103 \u0219i Prosperitate pentru Rom\u00e2nia este punctul de plecare \u00een aceste discu\u021bii. Prin urmare, voi prezenta viziunea UNPR pe fiecare dintre temele men\u021bionate.<\/p>\n<p data-index=\"13\">1. RENA\u0218TAREA NA\u021aIONAL\u0102 prive\u0219te restabilirea echilibrului demografic, av\u00e2nd totodat\u0103 \u0219i o component\u0103 identitar\u0103 at\u00e2t pe rela\u021bia cu rom\u00e2nii din \u021bar\u0103, c\u00e2t \u0219i pe rela\u021bia cu rom\u00e2nii din diaspora.<\/p>\n<p data-index=\"14\">UNPR consider\u0103 c\u0103 rena\u0219terea na\u021bional\u0103 este str\u00e2ns legat\u0103 de valorile familiei. Familia trebuie s\u0103 fie \u00een centrul tuturor preocup\u0103rilor clasei politice. Munca, solidaritatea, iubirea de \u021bar\u0103 \u0219i de semeni, credin\u021ba, toate se \u00eenva\u021b\u0103 \u00een familie. Siguran\u021ba \u0219i prosperitatea sunt mai valoroase c\u00e2nd benefciarul direct este familia. \u0218i nu \u00een ultimul r\u00e2nd, familia este garan\u021bia p\u0103str\u0103rii identit\u0103\u021bii na\u021bionale.<\/p>\n<p data-index=\"15\">Prin urmare ceea ce propunem nou pe scena politic\u0103 este guvernarea orientat\u0103 spre familii \u0219i nu spre indivizi. Familia trebuie s\u0103 fie principalul beneficiar al politicilor guvernamentale, iar acest lucru trebuie s\u0103 se reg\u0103seasc\u0103 \u00een toate domeniile administrate public.<\/p>\n<p data-index=\"16\">Ca m\u0103suri concrete, rena\u0219terea na\u021bional\u0103 presupune sus\u021binerea familiilor cu copii nu at\u00e2t prin stimulente directe, c\u00e2t prin servicii publice de calitate care s\u0103 r\u0103spund\u0103 nevoilor reale pe care le au p\u0103rin\u021bii.<\/p>\n<p data-index=\"17\">De exemplu, propunem cre\u0219terea num\u0103rului de cre\u0219e publice care s\u0103 poat\u0103 \u00eengriji copiii \u00eencep\u00e2nd de la v\u00e2rsta de un an, atunci c\u00e2nd mamele se re\u00eentorc la munc\u0103; propunem extinderea programelor de tip \u0219coal\u0103 dup\u0103 \u0219coal\u0103 gratuite, p\u00e2n\u0103 la ora 18.00, pentru armonizarea programului elevilor cu programul p\u0103rin\u021bilor.<\/p>\n<p data-index=\"18\">\u00a0Tot pe direc\u021bia rena\u0219terii na\u021bionale, pe rela\u021bia cu diaspora, trebuie s\u0103 ne uit\u0103m mai bine la nevoile reale pe care le au familiile de rom\u00e2ni din afara grani\u021belor. Se cheltuie prea mul\u021bi bani pe festivaluri folclorice \u0219i expozitii de art\u0103, \u00een loc ca unele din aceste fonduri s\u0103 fie cheltuite pentru \u0219coli sau m\u0103car cursuri de istoria rom\u00e2nilor \u0219i de limba rom\u00e2n\u0103.<\/p>\n<p data-index=\"19\">2. Cea de-a doua tem\u0103 pe care o supunem dezbaterii este FUNC\u021aIONAREA STATULUI. Trebuie s\u0103 fim con\u0219tien\u021bi c\u0103 suntem departe de ceea ce-\u0219i doresc rom\u00e2nii de la statul rom\u00e2n. Educa\u021bia \u0219i s\u0103n\u0103tatea sunt gratuite doar pe h\u00e2rtie, iar administra\u021bia public\u0103, de\u0219i supradimensionat\u0103, nu \u00eendepline\u0219te cerin\u021bele \u00een ceea ce prive\u0219te competen\u021ba \u0219i eficien\u021ba.<\/p>\n<p data-index=\"20\">Ca m\u0103suri concrete, viz\u0103m evident o cre\u0219tere a salariilor \u00een sistemul public. \u00cens\u0103 trebuie s\u0103 fim con\u0219tien\u021bi c\u0103 aceste salarii nu sunt sustenabile f\u0103r\u0103 o reorganizare a sistemului public. De asemenea, trebuie s\u0103 fim con\u0219tien\u021bi c\u0103 majorarea salariilor nu va duce de la sine la o \u00eembun\u0103t\u0103\u021bire a serviciilor publice.<\/p>\n<p data-index=\"21\">Administra\u021bia produce ast\u0103zi prea multe h\u00e2rtii \u0219i prea pu\u021bine solu\u021bii. Trebuie s\u0103 aducem \u00een sistem avantajele evolu\u021biilor tehnologice, trebuie s\u0103 recompens\u0103m competen\u021ba \u0219i, mai ales, s\u0103 reg\u00e2ndim toate procesele administrative astfel \u00eenc\u00e2t serviciile oferite s\u0103 se ridice la nivelul a\u0219tept\u0103rilor.<\/p>\n<p data-index=\"22\">De asemenea, un alt set de m\u0103suri trebuie s\u0103 duc\u0103 la o separare a apelor \u00eentre sistemul public \u0219i cel privat, mai ales \u00een domeniile s\u0103n\u0103tate \u0219i educa\u021bie. Ast\u0103zi, at\u00e2t profesorii c\u00e2t \u0219i medicii, sunt nevoi\u021bi, din cauza salariilor mici, s\u0103 \u00ee\u0219i ia jum\u0103tate de norm\u0103 \u0219i \u00een sistemul privat. \u00cens\u0103 lucrurile nu pot func\u021biona eficient a\u0219a.<\/p>\n<p data-index=\"23\">\u00centre sistemul public \u0219i cel privat trebuie s\u0103 existe competi\u021bie real\u0103 \u0219i nu o complicitate. Reforma \u00een educa\u021bie \u0219i s\u0103n\u0103tate trebuie s\u0103 \u00eensemne un salariu aproape dublu pentru profesori \u0219i medici.<\/p>\n<p data-index=\"24\">\u00a0\u00cen egal\u0103 m\u0103sur\u0103, trebuie s\u0103 \u00eensemne profesori \u0219i medici care 8 ore pe zi sunt efectiv la cursuri \u0219i, respectiv, \u00een spital.<\/p>\n<p data-index=\"25\">3. O alt\u0103 tem\u0103 major\u0103 este ROLUL ROM\u00c2NIEI \u00ceN LUME.<\/p>\n<p data-index=\"26\">UNPR consider\u0103 c\u0103 Rom\u00e2nia trebuie s\u0103-\u0219i asume mai clar destinul s\u0103u istoric \u00een regiune, \u00een special pe rela\u021bia cu Republica Moldova.<\/p>\n<p data-index=\"27\">Principala misiune pe care o avem este aceea de a semnala \u0219i de a explica \u00eentregii comunit\u0103\u021bi interna\u021bionale \u0219i \u00een special partenerilor no\u0219tri, importan\u021ba pe care Moldova o are \u00een evolu\u021biile geo-politice din regiune.<\/p>\n<p data-index=\"28\">Suntem membri NATO, suntem parteneri de \u00eencredere \u0219i ne-am c\u00e2\u0219tigat pe merit dreptul de a vorbi cu o voce mai puternic\u0103 \u00een spa\u021biul interna\u021bional.<\/p>\n<p data-index=\"29\">Ast\u0103zi trebuie s\u0103 ne asum\u0103m \u0219i beneficiile locului pe care \u00eel ocup\u0103m \u00een angrenajul euro-atlantic. Singurul parcurs realist pentru Republica Moldova este cel spre Uniunea European\u0103 \u0219i spre NATO. Iar Rom\u00e2nia trebuie s\u0103 se implice cu toat\u0103 for\u021ba \u0219i cu toat\u0103 energia ca un astfel de parcurs s\u0103 devin\u0103 realitate. \u00a0 \u00a0\u00a0<\/p>\n<p data-index=\"30\">4. FUNC\u021aIONAREA ECONOMIEI este o alt\u0103 tem\u0103 vital\u0103 pentru Rom\u00e2nia. Viziunea pe care ne-o asum\u0103m este consolidarea competitivit\u0103\u021bii economice na\u021bionale, \u021bin\u00e2nd cont de atuurile \u0219i oportunit\u0103\u021bile pe care le avem ca \u021bar\u0103.<\/p>\n<p data-index=\"31\">Sunt astfel cinci p\u00e2rghii pe care le putem ac\u021biona \u00een beneficiul Rom\u00e2niei: un cod fiscal care s\u0103 \u00eencurajeze investi\u021biile, facilit\u0103\u021bi pentru \u00eencurajarea capitalului rom\u00e2nesc, protejarea resursei umane \u00eenalt calificate, agricultura \u0219i dezvoltarea transporturilor.<\/p>\n<p data-index=\"32\">Toate partidele au vorbit p\u00e2n\u0103 acum despre aceste subiecte. \u00cens\u0103 ceea ce UNPR vrea s\u0103 aduc\u0103 nou este o asumare clar\u0103, tran\u0219ant\u0103 a interesului na\u021bional \u00een economie.<\/p>\n<p data-index=\"33\">Nu este normal ca multina\u021bionalele s\u0103 fie mai protejate \u00een Rom\u00e2nia dec\u00e2t sunt IMM-urile cu capital autohton.<\/p>\n<p data-index=\"34\">Nu este normal ca un str\u0103in s\u0103 poat\u0103 cump\u0103ra terenuri mai u\u0219or dec\u00e2t poate cump\u0103ra un agricultor rom\u00e2n.<\/p>\n<p data-index=\"35\">Nu este normal s\u0103 ne complacem \u00eentr-o economie de consum \u0219i s\u0103 toler\u0103m exportul de resurse \u0219i importul de produse finite.<\/p>\n<p data-index=\"36\">Suntem o \u021bar\u0103 european\u0103, dar s\u0103 nu \u00eencerc\u0103m s\u0103 fim mai europeni dec\u00e2t alte \u021b\u0103ri din Uniunea European\u0103. De exemplu, Fran\u021ba are politici draconice c\u00e2nd vine vorba despre v\u00e2nzarea terenurilor c\u0103tre str\u0103ini. Germania are instrumente extrem de eficiente \u00een a-\u0219i sus\u021bine IMM-urile cu capital autohton. Nu v\u0103d de ce Rom\u00e2nia ar trebui s\u0103 r\u0103m\u00e2n\u0103 naivul Europei. Trebuie s\u0103 c\u0103dem cu to\u021bii de acord c\u0103 ap\u0103rarea intereselor economice na\u021bionale este vital\u0103 \u0219i c\u0103 Rom\u00e2nia trebuie s\u0103 \u00eenve\u021be s\u0103 mai spun\u0103 \u0219i NU \u00een fa\u021ba intereselor altora.<\/p>\n<p data-index=\"37\">5. Cea de-a cincea tem\u0103 este legat\u0103 de NOUL STAT SOCIAL. Accentul trebuie s\u0103 se extind\u0103 treptat dinspre protec\u021bia de natur\u0103 material\u0103, adic\u0103 de la ajutoarele sociale, c\u0103tre protec\u021bia de natur\u0103 juridic\u0103, \u00een rela\u021biile de munc\u0103 \u0219i \u00een rela\u021biile de natur\u0103 comercial\u0103.<\/p>\n<p data-index=\"38\">M\u0103surile pe aceast\u0103 direc\u021bie vizeaz\u0103 restabilirea echilibrului acolo unde el a fost rupt \u00een anii tranzi\u021biei. Concret, trebuie restabilit echilibrul \u00eentre angaja\u021bi \u0219i angajatori, \u00eentre consumatorii \u0219i furnizorii de utilit\u0103\u021bi, \u00eentre cei cu venituri foarte mari \u0219i cei cu venituri foarte mici.<\/p>\n<p data-index=\"39\">Astfel, sus\u021binem taxarea suplimentar\u0103 a marilor averi \u0219i a profiturilor excep\u021bionale, sus\u021binem ca amenzile s\u0103 fie propor\u021bionale cu cifra de afaceri \u0219i sus\u021binem ca institu\u021biile s\u0103 vegheze cu mai mult\u0103 aten\u021bie la modul \u00een care multina\u021bionalele respect\u0103 legisla\u021bia muncii.<\/p>\n<p data-index=\"40\">Consider c\u0103 vremea \u00een care Rom\u00e2nia era \u021bara tuturor posibilit\u0103\u021bilor a trecut. Ast\u0103zi Rom\u00e2nia trebuie s\u0103 fie \u021bara tuturor cet\u0103\u021benilor ei.<\/p>\n<p data-index=\"41\">Cele cinci teme pe care le propunem sub titlul \u201eSiguran\u021ba \u0219i Prosperitatea Rom\u00e2niei\u201d au la baz\u0103 viziunea UNPR despre interesul na\u021bional, despre valorile familiei \u0219i despre valorile na\u021bionale. \u0218tiu c\u0103 urmeaz\u0103 un an electoral \u00een care partidele vor propune proiecte \u0219i solu\u021bii.<\/p>\n<p data-index=\"42\">\u00cens\u0103 \u00eemi doresc ca aceast\u0103 baz\u0103 de discu\u021bie pe care UNPR o lanseaz\u0103 ast\u0103zi s\u0103 \u00eencurajeze solu\u021biile responsabile \u0219i s\u0103 descurajeze populismul. Indiferent de partidul din care facem parte, avem aceea\u0219i obliga\u021bie fa\u021b\u0103 de Rom\u00e2ni \u0219i fa\u021b\u0103 de Rom\u00e2nia.<\/p>\n<p data-index=\"43\">UNPR \u00ee\u0219i va asuma \u00een continuare rolul de punte de dialog \u00een politica rom\u00e2neasc\u0103 \u0219i va face tot posibilul ca partidele parlamentare s\u0103 ajung\u0103 la consens pe cele mai importante teme pentru viitor.<\/p>\n<p data-index=\"44\">Sper s\u0103 g\u0103sim aceea\u0219i bun\u0103-credin\u021b\u0103 din partea partenerilor \u0219i, mai ales, \u00eemi doresc ca \u00eentreaga societate s\u0103 participe la formularea solu\u021biilor pe care clasa politic\u0103 s\u0103 \u0219i le asume de acum \u00eenainte\u201d.<\/p>\n<p data-index=\"45\"><span><strong><br \/><\/strong><\/span><\/p>\n<\/div>\n<p> Source URL: https:\/\/www.digi24.ro\/stiri\/actualitate\/politica\/gabriel-oprea-ia-profil-de-candidat-unpr-a-prezentat-un-plan-politic-national-429028<\/p>\n","protected":false},"excerpt":{"rendered":"<p>Salarii mari pentru medici \u015fi profesori, confiscarea averilor ilicite \u015fi sprijin mai mare pentru Republica Moldova. Sunt doar c\u00e2teva dintre punctele programului lansat de UNPR. Gabriel Oprea sus\u0163ine c\u0103 nu s-a consultat cu partenerii de coali\u0163ie, dar c\u0103 sunt deziderate fire\u015fti care nu pot sup\u0103ra pe nimeni. Social-democra\u0163ii sus\u0163in c\u0103 nu sunt deranja\u0163i de manifest\u0103rile [&hellip;]<\/p>\n","protected":false},"author":1,"featured_media":175823,"comment_status":"open","ping_status":"","sticky":false,"template":"","format":"standard","meta":{"footnotes":""},"categories":[2],"tags":[11],"class_list":["post-175822","post","type-post","status-publish","format-standard","has-post-thumbnail","hentry","category-politics","tag-digi24"],"_links":{"self":[{"href":"https:\/\/analyse.optim.biz\/index.php?rest_route=\/wp\/v2\/posts\/175822","targetHints":{"allow":["GET"]}}],"collection":[{"href":"https:\/\/analyse.optim.biz\/index.php?rest_route=\/wp\/v2\/posts"}],"about":[{"href":"https:\/\/analyse.optim.biz\/index.php?rest_route=\/wp\/v2\/types\/post"}],"author":[{"embeddable":true,"href":"https:\/\/analyse.optim.biz\/index.php?rest_route=\/wp\/v2\/users\/1"}],"replies":[{"embeddable":true,"href":"https:\/\/analyse.optim.biz\/index.php?rest_route=%2Fwp%2Fv2%2Fcomments&post=175822"}],"version-history":[{"count":0,"href":"https:\/\/analyse.optim.biz\/index.php?rest_route=\/wp\/v2\/posts\/175822\/revisions"}],"wp:featuredmedia":[{"embeddable":true,"href":"https:\/\/analyse.optim.biz\/index.php?rest_route=\/wp\/v2\/media\/175823"}],"wp:attachment":[{"href":"https:\/\/analyse.optim.biz\/index.php?rest_route=%2Fwp%2Fv2%2Fmedia&parent=175822"}],"wp:term":[{"taxonomy":"category","embeddable":true,"href":"https:\/\/analyse.optim.biz\/index.php?rest_route=%2Fwp%2Fv2%2Fcategories&post=175822"},{"taxonomy":"post_tag","embeddable":true,"href":"https:\/\/analyse.optim.biz\/index.php?rest_route=%2Fwp%2Fv2%2Ftags&post=175822"}],"curies":[{"name":"wp","href":"https:\/\/api.w.org\/{rel}","templated":true}]}}