{"id":175811,"date":"2015-08-19T11:10:34","date_gmt":"2015-08-19T08:10:34","guid":{"rendered":"https:\/\/analyse.optim.biz\/?p=175811"},"modified":"2015-08-19T11:10:34","modified_gmt":"2015-08-19T08:10:34","slug":"politicienii-pozeaza-in-oameni-populari-pe-facebook","status":"publish","type":"post","link":"https:\/\/analyse.optim.biz\/?p=175811","title":{"rendered":"Politicienii pozeaz\u0103 \u00een oameni populari pe Facebook"},"content":{"rendered":"<div class=\"entry data-app-meta data-app-meta-article\" data-embed-base-url-canonical=\"https:\/\/www.digi24.ro\/embed\/stiri\/actualitate\/politica\/politicienii-pozeaza-in-oameni-populari-pe-facebook-429090\">\n<p data-index=\"1\">Printre parlamentarii care au postat pe Facebook fotografii din mijlocul aleg\u0103torilor se num\u0103r\u0103 liberalul Cristian Bodea, chestor al Senatului. El a participat recent la Zilele comunei Dobre\u0219ti. <em><strong>\u201eDup\u0103 un maslu la V\u00e2rciorog\u201d<\/strong><\/em>, a \u0163inut s\u0103 precizeze. La serbarea unei comune a participat \u015fi deputatul PSD de Bihor, Ioan Sorin Roman.<\/p>\n<p data-index=\"2\">Anali\u015ftii spun c\u0103 prezen\u0163a oamenilor politici \u00een mijlocul comunit\u0103\u0163ii este necesar\u0103. Dar atrag aten\u0163ia c\u0103 excesul de popularitate face r\u0103u.<\/p>\n<p data-index=\"3\">Valeriu Turcan, analist politic, spune c\u0103 <em><strong>\u201eimportant este s\u0103 nu se ajung\u0103 \u00een punctul \u00een care omul politic este prezent la toate botezurile \u015fi cununiile din mijlocul comunit\u0103\u0163ii pe care o reprezint\u0103. Astfel de situa\u0163ii ar fi percepute \u00een mod clar unele artificiale. Trebuie g\u0103sit acel punct de echilibru \u00eentre nevoia ca el s\u0103 fie prezent \u00een mijlocul comunit\u0103\u0163ii \u015fi grija pentru a nu fi perceput ca demagog, populist.\u201d<\/strong><\/em><\/p>\n<p data-index=\"4\">Fostul pre\u015fedinte Traian B\u0103sescu este unul dintre politicienii care \u015fi-a construit imaginea \u015fi cu astfel de particip\u0103ri la manifest\u0103ri populare. \u015ei nu a renun\u0163at la acest obicei. A postat pe Facebook fotografii de la sf\u00e2r\u015fitul s\u0103pt\u0103m\u00e2nii trecute, c\u00e2nd a fost la o serbare c\u00e2mpeneasc\u0103 \u00een jude\u0163ul Alba.\u00a0<\/p>\n<p data-index=\"5\">Un politician foarte activ pe Facebook este senatorul PNL Steliana Miron. <em><strong>\u201eEu prietenilor vreau s\u0103 le ar\u0103t activitatea mea. Vreau s\u0103 le ar\u0103t c\u0103 sunt \u015fi om politic, sunt \u015fi mam\u0103, sunt \u015fi so\u0163ie, adic\u0103 vreau s\u0103 le ar\u0103t omul care sunt eu, f\u0103r\u0103 s\u0103 fac teatru c\u0103 fac politic\u0103. Da, fac politic\u0103 \u015fi iubesc ceea ce fac, dar am \u015fi eu un copil, merg \u015fi eu \u00een parc, merg \u00eentr-o vacan\u0163\u0103, merg la o nunt\u0103, la un botez, la un festival\u201d<\/strong><\/em> a declarat aceasta.<\/p>\n<p data-index=\"6\">Printre politicienii care au postat fotografii populare este \u015fi deputatul PNL, <a href=\"\" target=\"_blank\" data-skip-linkfix=\"1\" rel=\"noopener\">Andreea Paul<\/a>. Ea a participat \u00een urm\u0103 cu c\u00e2teva zile la S\u0103rb\u0103toarea ora\u015fului Negre\u0219ti-Oa\u015f.<\/p>\n<\/div>\n<p> Source URL: https:\/\/www.digi24.ro\/stiri\/actualitate\/politica\/politicienii-pozeaza-in-oameni-populari-pe-facebook-429090<\/p>\n","protected":false},"excerpt":{"rendered":"<p>Printre parlamentarii care au postat pe Facebook fotografii din mijlocul aleg\u0103torilor se num\u0103r\u0103 liberalul Cristian Bodea, chestor al Senatului. El a participat recent la Zilele comunei Dobre\u0219ti. \u201eDup\u0103 un maslu la V\u00e2rciorog\u201d, a \u0163inut s\u0103 precizeze. La serbarea unei comune a participat \u015fi deputatul PSD de Bihor, Ioan Sorin Roman. Anali\u015ftii spun c\u0103 prezen\u0163a oamenilor [&hellip;]<\/p>\n","protected":false},"author":1,"featured_media":175812,"comment_status":"open","ping_status":"","sticky":false,"template":"","format":"standard","meta":{"footnotes":""},"categories":[2],"tags":[11],"class_list":["post-175811","post","type-post","status-publish","format-standard","has-post-thumbnail","hentry","category-politics","tag-digi24"],"_links":{"self":[{"href":"https:\/\/analyse.optim.biz\/index.php?rest_route=\/wp\/v2\/posts\/175811","targetHints":{"allow":["GET"]}}],"collection":[{"href":"https:\/\/analyse.optim.biz\/index.php?rest_route=\/wp\/v2\/posts"}],"about":[{"href":"https:\/\/analyse.optim.biz\/index.php?rest_route=\/wp\/v2\/types\/post"}],"author":[{"embeddable":true,"href":"https:\/\/analyse.optim.biz\/index.php?rest_route=\/wp\/v2\/users\/1"}],"replies":[{"embeddable":true,"href":"https:\/\/analyse.optim.biz\/index.php?rest_route=%2Fwp%2Fv2%2Fcomments&post=175811"}],"version-history":[{"count":0,"href":"https:\/\/analyse.optim.biz\/index.php?rest_route=\/wp\/v2\/posts\/175811\/revisions"}],"wp:featuredmedia":[{"embeddable":true,"href":"https:\/\/analyse.optim.biz\/index.php?rest_route=\/wp\/v2\/media\/175812"}],"wp:attachment":[{"href":"https:\/\/analyse.optim.biz\/index.php?rest_route=%2Fwp%2Fv2%2Fmedia&parent=175811"}],"wp:term":[{"taxonomy":"category","embeddable":true,"href":"https:\/\/analyse.optim.biz\/index.php?rest_route=%2Fwp%2Fv2%2Fcategories&post=175811"},{"taxonomy":"post_tag","embeddable":true,"href":"https:\/\/analyse.optim.biz\/index.php?rest_route=%2Fwp%2Fv2%2Ftags&post=175811"}],"curies":[{"name":"wp","href":"https:\/\/api.w.org\/{rel}","templated":true}]}}