{"id":175800,"date":"2015-08-19T15:20:15","date_gmt":"2015-08-19T12:20:15","guid":{"rendered":"https:\/\/analyse.optim.biz\/?p=175800"},"modified":"2015-08-19T15:20:15","modified_gmt":"2015-08-19T12:20:15","slug":"calin-popescu-tariceanu-ameninta-ca-parlamentarii-alde-nu-vor-vota-codul-fiscal","status":"publish","type":"post","link":"https:\/\/analyse.optim.biz\/?p=175800","title":{"rendered":"C\u0103lin Popescu T\u0103riceanu amenin\u021b\u0103 c\u0103 parlamentarii ALDE nu vor vota Codul fiscal\u00a0"},"content":{"rendered":"<div class=\"entry data-app-meta data-app-meta-article\" data-embed-base-url-canonical=\"https:\/\/www.digi24.ro\/embed\/stiri\/actualitate\/politica\/calin-popescu-tariceanu-ameninta-ca-parlamentarii-alde-nu-vor-vota-codul-fiscal-429187\">\n<p data-index=\"1\">\u201eEu cred c\u0103 TVA trebuie redus la 19%. ALDE va sus\u021bine actualul Cod fiscal \u00een forma lui \u00een care a fost adoptat\u0103 \u00een Parlament. E o chestiune de angajament fa\u021b\u0103 de partenerii sociali, din mediul economic, fa\u021b\u0103 de de coali\u021bia pentru dezvoltare cu care am convenit aceste m\u0103suri. P\u00e2n\u0103 s\u0103 ajungem la vot, vom avea o \u0219edint\u0103 a coali\u021biei, \u00een care fiecare va veni cu argumente\u201d, a declarat copre\u0219edintele ALDE,<strong> C\u0103lin Popescu T\u0103riceanu.\u00a0<\/strong><\/p>\n<\/div>\n<p> Source URL: https:\/\/www.digi24.ro\/stiri\/actualitate\/politica\/calin-popescu-tariceanu-ameninta-ca-parlamentarii-alde-nu-vor-vota-codul-fiscal-429187<\/p>\n","protected":false},"excerpt":{"rendered":"<p>\u201eEu cred c\u0103 TVA trebuie redus la 19%. ALDE va sus\u021bine actualul Cod fiscal \u00een forma lui \u00een care a fost adoptat\u0103 \u00een Parlament. E o chestiune de angajament fa\u021b\u0103 de partenerii sociali, din mediul economic, fa\u021b\u0103 de de coali\u021bia pentru dezvoltare cu care am convenit aceste m\u0103suri. P\u00e2n\u0103 s\u0103 ajungem la vot, vom avea [&hellip;]<\/p>\n","protected":false},"author":1,"featured_media":175801,"comment_status":"open","ping_status":"","sticky":false,"template":"","format":"standard","meta":{"footnotes":""},"categories":[2],"tags":[11],"class_list":["post-175800","post","type-post","status-publish","format-standard","has-post-thumbnail","hentry","category-politics","tag-digi24"],"_links":{"self":[{"href":"https:\/\/analyse.optim.biz\/index.php?rest_route=\/wp\/v2\/posts\/175800","targetHints":{"allow":["GET"]}}],"collection":[{"href":"https:\/\/analyse.optim.biz\/index.php?rest_route=\/wp\/v2\/posts"}],"about":[{"href":"https:\/\/analyse.optim.biz\/index.php?rest_route=\/wp\/v2\/types\/post"}],"author":[{"embeddable":true,"href":"https:\/\/analyse.optim.biz\/index.php?rest_route=\/wp\/v2\/users\/1"}],"replies":[{"embeddable":true,"href":"https:\/\/analyse.optim.biz\/index.php?rest_route=%2Fwp%2Fv2%2Fcomments&post=175800"}],"version-history":[{"count":0,"href":"https:\/\/analyse.optim.biz\/index.php?rest_route=\/wp\/v2\/posts\/175800\/revisions"}],"wp:featuredmedia":[{"embeddable":true,"href":"https:\/\/analyse.optim.biz\/index.php?rest_route=\/wp\/v2\/media\/175801"}],"wp:attachment":[{"href":"https:\/\/analyse.optim.biz\/index.php?rest_route=%2Fwp%2Fv2%2Fmedia&parent=175800"}],"wp:term":[{"taxonomy":"category","embeddable":true,"href":"https:\/\/analyse.optim.biz\/index.php?rest_route=%2Fwp%2Fv2%2Fcategories&post=175800"},{"taxonomy":"post_tag","embeddable":true,"href":"https:\/\/analyse.optim.biz\/index.php?rest_route=%2Fwp%2Fv2%2Ftags&post=175800"}],"curies":[{"name":"wp","href":"https:\/\/api.w.org\/{rel}","templated":true}]}}