{"id":175789,"date":"2015-08-19T22:08:20","date_gmt":"2015-08-19T19:08:20","guid":{"rendered":"https:\/\/analyse.optim.biz\/?p=175789"},"modified":"2015-08-19T22:08:20","modified_gmt":"2015-08-19T19:08:20","slug":"prioritatile-partidelor-in-noua-sesiune-parlamentara","status":"publish","type":"post","link":"https:\/\/analyse.optim.biz\/?p=175789","title":{"rendered":"Priorit\u0103\u021bile partidelor \u00een noua sesiune parlamentar\u0103"},"content":{"rendered":"<div class=\"entry data-app-meta data-app-meta-article\" data-embed-base-url-canonical=\"https:\/\/www.digi24.ro\/embed\/stiri\/actualitate\/politica\/prioritatile-partidelor-in-noua-sesiune-parlamentara-429334\">\n<p data-index=\"1\">Social-democra\u0163ii \u00ee\u015fi vor anun\u0163a oficial agenda dup\u0103 \u015fedin\u0163a conducerii, de la \u00eenceputul s\u0103pt\u0103m\u00e2nii viitoare. Prioritatea zero e \u00eens\u0103 <strong>adoptarea Codului Fiscal cu TVA<\/strong> de 20% \u015fi f\u0103r\u0103 alte modific\u0103ri cerute de Pre\u015fedinte.<\/p>\n<p data-index=\"2\">Marian Neac\u015fu, lider grup parlamentar PSD: <em>Este proiectul cel mai important \u00een opinia noastr\u0103 a acestui an. Ne-am propus s\u0103 \u00eel adopt\u0103m, dac\u0103 nu reu\u015fim \u00een sesiunea extraordinar\u0103 \u015fi dac\u0103 nu vom reu\u015fi prin consens, ceea ce ne dorim foarte tare, \u00eel vom adopta \u00een mod cert \u00een prima s\u0103pt\u0103m\u00e2n\u0103 de activitate.<\/em><\/p>\n<p data-index=\"3\">Aproape la fel de importante, pentru PSD, sunt<strong> legea salariz\u0103rii \u015fi cea privind achizi\u0163iile publice.<\/strong><\/p>\n<p data-index=\"4\">La r\u00e2ndul lor, liberalii vor s\u0103 adopte c\u00e2t mai urgent<strong> votul prin coresponden\u0163\u0103<\/strong>. Vor \u00eencerca s\u0103 discute actul normativ \u00een comisia de cod electoral chiar \u00eenainte de sesiunea obi\u015fnuit\u0103.<\/p>\n<p data-index=\"5\">Mario Oprea, senator PNL: <em>Ar urma o sesiune extraordinar\u0103 privind Codul fiscal. Noi am vrea ca pe ordinea de zi s\u0103 fie \u00eenclus\u0103 \u015fi votul prin coresponden\u0163\u0103 ca s\u0103-l reu\u015fim foarte repede vota \u015fi dac\u0103 nu, bine\u00een\u0163eles c\u0103 sesiunea ordinar\u0103 \u00eencepe de la 1 septembrie, este bine \u015fi atunci, numai s\u0103 se discute.<\/em><\/p>\n<p data-index=\"6\">UDMR declar\u0103, ca de fiecare dat\u0103, c\u0103 prioritar e <strong>statutul minorit\u0103\u0163ilor na\u0163ionale.<\/strong> P\u00e2n\u0103 la o decizie pe aceast\u0103 tem\u0103, parlamentarii UDMR sunt interesa\u021bi de Codul fiscal, dar \u015fi de <strong>modificarea Codului penal<\/strong>, am\u00e2nat\u0103 din var\u0103.<\/p>\n<p data-index=\"7\">Marton Arpad, deputat UDMR: <em>Foarte multe articole fiind declarate neconstitu\u0163ionale, iar\u0103\u015fi trebuie s\u0103 fie puse la punct pentru c\u0103 din moment ce exist\u0103 prevederi neconstitu\u0163ionale \u00een cele dou\u0103 coduri foarte importante, \u00eens\u0103\u015fi via\u0163a de zi cu zi poate s\u0103 aib\u0103 probleme.<\/em><\/p>\n<p data-index=\"8\">Noua sesiune legislativ\u0103 \u00eencepe pe 1 septembrie, dar politicienii revin mai repede la serviciu, pentru sesiunea extraordinar\u0103 programat\u0103 \u00eentre 24 \u015fi 26 august.<\/p>\n<\/div>\n<p> Source URL: https:\/\/www.digi24.ro\/stiri\/actualitate\/politica\/prioritatile-partidelor-in-noua-sesiune-parlamentara-429334<\/p>\n","protected":false},"excerpt":{"rendered":"<p>Social-democra\u0163ii \u00ee\u015fi vor anun\u0163a oficial agenda dup\u0103 \u015fedin\u0163a conducerii, de la \u00eenceputul s\u0103pt\u0103m\u00e2nii viitoare. Prioritatea zero e \u00eens\u0103 adoptarea Codului Fiscal cu TVA de 20% \u015fi f\u0103r\u0103 alte modific\u0103ri cerute de Pre\u015fedinte. Marian Neac\u015fu, lider grup parlamentar PSD: Este proiectul cel mai important \u00een opinia noastr\u0103 a acestui an. Ne-am propus s\u0103 \u00eel adopt\u0103m, dac\u0103 [&hellip;]<\/p>\n","protected":false},"author":1,"featured_media":175790,"comment_status":"open","ping_status":"","sticky":false,"template":"","format":"standard","meta":{"footnotes":""},"categories":[2],"tags":[11],"class_list":["post-175789","post","type-post","status-publish","format-standard","has-post-thumbnail","hentry","category-politics","tag-digi24"],"_links":{"self":[{"href":"https:\/\/analyse.optim.biz\/index.php?rest_route=\/wp\/v2\/posts\/175789","targetHints":{"allow":["GET"]}}],"collection":[{"href":"https:\/\/analyse.optim.biz\/index.php?rest_route=\/wp\/v2\/posts"}],"about":[{"href":"https:\/\/analyse.optim.biz\/index.php?rest_route=\/wp\/v2\/types\/post"}],"author":[{"embeddable":true,"href":"https:\/\/analyse.optim.biz\/index.php?rest_route=\/wp\/v2\/users\/1"}],"replies":[{"embeddable":true,"href":"https:\/\/analyse.optim.biz\/index.php?rest_route=%2Fwp%2Fv2%2Fcomments&post=175789"}],"version-history":[{"count":0,"href":"https:\/\/analyse.optim.biz\/index.php?rest_route=\/wp\/v2\/posts\/175789\/revisions"}],"wp:featuredmedia":[{"embeddable":true,"href":"https:\/\/analyse.optim.biz\/index.php?rest_route=\/wp\/v2\/media\/175790"}],"wp:attachment":[{"href":"https:\/\/analyse.optim.biz\/index.php?rest_route=%2Fwp%2Fv2%2Fmedia&parent=175789"}],"wp:term":[{"taxonomy":"category","embeddable":true,"href":"https:\/\/analyse.optim.biz\/index.php?rest_route=%2Fwp%2Fv2%2Fcategories&post=175789"},{"taxonomy":"post_tag","embeddable":true,"href":"https:\/\/analyse.optim.biz\/index.php?rest_route=%2Fwp%2Fv2%2Ftags&post=175789"}],"curies":[{"name":"wp","href":"https:\/\/api.w.org\/{rel}","templated":true}]}}