{"id":175778,"date":"2015-08-19T22:35:18","date_gmt":"2015-08-19T19:35:18","guid":{"rendered":"https:\/\/analyse.optim.biz\/?p=175778"},"modified":"2015-08-19T22:35:18","modified_gmt":"2015-08-19T19:35:18","slug":"politistii-si-profesorii-vor-si-ei-salarii-mai-mari-ce-le-raspunde-victor-ponta","status":"publish","type":"post","link":"https:\/\/analyse.optim.biz\/?p=175778","title":{"rendered":"Poli\u021bi\u0219tii \u0219i profesorii vor \u0219i ei salarii mai mari. Ce le r\u0103spunde Victor Ponta"},"content":{"rendered":"<div class=\"entry data-app-meta data-app-meta-article\" data-embed-base-url-canonical=\"https:\/\/www.digi24.ro\/embed\/stiri\/actualitate\/politica\/politistii-si-profesorii-vor-si-ei-salarii-mai-mari-ce-le-raspunde-victor-ponta-429348\">\n<p data-index=\"1\"><strong>\u00cen noiembrie anul trecut, Guvernul Ponta parafa un acord pe trei ani pentru o cre\u015ftere etapizat\u0103 a salariilor \u00een Educa\u0163ie. Anul acesta prima etap\u0103 a \u00eensemnat 5% la 1 martie \u015fi urmeaz\u0103 alta similar\u0103 \u00een toamn\u0103. Separat, 12% \u00een plus ar urma s\u0103 \u00eencaseze personalul nedidactic. Acum, sindicali\u015ftii v\u0103d c\u0103 nu c\u00e2\u015ftig\u0103, de fapt, mai nimic.<\/strong><\/p>\n<p data-index=\"2\">\u201c<span>\u00cen acordul semnat anul trecut, \u00eentr-adev\u0103r, Guvernul a venit cu aceast\u0103 ofert\u0103 de maximum 34% p\u00e2n\u0103 la finalul anului 2017. Acum constat\u0103m c\u0103 pentru S\u0103n\u0103tate s-a g\u0103sit solu\u0163ia de a se dubla salariile, tot p\u00e2n\u0103 la finalul anului 2017, deci un procent mult mai mare. Cerem renegocierea acordului, pentru c\u0103 datele problemei se schimb\u0103 radical\u201d, a spus Simion H\u0103ncescu, pre\u015fedintele Federa\u0163iei Sindicatelor Libere din \u00cenv\u0103\u0163\u0103m\u00e2nt (FSLI).<\/span><\/p>\n<p data-index=\"3\"><strong>\u201e<span>Fac apel pentru to\u0163i ceilal\u0163i, care au dreptate. \u015ei ei vor salarii mai mari \u015fi merit\u0103. S\u0103 facem cum am f\u0103cut \u00een ultimii patru ani: ne \u00een\u0163elegem, negociem \u015fi, c\u00e2nd putem, ne \u0163inem de cuv\u00e2nt. La Educa\u0163ie ne-am \u0163inut de cuv\u00e2nt, \u00een martie prima cre\u015ftere, \u00een octombrie a doua\u201d, a spus Victor Ponta.<\/span><\/strong><\/p>\n<p data-index=\"4\">Sindicali\u015ftii spun \u00eens\u0103 c\u0103, \u00een discu\u0163iile ini\u0163iale despre legea salariz\u0103rii, era vorba despre cre\u015fteri care, cumulat, urmau s\u0103 ating\u0103 70%. Acum se tem c\u0103 avalan\u015fa brusc\u0103 de major\u0103ri salariale \u00een alte domenii las\u0103 cadrele didactice pe ultimul loc.<\/p>\n<p data-index=\"5\">\u201e<span>Am auzit declara\u0163iile premierului \u015fi ale ministerului Educa\u0163iei, c\u0103 anul trecut am primit sentin\u0163ele judec\u0103tore\u015fti. Acelea nu sunt cre\u015fteri salariale, sunt drepturi c\u00e2\u015ftigate \u00een instan\u0163\u0103. Dar asta nu \u00eenseamn\u0103 cre\u015fterea salariilor. Sunt la fel de mici. De ce s\u0103 nu primeasc\u0103 \u015fi colegii mei din \u00eenv\u0103\u0163\u0103m\u00e2nt o prim\u0103 tran\u015f\u0103 privind cre\u015fterea salarial\u0103 de 25% \u00eencep\u00e2nd din acest an?\u201d, a declarat Marius Nistor, prepre\u015fedintele Federa\u0163iei Spiru Haret.<\/span><\/p>\n<p data-index=\"6\"><a href=\"https:\/\/www.digi24.ro\/Stiri\/Digi24\/Actualitate\/Educatie\/Profesorii+cer+si+ei+salarii+mai+mari\" target=\"_blank\" data-skip-linkfix=\"1\" rel=\"noopener\"><strong><span>Este o \u0163int\u0103 pentru care profesorii sunt preg\u0103ti\u0163i s\u0103 demareze proteste publice.<\/span><\/strong><\/a><\/p>\n<p data-index=\"7\">\u00cen Rom\u00e2nia sunt, \u00een acest moment, 1,2 milioane de angaja\u0163i \u00een sistemul bugetar, reprezent\u00e2nd 26% din efectivul total al salaria\u0163ilor din economie. Dintre ace\u015ftia, aproape 360.000 sunt \u00een sistemul de \u00eenv\u0103\u0163\u0103m\u00e2nt. \u00a0<\/p>\n<\/div>\n<p> Source URL: https:\/\/www.digi24.ro\/stiri\/actualitate\/politica\/politistii-si-profesorii-vor-si-ei-salarii-mai-mari-ce-le-raspunde-victor-ponta-429348<\/p>\n","protected":false},"excerpt":{"rendered":"<p>\u00cen noiembrie anul trecut, Guvernul Ponta parafa un acord pe trei ani pentru o cre\u015ftere etapizat\u0103 a salariilor \u00een Educa\u0163ie. Anul acesta prima etap\u0103 a \u00eensemnat 5% la 1 martie \u015fi urmeaz\u0103 alta similar\u0103 \u00een toamn\u0103. Separat, 12% \u00een plus ar urma s\u0103 \u00eencaseze personalul nedidactic. Acum, sindicali\u015ftii v\u0103d c\u0103 nu c\u00e2\u015ftig\u0103, de fapt, mai [&hellip;]<\/p>\n","protected":false},"author":1,"featured_media":175779,"comment_status":"open","ping_status":"","sticky":false,"template":"","format":"standard","meta":{"footnotes":""},"categories":[2],"tags":[11],"class_list":["post-175778","post","type-post","status-publish","format-standard","has-post-thumbnail","hentry","category-politics","tag-digi24"],"_links":{"self":[{"href":"https:\/\/analyse.optim.biz\/index.php?rest_route=\/wp\/v2\/posts\/175778","targetHints":{"allow":["GET"]}}],"collection":[{"href":"https:\/\/analyse.optim.biz\/index.php?rest_route=\/wp\/v2\/posts"}],"about":[{"href":"https:\/\/analyse.optim.biz\/index.php?rest_route=\/wp\/v2\/types\/post"}],"author":[{"embeddable":true,"href":"https:\/\/analyse.optim.biz\/index.php?rest_route=\/wp\/v2\/users\/1"}],"replies":[{"embeddable":true,"href":"https:\/\/analyse.optim.biz\/index.php?rest_route=%2Fwp%2Fv2%2Fcomments&post=175778"}],"version-history":[{"count":0,"href":"https:\/\/analyse.optim.biz\/index.php?rest_route=\/wp\/v2\/posts\/175778\/revisions"}],"wp:featuredmedia":[{"embeddable":true,"href":"https:\/\/analyse.optim.biz\/index.php?rest_route=\/wp\/v2\/media\/175779"}],"wp:attachment":[{"href":"https:\/\/analyse.optim.biz\/index.php?rest_route=%2Fwp%2Fv2%2Fmedia&parent=175778"}],"wp:term":[{"taxonomy":"category","embeddable":true,"href":"https:\/\/analyse.optim.biz\/index.php?rest_route=%2Fwp%2Fv2%2Fcategories&post=175778"},{"taxonomy":"post_tag","embeddable":true,"href":"https:\/\/analyse.optim.biz\/index.php?rest_route=%2Fwp%2Fv2%2Ftags&post=175778"}],"curies":[{"name":"wp","href":"https:\/\/api.w.org\/{rel}","templated":true}]}}