{"id":1755927,"date":"2026-02-03T13:06:24","date_gmt":"2026-02-03T10:06:24","guid":{"rendered":"https:\/\/analyse.optim.biz\/?p=1755927"},"modified":"2026-02-03T13:06:24","modified_gmt":"2026-02-03T10:06:24","slug":"gelateria-cristallo-e-caffe-bardolino-il-cuore-dolce-del-lago","status":"publish","type":"post","link":"https:\/\/analyse.optim.biz\/?p=1755927","title":{"rendered":"Gelateria Cristallo e Caff\u00e8 Bardolino: il cuore dolce del lago"},"content":{"rendered":"<p>[analyse_image type=&#8221;featured&#8221; src=&#8221;https:\/\/gfx.larena.it\/image\/contentid\/policy:1.12917274:1770123740\/image.jpg?f=16&#215;9&amp;h=450&amp;w=800&amp;$p$f$h$w=7061f55&#8243;]<\/p>\n<div class=\"lbox-main\">\n<div class=\"content-parts\">\n<div class=\"content-heading\">\n<h1>Gelateria Cristallo e Caff\u00e8 Bardolino: il cuore dolce del lago<\/h1>\n<div class=\"heading-nativeadv\">By Athesis Studio<\/div>\n<\/div>\n<div class=\"content-date-share\">\n<div class=\"content-date\">03 febbraio 2026<\/div>\n<ul class=\"share-links\">\n<li>\n<li>\n<li><a target=\"_blank\" class=\"share-twitter\" title=\"Condividi su Twitter\" href=\"https:\/\/twitter.com\/intent\/tweet?text=Gelateria+Cristallo+e+Caff%C3%A8+Bardolino%3A+il+cuore+dolce+del+lago&amp;url=https:\/\/www.larena.it\/publiadige\/pellini-caffe\/gelateria-cristallo-e-caffe-bardolino-il-cuore-dolce-del-lago-1.12917257\"><img loading=\"lazy\" decoding=\"async\" src=\"https:\/\/gfx.larena.it\/gfx\/lib\/ath-v1\/image\/twitter-x-white.svg\" width=\"20\" height=\"20\"><\/a><\/li>\n<li><\/ul>\n<\/div>\n<div class=\"sticky-footer\">\n<div class=\"share-footer d-lg-none\">\n<ul class=\"share-links\">\n<li>\n<li>\n<li><a target=\"_blank\" class=\"share-twitter\" title=\"Condividi su Twitter\" href=\"https:\/\/twitter.com\/intent\/tweet?text=Gelateria+Cristallo+e+Caff%C3%A8+Bardolino%3A+il+cuore+dolce+del+lago&amp;url=https:\/\/www.larena.it\/publiadige\/pellini-caffe\/gelateria-cristallo-e-caffe-bardolino-il-cuore-dolce-del-lago-1.12917257\"><img loading=\"lazy\" decoding=\"async\" src=\"https:\/\/gfx.larena.it\/gfx\/lib\/ath-v1\/image\/twitter-x-white.svg\" width=\"20\" height=\"20\"><\/a><\/li>\n<li><\/ul>\n<\/div>\n<\/div>\n<div class=\"content-picture\">\n<div class=\"content-media content-media-backup\">\n<figure class=\"kh-lightbox\" data-src=\"https:\/\/gfx.larena.it\/image\/contentid\/policy:1.12917274:1770123740\/image.jpg?f=default&amp;w=1024&amp;$p$f$w=336aa8e\" data-caption>\n<div class=\"aspected-image\" data-aspect=\"16x9\"><img loading=\"lazy\" decoding=\"async\" src=\"https:\/\/gfx.larena.it\/image\/contentid\/policy:1.12917274:1770123740\/image.jpg?f=16x9&amp;h=421&amp;w=750&amp;%24p%24f%24h%24w=597732e\" alt width=\"750\" height=\"421\"><\/div>\n<\/figure>\n<\/div>\n<div class=\"content-media content-media-main\">\n<div class=\"media-container media-container-video\" data-aspect><video class=\"media-contained video-js vjs-default-skin vjs-big-play-centered\" id=\"videoplayer-120627030-1-12919761\" controls data-title=\"Caff\u00e8 Bardolino\" playsinline poster=\"https:\/\/gfx.larena.it\/image\/contentid\/policy:1.12919762:1770314892\/image.jpg?w=800&amp;$p$w=9456717\"><\/p>\n<p>      <source type=\"video\/mp4\" src=\"https:\/\/82c586675f304d67bbfdd7fd34640683.msvdn.net\/vod\/uEZsMXNwFLhn\/h264_yuv420p_1920_1080_25_3700_aac_124_48000_2.mp4\" \/><\/video><\/div>\n<div class=\"caption\">\n    Caff\u00e8 Bardolino\n  <\/div>\n<\/div>\n<\/div>\n<div class=\"content-body \">\n<p>A Bardolino ci sono due locali che da pi\u00f9 di cinquant<span dir=\"RTL\">\u2019<\/span>anni raccontano la storia della famiglia Pasqualini e del <a href=\"https:\/\/www.pellinicaffe.com\/\" target=\"_blank\">caff\u00e8 Pellini<\/a>: il Caff\u00e8 Bardolino e la Gelateria Cristallo. Qui il caff\u00e8 non \u00e8 solo una bevanda, ma un rituale quotidiano, un gesto di cura che unisce generazioni, clienti e amici, trasformando ogni pausa in un<span dir=\"RTL\">\u2019<\/span>esperienza di calore e familiarit\u00e0.<\/p>\n<p>La storia della famiglia Pasqualini affonda le radici negli anni Sessanta, quando <strong>Vito Pasqualini<\/strong>, gi\u00e0 attivo nel commercio di bibite, decide di dare vita a una nuova avventura. <strong>Nel 1969 nasce la Gelateria Cristallo<\/strong>, destinata a diventare presto un punto di riferimento sul lago di Garda. Mauro Pasqualini, figlio di Vito, cresce insieme ai fratelli tra i banconi del Cristallo: osserva, impara, respira fin da bambino il valore dell\u2019attenzione verso il cliente, della qualit\u00e0 e della dedizione quotidiana. Poco tempo dopo prende forma anche il <strong>Caff\u00e8 Bardolino<\/strong>, che completa l\u2019offerta della famiglia e consolida il legame con il territorio. Da allora, i due locali diventano punti di riferimento per chi ama fermarsi a gustare un caff\u00e8 preparato con cura, accompagnato da una brioche fresca e fragrante.<\/p>\n<p>\nIl legame con <a href=\"https:\/\/www.pellinicaffe.com\/\" target=\"_blank\"><strong>Pellini Caff\u00e8<\/strong><\/a> dura anch\u2019esso da oltre cinquant\u2019anni: dalla miscela tradizionale al Pellini 100% Arabica, ogni tazzina racconta il territorio, la passione e la coerenza di una scelta che resiste nel tempo. Mauro Pasqualini ama il caff\u00e8 amaro, talvolta macchiato con un goccio di latte freddo, e descrive il profumo che si sprigiona aprendo il sacchetto di caff\u00e8 come uno dei momenti pi\u00f9 piacevoli della giornata. La <strong>Cimbali M200 a quattro gruppi<\/strong>, fornita da <a href=\"https:\/\/www.pellinicaffe.com\/\" target=\"_blank\">Pellini<\/a>, consente di lavorare con precisione in ogni condizione: dalla macinatura calibrata che si adatta all\u2019umidit\u00e0 dell\u2019aria, al latte montato alla giusta consistenza per cappuccini cremosi. Ogni dettaglio \u00e8 pensato per offrire un\u2019esperienza eccellente.<\/p>\n<div class=\"content-media\">\n<figure class=\"kh-lightbox\" data-src=\"https:\/\/gfx.larena.it\/image\/contentid\/policy:1.12917273:1770123714\/image.jpg?f=default&amp;w=1024&amp;$p$f$w=336aa8e\" data-caption>\n<div class=\"aspected-image\" data-aspect=\"16x9\"><img loading=\"lazy\" decoding=\"async\" class=\"lazyload\" src=\"https:\/\/gfx.larena.it\/image\/contentid\/policy:1.12917273:1770123714\/image.jpg?f=16x9&amp;h=421&amp;w=750&amp;%24p%24f%24h%24w=597732e\" alt width=\"750\" height=\"421\"><\/div>\n<\/figure>\n<\/div>\n<p>Al Caff\u00e8 Bardolino e alla Gelateria Cristallo la familiarit\u00e0 \u00e8 parte integrante dell<span dir=\"RTL\">\u2019<\/span>accoglienza. I clienti storici vengono riconosciuti e coccolati: si anticipano i gusti, si ricordano le abitudini e, tra chiacchiere e sorrisi, ogni momento diventa un incontro speciale. Ci sono piccoli rituali che fanno parte della vita del locale, come quello di Luca di Bussolengo, cliente affezionato che ogni domenica si concede una brioche esagerata, si sporca di cioccolata, si cambia la camicia e riparte felice, con la sensazione di essere a casa. Storie come queste costruiscono la memoria viva del Cristallo e del Bardolino, fatta di sorrisi, gesti quotidiani e affetto reciproco.<\/p>\n<p>La Gelateria Cristallo, nata dallo spirito innovativo della famiglia, ha portato una ventata di novit\u00e0 sul lago di Garda. L<span dir=\"RTL\">\u2019<\/span>intuizione di introdurre una macchina per la panna dei gelati ha trasformato la tradizione del bar di paese in un<span dir=\"RTL\">\u2019<\/span>esperienza moderna e golosa. Oggi come allora, le brioche sono preparate con impasti freschi e lievitazione naturale, i gelati sono artigianali e le macchine lavorano senza sosta per garantire prodotti di qualit\u00e0 ogni giorno. Ogni dettaglio, dal banco alla macchina del caff\u00e8, riflette la passione e la cura della famiglia Pasqualini, capace di crescere e innovare senza mai perdere l<span dir=\"RTL\">\u2019<\/span>attenzione verso le persone.<\/p>\n<p>Le giornate iniziano con un momento familiare: Mauro, suo padre e i fratelli si ritrovano davanti a una tazzina, parlando di lavoro e di famiglia. \u00c8 un rituale che segna l<span dir=\"RTL\">\u2019<\/span>inizio della giornata e che prosegue nella preparazione attenta di ogni caff\u00e8 e cappuccino. La Cimbali e i macinini <a href=\"https:\/\/www.pellinicaffe.com\/\" target=\"_blank\">Pellini<\/a> garantiscono sempre la perfezione del prodotto, e ogni sorso racconta oltre mezzo secolo di esperienza, dedizione e passione.<\/p>\n<p>Anche le generazioni successive hanno imparato l<span dir=\"RTL\">\u2019<\/span>arte del caff\u00e8 e del servizio: da bambini giocavano tra i banconi, aiutavano a preparare le brioche, ad asciugare le tazzine e a servire i clienti. Crescendo, hanno portato avanti questa eredit\u00e0 con impegno e amore per il mestiere, rendendo il Caff\u00e8 Bardolino e la Gelateria Cristallo luoghi in cui ogni gesto conta e ogni ospite si sente accolto.<\/p>\n<p>Tazzina dopo tazzina, tra sorrisi, gesti quotidiani e profumi che riempiono l<span dir=\"RTL\">\u2019<\/span>aria, il Caff\u00e8 Bardolino e la Gelateria Cristallo continuano a raccontare Bardolino e il lago di Garda, unendo generazioni di clienti e famiglie, turisti e abitanti, in una storia che sa di casa, calore e momenti da condividere.<\/p>\n<\/div>\n<div class=\"copyright\">\n  \u00a9 Riproduzione riservata\n<\/div>\n<div class=\"content-contribute margin-bottom-default\"><a rel=\"nofollow\" data-pushbar-target=\"comments-pushbar\" class=\"comments\" href=\"https:\/\/www.larena.it\/publiadige\/pellini-caffe\/gelateria-cristallo-e-caffe-bardolino-il-cuore-dolce-del-lago-1.12917257\"><br \/>\n        Commenti (<span class=\"comment-count\">0<\/span>)<br \/>\n    <\/a><a rel=\"nofollow\" class=\"contribute d-none d-lg-inline\" href=\"https:\/\/www.larena.it\/spazio-lettori\/whatsapp\">\u00a0 Contribuisci alla notizia<\/a><a rel=\"nofollow\" class=\"contribute d-inline d-lg-none\" href=\"https:\/\/www.larena.it\/spazio-lettori\/whatsapp\">\u00a0 Contribuisci<\/a><\/div>\n<aside id=\"comments-pushbar\" class=\"sidebar sidebar-comments comments-zone\" data-pushbar-id=\"comments-pushbar\" data-pushbar-direction=\"right\">\n<div class=\"sidebar-header\">\n<div class=\"navbar navbar-expand d-flex justify-content-between\">\n<ul class=\"navbar-nav\">\n<li><\/ul>\n<ul class=\"navbar-nav\">\n<li>\n<h5>Commenti (<span class=\"comment-count\">0<\/span>)<\/h5>\n<\/li>\n<\/ul>\n<\/div>\n<\/div>\n<div class=\"sidebar-main sidebar-main-scroll\">\n<div class=\"comments-container\">\n<div class=\"spinner\"><img decoding=\"async\" src=\"https:\/\/gfx.larena.it\/gfx\/siti\/quotidiani_web-v3\/images\/spinners\/ajax-loader.gif\" alt=\"spinner\"><\/div>\n<\/div>\n<\/div>\n<div class=\"sidebar-footer\">\n<div class=\"comments-container foot\"><a class=\"comment-new-form-toggler btn btn-secondary btn-sm\" rel=\"nofollow\" href=\"https:\/\/www.larena.it\/publiadige\/pellini-caffe\/gelateria-cristallo-e-caffe-bardolino-il-cuore-dolce-del-lago-1.12917257\">Commenta<\/a><\/p>\n<div class=\"buttons\">\n<div class=\"privacy\"><b>Informativa privacy:<\/b> L\u2019invio di un commento pu\u00f2 comportare il trattamento di dati personali: per maggiori informazioni sulle modalit\u00e0 di trattamento e l\u2019esercizio dei diritti consultare le nostre Informazioni sulla Privacy e l\u2019informativa estesa sui cookie presenti in calce al sito web.<\/div>\n<p><button type=\"button\" class=\"btn btn-primary submit\">Invia<\/button><\/div>\n<div class=\"comment-thankyou\">Grazie per aver inviato un commento. L&#8217;intervento non sar\u00e0 pubblicato fino a quando il moderatore non lo avr\u00e0 letto ed approvato. I commenti ritenuti inadatti o offensivi non saranno pubblicati.<\/div>\n<\/div>\n<\/div>\n<\/aside>\n<\/div>\n<\/div>\n<p>[analyse_source url=&#8221;https:\/\/www.larena.it\/publiadige\/pellini-caffe\/gelateria-cristallo-e-caffe-bardolino-il-cuore-dolce-del-lago-1.12917257&#8243;]<\/p>\n","protected":false},"excerpt":{"rendered":"<p>[analyse_image type=&#8221;featured&#8221; src=&#8221;https:\/\/gfx.larena.it\/image\/contentid\/policy:1.12917274:1770123740\/image.jpg?f=16&#215;9&amp;h=450&amp;w=800&amp;$p$f$h$w=7061f55&#8243;] Gelateria Cristallo e Caff\u00e8 Bardolino: il cuore dolce del lago By Athesis Studio 03 febbraio 2026 Caff\u00e8 Bardolino A Bardolino ci sono due locali che da pi\u00f9 di cinquant\u2019anni raccontano la storia della famiglia Pasqualini e del caff\u00e8 Pellini: il Caff\u00e8 Bardolino e la Gelateria Cristallo. Qui il caff\u00e8 non \u00e8 solo [&hellip;]<\/p>\n","protected":false},"author":1,"featured_media":0,"comment_status":"open","ping_status":"","sticky":false,"template":"","format":"standard","meta":{"footnotes":""},"categories":[87],"tags":[226,146],"class_list":["post-1755927","post","type-post","status-publish","format-standard","hentry","category-italy","tag-crawlmanager","tag-larena-it"],"_links":{"self":[{"href":"https:\/\/analyse.optim.biz\/index.php?rest_route=\/wp\/v2\/posts\/1755927","targetHints":{"allow":["GET"]}}],"collection":[{"href":"https:\/\/analyse.optim.biz\/index.php?rest_route=\/wp\/v2\/posts"}],"about":[{"href":"https:\/\/analyse.optim.biz\/index.php?rest_route=\/wp\/v2\/types\/post"}],"author":[{"embeddable":true,"href":"https:\/\/analyse.optim.biz\/index.php?rest_route=\/wp\/v2\/users\/1"}],"replies":[{"embeddable":true,"href":"https:\/\/analyse.optim.biz\/index.php?rest_route=%2Fwp%2Fv2%2Fcomments&post=1755927"}],"version-history":[{"count":0,"href":"https:\/\/analyse.optim.biz\/index.php?rest_route=\/wp\/v2\/posts\/1755927\/revisions"}],"wp:attachment":[{"href":"https:\/\/analyse.optim.biz\/index.php?rest_route=%2Fwp%2Fv2%2Fmedia&parent=1755927"}],"wp:term":[{"taxonomy":"category","embeddable":true,"href":"https:\/\/analyse.optim.biz\/index.php?rest_route=%2Fwp%2Fv2%2Fcategories&post=1755927"},{"taxonomy":"post_tag","embeddable":true,"href":"https:\/\/analyse.optim.biz\/index.php?rest_route=%2Fwp%2Fv2%2Ftags&post=1755927"}],"curies":[{"name":"wp","href":"https:\/\/api.w.org\/{rel}","templated":true}]}}