{"id":1755882,"date":"2026-02-05T16:52:12","date_gmt":"2026-02-05T13:52:12","guid":{"rendered":"https:\/\/analyse.optim.biz\/?p=1755882"},"modified":"2026-02-05T16:52:12","modified_gmt":"2026-02-05T13:52:12","slug":"torna-la-domenica-caregota-sfilata-giochi-musica-e-danze-invitato-papa-del-gnoco","status":"publish","type":"post","link":"https:\/\/analyse.optim.biz\/?p=1755882","title":{"rendered":"Torna la Domenica Caregota, sfilata, giochi musica e danze: invitato Pap\u00e0 del Gnoco"},"content":{"rendered":"<p>[analyse_image type=&#8221;featured&#8221; src=&#8221;https:\/\/gfx.larena.it\/image\/contentid\/policy:1.12919647:1770310171\/image.jpeg?f=16&#215;9&amp;h=450&amp;w=800&amp;$p$f$h$w=e1eae93&#8243;]<\/p>\n<div class=\"lbox-main\">\n<div class=\"content-parts\">\n<div class=\"content-heading\">\n<div class=\"subhead glyph\">15 febbraio<\/div>\n<h1>Torna la Domenica Caregota, sfilata, giochi musica e danze: invitato Pap\u00e0 del Gnoco<\/h1>\n<div class=\"signatures\">\n<div class=\"signature\">Chiara Bazzanella<\/div>\n<\/div>\n<div class=\"summary\">Sar\u00e0 da vedere se il sire del carnevale scaligero parteciper\u00e0 o meno visto che Re Teodorico e la sua corte saranno in sfilata al Venard\u00ec Gnocolar nonostante il pugno di ferro  del Bacanal <\/div>\n<\/div>\n<div class=\"content-date-share\">\n<div class=\"content-date\">05 febbraio 2026<\/div>\n<ul class=\"share-links\">\n<li>\n<li>\n<li><a target=\"_blank\" class=\"share-twitter\" title=\"Condividi su Twitter\" href=\"https:\/\/twitter.com\/intent\/tweet?text=Torna+la+Domenica+Caregota%2C+sfilata%2C+giochi+musica+e+danze%3A+invitato+Pap%C3%A0+del+Gnoco&amp;url=https:\/\/www.larena.it\/territorio-veronese\/citta\/domenica-caregota-programma-1.12919644\"><img loading=\"lazy\" decoding=\"async\" src=\"https:\/\/gfx.larena.it\/gfx\/lib\/ath-v1\/image\/twitter-x-white.svg\" width=\"20\" height=\"20\"><\/a><\/li>\n<li><\/ul>\n<\/div>\n<div class=\"sticky-footer\">\n<div class=\"share-footer d-lg-none\">\n<ul class=\"share-links\">\n<li>\n<li>\n<li><a target=\"_blank\" class=\"share-twitter\" title=\"Condividi su Twitter\" href=\"https:\/\/twitter.com\/intent\/tweet?text=Torna+la+Domenica+Caregota%2C+sfilata%2C+giochi+musica+e+danze%3A+invitato+Pap%C3%A0+del+Gnoco&amp;url=https:\/\/www.larena.it\/territorio-veronese\/citta\/domenica-caregota-programma-1.12919644\"><img loading=\"lazy\" decoding=\"async\" src=\"https:\/\/gfx.larena.it\/gfx\/lib\/ath-v1\/image\/twitter-x-white.svg\" width=\"20\" height=\"20\"><\/a><\/li>\n<li><\/ul>\n<\/div>\n<\/div>\n<div class=\"content-picture\">\n<div class=\"content-media content-media-backup\">\n<figure class=\"kh-lightbox\" data-src=\"https:\/\/gfx.larena.it\/image\/contentid\/policy:1.12919647:1770310171\/Presentazione+della+Domenica+Caregota.jpg?f=default&amp;w=1024&amp;$p$f$w=5a4eefe\" data-caption=\"Presentazione della Domenica Caregota\">\n<div class=\"aspected-image\" data-aspect=\"16x9\"><img loading=\"lazy\" decoding=\"async\" src=\"https:\/\/gfx.larena.it\/image\/contentid\/policy:1.12919647:1770310171\/Presentazione+della+Domenica+Caregota.jpg?f=16x9&amp;h=421&amp;w=750&amp;%24p%24f%24h%24w=4d3ee2e\" alt=\"Presentazione della Domenica Caregota\" width=\"750\" height=\"421\"><\/div>\n<\/figure>\n<div class=\"caption\">\n      Presentazione della Domenica Caregota\n          <\/div>\n<\/div>\n<div class=\"content-media content-media-main\">\n<figure class=\"kh-lightbox\" data-src=\"https:\/\/gfx.larena.it\/image\/contentid\/policy:1.12919647:1770310171\/Presentazione+della+Domenica+Caregota.jpg?f=default&amp;w=1024&amp;$p$f$w=5a4eefe\" data-caption=\"Presentazione della Domenica Caregota\">\n<div class=\"aspected-image\" data-aspect=\"16x9\"><img loading=\"lazy\" decoding=\"async\" src=\"https:\/\/gfx.larena.it\/image\/contentid\/policy:1.12919647:1770310171\/Presentazione+della+Domenica+Caregota.jpg?f=16x9&amp;h=421&amp;w=750&amp;%24p%24f%24h%24w=4d3ee2e\" alt=\"Presentazione della Domenica Caregota\" width=\"750\" height=\"421\"><\/div>\n<\/figure>\n<div class=\"caption\">\n      Presentazione della Domenica Caregota\n          <\/div>\n<\/div>\n<\/div>\n<div id=\"banner-h7\" class=\"banner \">\n<div id=\"div-gpt-ad-h7\" class=\"gam-banner\"><\/div>\n<\/div>\n<div class=\"paywall-meter-floating\">\n<div class=\"paywall-meter-inner2 container\">\n<div class=\"claim\">\n<div class=\"main\">\n        Meno di 2 centesimi al giorno per sbloccare tutti i contenuti del sito web per 3 mesi.\n      <\/div>\n<\/div>\n<\/div>\n<div class=\"subscribe\"><a href=\"https:\/\/store.larena.it\/abbonamenti\/sottoscrizione\/offerta-speciale\/425FFA73140849\/\" class=\"btn btn-contrast\" data-dlevent='{\"event\":\"select_content\",\"content_type\":\"cta_abbonati\",\"position\":\"meter_bar\"}'><\/p>\n<p>         Abbonati ora<\/p>\n<p>      <\/a><\/div>\n<\/div>\n<\/div>\n<div class=\"content-body \">\n<p>Il quartiere Carega si accinge ai festeggiamenti. Domenica <strong>15 febbraio,<\/strong> come da tradizione in ogni domenica che segue il Venard\u00ec Gnocolar, le <strong>maschere si ritroveranno in piazza delle Erbe, alle 18<\/strong>, per poi sfilare fino a <strong>Corte San Mamaso<\/strong> e dare il via a musica e danze fino alle 23.<\/p>\n<p><strong>Il Pap\u00e0 del Gnoco<\/strong>, come si legge sul volantino che promuove l&#8217;evento,<strong> \u00e8 stato come sempre invitato.<\/strong> Sar\u00e0 poi da vedere se parteciper\u00e0 o meno visto che Re Teodorico e la sua corte saranno in sfilata al Venard\u00ec Gnocolar, insieme ai comitati che, nonostante il pugno di ferro\u00a0 del Bacanal e la sua propensione a non partecipare, non intendono rinunciare all&#8217;evento clou del Carnevale veronese.\u00a0<\/p>\n<h2>Il programma<\/h2>\n<p>\u00abQuest&#8217;anno abbiamo con noi i <strong>Machokoala<\/strong> e il divertimento \u00e8 garantito\u00bb, dice la <strong>presidente del comitato, Germana Recchia.<\/strong> \u00abLa festa viene effettuata dal 2017 ed \u00e8 uno dei momenti di massima convivialit\u00e0 del quartiere. \u00c8 una delle feste pi\u00f9 importanti del rione insieme a quella della Carega in tavola, che si svolge solitamente a settembre. \u00c8 bello portare avanti una tradizione di anno in anno, cercando di migliorarla sempre. Sar\u00e0 un&#8217;esplosione di musica, gnocchi, bibite, risate, come il vero Carnevale dovrebbe essere\u00bb.<\/p>\n<p>\u00abIl Carnevale di Verona \u00e8 un mosaico, un insieme di tasselli composto da eventi rionali che vedono il momento culminante nel Venard\u00ec Gnocolar con la presenza di tutta la citt\u00e0\u00bb, fa presente l&#8217;assessora alla cultura, <strong>Marta Ugolini.<\/strong> \u00abIl comitato Carega sar\u00e0 a corte San Mamaso con il nuovo Re Teodorico, Crisitian Bragantini, e tutta la corte\u00bb.<\/p>\n<\/div>\n<div class=\"copyright\">\n  \u00a9 Riproduzione riservata\n<\/div>\n<div class=\"whatsapp-channel-link\">\n<p>L\u2019Arena \u00e8 su Whatsapp. <a href=\"https:\/\/whatsapp.com\/channel\/0029VaDsUGg1XquVqR4ZZC43\" target=\"_blank\">Clicca qui<\/a> per iscriverti al nostro canale e rimanere aggiornato in tempo reale.<\/p>\n<\/div>\n<div class=\"content-contribute margin-bottom-default\"><a rel=\"nofollow\" data-pushbar-target=\"comments-pushbar\" class=\"comments\" href=\"https:\/\/www.larena.it\/territorio-veronese\/citta\/domenica-caregota-programma-1.12919644\"><br \/>\n        Commenti (<span class=\"comment-count\">0<\/span>)<br \/>\n    <\/a><a rel=\"nofollow\" class=\"contribute d-none d-lg-inline\" href=\"https:\/\/www.larena.it\/spazio-lettori\/whatsapp\">\u00a0 Contribuisci alla notizia<\/a><a rel=\"nofollow\" class=\"contribute d-inline d-lg-none\" href=\"https:\/\/www.larena.it\/spazio-lettori\/whatsapp\">\u00a0 Contribuisci<\/a><\/div>\n<aside id=\"comments-pushbar\" class=\"sidebar sidebar-comments comments-zone\" data-pushbar-id=\"comments-pushbar\" data-pushbar-direction=\"right\">\n<div class=\"sidebar-header\">\n<div class=\"navbar navbar-expand d-flex justify-content-between\">\n<ul class=\"navbar-nav\">\n<li><\/ul>\n<ul class=\"navbar-nav\">\n<li>\n<h5>Commenti (<span class=\"comment-count\">0<\/span>)<\/h5>\n<\/li>\n<\/ul>\n<\/div>\n<\/div>\n<div class=\"sidebar-main sidebar-main-scroll\">\n<div class=\"comments-container\">\n<div class=\"spinner\"><img decoding=\"async\" src=\"https:\/\/gfx.larena.it\/gfx\/siti\/quotidiani_web-v3\/images\/spinners\/ajax-loader.gif\" alt=\"spinner\"><\/div>\n<\/div>\n<\/div>\n<div class=\"sidebar-footer\">\n<div class=\"comments-container foot\"><a class=\"comment-new-form-toggler btn btn-secondary btn-sm\" rel=\"nofollow\" href=\"https:\/\/www.larena.it\/territorio-veronese\/citta\/domenica-caregota-programma-1.12919644\">Commenta<\/a><\/p>\n<div class=\"buttons\">\n<div class=\"privacy\"><b>Informativa privacy:<\/b> L\u2019invio di un commento pu\u00f2 comportare il trattamento di dati personali: per maggiori informazioni sulle modalit\u00e0 di trattamento e l\u2019esercizio dei diritti consultare le nostre Informazioni sulla Privacy e l\u2019informativa estesa sui cookie presenti in calce al sito web.<\/div>\n<p><button type=\"button\" class=\"btn btn-primary submit\">Invia<\/button><\/div>\n<div class=\"comment-thankyou\">Grazie per aver inviato un commento. L&#8217;intervento non sar\u00e0 pubblicato fino a quando il moderatore non lo avr\u00e0 letto ed approvato. I commenti ritenuti inadatti o offensivi non saranno pubblicati.<\/div>\n<\/div>\n<\/div>\n<\/aside>\n<\/div>\n<p>[analyse_source url=&#8221;https:\/\/www.larena.it\/territorio-veronese\/citta\/domenica-caregota-programma-1.12919644&#8243;]<\/p>\n","protected":false},"excerpt":{"rendered":"<p>[analyse_image type=&#8221;featured&#8221; src=&#8221;https:\/\/gfx.larena.it\/image\/contentid\/policy:1.12919647:1770310171\/image.jpeg?f=16&#215;9&amp;h=450&amp;w=800&amp;$p$f$h$w=e1eae93&#8243;] 15 febbraio Torna la Domenica Caregota, sfilata, giochi musica e danze: invitato Pap\u00e0 del Gnoco Chiara Bazzanella Sar\u00e0 da vedere se il sire del carnevale scaligero parteciper\u00e0 o meno visto che Re Teodorico e la sua corte saranno in sfilata al Venard\u00ec Gnocolar nonostante il pugno di ferro del Bacanal 05 febbraio [&hellip;]<\/p>\n","protected":false},"author":1,"featured_media":0,"comment_status":"open","ping_status":"","sticky":false,"template":"","format":"standard","meta":{"footnotes":""},"categories":[87],"tags":[226,146],"class_list":["post-1755882","post","type-post","status-publish","format-standard","hentry","category-italy","tag-crawlmanager","tag-larena-it"],"_links":{"self":[{"href":"https:\/\/analyse.optim.biz\/index.php?rest_route=\/wp\/v2\/posts\/1755882","targetHints":{"allow":["GET"]}}],"collection":[{"href":"https:\/\/analyse.optim.biz\/index.php?rest_route=\/wp\/v2\/posts"}],"about":[{"href":"https:\/\/analyse.optim.biz\/index.php?rest_route=\/wp\/v2\/types\/post"}],"author":[{"embeddable":true,"href":"https:\/\/analyse.optim.biz\/index.php?rest_route=\/wp\/v2\/users\/1"}],"replies":[{"embeddable":true,"href":"https:\/\/analyse.optim.biz\/index.php?rest_route=%2Fwp%2Fv2%2Fcomments&post=1755882"}],"version-history":[{"count":0,"href":"https:\/\/analyse.optim.biz\/index.php?rest_route=\/wp\/v2\/posts\/1755882\/revisions"}],"wp:attachment":[{"href":"https:\/\/analyse.optim.biz\/index.php?rest_route=%2Fwp%2Fv2%2Fmedia&parent=1755882"}],"wp:term":[{"taxonomy":"category","embeddable":true,"href":"https:\/\/analyse.optim.biz\/index.php?rest_route=%2Fwp%2Fv2%2Fcategories&post=1755882"},{"taxonomy":"post_tag","embeddable":true,"href":"https:\/\/analyse.optim.biz\/index.php?rest_route=%2Fwp%2Fv2%2Ftags&post=1755882"}],"curies":[{"name":"wp","href":"https:\/\/api.w.org\/{rel}","templated":true}]}}