{"id":1755847,"date":"2026-02-06T04:00:15","date_gmt":"2026-02-06T01:00:15","guid":{"rendered":"https:\/\/analyse.optim.biz\/?p=1755847"},"modified":"2026-02-06T04:00:15","modified_gmt":"2026-02-06T01:00:15","slug":"cortina-insieme-a-milano-accende-il-braciere-dei-giochi","status":"publish","type":"post","link":"https:\/\/analyse.optim.biz\/?p=1755847","title":{"rendered":"Cortina insieme a Milano accende il braciere dei Giochi"},"content":{"rendered":"<p>[analyse_image type=&#8221;featured&#8221; src=&#8221;https:\/\/gfx.larena.it\/image\/contentid\/policy:1.12919814:1770318691\/image.jpg?f=16&#215;9&amp;h=450&amp;w=800&amp;$p$f$h$w=7061f55&#8243;]<\/p>\n<div class=\"lbox-main\">\n<div class=\"content-parts\">\n<div class=\"content-heading\">\n<div class=\"subhead glyph\">Olimpiadi 2026<\/div>\n<h1>Cortina insieme a Milano accende il braciere dei Giochi<\/h1>\n<div class=\"signatures\">\n<div class=\"signature\">Ilaria Noro<\/div>\n<\/div>\n<div class=\"summary\">Due fiamme arderanno da stasera, all&#8217;Arco della Pace a Milano e nella Regina delle Dolomiti in piazza Dibona. La cerimonia di apertura nello stadio di San Siro, trasmessa in mondovisione ad un pubblico di tre miliardi di spettatori<\/div>\n<\/div>\n<div class=\"content-date-share\">\n<div class=\"content-date\">06 febbraio 2026<\/div>\n<ul class=\"share-links\">\n<li>\n<li>\n<li><a target=\"_blank\" class=\"share-twitter\" title=\"Condividi su Twitter\" href=\"https:\/\/twitter.com\/intent\/tweet?text=Cortina+insieme+a+Milano+accende+il+braciere+dei+Giochi&amp;url=https:\/\/www.larena.it\/territorio-veronese\/citta\/olimpiadi-milano-cortina-2026-cerimonie-apertura-bracieri-1.12919795\"><img loading=\"lazy\" decoding=\"async\" src=\"https:\/\/gfx.larena.it\/gfx\/lib\/ath-v1\/image\/twitter-x-white.svg\" width=\"20\" height=\"20\"><\/a><\/li>\n<li><\/ul>\n<\/div>\n<div class=\"sticky-footer\">\n<div class=\"share-footer d-lg-none\">\n<ul class=\"share-links\">\n<li>\n<li>\n<li><a target=\"_blank\" class=\"share-twitter\" title=\"Condividi su Twitter\" href=\"https:\/\/twitter.com\/intent\/tweet?text=Cortina+insieme+a+Milano+accende+il+braciere+dei+Giochi&amp;url=https:\/\/www.larena.it\/territorio-veronese\/citta\/olimpiadi-milano-cortina-2026-cerimonie-apertura-bracieri-1.12919795\"><img loading=\"lazy\" decoding=\"async\" src=\"https:\/\/gfx.larena.it\/gfx\/lib\/ath-v1\/image\/twitter-x-white.svg\" width=\"20\" height=\"20\"><\/a><\/li>\n<li><\/ul>\n<\/div>\n<\/div>\n<div class=\"content-picture\">\n<div class=\"content-media content-media-backup\">\n<figure class=\"kh-lightbox\" data-src=\"https:\/\/gfx.larena.it\/image\/contentid\/policy:1.12919814:1770318691\/image.jpg?f=default&amp;w=1024&amp;$p$f$w=336aa8e\" data-caption=\"Milano Cortina 2026, i cinque cerchi simbolo delle olimpiadi\">\n<div class=\"aspected-image\" data-aspect=\"16x9\"><img loading=\"lazy\" decoding=\"async\" src=\"https:\/\/gfx.larena.it\/image\/contentid\/policy:1.12919814:1770318691\/image.jpg?f=16x9&amp;h=421&amp;w=750&amp;%24p%24f%24h%24w=597732e\" alt=\"Milano Cortina 2026, i cinque cerchi simbolo delle olimpiadi\" width=\"750\" height=\"421\"><\/div>\n<\/figure>\n<div class=\"caption\">\n      Milano Cortina 2026, i cinque cerchi simbolo delle olimpiadi\n          <\/div>\n<\/div>\n<div class=\"content-media content-media-main\">\n<figure class=\"kh-lightbox\" data-src=\"https:\/\/gfx.larena.it\/image\/contentid\/policy:1.12919814:1770318691\/image.jpg?f=default&amp;w=1024&amp;$p$f$w=336aa8e\" data-caption=\"Milano Cortina 2026, i cinque cerchi simbolo delle olimpiadi\">\n<div class=\"aspected-image\" data-aspect=\"16x9\"><img loading=\"lazy\" decoding=\"async\" src=\"https:\/\/gfx.larena.it\/image\/contentid\/policy:1.12919814:1770318691\/image.jpg?f=16x9&amp;h=421&amp;w=750&amp;%24p%24f%24h%24w=597732e\" alt=\"Milano Cortina 2026, i cinque cerchi simbolo delle olimpiadi\" width=\"750\" height=\"421\"><\/div>\n<\/figure>\n<div class=\"caption\">\n      Milano Cortina 2026, i cinque cerchi simbolo delle olimpiadi\n          <\/div>\n<\/div>\n<\/div>\n<div id=\"banner-h7\" class=\"banner \">\n<div id=\"div-gpt-ad-h7\" class=\"gam-banner\"><\/div>\n<\/div>\n<div class=\"paywall-meter-floating\">\n<div class=\"paywall-meter-inner2 container\">\n<div class=\"claim\">\n<div class=\"main\">\n        Meno di 2 centesimi al giorno per sbloccare tutti i contenuti del sito web per 3 mesi.\n      <\/div>\n<\/div>\n<\/div>\n<div class=\"subscribe\"><a href=\"https:\/\/store.larena.it\/abbonamenti\/sottoscrizione\/offerta-speciale\/425FFA73140849\/\" class=\"btn btn-contrast\" data-dlevent='{\"event\":\"select_content\",\"content_type\":\"cta_abbonati\",\"position\":\"meter_bar\"}'><\/p>\n<p>         Abbonati ora<\/p>\n<p>      <\/a><\/div>\n<\/div>\n<\/div>\n<div class=\"content-body \">\n<p>Milano\u2013Cortina 2026. Due luoghi ben distinti, separati da oltre 400 chilometri, protagonisti di un unico, epico, momento. Per la prima volta, i <strong>bracieri olimpici saranno due e saranno accesi in simultanea<\/strong>, uno a Milano, all\u2019Arco della Pace e l\u2019altro a Cortina d\u2019Ampezzo, nella centrale piazza Angelo Dibona, sotto gli occhi di oltre 3 miliardi di persone da ogni parte del globo. La Fiamma arder\u00e0 in entrambi i luoghi per tutta la durata dei Giochi, rendendo Cortina uno dei simboli assoluti di queste Olimpiadi invernali 2026.<\/p>\n<p>L\u2019evento inaugurale, in mondo visione, sar\u00e0 dunque condiviso da pi\u00f9 sedi unendo cos\u00ec idealmente metropoli e montagne in un unico grande racconto globale. Se a Milano sar\u00e0 <strong>San Siro<\/strong> ad ospitare atleti, capi di Stato, celebrit\u00e0, la Regina delle Dolomiti offrir\u00e0 al mondo i suoi scorci pi\u00f9 celebri e suggestivi. La cerimonia a Cortina si snoder\u00e0 infatti lungo Corso Italia e in piazza Dibona. La zona sar\u00e0 off limits gi\u00e0 dal pomeriggio. Pur essendo all\u2019aperto, l\u2019evento non \u00e8 infatti accessibile a tutti, cos\u00ec come lo \u00e8 stato per il passaggio della Fiamma Olimpica, ma previo procedure di accreditamento: i pass, tuttavia, sono gi\u00e0 tutti esauriti da giorni.<\/p>\n<div class=\"seealso\">\n<div class=\"readalso\">Leggi anche<\/div>\n<p><a href=\"https:\/\/www.larena.it\/territorio-veronese\/citta\/un-omaggio-alla-bellezza-e-un-inno-alla-trasformazione-ecco-come-sara-l-arena-olimpica-delle-cerimonie-1.12918966\">Un omaggio alla bellezza e un inno alla trasformazione: ecco come sar\u00e0 l&#8217;Arena olimpica delle cerimonie<\/a><\/div>\n<p>Alle 19 \u2013 gli orari sono indicativi e potranno subire variazioni \u2013 il via con la sfilata delle associazioni di Cortina mentre l\u2019inizio della cerimonia ufficiale \u00e8 fissato per questa sera alle 20. Durante la cerimonia \u00e8 previsto anche qui il particolare e ad alto impatto emotivo momento dedicato alle bandiere. A portare la Bandiera Olimpica a Cortina saranno <strong>Franco Nones e Martina Valcepina<\/strong>. Il primo, nato in Val di Fiemme nel \u201941, \u00e8 il primo campione Olimpico italiano della storia dello sci di fondo. Vinse la medaglia d\u2019oro nella 30 km ai Giochi Olimpici Invernali di Grenoble del 1968, interrompendo cos\u00ec il lungo dominio degli atleti scandinavi nella disciplina. Oltre all\u2019oro Olimpico, vanta anche un bronzo ai Mondiali di Oslo del 1966 e ben 16 ori ottenuti in ambito nazionale. La seconda, Valcepina, gareggia per le Fiamme Oro e fa parte della Nazionale italiana di short track. Ha vinto tre medaglie Olimpiche tra il 2014 e il 2018: 2 argenti e 1 bronzo, tutti ottenuti nelle staffette. In ambito europeo ha vinto oltre dieci medaglie, tra cui 4 ori tra il 2011 e il 2018. Dalle 20.40, spazio agli sportivi con l\u2019inizio della Parata degli Atleti.<\/p>\n<p>Nel segmento di Cortina sfileranno fisicamente circa mille atleti, appartenenti alle discipline legate alle gare di Cortina: sci alpino femminile, curling, bob, slittino e skeleton, con l\u2019aggiunta del biathlon (in gara ad Anterselva\/Antholz). La Parata in questo caso si svolger\u00e0 in contemporanea nelle diverse sedi del format \u201cdiffuso\u201d, per permettere agli atleti di partecipare senza spostamenti complessi.<\/p>\n<p>Il momento clou di tutto l\u2019evento, che si svolger\u00e0 <strong>in contemporanea anche a Milano<\/strong>, ovvero l\u2019<strong>accensione del braciere olimpico, \u00e8 previsto per le 22.30<\/strong>.<\/p>\n<div class=\"seealso\">\n<div class=\"readalso\">Leggi anche<\/div>\n<p><a href=\"https:\/\/www.larena.it\/territorio-veronese\/citta\/giochi-sicurezza-verona-capi-stato-vance-macron-1.12918798\">Verona e la chiusura dei Giochi, allerta massima: attesi in Arena 60 capi di Stato<\/a><\/div>\n<h2>Casa Veneto<\/h2>\n<p>Da oggi, per tutta la durata dei Giochi Olimpici e Paralimpici Invernali 2026, la Regina delle Dolomiti ospiter\u00e0 <strong>Casa Veneto, spazio della Regione Veneto<\/strong>, allestito nella<strong> suggestiva location di Casa delle Regole<\/strong>, in Corso Italia. Casa Veneto rimane aperta dalle 10 alle 18 da oggi 6 e fino al 22 febbraio per le Olimpiadi, per poi riaprire il 3 marzo e dal 6 al 15 marzo per le Paralimpiadi. Lo spazio \u00e8 organizzato su tre piani: il piano terra, aperto al pubblico, \u00e8 un\u2019area dedicata alla promozione e alla valorizzazione delle eccellenze turistiche, enogastronomiche e produttive venete. Ospiter\u00e0 quotidianamente incontri e presentazioni. Il primo piano offre un media center con 30 postazioni di lavoro per giornalisti, mentre l\u2019ultimo piano \u00e8 riservato a incontri istituzionali.<\/p>\n<p>Il primo incontro aperto al pubblico \u00e8 in calendario gi\u00e0 oggi, alle 11, a cura di Coldiretti Veneto, dal titolo \u201cSlalom delle eccellenze della Provincia di Belluno\u201d. Saranno presentate le eccellenze agroalimentari del territorio di Belluno con degustazione su prenotazione e fino a esaurimento dei posti disponibili. Alle 15 \u00e8 in programma l\u2019appuntamento \u201cMarca di Treviso, laboratorio dello sport\u201d a cura di Citt\u00e0 d\u2019Arte e Ville Venete del territorio della Marca per proseguire poi alle 17:30 con l\u2019Aperitime proposto da Prosecco DOC (posti militati, su prenotazione). Domani invece, appuntamenti sempre a tema di promozione culturale e territoriale, alle 11 con l\u2019incontro \u201cMarca di Treviso Heritage &amp; Art Trail\u201d, un viaggio tra itinerari d\u2019arte e storia, partendo dalle origini. Dal Canova e dal Giorgione alle mostre internazionali, passando per castelli e citt\u00e0 murate. Alle 15 Regione Veneto e Repubblica presentano Guide sui Siti Unesco del Veneto.<\/p>\n<div class=\"seealso\">\n<div class=\"readalso\">Leggi anche<\/div>\n<p><a href=\"https:\/\/www.larena.it\/argomenti\/spettacoli\/spettacoli\/milo-manara-bizzetto-olimpiadi-arena-verona-1.12918631\">Milo Manara firma le Olimpiadi, il bozzetto in prima pagina: \u00abLa prima volta che disegno l\u2019Arena\u00bb<\/a><\/div>\n<\/div>\n<div class=\"copyright\">\n  \u00a9 Riproduzione riservata\n<\/div>\n<ul class=\"tags\">\n<li><a rel=\"nofollow\" href=\"http:\/\/larena.it\/topics\/Tag\/MilanoCortina2026\">MilanoCortina2026<\/a><\/li>\n<li><a rel=\"nofollow\" href=\"http:\/\/larena.it\/topics\/Tag\/olimpiadi\">olimpiadi<\/a><\/li>\n<\/ul>\n<div class=\"whatsapp-channel-link\">\n<p>L\u2019Arena \u00e8 su Whatsapp. <a href=\"https:\/\/whatsapp.com\/channel\/0029VaDsUGg1XquVqR4ZZC43\" target=\"_blank\">Clicca qui<\/a> per iscriverti al nostro canale e rimanere aggiornato in tempo reale.<\/p>\n<\/div>\n<div class=\"content-contribute margin-bottom-default\"><a rel=\"nofollow\" data-pushbar-target=\"comments-pushbar\" class=\"comments\" href=\"http:\/\/larena.it\/territorio-veronese\/citta\/olimpiadi-milano-cortina-2026-cerimonie-apertura-bracieri-1.12919795\"><br \/>\n        Commenti (<span class=\"comment-count\">0<\/span>)<br \/>\n    <\/a><a rel=\"nofollow\" class=\"contribute d-none d-lg-inline\" href=\"https:\/\/www.larena.it\/spazio-lettori\/whatsapp\">\u00a0 Contribuisci alla notizia<\/a><a rel=\"nofollow\" class=\"contribute d-inline d-lg-none\" href=\"https:\/\/www.larena.it\/spazio-lettori\/whatsapp\">\u00a0 Contribuisci<\/a><\/div>\n<aside id=\"comments-pushbar\" class=\"sidebar sidebar-comments comments-zone\" data-pushbar-id=\"comments-pushbar\" data-pushbar-direction=\"right\">\n<div class=\"sidebar-header\">\n<div class=\"navbar navbar-expand d-flex justify-content-between\">\n<ul class=\"navbar-nav\">\n<li><\/ul>\n<ul class=\"navbar-nav\">\n<li>\n<h5>Commenti (<span class=\"comment-count\">0<\/span>)<\/h5>\n<\/li>\n<\/ul>\n<\/div>\n<\/div>\n<div class=\"sidebar-main sidebar-main-scroll\">\n<div class=\"comments-container\">\n<div class=\"spinner\"><img decoding=\"async\" src=\"https:\/\/gfx.larena.it\/gfx\/siti\/quotidiani_web-v3\/images\/spinners\/ajax-loader.gif\" alt=\"spinner\"><\/div>\n<\/div>\n<\/div>\n<div class=\"sidebar-footer\">\n<div class=\"comments-container foot\"><a class=\"comment-new-form-toggler btn btn-secondary btn-sm\" rel=\"nofollow\" href=\"http:\/\/larena.it\/territorio-veronese\/citta\/olimpiadi-milano-cortina-2026-cerimonie-apertura-bracieri-1.12919795\">Commenta<\/a><\/p>\n<div class=\"buttons\">\n<div class=\"privacy\"><b>Informativa privacy:<\/b> L\u2019invio di un commento pu\u00f2 comportare il trattamento di dati personali: per maggiori informazioni sulle modalit\u00e0 di trattamento e l\u2019esercizio dei diritti consultare le nostre Informazioni sulla Privacy e l\u2019informativa estesa sui cookie presenti in calce al sito web.<\/div>\n<p><button type=\"button\" class=\"btn btn-primary submit\">Invia<\/button><\/div>\n<div class=\"comment-thankyou\">Grazie per aver inviato un commento. L&#8217;intervento non sar\u00e0 pubblicato fino a quando il moderatore non lo avr\u00e0 letto ed approvato. I commenti ritenuti inadatti o offensivi non saranno pubblicati.<\/div>\n<\/div>\n<\/div>\n<\/aside>\n<\/div>\n<p>[analyse_source url=&#8221;http:\/\/larena.it\/territorio-veronese\/citta\/olimpiadi-milano-cortina-2026-cerimonie-apertura-bracieri-1.12919795&#8243;]<\/p>\n","protected":false},"excerpt":{"rendered":"<p>[analyse_image type=&#8221;featured&#8221; src=&#8221;https:\/\/gfx.larena.it\/image\/contentid\/policy:1.12919814:1770318691\/image.jpg?f=16&#215;9&amp;h=450&amp;w=800&amp;$p$f$h$w=7061f55&#8243;] Olimpiadi 2026 Cortina insieme a Milano accende il braciere dei Giochi Ilaria Noro Due fiamme arderanno da stasera, all&#8217;Arco della Pace a Milano e nella Regina delle Dolomiti in piazza Dibona. La cerimonia di apertura nello stadio di San Siro, trasmessa in mondovisione ad un pubblico di tre miliardi di spettatori 06 [&hellip;]<\/p>\n","protected":false},"author":1,"featured_media":0,"comment_status":"open","ping_status":"","sticky":false,"template":"","format":"standard","meta":{"footnotes":""},"categories":[87],"tags":[226,146],"class_list":["post-1755847","post","type-post","status-publish","format-standard","hentry","category-italy","tag-crawlmanager","tag-larena-it"],"_links":{"self":[{"href":"https:\/\/analyse.optim.biz\/index.php?rest_route=\/wp\/v2\/posts\/1755847","targetHints":{"allow":["GET"]}}],"collection":[{"href":"https:\/\/analyse.optim.biz\/index.php?rest_route=\/wp\/v2\/posts"}],"about":[{"href":"https:\/\/analyse.optim.biz\/index.php?rest_route=\/wp\/v2\/types\/post"}],"author":[{"embeddable":true,"href":"https:\/\/analyse.optim.biz\/index.php?rest_route=\/wp\/v2\/users\/1"}],"replies":[{"embeddable":true,"href":"https:\/\/analyse.optim.biz\/index.php?rest_route=%2Fwp%2Fv2%2Fcomments&post=1755847"}],"version-history":[{"count":0,"href":"https:\/\/analyse.optim.biz\/index.php?rest_route=\/wp\/v2\/posts\/1755847\/revisions"}],"wp:attachment":[{"href":"https:\/\/analyse.optim.biz\/index.php?rest_route=%2Fwp%2Fv2%2Fmedia&parent=1755847"}],"wp:term":[{"taxonomy":"category","embeddable":true,"href":"https:\/\/analyse.optim.biz\/index.php?rest_route=%2Fwp%2Fv2%2Fcategories&post=1755847"},{"taxonomy":"post_tag","embeddable":true,"href":"https:\/\/analyse.optim.biz\/index.php?rest_route=%2Fwp%2Fv2%2Ftags&post=1755847"}],"curies":[{"name":"wp","href":"https:\/\/api.w.org\/{rel}","templated":true}]}}