{"id":1755806,"date":"2026-02-04T10:54:29","date_gmt":"2026-02-04T07:54:29","guid":{"rendered":"https:\/\/analyse.optim.biz\/?p=1755806"},"modified":"2026-02-04T10:54:29","modified_gmt":"2026-02-04T07:54:29","slug":"al-via-fieragricola-bricolo-qui-ce-tutto-cio-che-il-mercato-puo-offrire-allagricoltore","status":"publish","type":"post","link":"https:\/\/analyse.optim.biz\/?p=1755806","title":{"rendered":"Al via Fieragricola, Bricolo: \u00abQui c\u2019\u00e8 tutto ci\u00f2 che il mercato pu\u00f2 offrire all\u2019agricoltore\u00bb"},"content":{"rendered":"<p>[analyse_image type=&#8221;featured&#8221; src=&#8221;https:\/\/gfx.larena.it\/image\/contentid\/policy:1.12918224:1770206160\/image.jfif?f=16&#215;9&amp;h=450&amp;w=800&amp;$p$f$h$w=da3a808&#8243;]<\/p>\n<div class=\"lbox-main\">\n<div class=\"content-parts\">\n<div class=\"content-heading\">\n<h1>Al via Fieragricola, Bricolo: \u00abQui c\u2019\u00e8 tutto ci\u00f2 che il mercato pu\u00f2 offrire all\u2019agricoltore\u00bb<\/h1>\n<div class=\"signatures\">\n<div class=\"signature\">Francesca Lorandi<\/div>\n<\/div>\n<div class=\"summary\">All&#8217;inaugurazione presenti  Gian Marco Centinaio, Alberto Stefani, Luca Zaia, Damiano Tommasi e Flavio Pasini<\/div>\n<\/div>\n<div class=\"content-date-share\">\n<div class=\"content-date\">04 febbraio 2026<\/div>\n<ul class=\"share-links\">\n<li>\n<li>\n<li><a target=\"_blank\" class=\"share-twitter\" title=\"Condividi su Twitter\" href=\"https:\/\/twitter.com\/intent\/tweet?text=Al+via+Fieragricola%2C+Bricolo%3A+%C2%ABQui+c%E2%80%99%C3%A8+tutto+ci%C3%B2+che+il+mercato+pu%C3%B2+offrire+all%E2%80%99agricoltore%C2%BB&amp;url=https:\/\/www.larena.it\/speciali\/fieragricola\/fieragricola-2026\/al-via-fieragricola-bricolo-qui-c-e-tutto-cio-che-il-mercato-puo-offrire-all-agricoltore-1.12918131\"><img loading=\"lazy\" decoding=\"async\" src=\"https:\/\/gfx.larena.it\/gfx\/lib\/ath-v1\/image\/twitter-x-white.svg\" width=\"20\" height=\"20\"><\/a><\/li>\n<li><\/ul>\n<\/div>\n<div class=\"sticky-footer\">\n<div class=\"share-footer d-lg-none\">\n<ul class=\"share-links\">\n<li>\n<li>\n<li><a target=\"_blank\" class=\"share-twitter\" title=\"Condividi su Twitter\" href=\"https:\/\/twitter.com\/intent\/tweet?text=Al+via+Fieragricola%2C+Bricolo%3A+%C2%ABQui+c%E2%80%99%C3%A8+tutto+ci%C3%B2+che+il+mercato+pu%C3%B2+offrire+all%E2%80%99agricoltore%C2%BB&amp;url=https:\/\/www.larena.it\/speciali\/fieragricola\/fieragricola-2026\/al-via-fieragricola-bricolo-qui-c-e-tutto-cio-che-il-mercato-puo-offrire-all-agricoltore-1.12918131\"><img loading=\"lazy\" decoding=\"async\" src=\"https:\/\/gfx.larena.it\/gfx\/lib\/ath-v1\/image\/twitter-x-white.svg\" width=\"20\" height=\"20\"><\/a><\/li>\n<li><\/ul>\n<\/div>\n<\/div>\n<div class=\"content-picture\">\n<div class=\"content-media content-media-backup\">\n<figure class=\"kh-lightbox\" data-src=\"https:\/\/gfx.larena.it\/image\/contentid\/policy:1.12918224:1770206160\/image.jpg?f=default&amp;w=1024&amp;$p$f$w=336aa8e\" data-caption=\"Taglio del nastro alla Fieragricola 2026\">\n<div class=\"aspected-image\" data-aspect=\"16x9\"><img loading=\"lazy\" decoding=\"async\" src=\"https:\/\/gfx.larena.it\/image\/contentid\/policy:1.12918224:1770206160\/image.jpg?f=16x9&amp;h=421&amp;w=750&amp;%24p%24f%24h%24w=597732e\" alt=\"Taglio del nastro alla Fieragricola 2026\" width=\"750\" height=\"421\"><\/div>\n<\/figure>\n<div class=\"caption\">\n      Taglio del nastro alla Fieragricola 2026\n          <\/div>\n<\/div>\n<div class=\"content-media content-media-main\">\n<div class=\"media-container media-container-video\" data-aspect><video class=\"media-contained video-js vjs-default-skin vjs-big-play-centered\" id=\"videoplayer-90670665-1-12918346\" controls data-title=\"Federico Bricolo\" playsinline poster=\"https:\/\/gfx.larena.it\/image\/contentid\/policy:1.12918347:1770212193\/image.jpg?w=800&amp;$p$w=9456717\"><\/p>\n<p>      <source type=\"video\/mp4\" src=\"https:\/\/82c586675f304d67bbfdd7fd34640683.msvdn.net\/vod\/DnhURJNEtxS8\/h264_yuv420p_1280_720_25_2300_aac_128_48000_2.mp4\" \/><\/video><\/div>\n<div class=\"caption\">\n    Federico Bricolo\n  <\/div>\n<\/div>\n<\/div>\n<div id=\"banner-h7\" class=\"banner \">\n<div id=\"div-gpt-ad-h7\" class=\"gam-banner\"><\/div>\n<\/div>\n<div class=\"content-body \">\n<p>Si \u00e8 alzato il sipario sulla 117esima edizione di Fieragricola, ospitata fino a sabato negli spazi di Veronafiere. In prima fila, al taglio del nastro, anche il vicepresidente del Senato<strong> Gian Marco Centinaio<\/strong>, il presidente della Regione Veneto <strong>Alberto Stefani<\/strong> (\u201cIeri ero felice di occuparmi di autonomia, oggi di agricoltura, domani di imprese. Questi i temi che devono essere\u00a0 prioritari per il presidente della Regione\u201d, ha detto), accanto a lui il Consiglio regionale Luca Zaia, il sindaco di Verona Damiano Tommasi, il presidente della Provincia Flavio Pasini.<\/p>\n<p><strong>\u00abVeronafiere \u00e8 nata con Fieragricola\u00bb <\/strong>ha detto il presidente di Veronafiere Federico Bricolo, ricordando i numeri di questa edizione: \u00abOltre ottocento espositori, buyer da tutto il mondo, 60mila metri quadri espositivi e 11 padiglioni interamente occupati e soprattutto il sistema agricolo rappresentato a 360 gradi. Qui c\u2019\u00e8 tutto ci\u00f2 che il mercato pu\u00f2 offrire all\u2019agricoltore di oggi e anche di domani\u00bb.<\/p>\n<p><strong>Il sindaco Tommasi<\/strong>, dando il benvenuto di espositori, buyer, istituzioni a Verona ha puntato l\u2019attenzione su chi lavora la terra: \u00abQuesta settimana come amministrazione <a href=\"https:\/\/www.larena.it\/territorio-veronese\/citta\/sgombero-ex-scuola-via-villa-1.12914039\" target=\"_blank\">abbiamo dovuto trovare alloggio ad alcuni ragazzi senza casa<\/a>, molti dei quali migranti che sono impiegati in agricoltura. Non pu\u00f2 essere che al mattino, quando inizia il lavoro, gli stranieri sono sempre pochi e alla sera quando il lavoro finisce, sono sempre troppi\u00bb.<\/p>\n<\/div>\n<div class=\"copyright\">\n  \u00a9 Riproduzione riservata\n<\/div>\n<div class=\"whatsapp-channel-link\">\n<p>L\u2019Arena \u00e8 su Whatsapp. <a href=\"https:\/\/whatsapp.com\/channel\/0029VaDsUGg1XquVqR4ZZC43\" target=\"_blank\">Clicca qui<\/a> per iscriverti al nostro canale e rimanere aggiornato in tempo reale.<\/p>\n<\/div>\n<div class=\"content-contribute margin-bottom-default\"><a rel=\"nofollow\" data-pushbar-target=\"comments-pushbar\" class=\"comments\" href=\"https:\/\/www.larena.it\/speciali\/fieragricola\/fieragricola-2026\/al-via-fieragricola-bricolo-qui-c-e-tutto-cio-che-il-mercato-puo-offrire-all-agricoltore-1.12918131\"><br \/>\n        Commenti (<span class=\"comment-count\">0<\/span>)<br \/>\n    <\/a><a rel=\"nofollow\" class=\"contribute d-none d-lg-inline\" href=\"https:\/\/www.larena.it\/spazio-lettori\/whatsapp\">\u00a0 Contribuisci alla notizia<\/a><a rel=\"nofollow\" class=\"contribute d-inline d-lg-none\" href=\"https:\/\/www.larena.it\/spazio-lettori\/whatsapp\">\u00a0 Contribuisci<\/a><\/div>\n<aside id=\"comments-pushbar\" class=\"sidebar sidebar-comments comments-zone\" data-pushbar-id=\"comments-pushbar\" data-pushbar-direction=\"right\">\n<div class=\"sidebar-header\">\n<div class=\"navbar navbar-expand d-flex justify-content-between\">\n<ul class=\"navbar-nav\">\n<li><\/ul>\n<ul class=\"navbar-nav\">\n<li>\n<h5>Commenti (<span class=\"comment-count\">0<\/span>)<\/h5>\n<\/li>\n<\/ul>\n<\/div>\n<\/div>\n<div class=\"sidebar-main sidebar-main-scroll\">\n<div class=\"comments-container\">\n<div class=\"spinner\"><img decoding=\"async\" src=\"https:\/\/gfx.larena.it\/gfx\/siti\/quotidiani_web-v3\/images\/spinners\/ajax-loader.gif\" alt=\"spinner\"><\/div>\n<\/div>\n<\/div>\n<div class=\"sidebar-footer\">\n<div class=\"comments-container foot\"><a class=\"comment-new-form-toggler btn btn-secondary btn-sm\" rel=\"nofollow\" href=\"https:\/\/www.larena.it\/speciali\/fieragricola\/fieragricola-2026\/al-via-fieragricola-bricolo-qui-c-e-tutto-cio-che-il-mercato-puo-offrire-all-agricoltore-1.12918131\">Commenta<\/a><\/p>\n<div class=\"buttons\">\n<div class=\"privacy\"><b>Informativa privacy:<\/b> L\u2019invio di un commento pu\u00f2 comportare il trattamento di dati personali: per maggiori informazioni sulle modalit\u00e0 di trattamento e l\u2019esercizio dei diritti consultare le nostre Informazioni sulla Privacy e l\u2019informativa estesa sui cookie presenti in calce al sito web.<\/div>\n<p><button type=\"button\" class=\"btn btn-primary submit\">Invia<\/button><\/div>\n<div class=\"comment-thankyou\">Grazie per aver inviato un commento. L&#8217;intervento non sar\u00e0 pubblicato fino a quando il moderatore non lo avr\u00e0 letto ed approvato. I commenti ritenuti inadatti o offensivi non saranno pubblicati.<\/div>\n<\/div>\n<\/div>\n<\/aside>\n<\/div>\n<\/div>\n<p>[analyse_source url=&#8221;https:\/\/www.larena.it\/speciali\/fieragricola\/fieragricola-2026\/al-via-fieragricola-bricolo-qui-c-e-tutto-cio-che-il-mercato-puo-offrire-all-agricoltore-1.12918131&#8243;]<\/p>\n","protected":false},"excerpt":{"rendered":"<p>[analyse_image type=&#8221;featured&#8221; src=&#8221;https:\/\/gfx.larena.it\/image\/contentid\/policy:1.12918224:1770206160\/image.jfif?f=16&#215;9&amp;h=450&amp;w=800&amp;$p$f$h$w=da3a808&#8243;] Al via Fieragricola, Bricolo: \u00abQui c\u2019\u00e8 tutto ci\u00f2 che il mercato pu\u00f2 offrire all\u2019agricoltore\u00bb Francesca Lorandi All&#8217;inaugurazione presenti Gian Marco Centinaio, Alberto Stefani, Luca Zaia, Damiano Tommasi e Flavio Pasini 04 febbraio 2026 Taglio del nastro alla Fieragricola 2026 Federico Bricolo Si \u00e8 alzato il sipario sulla 117esima edizione di Fieragricola, ospitata [&hellip;]<\/p>\n","protected":false},"author":1,"featured_media":0,"comment_status":"open","ping_status":"","sticky":false,"template":"","format":"standard","meta":{"footnotes":""},"categories":[87],"tags":[226,146],"class_list":["post-1755806","post","type-post","status-publish","format-standard","hentry","category-italy","tag-crawlmanager","tag-larena-it"],"_links":{"self":[{"href":"https:\/\/analyse.optim.biz\/index.php?rest_route=\/wp\/v2\/posts\/1755806","targetHints":{"allow":["GET"]}}],"collection":[{"href":"https:\/\/analyse.optim.biz\/index.php?rest_route=\/wp\/v2\/posts"}],"about":[{"href":"https:\/\/analyse.optim.biz\/index.php?rest_route=\/wp\/v2\/types\/post"}],"author":[{"embeddable":true,"href":"https:\/\/analyse.optim.biz\/index.php?rest_route=\/wp\/v2\/users\/1"}],"replies":[{"embeddable":true,"href":"https:\/\/analyse.optim.biz\/index.php?rest_route=%2Fwp%2Fv2%2Fcomments&post=1755806"}],"version-history":[{"count":0,"href":"https:\/\/analyse.optim.biz\/index.php?rest_route=\/wp\/v2\/posts\/1755806\/revisions"}],"wp:attachment":[{"href":"https:\/\/analyse.optim.biz\/index.php?rest_route=%2Fwp%2Fv2%2Fmedia&parent=1755806"}],"wp:term":[{"taxonomy":"category","embeddable":true,"href":"https:\/\/analyse.optim.biz\/index.php?rest_route=%2Fwp%2Fv2%2Fcategories&post=1755806"},{"taxonomy":"post_tag","embeddable":true,"href":"https:\/\/analyse.optim.biz\/index.php?rest_route=%2Fwp%2Fv2%2Ftags&post=1755806"}],"curies":[{"name":"wp","href":"https:\/\/api.w.org\/{rel}","templated":true}]}}