{"id":1755291,"date":"2026-02-05T16:20:55","date_gmt":"2026-02-05T13:20:55","guid":{"rendered":"https:\/\/analyse.optim.biz\/?p=1755291"},"modified":"2026-02-05T16:20:55","modified_gmt":"2026-02-05T13:20:55","slug":"mattarella-gli-atleti-azzurri-gli-regalano-la-giacca-ufficiale-delle-olimpiadi-io-fuori-eta-per-i-giochi-video","status":"publish","type":"post","link":"https:\/\/analyse.optim.biz\/?p=1755291","title":{"rendered":"Mattarella, gli atleti azzurri gli regalano la giacca ufficiale delle Olimpiadi: \u00abIo, fuori et\u00e0 per i Giochi\u00bb VIDEO"},"content":{"rendered":"<p>[analyse_image type=&#8221;featured&#8221; src=&#8221;https:\/\/statics.cedscdn.it\/photos\/MED_HIGH\/2026\/02\/05\/9341614_poster.jpg&#8221;]<\/p>\n<section id=\"main-content\" class=\"col-xs-8\">\n<div class=\"contenuto\">\n<article class=\"free-content\">\n<header>\n<h1 class=\"titolo\">Mattarella, gli atleti azzurri gli regalano la giacca ufficiale delle Olimpiadi: \u00abIo, fuori et\u00e0 per i Giochi\u00bb VIDEO<\/h1>\n<h2 class=\"sottotitolo\">Il Capo di Stato ha fatto visita al Team Italia, pronta a partecipare ai Giochi Milano Cortina<\/h2>\n<div class=\"breadcrumbs\"><a href=\"https:\/\/www.ilgazzettino.it\/milano_cortina\/\" class=\"sezione\" title=\"milano cortina\">milano cortina<\/a><br \/>\n     &gt;         <a href=\"https:\/\/www.ilgazzettino.it\/milano_cortina\/video\/\" class=\"sottosezione\" title=\"Video\">Video<\/a><\/div>\n<p><span class=\"data_pub\">gioved\u00ec 5 febbraio 2026<\/span><\/p>\n<div class=\"embed_video\">\n<div class=\"jw_embed\" data-mediaid=\"9N8kNZP3\" data-waitevent=\"cookielaw_5\"><img loading=\"lazy\" decoding=\"async\" src=\"https:\/\/utils.cedsdigital.it\/img\/placeholders\/video.svg\" width=\"340\" height=\"180\" alt=\"Video\"><\/div>\n<\/div>\n<\/header>\n<div class=\"row\">\n<div class=\"col-xs-1\">\n<div id=\"share_bar_wrapper\">\n<div id=\"share_bar\">\n<ul class=\"share-item\">\n<li class=\"facebook\">\n<li class=\"twitter\">\n<li class=\"mail\"><\/ul>\n<\/div>\n<\/div>\n<\/div>\n<div class=\"col-xs-11\">\n<div class=\"body-text\">\n<div id=\"article_content\">\n<p>La gioia, l&#8217;orgoglio e, per non farsi mancare nulla, la battuta: \u00abSono leggermente fuori et\u00e0 per le\u00a0<a href=\"http:\/\/ilgazzettino.it\/t\/olimpiadi\">Olimpiadi<\/a> e a dire il vero anche da giovane non sarei stato selezionato&#8230; Grazie per il dono, lo conserver\u00f2 con affetto e lo indosser\u00f2 perch\u00e9 non \u00e8 solo significativo ma anche prezioso, vi accompagner\u00e0 in questi Giochi e questo gli conferisce anche un grande valore\u00bb. Cos\u00ec il presidente della Repubblica, <a href=\"http:\/\/ilgazzettino.it\/t\/sergio-mattarella\">Sergio Mattarella<\/a>, durante la visita al Villaggio olimpico di Milano dove ha ricevuto dagli atleti la giacca ufficiale dell&#8217;Italia Team con tanto di nome.<\/p>\n<p> (Fonte video: Quirinale)]<\/p>\n<aside id=\"correlati\">\n<div class=\"correlati_title\">APPROFONDIMENTI<\/div>\n<div class=\"slider-items-correlati\" data-slidestoshow=\"1\">\n<article class=\"approfondimento\">\n<figure><a href=\"http:\/\/ilgazzettino.it\/milano_cortina\/notizie\/mattarella_pranzo_atleti_olimpiadi-9341389.html\"><img decoding=\"async\" src=\"https:\/\/statics.cedscdn.it\/photos\/THUMB\/2026\/02\/05\/9341369_05153259_onecms_1ozfpgrmecv1p04hmso.jpg\"><\/a><\/figure>\n<div class=\"textitem\"><span><a href=\"http:\/\/ilgazzettino.it\/milano_cortina\/notizie\/mattarella_pranzo_atleti_olimpiadi-9341389.html\">L&#8217;ARRIVO<\/a><\/span><\/p>\n<h2><a href=\"http:\/\/ilgazzettino.it\/milano_cortina\/notizie\/mattarella_pranzo_atleti_olimpiadi-9341389.html\">Mattarella pranza con gli atleti azzurri al Villaggio: \u00abLa&#8230;<\/a><\/h2>\n<\/div>\n<\/article>\n<\/div>\n<\/aside>\n<\/div>\n<p><span class=\"copy\"><br \/>\n                                \u00a9 RIPRODUZIONE RISERVATA<br \/>\n                                <\/span><\/div>\n<\/div>\n<\/div>\n<\/article>\n<aside class=\"row\">&#8216;;<br \/>\n        outbrainEl.insertAdjacentHTML(&#8220;afterBegin&#8221;, AdCodeOutbrain);<\/p>\n<p>        loadScript(&#8216;\/\/widgets.outbrain.com\/outbrain.js&#8217;, function(){<br \/>\n            \/\/ cerco il widget. Necessario se c&#8217;\u00e8 un&#8217;altro widget di Outbrain in pagina (es: inread)<br \/>\n            OBR.extern.researchWidget();<br \/>\n        });<br \/>\n    }<\/p>\n<p>    function AnnunciOutbrain(callback) {<br \/>\n        var outbrainDiv = document.getElementById(&#8216;outbrainWait&#8217;);<br \/>\n        \/\/ Verifica se l&#8217;elemento esiste<br \/>\n        if (outbrainDiv) {<br \/>\n            \/\/ Modifica l&#8217;id dell&#8217;elemento div<br \/>\n            outbrainDiv.id = &#8216;outbrain&#8217;;<br \/>\n        }<\/p>\n<p>                    var load_method = impostazioni_testata.outbrain.load_method || &#8216;first-interaction&#8217;;<\/p>\n<p>        var outbrainEl = document.getElementById(&#8216;outbrain&#8217;);<\/p>\n<p>        CED.log(&#8220;outbrain load_method:&#8221; + load_method);<\/p>\n<p>        if (load_method == &#8216;when-near-viewport&#8217;) {<\/p>\n<p>            \/\/ outbrain parte solo quando scrollando arriva abbastanza vicino alla viewport<br \/>\n            if (typeof callback === &#8220;function&#8221;) {<\/p>\n<p>                \/\/ Listen for the scroll event<br \/>\n                \/\/document.addEventListener(&#8216;scroll&#8217;, onScroll(outbrainEl,callback), false);<br \/>\n                CedsWNV.watch(outbrainEl, callback, {<br \/>\n                    checkInterval: 300,<br \/>\n                    offset: 500<br \/>\n                });<\/p>\n<p>                \/*devo chiamare la funzione con argomenti e variabili *\/<br \/>\n            }<\/p>\n<p>        } else {<br \/>\n            \/\/ DEFAULT: outbrain parte alla prima interazione o dopo il timeout inattivit\u00e0<br \/>\n            _waitOnceFor(load_method, callback);<br \/>\n        }<br \/>\n    }<\/p>\n<p>            AnnunciOutbrain(WidgetOutbrainTag);<\/p>\n<\/aside>\n<\/div>\n<\/section>\n<article class=\"free-content\">\n<header>\n<h1 class=\"titolo\">Mattarella, gli atleti azzurri gli regalano la giacca ufficiale delle Olimpiadi: \u00abIo, fuori et\u00e0 per i Giochi\u00bb VIDEO<\/h1>\n<h2 class=\"sottotitolo\">Il Capo di Stato ha fatto visita al Team Italia, pronta a partecipare ai Giochi Milano Cortina<\/h2>\n<div class=\"breadcrumbs\"><a href=\"https:\/\/www.ilgazzettino.it\/milano_cortina\/\" class=\"sezione\" title=\"milano cortina\">milano cortina<\/a><br \/>\n     &gt;         <a href=\"https:\/\/www.ilgazzettino.it\/milano_cortina\/video\/\" class=\"sottosezione\" title=\"Video\">Video<\/a><\/div>\n<p><span class=\"data_pub\">gioved\u00ec 5 febbraio 2026<\/span><\/p>\n<div class=\"embed_video\">\n<div class=\"jw_embed\" data-mediaid=\"9N8kNZP3\" data-waitevent=\"cookielaw_5\"><img loading=\"lazy\" decoding=\"async\" src=\"https:\/\/utils.cedsdigital.it\/img\/placeholders\/video.svg\" width=\"340\" height=\"180\" alt=\"Video\"><\/div>\n<\/div>\n<\/header>\n<div class=\"row\">\n<div class=\"col-xs-1\">\n<div id=\"share_bar_wrapper\">\n<div id=\"share_bar\">\n<ul class=\"share-item\">\n<li class=\"facebook\">\n<li class=\"twitter\">\n<li class=\"mail\"><\/ul>\n<\/div>\n<\/div>\n<\/div>\n<div class=\"col-xs-11\">\n<div class=\"body-text\">\n<div id=\"article_content\">\n<p>La gioia, l&#8217;orgoglio e, per non farsi mancare nulla, la battuta: \u00abSono leggermente fuori et\u00e0 per le\u00a0<a href=\"http:\/\/ilgazzettino.it\/t\/olimpiadi\">Olimpiadi<\/a> e a dire il vero anche da giovane non sarei stato selezionato&#8230; Grazie per il dono, lo conserver\u00f2 con affetto e lo indosser\u00f2 perch\u00e9 non \u00e8 solo significativo ma anche prezioso, vi accompagner\u00e0 in questi Giochi e questo gli conferisce anche un grande valore\u00bb. Cos\u00ec il presidente della Repubblica, <a href=\"http:\/\/ilgazzettino.it\/t\/sergio-mattarella\">Sergio Mattarella<\/a>, durante la visita al Villaggio olimpico di Milano dove ha ricevuto dagli atleti la giacca ufficiale dell&#8217;Italia Team con tanto di nome.<\/p>\n<p> (Fonte video: Quirinale)]<\/p>\n<aside id=\"correlati\">\n<div class=\"correlati_title\">APPROFONDIMENTI<\/div>\n<div class=\"slider-items-correlati\" data-slidestoshow=\"1\">\n<article class=\"approfondimento\">\n<figure><a href=\"http:\/\/ilgazzettino.it\/milano_cortina\/notizie\/mattarella_pranzo_atleti_olimpiadi-9341389.html\"><img decoding=\"async\" src=\"https:\/\/statics.cedscdn.it\/photos\/THUMB\/2026\/02\/05\/9341369_05153259_onecms_1ozfpgrmecv1p04hmso.jpg\"><\/a><\/figure>\n<div class=\"textitem\"><span><a href=\"http:\/\/ilgazzettino.it\/milano_cortina\/notizie\/mattarella_pranzo_atleti_olimpiadi-9341389.html\">L&#8217;ARRIVO<\/a><\/span><\/p>\n<h2><a href=\"http:\/\/ilgazzettino.it\/milano_cortina\/notizie\/mattarella_pranzo_atleti_olimpiadi-9341389.html\">Mattarella pranza con gli atleti azzurri al Villaggio: \u00abLa&#8230;<\/a><\/h2>\n<\/div>\n<\/article>\n<\/div>\n<\/aside>\n<\/div>\n<p><span class=\"copy\"><br \/>\n                                \u00a9 RIPRODUZIONE RISERVATA<br \/>\n                                <\/span><\/div>\n<\/div>\n<\/div>\n<\/article>\n<article class=\"approfondimento\">\n<figure><a href=\"http:\/\/ilgazzettino.it\/milano_cortina\/notizie\/mattarella_pranzo_atleti_olimpiadi-9341389.html\"><img decoding=\"async\" src=\"https:\/\/statics.cedscdn.it\/photos\/THUMB\/2026\/02\/05\/9341369_05153259_onecms_1ozfpgrmecv1p04hmso.jpg\"><\/a><\/figure>\n<div class=\"textitem\"><span><a href=\"http:\/\/ilgazzettino.it\/milano_cortina\/notizie\/mattarella_pranzo_atleti_olimpiadi-9341389.html\">L&#8217;ARRIVO<\/a><\/span><\/p>\n<h2><a href=\"http:\/\/ilgazzettino.it\/milano_cortina\/notizie\/mattarella_pranzo_atleti_olimpiadi-9341389.html\">Mattarella pranza con gli atleti azzurri al Villaggio: \u00abLa&#8230;<\/a><\/h2>\n<\/div>\n<\/article>\n<article class=\"col-xs-12 html_base_no_foto\">\n<div class=\"item_content\"><span class=\"testatina sopra\"><a href=\"http:\/\/ilgazzettino.it\/milano_cortina\/notizie\/nazionale_hockey_femminile_finlandese_virus_cosa_e_successo-9341567.html\">OLIMPIADI<\/a><\/span><\/p>\n<h2><a href=\"http:\/\/ilgazzettino.it\/milano_cortina\/notizie\/nazionale_hockey_femminile_finlandese_virus_cosa_e_successo-9341567.html\" class=\"ml_primary_link\">Nazionale di hockey finlandese colpita da un virus pima del debutto, cosa \u00e8 successo<\/a><\/h2>\n<aside class=\"approfondimenti\"><a href=\"http:\/\/ilgazzettino.it\/sport\/olimpiadi\/dagli_scarponi_agli_sci_italia_vola_podio_export_mondiale_boom_2026_grazie_cortina-9339280.html\" class=\"articolo\" title=\"Milano-Cortina, boom d'export mondiale per l'Italia\">Milano-Cortina, boom d&#8217;export mondiale per l&#8217;Italia<\/a><a href=\"http:\/\/ilgazzettino.it\/fotogallery\/sport\/olimpiadi_milano_cortina_mattarella_villaggio_olimpico-9341388.html\" class=\"articolo\" title=\"Foto\">Foto<\/a><\/aside>\n<\/div>\n<\/article>\n<article class=\"col-xs-12 html_base_no_foto\">\n<div class=\"item_content\"><span class=\"testatina sopra\"><a href=\"http:\/\/ilgazzettino.it\/milano_cortina\/video\/sinner_bebe_vio_treno_controllo_biglietti_milano_cortina-9341559.html\">LA GIORNATA<\/a><\/span><\/p>\n<h2><a href=\"http:\/\/ilgazzettino.it\/milano_cortina\/video\/sinner_bebe_vio_treno_controllo_biglietti_milano_cortina-9341559.html\" class=\"ml_primary_link\">Sinner e Bebe Vio, controllori sul treno diretto alle Olimpiadi Milano-Cortina: lo stupore e la gioia dei fan <span>VIDEO<\/span><\/a><\/h2>\n<aside class=\"approfondimenti\"><a href=\"http:\/\/ilgazzettino.it\/milano_cortina\/video\/sofia_goggia_cortina_saluto_fan_neve-9341558.html\" class=\"video\" title=\"Sofia Goggia a Cortina, il saluto ai fan che la aspettano sotto la neve: \u00abForza azzurre\u00bb VIDEO\">Sofia Goggia a Cortina, il saluto ai fan che la aspettano sotto la neve: \u00abForza azzurre\u00bb VIDEO<\/a><a href=\"http:\/\/ilgazzettino.it\/milano_cortina\/notizie\/olimpiadi_milano_cortina_vip_ospiti_chi_sono_tom_cruise_snoop_dogg_mariah_carey-9341513.html\" class=\"video\" title=\"Olimpiadi Milano-Cortina, i vip e gli ospiti: da Tom Cruise e Snoop Dogg, da Mariah Carey a Bocelli. Dove vedere la cerimonia d'apertura\">Olimpiadi Milano-Cortina, i vip e gli ospiti: da Tom Cruise e Snoop Dogg, da Mariah Carey a Bocelli. Dove vedere la cerimonia d&#8217;apertura<\/a><\/aside>\n<\/div>\n<\/article>\n<article class=\"col-xs-12 html_base_no_foto\">\n<div class=\"item_content\"><span class=\"testatina sopra\"><a href=\"http:\/\/ilgazzettino.it\/nordest\/primopiano\/stefani_autonomia_300milioni_sanita_olimpiadi_milano_cortina_cosa_ha_detto-9341281.html\">PADOVA<\/a><\/span><\/p>\n<h2><a href=\"http:\/\/ilgazzettino.it\/nordest\/primopiano\/stefani_autonomia_300milioni_sanita_olimpiadi_milano_cortina_cosa_ha_detto-9341281.html\" class=\"ml_primary_link\">Stefani: \u00abAutonomia, da prima tranche 300milioni in pi\u00f9 per la sanit\u00e0 veneta. Olimpiadi? straordinarie, ma non sono tutto\u00bb<\/a><\/h2>\n<\/div>\n<\/article>\n<article class=\"col-xs-12 html_base_no_foto\">\n<div class=\"item_content\"><span class=\"testatina sopra\"><a href=\"http:\/\/ilgazzettino.it\/milano_cortina\/notizie\/snoop_dog_tedoforo_gallarate-9341179.html\">OLIMPIADI<\/a><\/span><\/p>\n<h2><a href=\"http:\/\/ilgazzettino.it\/milano_cortina\/notizie\/snoop_dog_tedoforo_gallarate-9341179.html\" class=\"ml_primary_link\">Snoop Dogg tedoforo a sorpresa delle Olimpiadi Milano-Cortina: bagno di folla a Gallarate per l&#8217;iconico rapper americano<\/a><\/h2>\n<aside class=\"approfondimenti\"><a href=\"http:\/\/ilgazzettino.it\/fotogallery\/sport\/villaggio_olimpico_milano_cortina-9338843.html\" class=\"articolo\" title=\"Foto\">Foto<\/a><a href=\"http:\/\/ilgazzettino.it\/olimpiadi_milano_cortina\/news\/ukaleq_chi_e_olimpiadi_milano_cortina_groenlandia-9339020.html\" class=\"articolo\" title=\"Ukaleq, il sogno olimpico che arriva dalla Groenlandia\">Ukaleq, il sogno olimpico che arriva dalla Groenlandia<\/a><\/aside>\n<\/div>\n<\/article>\n<article class=\"col-xs-12 html_base_no_foto\">\n<div class=\"item_content\"><span class=\"testatina sopra\"><a href=\"http:\/\/ilgazzettino.it\/italia\/politica\/decreto_sicurezza_intesa_governo_quirinale_fermo_preventivo-9341065.html\">IL PROVVEDIMENTO<\/a><\/span><\/p>\n<h2><a href=\"http:\/\/ilgazzettino.it\/italia\/politica\/decreto_sicurezza_intesa_governo_quirinale_fermo_preventivo-9341065.html\" class=\"ml_primary_link\">Decreto sicurezza, intesa governo-Quirinale: s\u00ec al fermo preventivo ma con riscontri oggettivi<\/a><\/h2>\n<aside class=\"approfondimenti\"><a href=\"http:\/\/ilgazzettino.it\/politica\/meloni_chiama_schlein_insieme_la_sicurezza_si_al_daspo_violenti-9335442.html\" class=\"articolo\" title=\"Meloni \u201cchiama\u201d Schlein\">Meloni \u201cchiama\u201d Schlein<\/a><a href=\"http:\/\/ilgazzettino.it\/politica\/decreto_sicurezza_cdm_diretta_oggi-9341444.html\" class=\"articolo\" title=\"Il cdm convocato oggi alle 16,10 a Palazzo Chigi\">Il cdm convocato oggi alle 16,10 a Palazzo Chigi<\/a><\/aside>\n<\/div>\n<\/article>\n<article class=\"col-xs-12\">\n<div class>\n<div class=\"image-container\"><a href=\"http:\/\/ilgazzettino.it\/video\/primopiano\/pugno_mamma_bici_figlio_22enne_straniero_libero_roma-9341358.html\" title=\"Pugno in faccia alla mamma in bici con il figlio: il volto fratturato e la denuncia, ma il 22enne straniero \u00ab\u00e8 gi\u00e0 libero\u00bb VIDEO\"><\/p>\n<figure>\n<div class=\"player_clicker\"><img decoding=\"async\" src=\"https:\/\/statics.cedscdn.it\/photos\/MED\/2026\/02\/05\/9341358_05130652_thumbnail_da_fotogramma.jpg\" title=\"Pugno in faccia alla mamma in bici con il figlio: il volto fratturato e la denuncia, ma il 22enne straniero \u00ab\u00e8 gi\u00e0 libero\u00bb VIDEO\" width=\"-16\" height=\"-9\"><\/div>\n<\/figure>\n<p><\/a><\/div>\n<div class=\"embed_video\">\n<div class=\"jw_embed\" data-mediaid=\"BCJiTqOm\" data-waitevent=\"clickOn_clicker59378\" data-disable_video_float_on_non_adv_content=\"cedjs-dynamic\" data-related='{\"oncomplete\":\"show\"}' data-mute=\"true\" data-adv_always_floating=\"true\"><img data-src=\"https:\/\/utils.cedsdigital.it\/img\/placeholders\/video.svg\" width=\"340\" height=\"180\" alt=\"Video\"><\/div>\n<\/div>\n<h2><a href=\"http:\/\/ilgazzettino.it\/video\/primopiano\/pugno_mamma_bici_figlio_22enne_straniero_libero_roma-9341358.html\" class=\"ml_primary_link\">Pugno in faccia alla mamma in bici con il figlio: il volto fratturato e la denuncia, ma il 22enne straniero \u00ab\u00e8 gi\u00e0 libero\u00bb <span>VIDEO<\/span><\/a><\/h2>\n<aside class=\"approfondimenti\"><a href=\"http:\/\/ilgazzettino.it\/italia\/cronaca_nera\/san_lorenzo_aggressioni_pugni_uomo_libero_video_cosa_succede_terrore_quartiere-9341360.html\" class=\"video\" title=\"Roma, pugno in faccia alla mamma in bici con il figlio a San Lorenzo. Il volto fratturato, il video-choc e la denuncia: il 22enne straniero \u00abgi\u00e0 libero\u00bb\">Roma, pugno in faccia alla mamma in bici con il figlio a San Lorenzo. Il volto fratturato, il video-choc e la denuncia: il 22enne straniero \u00abgi\u00e0 libero\u00bb<\/a><\/aside>\n<footer class=\"row bottom-xs options\">\n<div class=\"col-xs-12\">\n<div class=\"wrapper-share-social\">\n<ul class=\"first-info\" data-url=\"https:\/\/www.ilgazzettino.it\/video\/primopiano\/pugno_mamma_bici_figlio_22enne_straniero_libero_roma-9341358.html\" data-title=\"Pugno in faccia alla mamma in bici con il figlio: il volto fratturato e la denuncia, ma il 22enne straniero \u00ab\u00e8 gi\u00e0 libero\u00bb VIDEO\">\n<li class=\"more_share\">\n<ul class=\"share-social actions\" data-url=\"https:\/\/www.ilgazzettino.it\/video\/primopiano\/pugno_mamma_bici_figlio_22enne_straniero_libero_roma-9341358.html\" data-title=\"Pugno in faccia alla mamma in bici con il figlio: il volto fratturato e la denuncia, ma il 22enne straniero \u00ab\u00e8 gi\u00e0 libero\u00bb VIDEO\">\n<li class=\"share_fb\">\n<li class=\"share_tw\">\n<li class=\"share_mail\">\n<li class=\"share-social-close\"><\/ul>\n<\/li>\n<li class=\"icon msg-twitter\">\n<li class=\"icon msg-facebook\"><span>293<\/span><\/li>\n<\/ul>\n<\/div>\n<\/div>\n<\/footer>\n<\/div>\n<\/article>\n<article class=\"col-xs-12 html_base_right  milano_cortina video \">\n<div class=\"item_content\">\n<div class=\"row\">\n<div class=\"col-xs-3\">\n<figure><a href=\"http:\/\/ilgazzettino.it\/milano_cortina\/video\/sofia_goggia_cortina_saluto_fan_neve-9341558.html\" title=\"Sofia Goggia a Cortina, il saluto ai fan che la aspettano sotto la neve: \u00abForza azzurre\u00bb VIDEO\"><\/p>\n<div class=\"player_clicker\"><img decoding=\"async\" src=\"https:\/\/statics.cedscdn.it\/photos\/THUMB\/2026\/02\/05\/9341558_05162826_sofia_goggia_cortina_saluta_fan.jpg\" title=\"Sofia Goggia a Cortina, il saluto ai fan che la aspettano sotto la neve: \u00abForza azzurre\u00bb VIDEO\"><\/div>\n<p><\/a><\/figure>\n<\/div>\n<div class=\"col-xs-9\">\n<h2><a href=\"http:\/\/ilgazzettino.it\/milano_cortina\/video\/sofia_goggia_cortina_saluto_fan_neve-9341558.html\" title=\"Sofia Goggia a Cortina, il saluto ai fan che la aspettano sotto la neve: \u00abForza azzurre\u00bb VIDEO\">Sofia Goggia a Cortina, il saluto ai fan che la aspettano sotto la neve: \u00abForza azzurre\u00bb VIDEO<\/a><\/h2>\n<\/div>\n<\/div>\n<\/div>\n<\/article>\n<article class=\"col-xs-12 html_base_right  milano_cortina notizie \">\n<div class=\"item_content\">\n<div class=\"row\">\n<div class=\"col-xs-3\">\n<figure><a href=\"http:\/\/ilgazzettino.it\/milano_cortina\/notizie\/mariah_carey_prove_cerimonia_apertura_olimpiadi_nel_blu_dipinto_di_blu_modugno-9341187.html\" title=\"Mariah Carey a Milano-Cortina: le prove di Nel blu dipinto di blu di Modugno per la cerimonia di apertura della Olimpiadi VIDEO\"><\/p>\n<div class=\"player_clicker\"><img decoding=\"async\" src=\"https:\/\/statics.cedscdn.it\/photos\/THUMB\/2026\/02\/05\/9341187_05104019_mariah_carey_prove_cerimonia_apertura_olimpiadi_nel_blu_dipinto_di_blu_modugno.jpg\" title=\"Mariah Carey a Milano-Cortina: le prove di Nel blu dipinto di blu di Modugno per la cerimonia di apertura della Olimpiadi VIDEO\"><\/div>\n<p><\/a><\/figure>\n<\/div>\n<div class=\"col-xs-9\">\n<h2><a href=\"http:\/\/ilgazzettino.it\/milano_cortina\/notizie\/mariah_carey_prove_cerimonia_apertura_olimpiadi_nel_blu_dipinto_di_blu_modugno-9341187.html\" title=\"Mariah Carey a Milano-Cortina: le prove di Nel blu dipinto di blu di Modugno per la cerimonia di apertura della Olimpiadi VIDEO\">Mariah Carey a Milano-Cortina: le prove di Nel blu dipinto di blu di Modugno per la cerimonia di apertura della Olimpiadi VIDEO<\/a><\/h2>\n<\/div>\n<\/div>\n<\/div>\n<\/article>\n<article class=\"col-xs-12 html_base_right  milano_cortina video \">\n<div class=\"item_content\">\n<div class=\"row\">\n<div class=\"col-xs-3\">\n<figure><a href=\"http:\/\/ilgazzettino.it\/milano_cortina\/video\/sinner_bebe_vio_treno_controllo_biglietti_milano_cortina-9341559.html\" title=\"Sinner e Bebe Vio, controllori sul treno diretto alle Olimpiadi Milano-Cortina: lo stupore e la gioia dei fan VIDEO\"><\/p>\n<div class=\"player_clicker\"><img decoding=\"async\" src=\"https:\/\/statics.cedscdn.it\/photos\/THUMB\/2026\/02\/05\/9341559_05163239_sinner_bebe_vio_treno_controllo_biglietti_milano_cortina.jpg\" title=\"Sinner e Bebe Vio, controllori sul treno diretto alle Olimpiadi Milano-Cortina: lo stupore e la gioia dei fan VIDEO\"><\/div>\n<p><\/a><\/figure>\n<\/div>\n<div class=\"col-xs-9\">\n<h2><a href=\"http:\/\/ilgazzettino.it\/milano_cortina\/video\/sinner_bebe_vio_treno_controllo_biglietti_milano_cortina-9341559.html\" title=\"Sinner e Bebe Vio, controllori sul treno diretto alle Olimpiadi Milano-Cortina: lo stupore e la gioia dei fan VIDEO\">Sinner e Bebe Vio, controllori sul treno diretto alle Olimpiadi Milano-Cortina: lo stupore e la gioia dei fan VIDEO<\/a><\/h2>\n<\/div>\n<\/div>\n<\/div>\n<\/article>\n<article class=\"col-xs-12 html_base_right  milano_cortina video \">\n<div class=\"item_content\">\n<div class=\"row\">\n<div class=\"col-xs-3\">\n<figure><a href=\"http:\/\/ilgazzettino.it\/milano_cortina\/video\/mattarella_giacca_italia_olimpiadi_io_fuori_eta-9341614.html\" title=\"Mattarella, gli atleti azzurri gli regalano la giacca ufficiale delle Olimpiadi: \u00abIo, fuori et\u00e0 per i Giochi\u00bb VIDEO\"><\/p>\n<div class=\"player_clicker\"><img decoding=\"async\" src=\"https:\/\/statics.cedscdn.it\/photos\/THUMB\/2026\/02\/05\/9341614_poster.jpg\" title=\"Mattarella, gli atleti azzurri gli regalano la giacca ufficiale delle Olimpiadi: \u00abIo, fuori et\u00e0 per i Giochi\u00bb VIDEO\"><\/div>\n<p><\/a><\/figure>\n<\/div>\n<div class=\"col-xs-9\">\n<h2><a href=\"http:\/\/ilgazzettino.it\/milano_cortina\/video\/mattarella_giacca_italia_olimpiadi_io_fuori_eta-9341614.html\" title=\"Mattarella, gli atleti azzurri gli regalano la giacca ufficiale delle Olimpiadi: \u00abIo, fuori et\u00e0 per i Giochi\u00bb VIDEO\">Mattarella, gli atleti azzurri gli regalano la giacca ufficiale delle Olimpiadi: \u00abIo, fuori et\u00e0 per i Giochi\u00bb VIDEO<\/a><\/h2>\n<\/div>\n<\/div>\n<\/div>\n<\/article>\n<article class=\"col-xs-12 html_base_right  video nordest \">\n<div class=\"item_content\">\n<div class=\"row\">\n<div class=\"col-xs-3\">\n<figure><a href=\"http:\/\/ilgazzettino.it\/video\/nordest\/walter_davis_giamaica_bob_ghiaccio_freezer_vincere_una_medaglia-9339295.html\" title=\"Walter Davis, vicepresidente della Federazione della Giamaica sul bob: \u00abIl ghiaccio? Da noi solo in freezer. Vogliamo solo vincere una medaglia\u00bb VIDEO\"><\/p>\n<div class=\"player_clicker\"><img decoding=\"async\" src=\"https:\/\/statics.cedscdn.it\/photos\/THUMB\/2026\/02\/04\/9339295_04151245_walter_davis_bob_jamaica_cortina.jpg\" title=\"Walter Davis, vicepresidente della Federazione della Giamaica sul bob: \u00abIl ghiaccio? Da noi solo in freezer. Vogliamo solo vincere una medaglia\u00bb VIDEO\"><\/div>\n<p><\/a><\/figure>\n<\/div>\n<div class=\"col-xs-9\">\n<h2><a href=\"http:\/\/ilgazzettino.it\/video\/nordest\/walter_davis_giamaica_bob_ghiaccio_freezer_vincere_una_medaglia-9339295.html\" title=\"Walter Davis, vicepresidente della Federazione della Giamaica sul bob: \u00abIl ghiaccio? Da noi solo in freezer. Vogliamo solo vincere una medaglia\u00bb VIDEO\">Walter Davis, vicepresidente della Federazione della Giamaica sul bob: \u00abIl ghiaccio? Da noi solo in freezer. Vogliamo solo vincere una medaglia\u00bb VIDEO<\/a><\/h2>\n<\/div>\n<\/div>\n<\/div>\n<\/article>\n<article class=\"col-xs-12 html_base_bottom  partner news \">\n<div class=\"item_content\">\n<figure><a href=\"https:\/\/www.venicevisitpass.com\/\" title=\"Venice City Pass: i migliori Pass e Tickets di Venezia\"><img decoding=\"async\" src=\"https:\/\/statics.cedscdn.it\/photos\/MED\/2025\/07\/28\/8982768_28152834_venice_city_pass.jpg\" title=\"Venice City Pass: i migliori Pass e Tickets di Venezia\" width=\"-16\" height=\"-9\"><\/a><\/figure>\n<h2><a href=\"https:\/\/www.venicevisitpass.com\/\" class=\"ml_primary_link\">Venice City Pass: i migliori Pass e Tickets di Venezia<\/a><\/h2>\n<footer class=\"row bottom-xs options\">\n<div class=\"col-xs-12\">\n<div class=\"wrapper-share-social\">\n<ul class=\"first-info\" data-url=\"https:\/\/www.venicevisitpass.com\/\" data-title=\"Venice City Pass: i migliori Pass e Tickets di Venezia\">\n<li class=\"more_share\">\n<ul class=\"share-social actions\" data-url=\"https:\/\/www.venicevisitpass.com\/\" data-title=\"Venice City Pass: i migliori Pass e Tickets di Venezia\">\n<li class=\"share_fb\">\n<li class=\"share_tw\">\n<li class=\"share_mail\">\n<li class=\"share-social-close\"><\/ul>\n<\/li>\n<li class=\"icon msg-twitter\">\n<li class=\"icon msg-facebook\"><\/ul>\n<\/div>\n<\/div>\n<\/footer>\n<\/div>\n<\/article>\n<article class=\"col-xs-12 html_base_right  lettere_al_direttore \">\n<div class=\"item_content\">\n<div class=\"row\">\n<div class=\"col-xs-3\">\n<figure><a href=\"http:\/\/ilgazzettino.it\/lettere_al_direttore\/nicolo_baldan_studente_treno_biglietto_non_convalidato_multa_papetti_controllore_buon_senso-9337965.html\" title=\"Uno studente in treno, un biglietto non convalidato, la multa. Papetti: \u00abNel manuale del controllore manca il capitolo 'buon senso'\u00bb\"><img decoding=\"async\" src=\"https:\/\/statics.cedscdn.it\/photos\/THUMB\/2026\/02\/04\/9337965_04111215_nicolo_baldan_studente_treno_biglietto_non_convalidato_multa_papetti_controllore_buon_senso.jpg\" title=\"Uno studente in treno, un biglietto non convalidato, la multa. Papetti: \u00abNel manuale del controllore manca il capitolo 'buon senso'\u00bb\"><\/a><\/figure>\n<\/div>\n<div class=\"col-xs-9\">\n<h2><a href=\"http:\/\/ilgazzettino.it\/lettere_al_direttore\/nicolo_baldan_studente_treno_biglietto_non_convalidato_multa_papetti_controllore_buon_senso-9337965.html\" title=\"Uno studente in treno, un biglietto non convalidato, la multa. Papetti: \u00abNel manuale del controllore manca il capitolo 'buon senso'\u00bb\">Uno studente in treno, un biglietto non convalidato, la multa. Papetti: \u00abNel manuale del controllore manca il capitolo &#8216;buon senso&#8217;\u00bb<\/a><\/h2>\n<footer class=\"row middle-xs options\">\n<div class=\"col-xs-6\">\n<div class=\"firma\">di Roberto Papetti<\/div>\n<\/div>\n<\/footer>\n<\/div>\n<\/div>\n<\/div>\n<\/article>\n<article class=\"col-xs-12 html_base_right  schede \">\n<div class=\"item_content\">\n<div class=\"row\">\n<div class=\"col-xs-3\">\n<figure><a href=\"http:\/\/ilgazzettino.it\/schede\/mauro_corona_casa_erto_rifugio_legno_sculture_boschi-9338859.html\" title=\"Mauro Corona, la casa di Erto \u00e8 un rifugio: legno, stanze piene di attrezzi e sculture con vista da sogno sui boschi\"><img decoding=\"async\" src=\"https:\/\/statics.cedscdn.it\/photos\/THUMB\/2026\/02\/04\/9338859_03144258_mauro_corona_casa_dove_vive_erto_oggi.jpg\" title=\"Mauro Corona, la casa di Erto \u00e8 un rifugio: legno, stanze piene di attrezzi e sculture con vista da sogno sui boschi\"><\/a><\/figure>\n<\/div>\n<div class=\"col-xs-9\">\n<h2><a href=\"http:\/\/ilgazzettino.it\/schede\/mauro_corona_casa_erto_rifugio_legno_sculture_boschi-9338859.html\" title=\"Mauro Corona, la casa di Erto \u00e8 un rifugio: legno, stanze piene di attrezzi e sculture con vista da sogno sui boschi\">Mauro Corona, la casa di Erto \u00e8 un rifugio: legno, stanze piene di attrezzi e sculture con vista da sogno sui boschi<\/a><\/h2>\n<footer class=\"row middle-xs options\">\n<div class=\"col-xs-6\">\n<div class=\"firma\">di Redazione web<\/div>\n<\/div>\n<\/footer>\n<\/div>\n<\/div>\n<\/div>\n<\/article>\n<article class=\"col-xs-12 html_base_right  nordest padova \">\n<div class=\"item_content\">\n<div class=\"row\">\n<div class=\"col-xs-3\">\n<figure><a href=\"http:\/\/ilgazzettino.it\/nordest\/padova\/incidente_audi_a6_muro_22enne_fin_di_vita_gravissimo_rovolon-9338885.html\" title=\"Perde il controllo dell'Audi, si schianta contro un muro e resta incastrato tra le lamiere: 22enne in fin di vita\"><img decoding=\"async\" src=\"https:\/\/statics.cedscdn.it\/photos\/THUMB\/2026\/02\/04\/9338885_04122336_incidente_audi_a6_muro_22enne_ferito_ricoverato_terapia_intensiva_rovolon.jpg\" title=\"Perde il controllo dell'Audi, si schianta contro un muro e resta incastrato tra le lamiere: 22enne in fin di vita\"><\/a><\/figure>\n<\/div>\n<div class=\"col-xs-9\">\n<h2><a href=\"http:\/\/ilgazzettino.it\/nordest\/padova\/incidente_audi_a6_muro_22enne_fin_di_vita_gravissimo_rovolon-9338885.html\" title=\"Perde il controllo dell'Audi A6, si schianta contro il muro di una casa e resta incastrato tra le lamiere: 22enne in fin di vita\">Perde il controllo dell&#8217;Audi A6, si schianta contro il muro di una casa e resta incastrato tra le lamiere: 22enne in fin di vita<\/a><\/h2>\n<footer class=\"row middle-xs options\">\n<div class=\"col-xs-6\">\n<div class=\"firma\">di Redazione web <\/div>\n<\/div>\n<\/footer>\n<\/div>\n<\/div>\n<\/div>\n<\/article>\n<article class=\"col-xs-12 html_base_square\">\n<div class=\"item_content\">\n<div class=\"row\">\n<div class=\"square___content\">\n<figure><a href=\"https:\/\/www.moltofood.it\/pita-ripiena-in-padella-ricetta\/?utm_source=ilgazzettino&amp;utm_medium=strip_moltofood_flexible&amp;utm_campaign=right_articolo\" target=\"_blank\" title=\"Pita ripiena in padella, la ricetta super filante con prosciutto e pomodoro\"><img decoding=\"async\" src=\"https:\/\/statics.cedscdn.it\/moltofood\/wp-content\/uploads\/2026\/02\/IMG_5509-150x150.jpeg\" title=\"Pita ripiena in padella, la ricetta super filante con prosciutto e pomodoro\"><\/a><\/figure>\n<\/div>\n<div class=\"col-xs valign__content\">\n<div class=\"valign\"><span class=\"testatina testatina-articolo\"><a href=\"https:\/\/www.moltofood.it\/pita-ripiena-in-padella-ricetta\/?utm_source=ilgazzettino&amp;utm_medium=strip_moltofood_flexible&amp;utm_campaign=right_articolo\"><br \/>\n                                                Piatti unici                                                <\/a><\/span><\/p>\n<h2 class=\"titolo\"><a href=\"https:\/\/www.moltofood.it\/pita-ripiena-in-padella-ricetta\/?utm_source=ilgazzettino&amp;utm_medium=strip_moltofood_flexible&amp;utm_campaign=right_articolo\" title=\"Pita ripiena in padella, la ricetta super filante con prosciutto e pomodoro\" target=\"_blank\">Pita ripiena in padella, la ricetta super filante con prosciutto e pomodoro<\/a><\/h2>\n<p><span class=\"firma\">di Viola Massa<\/span><\/div>\n<\/div>\n<\/div>\n<\/div>\n<\/article>\n<article class=\"col-xs-12 html_base_square\">\n<div class=\"item_content\">\n<div class=\"row\">\n<div class=\"square___content\">\n<figure><a href=\"https:\/\/www.moltofood.it\/risotto-ai-mirtilli-ricetta\/?utm_source=ilgazzettino&amp;utm_medium=strip_moltofood_flexible&amp;utm_campaign=right_articolo\" target=\"_blank\" title=\"Risotto ai mirtilli: il piatto delicato per le occasioni speciali\"><img decoding=\"async\" src=\"https:\/\/statics.cedscdn.it\/moltofood\/wp-content\/uploads\/2026\/01\/risottoaimirtilli_cover-150x150.jpg\" title=\"Risotto ai mirtilli: il piatto delicato per le occasioni speciali\"><\/a><\/figure>\n<\/div>\n<div class=\"col-xs valign__content\">\n<div class=\"valign\"><span class=\"testatina testatina-articolo\"><a href=\"https:\/\/www.moltofood.it\/risotto-ai-mirtilli-ricetta\/?utm_source=ilgazzettino&amp;utm_medium=strip_moltofood_flexible&amp;utm_campaign=right_articolo\"><br \/>\n                                                Primi                                                <\/a><\/span><\/p>\n<h2 class=\"titolo\"><a href=\"https:\/\/www.moltofood.it\/risotto-ai-mirtilli-ricetta\/?utm_source=ilgazzettino&amp;utm_medium=strip_moltofood_flexible&amp;utm_campaign=right_articolo\" title=\"Risotto ai mirtilli: il piatto delicato per le occasioni speciali\" target=\"_blank\">Risotto ai mirtilli: il piatto delicato per le occasioni speciali<\/a><\/h2>\n<p><span class=\"firma\">di Francesco Palumbo<\/span><\/div>\n<\/div>\n<\/div>\n<\/div>\n<\/article>\n<p>[analyse_source url=&#8221;http:\/\/ilgazzettino.it\/milano_cortina\/video\/mattarella_giacca_italia_olimpiadi_io_fuori_eta-9341614.html&#8221;]<\/p>\n","protected":false},"excerpt":{"rendered":"<p>[analyse_image type=&#8221;featured&#8221; src=&#8221;https:\/\/statics.cedscdn.it\/photos\/MED_HIGH\/2026\/02\/05\/9341614_poster.jpg&#8221;] Mattarella, gli atleti azzurri gli regalano la giacca ufficiale delle Olimpiadi: \u00abIo, fuori et\u00e0 per i Giochi\u00bb VIDEO Il Capo di Stato ha fatto visita al Team Italia, pronta a partecipare ai Giochi Milano Cortina milano cortina &gt; Video gioved\u00ec 5 febbraio 2026 La gioia, l&#8217;orgoglio e, per non farsi mancare nulla, [&hellip;]<\/p>\n","protected":false},"author":1,"featured_media":0,"comment_status":"open","ping_status":"","sticky":false,"template":"","format":"standard","meta":{"footnotes":""},"categories":[87],"tags":[226,139],"class_list":["post-1755291","post","type-post","status-publish","format-standard","hentry","category-italy","tag-crawlmanager","tag-ilgazzettino-it"],"_links":{"self":[{"href":"https:\/\/analyse.optim.biz\/index.php?rest_route=\/wp\/v2\/posts\/1755291","targetHints":{"allow":["GET"]}}],"collection":[{"href":"https:\/\/analyse.optim.biz\/index.php?rest_route=\/wp\/v2\/posts"}],"about":[{"href":"https:\/\/analyse.optim.biz\/index.php?rest_route=\/wp\/v2\/types\/post"}],"author":[{"embeddable":true,"href":"https:\/\/analyse.optim.biz\/index.php?rest_route=\/wp\/v2\/users\/1"}],"replies":[{"embeddable":true,"href":"https:\/\/analyse.optim.biz\/index.php?rest_route=%2Fwp%2Fv2%2Fcomments&post=1755291"}],"version-history":[{"count":0,"href":"https:\/\/analyse.optim.biz\/index.php?rest_route=\/wp\/v2\/posts\/1755291\/revisions"}],"wp:attachment":[{"href":"https:\/\/analyse.optim.biz\/index.php?rest_route=%2Fwp%2Fv2%2Fmedia&parent=1755291"}],"wp:term":[{"taxonomy":"category","embeddable":true,"href":"https:\/\/analyse.optim.biz\/index.php?rest_route=%2Fwp%2Fv2%2Fcategories&post=1755291"},{"taxonomy":"post_tag","embeddable":true,"href":"https:\/\/analyse.optim.biz\/index.php?rest_route=%2Fwp%2Fv2%2Ftags&post=1755291"}],"curies":[{"name":"wp","href":"https:\/\/api.w.org\/{rel}","templated":true}]}}