{"id":1755052,"date":"2026-02-05T10:01:03","date_gmt":"2026-02-05T07:01:03","guid":{"rendered":"https:\/\/analyse.optim.biz\/?p=1755052"},"modified":"2026-02-05T10:01:03","modified_gmt":"2026-02-05T07:01:03","slug":"lucrari-de-spalare-aquatim-vineri-in-doua-localitati-din-timis","status":"publish","type":"post","link":"https:\/\/analyse.optim.biz\/?p=1755052","title":{"rendered":"Lucr\u0103ri de sp\u0103lare Aquatim vineri, \u00een dou\u0103 localit\u0103\u021bi din Timi\u0219"},"content":{"rendered":"<p>[analyse_image type=&#8221;featured&#8221; src=&#8221;https:\/\/gazetadinvest.ro\/wp-content\/uploads\/2023\/07\/aquatim.jpg&#8221;]<\/p>\n<div class=\"td-post-content tagdiv-type\">\n<div class=\"td-post-featured-image\"><a href=\"https:\/\/gazetadinvest.ro\/wp-content\/uploads\/2023\/07\/aquatim.jpg\" data-caption><img loading=\"lazy\" decoding=\"async\" width=\"696\" height=\"464\" class=\"entry-thumb td-modal-image\" src=\"https:\/\/gazetadinvest.ro\/wp-content\/uploads\/2023\/07\/aquatim-696x464.jpg\" alt title=\"aquatim\"><\/a><\/div>\n<p><strong>Vineri, 6 februarie, \u00eentre orele 9-15, \u00een P\u0103dureni \u0219i Cerna presiunea va fi sc\u0103zut\u0103 pentru lucr\u0103ri de sp\u0103lare a re\u021belei de distribu\u021bie.<\/strong><\/p>\n<p>Lucr\u0103rile de sp\u0103lare urm\u0103resc s\u0103 asigure o calitate corespunz\u0103toare a apei potabile \u0219i sunt o parte a activit\u0103\u021bii desf\u0103\u0219urate de Aquatim \u00een cadrul mentenan\u021bei preventive a re\u021belelor de distribu\u021bie.<\/p>\n<p>La reluarea aliment\u0103rii cu ap\u0103 \u00een regim normal este posibil ca la robinete s\u0103 curg\u0103 ap\u0103 tulbure. Deoarece aceast\u0103 perturbare va fi de scurt\u0103 durat\u0103, se recomand\u0103 clien\u021bilor s\u0103 nu foloseasc\u0103 apa \u00een scopuri menajere, p\u00e2n\u0103 la limpezirea complet\u0103.<\/p>\n<\/div>\n<div class=\"td-post-content tagdiv-type\">\n<div class=\"td-post-featured-image\"><a href=\"https:\/\/gazetadinvest.ro\/wp-content\/uploads\/2023\/07\/aquatim.jpg\" data-caption><img loading=\"lazy\" decoding=\"async\" width=\"696\" height=\"464\" class=\"entry-thumb td-modal-image\" src=\"https:\/\/gazetadinvest.ro\/wp-content\/uploads\/2023\/07\/aquatim-696x464.jpg\" alt title=\"aquatim\"><\/a><\/div>\n<p><strong>Vineri, 6 februarie, \u00eentre orele 9-15, \u00een P\u0103dureni \u0219i Cerna presiunea va fi sc\u0103zut\u0103 pentru lucr\u0103ri de sp\u0103lare a re\u021belei de distribu\u021bie.<\/strong><\/p>\n<p>Lucr\u0103rile de sp\u0103lare urm\u0103resc s\u0103 asigure o calitate corespunz\u0103toare a apei potabile \u0219i sunt o parte a activit\u0103\u021bii desf\u0103\u0219urate de Aquatim \u00een cadrul mentenan\u021bei preventive a re\u021belelor de distribu\u021bie.<\/p>\n<p>La reluarea aliment\u0103rii cu ap\u0103 \u00een regim normal este posibil ca la robinete s\u0103 curg\u0103 ap\u0103 tulbure. Deoarece aceast\u0103 perturbare va fi de scurt\u0103 durat\u0103, se recomand\u0103 clien\u021bilor s\u0103 nu foloseasc\u0103 apa \u00een scopuri menajere, p\u00e2n\u0103 la limpezirea complet\u0103.<\/p>\n<\/div>\n<p>[analyse_source url=&#8221;https:\/\/gazetadinvest.ro\/lucrari-de-spalare-aquatim-vineri-in-doua-localitati-din-timis\/&#8221;]<\/p>\n","protected":false},"excerpt":{"rendered":"<p>[analyse_image type=&#8221;featured&#8221; src=&#8221;https:\/\/gazetadinvest.ro\/wp-content\/uploads\/2023\/07\/aquatim.jpg&#8221;] Vineri, 6 februarie, \u00eentre orele 9-15, \u00een P\u0103dureni \u0219i Cerna presiunea va fi sc\u0103zut\u0103 pentru lucr\u0103ri de sp\u0103lare a re\u021belei de distribu\u021bie. Lucr\u0103rile de sp\u0103lare urm\u0103resc s\u0103 asigure o calitate corespunz\u0103toare a apei potabile \u0219i sunt o parte a activit\u0103\u021bii desf\u0103\u0219urate de Aquatim \u00een cadrul mentenan\u021bei preventive a re\u021belelor de distribu\u021bie. La [&hellip;]<\/p>\n","protected":false},"author":1,"featured_media":0,"comment_status":"open","ping_status":"","sticky":false,"template":"","format":"standard","meta":{"footnotes":""},"categories":[89],"tags":[226,203],"class_list":["post-1755052","post","type-post","status-publish","format-standard","hentry","category-romania","tag-crawlmanager","tag-gazetadinvest-ro"],"_links":{"self":[{"href":"https:\/\/analyse.optim.biz\/index.php?rest_route=\/wp\/v2\/posts\/1755052","targetHints":{"allow":["GET"]}}],"collection":[{"href":"https:\/\/analyse.optim.biz\/index.php?rest_route=\/wp\/v2\/posts"}],"about":[{"href":"https:\/\/analyse.optim.biz\/index.php?rest_route=\/wp\/v2\/types\/post"}],"author":[{"embeddable":true,"href":"https:\/\/analyse.optim.biz\/index.php?rest_route=\/wp\/v2\/users\/1"}],"replies":[{"embeddable":true,"href":"https:\/\/analyse.optim.biz\/index.php?rest_route=%2Fwp%2Fv2%2Fcomments&post=1755052"}],"version-history":[{"count":0,"href":"https:\/\/analyse.optim.biz\/index.php?rest_route=\/wp\/v2\/posts\/1755052\/revisions"}],"wp:attachment":[{"href":"https:\/\/analyse.optim.biz\/index.php?rest_route=%2Fwp%2Fv2%2Fmedia&parent=1755052"}],"wp:term":[{"taxonomy":"category","embeddable":true,"href":"https:\/\/analyse.optim.biz\/index.php?rest_route=%2Fwp%2Fv2%2Fcategories&post=1755052"},{"taxonomy":"post_tag","embeddable":true,"href":"https:\/\/analyse.optim.biz\/index.php?rest_route=%2Fwp%2Fv2%2Ftags&post=1755052"}],"curies":[{"name":"wp","href":"https:\/\/api.w.org\/{rel}","templated":true}]}}