{"id":1755050,"date":"2026-02-05T11:38:38","date_gmt":"2026-02-05T08:38:38","guid":{"rendered":"https:\/\/analyse.optim.biz\/?p=1755050"},"modified":"2026-02-05T11:38:38","modified_gmt":"2026-02-05T08:38:38","slug":"fosta-casa-de-protocol-al-lui-ceausescu-vila-international-revine-in-circuitul-judetean-gratie-presedintelui-cjt-alfred-simonis","status":"publish","type":"post","link":"https:\/\/analyse.optim.biz\/?p=1755050","title":{"rendered":"Fosta cas\u0103 de protocol al lui Ceau\u0219escu, Vila Interna\u021bional, revine \u00een \u201ecircuitul jude\u021bean\u201d, gra\u021bie pre\u0219edintelui CJT, Alfred Simonis"},"content":{"rendered":"<p>[analyse_image type=&#8221;featured&#8221; src=&#8221;https:\/\/gazetadinvest.ro\/wp-content\/uploads\/2026\/02\/vila2.jpg&#8221;]<\/p>\n<div class=\"td-post-content tagdiv-type\">\n<div class=\"td-post-featured-image\"><a href=\"https:\/\/gazetadinvest.ro\/wp-content\/uploads\/2026\/02\/vila2.jpg\" data-caption><img loading=\"lazy\" decoding=\"async\" width=\"696\" height=\"451\" class=\"entry-thumb td-modal-image\" src=\"https:\/\/gazetadinvest.ro\/wp-content\/uploads\/2026\/02\/vila2-696x451.jpg\" alt title=\"vila2\"><\/a><\/div>\n<p><strong>Consiliul Jude\u021bean Timi\u0219 a anun\u021bat miercuri, 5 februarie, recuperarea Vilei Interna\u021bional, cunoscut\u0103 ca fosta cas\u0103 de protocol a lui Nicolae Ceau\u0219escu de pe Loga nr. 48.<\/strong><\/p>\n<p>Demeresul este considerat un pas important pentru recuperarea din patrimoniul jude\u021bului \u0219i al municipiului Timi\u0219oara, spune Alfred Simonis, pre\u0219edintele CJT.<\/p>\n<p>Este doar prima etap\u0103 a unui proces ce se anun\u021b\u0103 de durat\u0103, dar pentru care se merit\u0103 a\u0219teptarea.<\/p>\n<p><em>\u201eAst\u0103zi \u00eendrept\u0103m o mare eroare a jude\u021bului Timi\u0219, f\u0103cut\u0103 \u00een urm\u0103 cu mai multe decenii. Discut\u0103m despre un contract f\u0103cut de mult prea mult\u0103 vreme, un contract p\u0103gubos pentru jude\u021bul Timi\u0219, pentru locuitorii acestui jude\u021b.<\/em><\/p>\n<p><em>Vorbim de 20 de ani de nep\u0103sare, 20 de ani de lips\u0103 de implicare, 20 de ani sau mai bine de 20 de ani de lips\u0103 de curaj pentru a te lupta cu mari oameni de afaceri sau de a le spune marilor oameni de afaceri din Rom\u00e2nia c\u0103 nu pot face chiar ce vor ei \u00een \u021bara asta sau \u00een jude\u021bul acesta. 20 de ani, uneori, de complicitate, s\u0103 spunem \u0219i asta.<\/em><\/p>\n<p><em>Ast\u0103zi readucem \u00een patrimoniul jude\u021bului Timi\u0219 o cl\u0103dire emblematic\u0103\u201d, a spus pre\u0219edintele CJT\u201d<\/em>, Alfred Simonis.<\/p>\n<p>Vila Interna\u021bional a fost concesionat\u0103 Societ\u0103\u021bii Intercenter, a grupului Tender, \u00een cadrul c\u0103reia CJ Timi\u0219 de\u021binea 45% din ac\u021biuni, iar grupul Tender, 55%. Pre\u0219edintele Consiliului a explicat c\u0103, de\u0219i CJT era coproprietar, nu avea p\u00e2rghii de control asupra investi\u021biilor, ceea ce a permis deteriorarea cl\u0103dirii \u0219i lipsa implement\u0103rii proiectelor promise.<\/p>\n<p>La \u0219edin\u021ba extraordinar\u0103 a CJT de ast\u0103zi, 5 februarie, au fost aprobate dou\u0103 proiecte de hot\u0103r\u00e2re legate de fosta cas\u0103 de protocol a lui Cea\u0219escu.<\/p>\n<p>Astfel, Consiliul Jude\u021bean va expropria imobilul de la Ovidiu Tender \u0219i companiile sale, readuc\u00e2nd cl\u0103direa \u00een patrimoniul public. \u00cen paralel, administra\u021bia va solicita dizolvarea societ\u0103\u021bii Intercenter \u0219i numirea unui lichidator judec\u0103toresc pentru a recupera sumele care trebuie s\u0103 revin\u0103 CJ Timi\u0219. Simonis a avertizat c\u0103 vor fi urm\u0103rite penal toate \u00eencerc\u0103rile de fraudare a banilor publici.<\/p>\n<p>Pre\u0219edintele CJ Timi\u0219 a declarat c\u0103 obiectivul acestei ac\u021biuni este salvarea patrimoniului jude\u021bului, \u00eendreptarea unei nedrept\u0103\u021bi istorice \u0219i garantarea respect\u0103rii legii \u00een jude\u021b. El a transmis c\u0103 perioada \u00een care anumite persoane sau companii credeau c\u0103 pot ac\u021biona f\u0103r\u0103 respectarea legii s-a \u00eencheiat, iar patrimoniul public va fi protejat.<\/p>\n<p>Vila de pe CD Loga, de l\u00e2ng\u0103 Parcul Copiilor, cum o \u0219tie lumea, era re\u0219edin\u021ba de lux a familiei Ceau\u0219escu atunci c\u00e2nd venea la Timi\u0219oara. Cl\u0103direa este \u00een paragin\u0103 de mul\u021bi ani. \u00cen noiembrie 2024, consilierii jude\u021beni au votat proiectul de hot\u0103r\u00e2re privind aprobarea modific\u0103rii contractului de concesiune \u00eencheiat \u00eentre Consiliul Jude\u021bean Timi\u0219 \u0219i Societatea Inter Center Service S.A.<\/p>\n<p>Este vorba despre retragerea dreptului de concesiune asupra terenului pe care \u00eel are Vila Interna\u021bional. Tot atunci, Simonis spunea c\u0103 planul CJT este ca pe terenul aferent Vilei Interna\u021bional s\u0103 fie construit un centrul cultural.<\/p>\n<\/div>\n<div class=\"td-post-content tagdiv-type\">\n<div class=\"td-post-featured-image\"><a href=\"https:\/\/gazetadinvest.ro\/wp-content\/uploads\/2026\/02\/vila2.jpg\" data-caption><img loading=\"lazy\" decoding=\"async\" width=\"696\" height=\"451\" class=\"entry-thumb td-modal-image\" src=\"https:\/\/gazetadinvest.ro\/wp-content\/uploads\/2026\/02\/vila2-696x451.jpg\" alt title=\"vila2\"><\/a><\/div>\n<p><strong>Consiliul Jude\u021bean Timi\u0219 a anun\u021bat miercuri, 5 februarie, recuperarea Vilei Interna\u021bional, cunoscut\u0103 ca fosta cas\u0103 de protocol a lui Nicolae Ceau\u0219escu de pe Loga nr. 48.<\/strong><\/p>\n<p>Demeresul este considerat un pas important pentru recuperarea din patrimoniul jude\u021bului \u0219i al municipiului Timi\u0219oara, spune Alfred Simonis, pre\u0219edintele CJT.<\/p>\n<p>Este doar prima etap\u0103 a unui proces ce se anun\u021b\u0103 de durat\u0103, dar pentru care se merit\u0103 a\u0219teptarea.<\/p>\n<p><em>\u201eAst\u0103zi \u00eendrept\u0103m o mare eroare a jude\u021bului Timi\u0219, f\u0103cut\u0103 \u00een urm\u0103 cu mai multe decenii. Discut\u0103m despre un contract f\u0103cut de mult prea mult\u0103 vreme, un contract p\u0103gubos pentru jude\u021bul Timi\u0219, pentru locuitorii acestui jude\u021b.<\/em><\/p>\n<p><em>Vorbim de 20 de ani de nep\u0103sare, 20 de ani de lips\u0103 de implicare, 20 de ani sau mai bine de 20 de ani de lips\u0103 de curaj pentru a te lupta cu mari oameni de afaceri sau de a le spune marilor oameni de afaceri din Rom\u00e2nia c\u0103 nu pot face chiar ce vor ei \u00een \u021bara asta sau \u00een jude\u021bul acesta. 20 de ani, uneori, de complicitate, s\u0103 spunem \u0219i asta.<\/em><\/p>\n<p><em>Ast\u0103zi readucem \u00een patrimoniul jude\u021bului Timi\u0219 o cl\u0103dire emblematic\u0103\u201d, a spus pre\u0219edintele CJT\u201d<\/em>, Alfred Simonis.<\/p>\n<p>Vila Interna\u021bional a fost concesionat\u0103 Societ\u0103\u021bii Intercenter, a grupului Tender, \u00een cadrul c\u0103reia CJ Timi\u0219 de\u021binea 45% din ac\u021biuni, iar grupul Tender, 55%. Pre\u0219edintele Consiliului a explicat c\u0103, de\u0219i CJT era coproprietar, nu avea p\u00e2rghii de control asupra investi\u021biilor, ceea ce a permis deteriorarea cl\u0103dirii \u0219i lipsa implement\u0103rii proiectelor promise.<\/p>\n<p>La \u0219edin\u021ba extraordinar\u0103 a CJT de ast\u0103zi, 5 februarie, au fost aprobate dou\u0103 proiecte de hot\u0103r\u00e2re legate de fosta cas\u0103 de protocol a lui Cea\u0219escu.<\/p>\n<p>Astfel, Consiliul Jude\u021bean va expropria imobilul de la Ovidiu Tender \u0219i companiile sale, readuc\u00e2nd cl\u0103direa \u00een patrimoniul public. \u00cen paralel, administra\u021bia va solicita dizolvarea societ\u0103\u021bii Intercenter \u0219i numirea unui lichidator judec\u0103toresc pentru a recupera sumele care trebuie s\u0103 revin\u0103 CJ Timi\u0219. Simonis a avertizat c\u0103 vor fi urm\u0103rite penal toate \u00eencerc\u0103rile de fraudare a banilor publici.<\/p>\n<p>Pre\u0219edintele CJ Timi\u0219 a declarat c\u0103 obiectivul acestei ac\u021biuni este salvarea patrimoniului jude\u021bului, \u00eendreptarea unei nedrept\u0103\u021bi istorice \u0219i garantarea respect\u0103rii legii \u00een jude\u021b. El a transmis c\u0103 perioada \u00een care anumite persoane sau companii credeau c\u0103 pot ac\u021biona f\u0103r\u0103 respectarea legii s-a \u00eencheiat, iar patrimoniul public va fi protejat.<\/p>\n<p>Vila de pe CD Loga, de l\u00e2ng\u0103 Parcul Copiilor, cum o \u0219tie lumea, era re\u0219edin\u021ba de lux a familiei Ceau\u0219escu atunci c\u00e2nd venea la Timi\u0219oara. Cl\u0103direa este \u00een paragin\u0103 de mul\u021bi ani. \u00cen noiembrie 2024, consilierii jude\u021beni au votat proiectul de hot\u0103r\u00e2re privind aprobarea modific\u0103rii contractului de concesiune \u00eencheiat \u00eentre Consiliul Jude\u021bean Timi\u0219 \u0219i Societatea Inter Center Service S.A.<\/p>\n<p>Este vorba despre retragerea dreptului de concesiune asupra terenului pe care \u00eel are Vila Interna\u021bional. Tot atunci, Simonis spunea c\u0103 planul CJT este ca pe terenul aferent Vilei Interna\u021bional s\u0103 fie construit un centrul cultural.<\/p>\n<\/div>\n<p>[analyse_source url=&#8221;https:\/\/gazetadinvest.ro\/fosta-casa-de-protocol-al-lui-ceausescu-vila-international-revine-in-circuitul-judetean-gratie-presedintelui-cjt-alfred-simonis\/&#8221;]<\/p>\n","protected":false},"excerpt":{"rendered":"<p>[analyse_image type=&#8221;featured&#8221; src=&#8221;https:\/\/gazetadinvest.ro\/wp-content\/uploads\/2026\/02\/vila2.jpg&#8221;] Consiliul Jude\u021bean Timi\u0219 a anun\u021bat miercuri, 5 februarie, recuperarea Vilei Interna\u021bional, cunoscut\u0103 ca fosta cas\u0103 de protocol a lui Nicolae Ceau\u0219escu de pe Loga nr. 48. Demeresul este considerat un pas important pentru recuperarea din patrimoniul jude\u021bului \u0219i al municipiului Timi\u0219oara, spune Alfred Simonis, pre\u0219edintele CJT. Este doar prima etap\u0103 a unui [&hellip;]<\/p>\n","protected":false},"author":1,"featured_media":0,"comment_status":"open","ping_status":"","sticky":false,"template":"","format":"standard","meta":{"footnotes":""},"categories":[89],"tags":[226,203],"class_list":["post-1755050","post","type-post","status-publish","format-standard","hentry","category-romania","tag-crawlmanager","tag-gazetadinvest-ro"],"_links":{"self":[{"href":"https:\/\/analyse.optim.biz\/index.php?rest_route=\/wp\/v2\/posts\/1755050","targetHints":{"allow":["GET"]}}],"collection":[{"href":"https:\/\/analyse.optim.biz\/index.php?rest_route=\/wp\/v2\/posts"}],"about":[{"href":"https:\/\/analyse.optim.biz\/index.php?rest_route=\/wp\/v2\/types\/post"}],"author":[{"embeddable":true,"href":"https:\/\/analyse.optim.biz\/index.php?rest_route=\/wp\/v2\/users\/1"}],"replies":[{"embeddable":true,"href":"https:\/\/analyse.optim.biz\/index.php?rest_route=%2Fwp%2Fv2%2Fcomments&post=1755050"}],"version-history":[{"count":0,"href":"https:\/\/analyse.optim.biz\/index.php?rest_route=\/wp\/v2\/posts\/1755050\/revisions"}],"wp:attachment":[{"href":"https:\/\/analyse.optim.biz\/index.php?rest_route=%2Fwp%2Fv2%2Fmedia&parent=1755050"}],"wp:term":[{"taxonomy":"category","embeddable":true,"href":"https:\/\/analyse.optim.biz\/index.php?rest_route=%2Fwp%2Fv2%2Fcategories&post=1755050"},{"taxonomy":"post_tag","embeddable":true,"href":"https:\/\/analyse.optim.biz\/index.php?rest_route=%2Fwp%2Fv2%2Ftags&post=1755050"}],"curies":[{"name":"wp","href":"https:\/\/api.w.org\/{rel}","templated":true}]}}