{"id":1755024,"date":"2026-02-04T00:00:00","date_gmt":"2026-02-03T21:00:00","guid":{"rendered":"https:\/\/analyse.optim.biz\/?p=1755024"},"modified":"2026-02-04T00:00:00","modified_gmt":"2026-02-03T21:00:00","slug":"foto-video-un-microbuz-de-transport-persoane-a-luat-foc-au-fost-chemati-pompierii","status":"publish","type":"post","link":"https:\/\/analyse.optim.biz\/?p=1755024","title":{"rendered":"FOTO &amp; VIDEO Un microbuz de transport persoane a luat foc. Au fost chema\u021bi pompierii"},"content":{"rendered":"<p>[analyse_image type=&#8221;featured&#8221; src=&#8221;&#8221;]<\/p>\n<div class=\"entry-content\">\n<p><a href=\"https:\/\/www.botosaninews.ro\/wp-content\/uploads\/2026\/02\/microbuz-foc-2.jpeg\"><img decoding=\"async\" loading=\"lazy\" class=\"alignright size-medium wp-image-720083\" src=\"https:\/\/www.botosaninews.ro\/wp-content\/uploads\/2026\/02\/microbuz-foc-2-300x225.jpeg\" alt=\"\" width=\"300\" height=\"225\"><\/a>Un microbuz de transport persoane a luat foc, miercuri sear\u0103, \u00eentre localit\u0103\u021bile Ili\u0219e\u0219ti \u0219i P\u0103ltinoasa din jude\u021bul Suceava.<\/p>\n<p>Intervin pompierii militari din cadrul Deta\u0219amentului Suceava \u0219i ai Sta\u021biei de Pompieri Gura Humorului cu dou\u0103 autospeciale de stingere cu ap\u0103 \u0219i spum\u0103 \u0219i o ambulan\u021b\u0103 SMURD B2.<\/p>\n<p>\u00cen momentul izbucnirii incendiului \u00een interiorul microbuzului se afla doar conduc\u0103torul acestuia care nu necesit\u0103 \u00eengrijiri medicale. La sosirea echipajelor incendiul se manifesta generalizat, este localizat \u0219i se lucreaz\u0103 pentru lichidare. Urmeaz\u0103 s\u0103 se stabileasc\u0103 de la ce a luat foc.<\/p>\n<div class=\"wp-video\"><video class=\"wp-video-shortcode\" id=\"video-318549-1\" width=\"464\" height=\"832\" preload=\"metadata\" controls=\"controls\"><source type=\"video\/mp4\" src=\"https:\/\/suceavanews.ro\/wp-content\/uploads\/2026\/02\/microbuz-foc-1.mp4?_=1\" \/><a href=\"https:\/\/suceavanews.ro\/wp-content\/uploads\/2026\/02\/microbuz-foc-1.mp4\">https:\/\/suceavanews.ro\/wp-content\/uploads\/2026\/02\/microbuz-foc-1.mp4<\/a><\/video><\/div>\n<div id=\"gallery-1\" class=\"gallery galleryid-318549 gallery-columns-3 gallery-size-thumbnail\">\n<dl class=\"gallery-item\">\n<dt class=\"gallery-icon landscape\"><a href=\"https:\/\/suceavanews.ro\/wp-content\/uploads\/2026\/02\/microbuz-foc-1.jpeg\"><img decoding=\"async\" width=\"150\" height=\"150\" src=\"https:\/\/suceavanews.ro\/wp-content\/uploads\/2026\/02\/microbuz-foc-1-150x150.jpeg\" class=\"attachment-thumbnail size-thumbnail\" alt=\"\" loading=\"lazy\"><\/a><\/dt>\n<\/dl>\n<dl class=\"gallery-item\">\n<dt class=\"gallery-icon landscape\"><a href=\"https:\/\/suceavanews.ro\/wp-content\/uploads\/2026\/02\/microbuz-foc-2.jpeg\"><img decoding=\"async\" width=\"150\" height=\"150\" src=\"https:\/\/suceavanews.ro\/wp-content\/uploads\/2026\/02\/microbuz-foc-2-150x150.jpeg\" class=\"attachment-thumbnail size-thumbnail\" alt=\"\" loading=\"lazy\"><\/a><\/dt>\n<\/dl>\n<dl class=\"gallery-item\">\n<dt class=\"gallery-icon landscape\"><a href=\"https:\/\/suceavanews.ro\/wp-content\/uploads\/2026\/02\/microbuz-foc-3.jpeg\"><img decoding=\"async\" width=\"150\" height=\"150\" src=\"https:\/\/suceavanews.ro\/wp-content\/uploads\/2026\/02\/microbuz-foc-3-150x150.jpeg\" class=\"attachment-thumbnail size-thumbnail\" alt=\"\" loading=\"lazy\"><\/a><\/dt>\n<\/dl>\n<p><\/div>\n<\/div>\n<div class=\"entry-content\">\n<p><a href=\"https:\/\/www.botosaninews.ro\/wp-content\/uploads\/2026\/02\/microbuz-foc-2.jpeg\"><img decoding=\"async\" loading=\"lazy\" class=\"alignright size-medium wp-image-720083\" src=\"https:\/\/www.botosaninews.ro\/wp-content\/uploads\/2026\/02\/microbuz-foc-2-300x225.jpeg\" alt=\"\" width=\"300\" height=\"225\"><\/a>Un microbuz de transport persoane a luat foc, miercuri sear\u0103, \u00eentre localit\u0103\u021bile Ili\u0219e\u0219ti \u0219i P\u0103ltinoasa din jude\u021bul Suceava.<\/p>\n<p>Intervin pompierii militari din cadrul Deta\u0219amentului Suceava \u0219i ai Sta\u021biei de Pompieri Gura Humorului cu dou\u0103 autospeciale de stingere cu ap\u0103 \u0219i spum\u0103 \u0219i o ambulan\u021b\u0103 SMURD B2.<\/p>\n<p>\u00cen momentul izbucnirii incendiului \u00een interiorul microbuzului se afla doar conduc\u0103torul acestuia care nu necesit\u0103 \u00eengrijiri medicale. La sosirea echipajelor incendiul se manifesta generalizat, este localizat \u0219i se lucreaz\u0103 pentru lichidare. Urmeaz\u0103 s\u0103 se stabileasc\u0103 de la ce a luat foc.<\/p>\n<div class=\"wp-video\"><video class=\"wp-video-shortcode\" id=\"video-318549-1\" width=\"464\" height=\"832\" preload=\"metadata\" controls=\"controls\"><source type=\"video\/mp4\" src=\"https:\/\/suceavanews.ro\/wp-content\/uploads\/2026\/02\/microbuz-foc-1.mp4?_=1\" \/><a href=\"https:\/\/suceavanews.ro\/wp-content\/uploads\/2026\/02\/microbuz-foc-1.mp4\">https:\/\/suceavanews.ro\/wp-content\/uploads\/2026\/02\/microbuz-foc-1.mp4<\/a><\/video><\/div>\n<div id=\"gallery-1\" class=\"gallery galleryid-318549 gallery-columns-3 gallery-size-thumbnail\">\n<dl class=\"gallery-item\">\n<dt class=\"gallery-icon landscape\"><a href=\"https:\/\/suceavanews.ro\/wp-content\/uploads\/2026\/02\/microbuz-foc-1.jpeg\"><img decoding=\"async\" width=\"150\" height=\"150\" src=\"https:\/\/suceavanews.ro\/wp-content\/uploads\/2026\/02\/microbuz-foc-1-150x150.jpeg\" class=\"attachment-thumbnail size-thumbnail\" alt=\"\" loading=\"lazy\"><\/a><\/dt>\n<\/dl>\n<dl class=\"gallery-item\">\n<dt class=\"gallery-icon landscape\"><a href=\"https:\/\/suceavanews.ro\/wp-content\/uploads\/2026\/02\/microbuz-foc-2.jpeg\"><img decoding=\"async\" width=\"150\" height=\"150\" src=\"https:\/\/suceavanews.ro\/wp-content\/uploads\/2026\/02\/microbuz-foc-2-150x150.jpeg\" class=\"attachment-thumbnail size-thumbnail\" alt=\"\" loading=\"lazy\"><\/a><\/dt>\n<\/dl>\n<dl class=\"gallery-item\">\n<dt class=\"gallery-icon landscape\"><a href=\"https:\/\/suceavanews.ro\/wp-content\/uploads\/2026\/02\/microbuz-foc-3.jpeg\"><img decoding=\"async\" width=\"150\" height=\"150\" src=\"https:\/\/suceavanews.ro\/wp-content\/uploads\/2026\/02\/microbuz-foc-3-150x150.jpeg\" class=\"attachment-thumbnail size-thumbnail\" alt=\"\" loading=\"lazy\"><\/a><\/dt>\n<\/dl>\n<p><\/div>\n<\/div>\n<p>[analyse_source url=&#8221;https:\/\/suceavanews.ro\/318549\/eveniment\/foto-video-un-microbuz-de-transport-persoane-a-luat-foc-au-fost-chemati-pompierii\/&#8221;]<\/p>\n","protected":false},"excerpt":{"rendered":"<p>[analyse_image type=&#8221;featured&#8221; src=&#8221;&#8221;] Un microbuz de transport persoane a luat foc, miercuri sear\u0103, \u00eentre localit\u0103\u021bile Ili\u0219e\u0219ti \u0219i P\u0103ltinoasa din jude\u021bul Suceava. Intervin pompierii militari din cadrul Deta\u0219amentului Suceava \u0219i ai Sta\u021biei de Pompieri Gura Humorului cu dou\u0103 autospeciale de stingere cu ap\u0103 \u0219i spum\u0103 \u0219i o ambulan\u021b\u0103 SMURD B2. \u00cen momentul izbucnirii incendiului \u00een interiorul [&hellip;]<\/p>\n","protected":false},"author":1,"featured_media":0,"comment_status":"open","ping_status":"","sticky":false,"template":"","format":"standard","meta":{"footnotes":""},"categories":[89],"tags":[226,174],"class_list":["post-1755024","post","type-post","status-publish","format-standard","hentry","category-romania","tag-crawlmanager","tag-suceavanews-ro"],"_links":{"self":[{"href":"https:\/\/analyse.optim.biz\/index.php?rest_route=\/wp\/v2\/posts\/1755024","targetHints":{"allow":["GET"]}}],"collection":[{"href":"https:\/\/analyse.optim.biz\/index.php?rest_route=\/wp\/v2\/posts"}],"about":[{"href":"https:\/\/analyse.optim.biz\/index.php?rest_route=\/wp\/v2\/types\/post"}],"author":[{"embeddable":true,"href":"https:\/\/analyse.optim.biz\/index.php?rest_route=\/wp\/v2\/users\/1"}],"replies":[{"embeddable":true,"href":"https:\/\/analyse.optim.biz\/index.php?rest_route=%2Fwp%2Fv2%2Fcomments&post=1755024"}],"version-history":[{"count":0,"href":"https:\/\/analyse.optim.biz\/index.php?rest_route=\/wp\/v2\/posts\/1755024\/revisions"}],"wp:attachment":[{"href":"https:\/\/analyse.optim.biz\/index.php?rest_route=%2Fwp%2Fv2%2Fmedia&parent=1755024"}],"wp:term":[{"taxonomy":"category","embeddable":true,"href":"https:\/\/analyse.optim.biz\/index.php?rest_route=%2Fwp%2Fv2%2Fcategories&post=1755024"},{"taxonomy":"post_tag","embeddable":true,"href":"https:\/\/analyse.optim.biz\/index.php?rest_route=%2Fwp%2Fv2%2Ftags&post=1755024"}],"curies":[{"name":"wp","href":"https:\/\/api.w.org\/{rel}","templated":true}]}}