{"id":1755022,"date":"2026-02-04T00:00:00","date_gmt":"2026-02-03T21:00:00","guid":{"rendered":"https:\/\/analyse.optim.biz\/?p=1755022"},"modified":"2026-02-04T00:00:00","modified_gmt":"2026-02-03T21:00:00","slug":"foto-accident-la-straja-o-femeie-s-a-izbit-cu-masina-intr-un-cap-de-pod","status":"publish","type":"post","link":"https:\/\/analyse.optim.biz\/?p=1755022","title":{"rendered":"FOTO Accident la Straja! O femeie s-a izbit cu ma\u0219ina \u00eentr-un cap de pod"},"content":{"rendered":"<p>[analyse_image type=&#8221;featured&#8221; src=&#8221;&#8221;]<\/p>\n<div class=\"entry-content\">\n<p><a href=\"https:\/\/www.botosaninews.ro\/wp-content\/uploads\/2026\/02\/masina-rasturnata-cap-de-pod-2-e1770195656449.jpeg\"><img decoding=\"async\" loading=\"lazy\" class=\"alignright size-medium wp-image-719965\" src=\"https:\/\/www.botosaninews.ro\/wp-content\/uploads\/2026\/02\/masina-rasturnata-cap-de-pod-2-e1770195656449-300x170.jpeg\" alt=\"\" width=\"300\" height=\"170\"><\/a>O femeie s-a r\u0103sturnat cu ma\u0219ina \u00een afara p\u0103r\u021bii carosabile pe raza localit\u0103\u021bii Straja, din jude\u021bul Suceava, dup\u0103 impactul cu un cap de pod.<\/p>\n<p>Au intervenit pompierii militari din cadrul G\u0103rzii de Interven\u021bie Vicovu de Sus cu o autospecial\u0103 de stingere dotat\u0103 cu modul pentru descarcerare \u0219i o ambulan\u021b\u0103 SMURD B2, cu <a href=\"https:\/\/www.botosaninews.ro\/719942\/social\/un-botosanean-de-31-de-ani-trimis-dupa-gratii-ce-a-facut\/\">sprijinul<\/a> unui echipaj SAJ cu medic.<\/p>\n<p><em><strong>\u201e\u00cen evenimentul rutier a fost o singur\u0103 persoan\u0103 (femeie), con\u0219tient\u0103 \u0219i cooperant\u0103, care a r\u0103mas \u00eencarcerat\u0103 \u00een interiorul autoturismului. Dup\u0103 extragerea acesteia de c\u0103tre pompierii militari a fost predat\u0103 echipajelor medicale \u0219i paramedicale pentru acordarea primului ajutor \u0219i transportul la o unitate spitaliceasc\u0103\u201d<\/strong><\/em>, precizeaz\u0103 pompierii.<\/p>\n<div id=\"gallery-1\" class=\"gallery galleryid-318544 gallery-columns-3 gallery-size-thumbnail\">\n<dl class=\"gallery-item\">\n<dt class=\"gallery-icon portrait\"><a href=\"https:\/\/suceavanews.ro\/wp-content\/uploads\/2026\/02\/masina-rasturnata-cap-de-pod-1-1.jpeg\"><img decoding=\"async\" width=\"150\" height=\"150\" src=\"https:\/\/suceavanews.ro\/wp-content\/uploads\/2026\/02\/masina-rasturnata-cap-de-pod-1-1-150x150.jpeg\" class=\"attachment-thumbnail size-thumbnail\" alt=\"\" loading=\"lazy\"><\/a><\/dt>\n<\/dl>\n<dl class=\"gallery-item\">\n<dt class=\"gallery-icon portrait\"><a href=\"https:\/\/suceavanews.ro\/wp-content\/uploads\/2026\/02\/masina-rasturnata-cap-de-pod-2.jpeg\"><img decoding=\"async\" width=\"150\" height=\"150\" src=\"https:\/\/suceavanews.ro\/wp-content\/uploads\/2026\/02\/masina-rasturnata-cap-de-pod-2-150x150.jpeg\" class=\"attachment-thumbnail size-thumbnail\" alt=\"\" loading=\"lazy\"><\/a><\/dt>\n<\/dl>\n<p><\/div>\n<\/div>\n<div class=\"entry-content\">\n<p><a href=\"https:\/\/www.botosaninews.ro\/wp-content\/uploads\/2026\/02\/masina-rasturnata-cap-de-pod-2-e1770195656449.jpeg\"><img decoding=\"async\" loading=\"lazy\" class=\"alignright size-medium wp-image-719965\" src=\"https:\/\/www.botosaninews.ro\/wp-content\/uploads\/2026\/02\/masina-rasturnata-cap-de-pod-2-e1770195656449-300x170.jpeg\" alt=\"\" width=\"300\" height=\"170\"><\/a>O femeie s-a r\u0103sturnat cu ma\u0219ina \u00een afara p\u0103r\u021bii carosabile pe raza localit\u0103\u021bii Straja, din jude\u021bul Suceava, dup\u0103 impactul cu un cap de pod.<\/p>\n<p>Au intervenit pompierii militari din cadrul G\u0103rzii de Interven\u021bie Vicovu de Sus cu o autospecial\u0103 de stingere dotat\u0103 cu modul pentru descarcerare \u0219i o ambulan\u021b\u0103 SMURD B2, cu <a href=\"https:\/\/www.botosaninews.ro\/719942\/social\/un-botosanean-de-31-de-ani-trimis-dupa-gratii-ce-a-facut\/\">sprijinul<\/a> unui echipaj SAJ cu medic.<\/p>\n<p><em><strong>\u201e\u00cen evenimentul rutier a fost o singur\u0103 persoan\u0103 (femeie), con\u0219tient\u0103 \u0219i cooperant\u0103, care a r\u0103mas \u00eencarcerat\u0103 \u00een interiorul autoturismului. Dup\u0103 extragerea acesteia de c\u0103tre pompierii militari a fost predat\u0103 echipajelor medicale \u0219i paramedicale pentru acordarea primului ajutor \u0219i transportul la o unitate spitaliceasc\u0103\u201d<\/strong><\/em>, precizeaz\u0103 pompierii.<\/p>\n<div id=\"gallery-1\" class=\"gallery galleryid-318544 gallery-columns-3 gallery-size-thumbnail\">\n<dl class=\"gallery-item\">\n<dt class=\"gallery-icon portrait\"><a href=\"https:\/\/suceavanews.ro\/wp-content\/uploads\/2026\/02\/masina-rasturnata-cap-de-pod-1-1.jpeg\"><img decoding=\"async\" width=\"150\" height=\"150\" src=\"https:\/\/suceavanews.ro\/wp-content\/uploads\/2026\/02\/masina-rasturnata-cap-de-pod-1-1-150x150.jpeg\" class=\"attachment-thumbnail size-thumbnail\" alt=\"\" loading=\"lazy\"><\/a><\/dt>\n<\/dl>\n<dl class=\"gallery-item\">\n<dt class=\"gallery-icon portrait\"><a href=\"https:\/\/suceavanews.ro\/wp-content\/uploads\/2026\/02\/masina-rasturnata-cap-de-pod-2.jpeg\"><img decoding=\"async\" width=\"150\" height=\"150\" src=\"https:\/\/suceavanews.ro\/wp-content\/uploads\/2026\/02\/masina-rasturnata-cap-de-pod-2-150x150.jpeg\" class=\"attachment-thumbnail size-thumbnail\" alt=\"\" loading=\"lazy\"><\/a><\/dt>\n<\/dl>\n<p><\/div>\n<\/div>\n<p>[analyse_source url=&#8221;https:\/\/suceavanews.ro\/318544\/eveniment\/foto-accident-la-straja-o-femeie-s-a-izbit-cu-masina-intr-un-cap-de-pod\/&#8221;]<\/p>\n","protected":false},"excerpt":{"rendered":"<p>[analyse_image type=&#8221;featured&#8221; src=&#8221;&#8221;] O femeie s-a r\u0103sturnat cu ma\u0219ina \u00een afara p\u0103r\u021bii carosabile pe raza localit\u0103\u021bii Straja, din jude\u021bul Suceava, dup\u0103 impactul cu un cap de pod. Au intervenit pompierii militari din cadrul G\u0103rzii de Interven\u021bie Vicovu de Sus cu o autospecial\u0103 de stingere dotat\u0103 cu modul pentru descarcerare \u0219i o ambulan\u021b\u0103 SMURD B2, cu [&hellip;]<\/p>\n","protected":false},"author":1,"featured_media":0,"comment_status":"open","ping_status":"","sticky":false,"template":"","format":"standard","meta":{"footnotes":""},"categories":[89],"tags":[226,174],"class_list":["post-1755022","post","type-post","status-publish","format-standard","hentry","category-romania","tag-crawlmanager","tag-suceavanews-ro"],"_links":{"self":[{"href":"https:\/\/analyse.optim.biz\/index.php?rest_route=\/wp\/v2\/posts\/1755022","targetHints":{"allow":["GET"]}}],"collection":[{"href":"https:\/\/analyse.optim.biz\/index.php?rest_route=\/wp\/v2\/posts"}],"about":[{"href":"https:\/\/analyse.optim.biz\/index.php?rest_route=\/wp\/v2\/types\/post"}],"author":[{"embeddable":true,"href":"https:\/\/analyse.optim.biz\/index.php?rest_route=\/wp\/v2\/users\/1"}],"replies":[{"embeddable":true,"href":"https:\/\/analyse.optim.biz\/index.php?rest_route=%2Fwp%2Fv2%2Fcomments&post=1755022"}],"version-history":[{"count":0,"href":"https:\/\/analyse.optim.biz\/index.php?rest_route=\/wp\/v2\/posts\/1755022\/revisions"}],"wp:attachment":[{"href":"https:\/\/analyse.optim.biz\/index.php?rest_route=%2Fwp%2Fv2%2Fmedia&parent=1755022"}],"wp:term":[{"taxonomy":"category","embeddable":true,"href":"https:\/\/analyse.optim.biz\/index.php?rest_route=%2Fwp%2Fv2%2Fcategories&post=1755022"},{"taxonomy":"post_tag","embeddable":true,"href":"https:\/\/analyse.optim.biz\/index.php?rest_route=%2Fwp%2Fv2%2Ftags&post=1755022"}],"curies":[{"name":"wp","href":"https:\/\/api.w.org\/{rel}","templated":true}]}}