{"id":1754606,"date":"2026-02-05T11:25:48","date_gmt":"2026-02-05T08:25:48","guid":{"rendered":"https:\/\/analyse.optim.biz\/?p=1754606"},"modified":"2026-02-05T11:25:48","modified_gmt":"2026-02-05T08:25:48","slug":"vila-international-din-timisoara-revine-in-patrimoniul-cj-timis","status":"publish","type":"post","link":"https:\/\/analyse.optim.biz\/?p=1754606","title":{"rendered":"Vila Interna\u021bional din Timi\u015foara revine \u00een patrimoniul CJ Timi\u015f"},"content":{"rendered":"<p>[analyse_image type=&#8221;featured&#8221; src=&#8221;https:\/\/timpolis.ro\/wp-content\/uploads\/2026\/02\/Vila-International-Timisoara-2-Foto-CJT.jpghttps:\/\/timpolis.ro\/wp-content\/uploads\/2026\/02\/Vila-International-Timisoara-2-Foto-CJT.jpg&#8221;]<\/p>\n<div class=\"post-entry\">\n<div class=\"pf-content\">\n<div id=\"attachment_61292\" class=\"wp-caption aligncenter\"><a href=\"https:\/\/timpolis.ro\/wp-content\/uploads\/2026\/02\/Vila-International-Timisoara-Foto-CJT.jpg\"><img decoding=\"async\" aria-describedby=\"caption-attachment-61292\" loading=\"lazy\" title=\"Vila International Timisoara Foto CJT\" alt width=\"900\" height=\"600\" class=\"wp-image-61292 size-full lazyload\" src=\"https:\/\/timpolis.ro\/wp-content\/uploads\/2026\/02\/Vila-International-Timisoara-Foto-CJT.jpg\"><img decoding=\"async\" aria-describedby=\"caption-attachment-61292\" loading=\"lazy\" class=\"wp-image-61292 size-full\" title=\"Vila International Timisoara Foto CJT\" src=\"https:\/\/timpolis.ro\/wp-content\/uploads\/2026\/02\/Vila-International-Timisoara-Foto-CJT.jpg\" alt width=\"900\" height=\"600\"><\/a><\/p>\n<p id=\"caption-attachment-61292\" class=\"wp-caption-text\">Surs\u0103 foto: CJ Timi\u015f<\/p>\n<\/div>\n<p><strong>Vila Interna\u021bional, de pe bulevardul C.D. Loga, \u00eenainte de 1989 cas\u0103 a familiei Ceau\u0219escu, revine \u00een patrimoniul jude\u021bului Timi\u0219. Aici va fi amenajat un centru socio-cultural.<\/strong><\/p>\n<p>\u00a0<\/p>\n<p>\u00cen plenul de azi al CJ Timi\u015f a fost aprobat\u0103 exproprierea cl\u0103dirii \u0219i dizolvarea societ\u0103\u021bii Intercenter, unde Consiliul Jude\u021bean era ac\u021bionar cu 45% din ac\u021biuni, iar omul de afaceri Ovidiu Tender de\u021binea 55%, anun\u0163\u0103 <strong>Alfred Simonis<\/strong>, pre\u015fedintele Consiliului Jude\u0163ean Timi\u015f.<\/p>\n<p>\u201eAst\u0103zi am \u00eendreptat o mare gre\u0219eal\u0103 care s-a f\u0103cut \u00een urm\u0103 cu dou\u0103 decenii, timp \u00een care s-a derulat un contract p\u0103gubos pentru Timi\u0219. Au fost 20 de ani de nep\u0103sare, de lips\u0103 de implicare \u0219i, poate, uneori, de complicitate. \u00cen tot acest timp, Vila Interna\u021bional a fost l\u0103sat\u0103 de izbeli\u0219te, ajung\u00e2nd acum o adev\u0103rat\u0103 paragin\u0103. Nu s-a f\u0103cut nicio investi\u021bie aici, nu a fost pus\u0103 \u00een valoare, iar \u00een ultima vreme \u00een jurul cl\u0103dirii au \u00eenceput s\u0103 \u00abroiasc\u0103\u00bb anumite clanuri care mai de\u021bin case pe bulevardul Loga. Perioada \u0219mecherilor, a celor care cred c\u0103 pot face orice s-a \u00eencheiat. Expropriem, dizolv\u0103m o societate f\u0103r\u0103 utilitate \u0219i red\u0103m acest imobil comunit\u0103\u021bii\u201d, mai spune Alfred Simonis.<br \/>\nAcesta anun\u0163\u0103 c\u0103, \u00een fost imobilul respectiv CJ Timi\u015f inten\u0163ioneaz\u0103 s\u0103 amenajeze un centru socio-cultural.<\/p>\n<div id=\"metaslider-id-56545\" class=\"ml-slider-3-18-9 metaslider metaslider-responsive metaslider-56545 ml-slider nav-hidden nav-hidden nav-hidden\">\n<div id=\"metaslider_container_56545\">\n<ul id=\"metaslider_56545\" class=\"rslides\">\n<li><a href=\"https:\/\/www.iuliustown.ro\/ro\/winter-sale\" target=\"_blank\"><img decoding=\"async\" width=\"610\" height=\"260\" alt loading=\"lazy\" title=\"Banner Iulius Town - Winter Sales - ianuarie 2025 - 610x260\" class=\"slider-56545 slide-61078 lazyload\" src=\"https:\/\/timpolis.ro\/wp-content\/uploads\/2026\/01\/Banner-Iulius-Town-Winter-Sales-ianuarie-2025-610x260-1.png\"><img decoding=\"async\" width=\"610\" height=\"260\" src=\"https:\/\/timpolis.ro\/wp-content\/uploads\/2026\/01\/Banner-Iulius-Town-Winter-Sales-ianuarie-2025-610x260-1.png\" class=\"slider-56545 slide-61078\" alt loading=\"lazy\" title=\"Banner Iulius Town - Winter Sales - ianuarie 2025 - 610x260\"><\/a><\/li>\n<\/ul>\n<\/div>\n<\/div>\n<div class=\"printfriendly pf-alignright\"><a href=\"https:\/\/timpolis.ro\/vila-international-din-timisoara-revine-in-patrimoniul-cj-timis\/\" rel=\"nofollow\" title=\"Printer Friendly, PDF &amp; Email\"><img decoding=\"async\" alt=\"Print Friendly, PDF &amp; Email\" class=\"lazyload\" src=\"https:\/\/cdn.printfriendly.com\/buttons\/print-button.png\"><img decoding=\"async\" src=\"https:\/\/cdn.printfriendly.com\/buttons\/print-button.png\" alt=\"Print Friendly, PDF &amp; Email\"><\/a><\/div>\n<\/div>\n<div class=\"yarpp-related\">\n<h3>\u015etiri din aceea\u015fi categorie:<\/h3>\n<div class=\"yarpp-thumbnails-horizontal\"><a class=\"yarpp-thumbnail\" rel=\"norewrite\" href=\"https:\/\/timpolis.ro\/primaria-timisoara-vrea-sa-aduca-in-patrimoniul-orasului-peste-50-de-hectare-de-teren\/\" title=\"Prim\u0103ria Timi\u0219oara vrea s\u0103 aduc\u0103 \u00een patrimoniul ora\u0219ului peste 50 de hectare de teren\"><img decoding=\"async\" width=\"120\" height=\"120\" alt loading=\"lazy\" class=\"attachment-yarpp-thumbnail size-yarpp-thumbnail wp-post-image lazyload\" src=\"https:\/\/timpolis.ro\/wp-content\/uploads\/2022\/05\/Colterm-Foto-PMT-120x120.jpg\"><img decoding=\"async\" width=\"120\" height=\"120\" src=\"https:\/\/timpolis.ro\/wp-content\/uploads\/2022\/05\/Colterm-Foto-PMT-120x120.jpg\" class=\"attachment-yarpp-thumbnail size-yarpp-thumbnail wp-post-image\" alt loading=\"lazy\"><span class=\"yarpp-thumbnail-title\">Prim\u0103ria Timi\u0219oara vrea s\u0103 aduc\u0103 \u00een patrimoniul ora\u0219ului peste 50 de hectare de teren<\/span><\/a><a class=\"yarpp-thumbnail\" rel=\"norewrite\" href=\"https:\/\/timpolis.ro\/decizie-favorabila-pentru-primaria-timisoara-intr-un-proces-privind-vila-de-pe-loga-52\/\" title=\"Decizie favorabil\u0103 pentru Prim\u0103ria Timi\u0219oara \u00eentr-un proces privind vila de pe Loga 52\"><img decoding=\"async\" width=\"120\" height=\"120\" alt loading=\"lazy\" class=\"attachment-yarpp-thumbnail size-yarpp-thumbnail wp-post-image lazyload\" src=\"https:\/\/timpolis.ro\/wp-content\/uploads\/2023\/10\/Dominic-Fritz-in-fata-imobilului-52-de-pe-CD-loga-2-Foto-PMT-120x120.jpg\"><img decoding=\"async\" width=\"120\" height=\"120\" src=\"https:\/\/timpolis.ro\/wp-content\/uploads\/2023\/10\/Dominic-Fritz-in-fata-imobilului-52-de-pe-CD-loga-2-Foto-PMT-120x120.jpg\" class=\"attachment-yarpp-thumbnail size-yarpp-thumbnail wp-post-image\" alt loading=\"lazy\"><span class=\"yarpp-thumbnail-title\">Decizie favorabil\u0103 pentru Prim\u0103ria Timi\u0219oara \u00eentr-un proces privind vila de pe Loga 52<\/span><\/a><a class=\"yarpp-thumbnail\" rel=\"norewrite\" href=\"https:\/\/timpolis.ro\/peste-400-000-de-pagini-din-patrimoniul-documentar-al-bibliotecii-judetene-timis-digitizate\/\" title=\"Peste 400.000 de pagini din patrimoniul documentar al Bibliotecii Jude\u021bene Timi\u015f, digitizate\"><img decoding=\"async\" width=\"120\" height=\"120\" alt loading=\"lazy\" class=\"attachment-yarpp-thumbnail size-yarpp-thumbnail wp-post-image lazyload\" src=\"https:\/\/timpolis.ro\/wp-content\/uploads\/2015\/10\/Carti-vechi-la-Biblioteca-Centrala-Universitara-Timisoara-120x120.jpg\"><img decoding=\"async\" width=\"120\" height=\"120\" src=\"https:\/\/timpolis.ro\/wp-content\/uploads\/2015\/10\/Carti-vechi-la-Biblioteca-Centrala-Universitara-Timisoara-120x120.jpg\" class=\"attachment-yarpp-thumbnail size-yarpp-thumbnail wp-post-image\" alt loading=\"lazy\"><span class=\"yarpp-thumbnail-title\">Peste 400.000 de pagini din patrimoniul documentar al Bibliotecii Jude\u021bene Timi\u015f, digitizate<\/span><\/a><a class=\"yarpp-thumbnail\" rel=\"norewrite\" href=\"https:\/\/timpolis.ro\/consiliul-judetean-timis-a-pus-din-nou-ochii-pe-vila-lui-ceausescu\/\" title=\"Consiliul Jude\u0163ean Timi\u015f a pus din nou ochii pe \u201evila lui Ceau\u015fescu\u201d\"><img decoding=\"async\" width=\"120\" height=\"120\" alt loading=\"lazy\" class=\"attachment-yarpp-thumbnail size-yarpp-thumbnail wp-post-image lazyload\" src=\"https:\/\/timpolis.ro\/wp-content\/uploads\/2013\/11\/Vila-International-2-foto-cosmina-120x120.jpg\"><img decoding=\"async\" width=\"120\" height=\"120\" src=\"https:\/\/timpolis.ro\/wp-content\/uploads\/2013\/11\/Vila-International-2-foto-cosmina-120x120.jpg\" class=\"attachment-yarpp-thumbnail size-yarpp-thumbnail wp-post-image\" alt loading=\"lazy\"><span class=\"yarpp-thumbnail-title\">Consiliul Jude\u0163ean Timi\u015f a pus din nou ochii pe \u201evila lui Ceau\u015fescu\u201d<\/span><\/a><\/div>\n<\/div>\n<\/div>\n<div class=\"pf-content\">\n<div id=\"attachment_61292\" class=\"wp-caption aligncenter\"><a href=\"https:\/\/timpolis.ro\/wp-content\/uploads\/2026\/02\/Vila-International-Timisoara-Foto-CJT.jpg\"><img decoding=\"async\" aria-describedby=\"caption-attachment-61292\" loading=\"lazy\" title=\"Vila International Timisoara Foto CJT\" alt width=\"900\" height=\"600\" class=\"wp-image-61292 size-full lazyload\" src=\"https:\/\/timpolis.ro\/wp-content\/uploads\/2026\/02\/Vila-International-Timisoara-Foto-CJT.jpg\"><img decoding=\"async\" aria-describedby=\"caption-attachment-61292\" loading=\"lazy\" class=\"wp-image-61292 size-full\" title=\"Vila International Timisoara Foto CJT\" src=\"https:\/\/timpolis.ro\/wp-content\/uploads\/2026\/02\/Vila-International-Timisoara-Foto-CJT.jpg\" alt width=\"900\" height=\"600\"><\/a><\/p>\n<p id=\"caption-attachment-61292\" class=\"wp-caption-text\">Surs\u0103 foto: CJ Timi\u015f<\/p>\n<\/div>\n<p><strong>Vila Interna\u021bional, de pe bulevardul C.D. Loga, \u00eenainte de 1989 cas\u0103 a familiei Ceau\u0219escu, revine \u00een patrimoniul jude\u021bului Timi\u0219. Aici va fi amenajat un centru socio-cultural.<\/strong><\/p>\n<p>\u00a0<\/p>\n<p>\u00cen plenul de azi al CJ Timi\u015f a fost aprobat\u0103 exproprierea cl\u0103dirii \u0219i dizolvarea societ\u0103\u021bii Intercenter, unde Consiliul Jude\u021bean era ac\u021bionar cu 45% din ac\u021biuni, iar omul de afaceri Ovidiu Tender de\u021binea 55%, anun\u0163\u0103 <strong>Alfred Simonis<\/strong>, pre\u015fedintele Consiliului Jude\u0163ean Timi\u015f.<\/p>\n<p>\u201eAst\u0103zi am \u00eendreptat o mare gre\u0219eal\u0103 care s-a f\u0103cut \u00een urm\u0103 cu dou\u0103 decenii, timp \u00een care s-a derulat un contract p\u0103gubos pentru Timi\u0219. Au fost 20 de ani de nep\u0103sare, de lips\u0103 de implicare \u0219i, poate, uneori, de complicitate. \u00cen tot acest timp, Vila Interna\u021bional a fost l\u0103sat\u0103 de izbeli\u0219te, ajung\u00e2nd acum o adev\u0103rat\u0103 paragin\u0103. Nu s-a f\u0103cut nicio investi\u021bie aici, nu a fost pus\u0103 \u00een valoare, iar \u00een ultima vreme \u00een jurul cl\u0103dirii au \u00eenceput s\u0103 \u00abroiasc\u0103\u00bb anumite clanuri care mai de\u021bin case pe bulevardul Loga. Perioada \u0219mecherilor, a celor care cred c\u0103 pot face orice s-a \u00eencheiat. Expropriem, dizolv\u0103m o societate f\u0103r\u0103 utilitate \u0219i red\u0103m acest imobil comunit\u0103\u021bii\u201d, mai spune Alfred Simonis.<br \/>\nAcesta anun\u0163\u0103 c\u0103, \u00een fost imobilul respectiv CJ Timi\u015f inten\u0163ioneaz\u0103 s\u0103 amenajeze un centru socio-cultural.<\/p>\n<div id=\"metaslider-id-56545\" class=\"ml-slider-3-18-9 metaslider metaslider-responsive metaslider-56545 ml-slider nav-hidden nav-hidden nav-hidden\">\n<div id=\"metaslider_container_56545\">\n<ul id=\"metaslider_56545\" class=\"rslides\">\n<li><a href=\"https:\/\/www.iuliustown.ro\/ro\/winter-sale\" target=\"_blank\"><img decoding=\"async\" width=\"610\" height=\"260\" alt loading=\"lazy\" title=\"Banner Iulius Town - Winter Sales - ianuarie 2025 - 610x260\" class=\"slider-56545 slide-61078 lazyload\" src=\"https:\/\/timpolis.ro\/wp-content\/uploads\/2026\/01\/Banner-Iulius-Town-Winter-Sales-ianuarie-2025-610x260-1.png\"><img decoding=\"async\" width=\"610\" height=\"260\" src=\"https:\/\/timpolis.ro\/wp-content\/uploads\/2026\/01\/Banner-Iulius-Town-Winter-Sales-ianuarie-2025-610x260-1.png\" class=\"slider-56545 slide-61078\" alt loading=\"lazy\" title=\"Banner Iulius Town - Winter Sales - ianuarie 2025 - 610x260\"><\/a><\/li>\n<\/ul>\n<\/div>\n<\/div>\n<div class=\"printfriendly pf-alignright\"><a href=\"https:\/\/timpolis.ro\/vila-international-din-timisoara-revine-in-patrimoniul-cj-timis\/\" rel=\"nofollow\" title=\"Printer Friendly, PDF &amp; Email\"><img decoding=\"async\" alt=\"Print Friendly, PDF &amp; Email\" class=\"lazyload\" src=\"https:\/\/cdn.printfriendly.com\/buttons\/print-button.png\"><img decoding=\"async\" src=\"https:\/\/cdn.printfriendly.com\/buttons\/print-button.png\" alt=\"Print Friendly, PDF &amp; Email\"><\/a><\/div>\n<\/div>\n<p>[analyse_source url=&#8221;https:\/\/timpolis.ro\/vila-international-din-timisoara-revine-in-patrimoniul-cj-timis\/&#8221;]<\/p>\n","protected":false},"excerpt":{"rendered":"<p>[analyse_image type=&#8221;featured&#8221; src=&#8221;https:\/\/timpolis.ro\/wp-content\/uploads\/2026\/02\/Vila-International-Timisoara-2-Foto-CJT.jpghttps:\/\/timpolis.ro\/wp-content\/uploads\/2026\/02\/Vila-International-Timisoara-2-Foto-CJT.jpg&#8221;] Surs\u0103 foto: CJ Timi\u015f Vila Interna\u021bional, de pe bulevardul C.D. Loga, \u00eenainte de 1989 cas\u0103 a familiei Ceau\u0219escu, revine \u00een patrimoniul jude\u021bului Timi\u0219. Aici va fi amenajat un centru socio-cultural. \u00a0 \u00cen plenul de azi al CJ Timi\u015f a fost aprobat\u0103 exproprierea cl\u0103dirii \u0219i dizolvarea societ\u0103\u021bii Intercenter, unde Consiliul Jude\u021bean era ac\u021bionar [&hellip;]<\/p>\n","protected":false},"author":1,"featured_media":0,"comment_status":"open","ping_status":"","sticky":false,"template":"","format":"standard","meta":{"footnotes":""},"categories":[89],"tags":[226,202],"class_list":["post-1754606","post","type-post","status-publish","format-standard","hentry","category-romania","tag-crawlmanager","tag-timpolis-ro"],"_links":{"self":[{"href":"https:\/\/analyse.optim.biz\/index.php?rest_route=\/wp\/v2\/posts\/1754606","targetHints":{"allow":["GET"]}}],"collection":[{"href":"https:\/\/analyse.optim.biz\/index.php?rest_route=\/wp\/v2\/posts"}],"about":[{"href":"https:\/\/analyse.optim.biz\/index.php?rest_route=\/wp\/v2\/types\/post"}],"author":[{"embeddable":true,"href":"https:\/\/analyse.optim.biz\/index.php?rest_route=\/wp\/v2\/users\/1"}],"replies":[{"embeddable":true,"href":"https:\/\/analyse.optim.biz\/index.php?rest_route=%2Fwp%2Fv2%2Fcomments&post=1754606"}],"version-history":[{"count":0,"href":"https:\/\/analyse.optim.biz\/index.php?rest_route=\/wp\/v2\/posts\/1754606\/revisions"}],"wp:attachment":[{"href":"https:\/\/analyse.optim.biz\/index.php?rest_route=%2Fwp%2Fv2%2Fmedia&parent=1754606"}],"wp:term":[{"taxonomy":"category","embeddable":true,"href":"https:\/\/analyse.optim.biz\/index.php?rest_route=%2Fwp%2Fv2%2Fcategories&post=1754606"},{"taxonomy":"post_tag","embeddable":true,"href":"https:\/\/analyse.optim.biz\/index.php?rest_route=%2Fwp%2Fv2%2Ftags&post=1754606"}],"curies":[{"name":"wp","href":"https:\/\/api.w.org\/{rel}","templated":true}]}}