{"id":1754605,"date":"2026-02-05T06:08:49","date_gmt":"2026-02-05T03:08:49","guid":{"rendered":"https:\/\/analyse.optim.biz\/?p=1754605"},"modified":"2026-02-05T06:08:49","modified_gmt":"2026-02-05T03:08:49","slug":"a-fost-lansat-primul-fond-regional-de-investitii-de-capital-de-risc-din-vestul-romaniei","status":"publish","type":"post","link":"https:\/\/analyse.optim.biz\/?p=1754605","title":{"rendered":"A fost lansat primul fond regional de investi\u021bii de capital de risc din vestul Rom\u00e2niei"},"content":{"rendered":"<p>[analyse_image type=&#8221;featured&#8221; src=&#8221;https:\/\/timpolis.ro\/wp-content\/uploads\/2026\/02\/Lansare-fond-regional-investitii-Vest-Ventures-Foto-ADR-Vest.jpghttps:\/\/timpolis.ro\/wp-content\/uploads\/2026\/02\/Lansare-fond-regional-investitii-Vest-Ventures-Foto-ADR-Vest.jpg&#8221;]<\/p>\n<div class=\"post-entry\">\n<div class=\"pf-content\">\n<div id=\"attachment_61280\" class=\"wp-caption aligncenter\"><a href=\"https:\/\/timpolis.ro\/wp-content\/uploads\/2026\/02\/Lansare-fond-regional-investitii-Vest-Ventures-Foto-ADR-Vest.jpg\"><img decoding=\"async\" aria-describedby=\"caption-attachment-61280\" loading=\"lazy\" title=\"Lansare fond regional investitii Vest Ventures Foto ADR Vest\" alt width=\"900\" height=\"675\" class=\"wp-image-61280 size-full lazyload\" src=\"https:\/\/timpolis.ro\/wp-content\/uploads\/2026\/02\/Lansare-fond-regional-investitii-Vest-Ventures-Foto-ADR-Vest.jpg\"><img decoding=\"async\" aria-describedby=\"caption-attachment-61280\" loading=\"lazy\" class=\"wp-image-61280 size-full\" title=\"Lansare fond regional investitii Vest Ventures Foto ADR Vest\" src=\"https:\/\/timpolis.ro\/wp-content\/uploads\/2026\/02\/Lansare-fond-regional-investitii-Vest-Ventures-Foto-ADR-Vest.jpg\" alt width=\"900\" height=\"675\"><\/a><\/p>\n<p id=\"caption-attachment-61280\" class=\"wp-caption-text\">Surs\u0103 foto: ADR Vest<\/p>\n<\/div>\n<p><strong><em>Vest Ventures<\/em>, primul fond de investi\u021bii de capital de risc din vestul Rom\u00e2niei, cofinan\u021bat din fonduri europene, a fost lansat oficial pe 4 februarie. Acesta este primul program continuu dedicat sus\u021binerii antreprenoriatului inovator \u0219i dezvolt\u0103rii startup-urilor cu poten\u021bial de cre\u0219tere regional\u0103.<\/strong><\/p>\n<p>\u00a0<\/p>\n<p>Lansarea a avut loc \u00een cadrul evenimentului Romanian Startup Summit, organizat la Timi\u0219oara. Fondul este gestionat de un consor\u021biu experimentat \u00een accelerarea startup-urilor, alc\u0103tuit din Startup Wise Guys, Cowork Timi\u0219oara, Growceanu \u0219i Iceberg Plus. Consor\u021biul se va concentra pe investi\u021bii \u0219i dezvoltarea ecosistemelor antreprenoriale, gestion\u00e2nd un buget total de 16,6 milioane de euro. Finan\u021barea provine din Programul Regional Vest 2021\u20132027, administrat de Agen\u021bia pentru Dezvoltare Regional\u0103 Vest (ADR Vest), la care se va ad\u0103uga o investi\u021bie privat\u0103.<\/p>\n<p><strong>Sorin Maxim,<\/strong> directorul general al ADR Vest, declar\u0103 c\u0103 <em>Vest Ventures<\/em> reprezint\u0103 un pas strategic pentru viitorul economic al Regiunii Vest. \u201c<em>Ne dorim ca aici, acas\u0103, antreprenorii cu idei curajoase \u0219i inovatoare s\u0103 g\u0103seasc\u0103 sprijin real ca s\u0103 transforme aceste idei \u00een afaceri scalabile, competitive la nivel european. Fondurile europene ne permit s\u0103 construim astfel de instrumente moderne de dezvoltare, care merg dincolo de granturi clasice \u0219i r\u0103spund direct nevoilor startup-urilor aflate la \u00eenceput de drum: acces la capital, mentorat, re\u021bele de investitori \u0219i un ecosistem care \u00eencurajeaz\u0103 inova\u021bia. Vest Ventures este un semnal clar c\u0103 Regiunea Vest \u00ee\u0219i asum\u0103 un rol activ \u00een economia viitorului \u0219i \u00ee\u0219i propune s\u0103 devin\u0103 un pol al antreprenoriatului inovator \u00een aceast\u0103 parte a Europei<\/em>\u201d, mai spune Sorin Maxim.<\/p>\n<p>Prin <em>Vest Ventures<\/em>, antreprenorii selecta\u021bi vor avea acces la finan\u021bare, precum \u0219i la\u00a0 un program complet de accelerare, care include mentorat personalizat oferit de antreprenori \u0219i investitori cu experien\u021b\u0103, workshopuri aplicate ce acoper\u0103 \u00eentregul parcurs de la idee la produs, clien\u021bi, v\u00e2nz\u0103ri \u0219i investi\u021bii, precum \u0219i acces la re\u021bele relevante de investitori, clien\u021bi \u0219i parteneri. Programul pune la dispozi\u021bie \u0219i spa\u021bii de lucru, al\u0103turi de servicii suport esen\u021biale pentru dezvoltarea startup-urilor.<\/p>\n<p><em>\u201eRegiunea de Vest, cu Timi\u0219oara \u00een prim-plan, are poten\u021bialul de a deveni unul dintre cele mai puternice hub-uri de tehnologie \u0219i inova\u021bie din Europa Central\u0103 \u0219i de Est. Avem talent, universit\u0103\u021bi solide, antreprenori curajo\u0219i \u0219i o cultur\u0103 a colabor\u0103rii. Vest Ventures ia na\u0219tere tocmai din aceast\u0103 convingere: aici exist\u0103 capital intelectual valoros care merit\u0103 accelerat prin investi\u021bii. \u00cen plus, prin participarea activ\u0103 a unor parteneri puternici, precum Growceanu, construim pun\u021bi de \u00eencredere \u0219i oferim nu doar acces la finan\u021bare, ci \u0219i la know-how, mentorat, re\u021bele \u0219i experien\u021b\u0103 relevant\u0103 pentru scalare<\/em>\u201d, declar\u0103 <strong>Ciprian Man<\/strong>, partener general <em>Vest Ventures<\/em>.<\/p>\n<p>Potrivit ADR Vest, <em>Vest Ventures<\/em> va derula patru cohorte de accelerare, prima urm\u00e2nd s\u0103 \u00eenceap\u0103 \u00een 27 martie. \u00cen paralel, programul include nou\u0103 cohorte regionale de pre-accelerare, axate pe educa\u021bie antreprenorial\u0103 \u0219i dezvoltarea de produse de tip minimum viable product (MVP), dedicate fondatorilor afla\u021bi la \u00eenceput de drum.<\/p>\n<p>Din bugetul total, aproximativ \u015fase milioane de euro sunt aloca\u021bi investi\u021biilor directe \u00een startup-uri aflate \u00een stadiu pre-seed, cu obiectivul de a sprijini validarea produselor, consolidarea echipelor \u0219i accelerarea primelor etape de cre\u0219tere. Valoarea exact\u0103 a investi\u021biilor va fi stabilit\u0103 \u00een cadrul programului, \u00een func\u021bie de nevoile \u0219i poten\u021bialul fiec\u0103rei echipe.<\/p>\n<p>Consor\u0163iul <em>Vest Ventures<\/em> este format din patru leaderi recunoscu\u021bi \u00een ecosistemul antreprenorial european:<\/p>\n<p><strong>Cristobal Alonso<\/strong>, general partner, are 23 de ani de experien\u021b\u0103 \u00een roluri\u00a0 de conducere corporative, av\u00e2nd \u00een subordine echipe de p\u00e2n\u0103 la 500 de persoane. \u00cen plus, are 14 ani de experien\u021b\u0103 antreprenorial\u0103 \u0219i trei mandate de CEO. De\u021bin\u0103tor al unui MBA de la INSEAD, Cristobal Alonso a realizat peste 450 de investi\u021bii \u00een startup-uri \u00een faze ini\u021biale cu 15 ie\u0219iri reu\u0219ite, consolid\u00e2nd pozi\u021biile sale ca investor \u0219i mentor \u00een ecosistemul european.<\/p>\n<p><strong>Ciprian Man,<\/strong> general partner antreprenor \u0219i investitor de anvergur\u0103, cu o carier\u0103 dedicat\u0103 sprijinirii inova\u021biei, a consiliat \u0219i mentorat peste 150 de startup-uri, iar experien\u021ba sa \u00een identificarea poten\u021bialului antreprenorial \u00eel pozi\u021bioneaz\u0103 ca fiind o figur\u0103 cheie \u00een evaluarea oportunit\u0103\u021bilor de investi\u021bie.<\/p>\n<p><strong>Razvan Suta,<\/strong> managing director, aduce o experien\u021b\u0103 de opt ani ca antreprenor \u0219i fondator, cinci ani de experien\u021b\u0103 la nivel de management \u0219i consiliu de administra\u021bie, plus patru ani dedicati investi\u021biilor \u00een faze ini\u021biale. Experien\u021ba sa opera\u021bional\u0103 asigur\u0103 gestionarea eficient\u0103 a fondului \u0219i sprijinul strategic.<\/p>\n<p><strong>Andrei Munteanu<\/strong>, programs managing director, completeaz\u0103 echipa cu o solid\u0103 experien\u021b\u0103 \u00een ecosisteme antreprenoriale: mai mult de nou\u0103 ani \u00een roluri corporative \u015fi peste zece ani \u00een activit\u0103\u021bi antreprenoriale \u0219i \u00een dezvoltare de programe de sprijinire \u0219i construire de re\u021bele antreprenoriale.<\/p>\n<p>\u00censcrierile \u00een accelerator sunt sunt deschise, iar antreprenorii interesa\u021bi pot aplica deja pe website-ul oficial www.vestventures.vc sau la adresa de email hello@vestventures.vc.<\/p>\n<p>Informa\u021bii suplimentare pot fi ob\u0163inute la num\u0103rul de telefon 0256-491.923 sau la adresa de e-mail \u2013 office@adrvest.ro.<\/p>\n<div id=\"metaslider-id-56545\" class=\"ml-slider-3-18-9 metaslider metaslider-responsive metaslider-56545 ml-slider nav-hidden nav-hidden nav-hidden\">\n<div id=\"metaslider_container_56545\">\n<ul id=\"metaslider_56545\" class=\"rslides\">\n<li><a href=\"https:\/\/www.iuliustown.ro\/ro\/winter-sale\" target=\"_blank\"><img decoding=\"async\" width=\"610\" height=\"260\" alt loading=\"lazy\" title=\"Banner Iulius Town - Winter Sales - ianuarie 2025 - 610x260\" class=\"slider-56545 slide-61078 lazyload\" src=\"https:\/\/timpolis.ro\/wp-content\/uploads\/2026\/01\/Banner-Iulius-Town-Winter-Sales-ianuarie-2025-610x260-1.png\"><img decoding=\"async\" width=\"610\" height=\"260\" src=\"https:\/\/timpolis.ro\/wp-content\/uploads\/2026\/01\/Banner-Iulius-Town-Winter-Sales-ianuarie-2025-610x260-1.png\" class=\"slider-56545 slide-61078\" alt loading=\"lazy\" title=\"Banner Iulius Town - Winter Sales - ianuarie 2025 - 610x260\"><\/a><\/li>\n<\/ul>\n<\/div>\n<\/div>\n<div class=\"printfriendly pf-alignright\"><a href=\"https:\/\/timpolis.ro\/a-fost-lansat-primul-fond-regional-de-investitii-de-capital-de-risc-din-vestul-romaniei\/\" rel=\"nofollow\" title=\"Printer Friendly, PDF &amp; Email\"><img decoding=\"async\" alt=\"Print Friendly, PDF &amp; Email\" class=\"lazyload\" src=\"https:\/\/cdn.printfriendly.com\/buttons\/print-button.png\"><img decoding=\"async\" src=\"https:\/\/cdn.printfriendly.com\/buttons\/print-button.png\" alt=\"Print Friendly, PDF &amp; Email\"><\/a><\/div>\n<\/div>\n<div class=\"yarpp-related\">\n<h3>\u015etiri din aceea\u015fi categorie:<\/h3>\n<div class=\"yarpp-thumbnails-horizontal\"><a class=\"yarpp-thumbnail\" rel=\"norewrite\" href=\"https:\/\/timpolis.ro\/primul-eveniment-de-cybersecurity-pentru-imm-urile-din-vestul-romaniei\/\" title=\"Primul eveniment de cybersecurity pentru IMM-urile din vestul Rom\u00e2niei\"><img decoding=\"async\" width=\"120\" height=\"120\" alt loading=\"lazy\" class=\"attachment-yarpp-thumbnail size-yarpp-thumbnail wp-post-image lazyload\" src=\"https:\/\/timpolis.ro\/wp-content\/uploads\/2024\/04\/CyberTa-afis-120x120.png\"><img decoding=\"async\" width=\"120\" height=\"120\" src=\"https:\/\/timpolis.ro\/wp-content\/uploads\/2024\/04\/CyberTa-afis-120x120.png\" class=\"attachment-yarpp-thumbnail size-yarpp-thumbnail wp-post-image\" alt loading=\"lazy\"><span class=\"yarpp-thumbnail-title\">Primul eveniment de cybersecurity pentru IMM-urile din vestul Rom\u00e2niei<\/span><\/a><a class=\"yarpp-thumbnail\" rel=\"norewrite\" href=\"https:\/\/timpolis.ro\/primul-accelerator-din-romania-dedicat-mobilitatii-urbane-lansat-in-vestul-tarii\/\" title=\"Primul accelerator din Rom\u00e2nia dedicat mobilit\u0103\u021bii urbane, lansat \u00een vestul \u0163\u0103rii\"><img decoding=\"async\" width=\"120\" height=\"120\" alt loading=\"lazy\" class=\"attachment-yarpp-thumbnail size-yarpp-thumbnail wp-post-image lazyload\" src=\"https:\/\/timpolis.ro\/wp-content\/uploads\/2025\/06\/inVest-vizual-CP-RO-landscape-120x120.jpg\"><img decoding=\"async\" width=\"120\" height=\"120\" src=\"https:\/\/timpolis.ro\/wp-content\/uploads\/2025\/06\/inVest-vizual-CP-RO-landscape-120x120.jpg\" class=\"attachment-yarpp-thumbnail size-yarpp-thumbnail wp-post-image\" alt loading=\"lazy\"><span class=\"yarpp-thumbnail-title\">Primul accelerator din Rom\u00e2nia dedicat mobilit\u0103\u021bii urbane, lansat \u00een vestul \u0163\u0103rii<\/span><\/a><a class=\"yarpp-thumbnail\" rel=\"norewrite\" href=\"https:\/\/timpolis.ro\/primul-accelerator-regional-de-investitii-din-vestul-tarii-gata-de-lansare\/\" title=\"Primul accelerator regional de investi\u021bii din vestul \u021b\u0103rii, gata de lansare\"><img decoding=\"async\" width=\"120\" height=\"120\" alt loading=\"lazy\" class=\"attachment-yarpp-thumbnail size-yarpp-thumbnail wp-post-image lazyload\" src=\"https:\/\/timpolis.ro\/wp-content\/uploads\/2025\/08\/Accelerator-regional-de-investititii-120x120.jpg\"><img decoding=\"async\" width=\"120\" height=\"120\" src=\"https:\/\/timpolis.ro\/wp-content\/uploads\/2025\/08\/Accelerator-regional-de-investititii-120x120.jpg\" class=\"attachment-yarpp-thumbnail size-yarpp-thumbnail wp-post-image\" alt loading=\"lazy\"><span class=\"yarpp-thumbnail-title\">Primul accelerator regional de investi\u021bii din vestul \u021b\u0103rii, gata de lansare<\/span><\/a><a class=\"yarpp-thumbnail\" rel=\"norewrite\" href=\"https:\/\/timpolis.ro\/se-cauta-administrator-pentru-gestionarea-unui-fond-de-investitii-de-capital-de-risc\/\" title=\"Se caut\u0103 administrator pentru gestionarea unui fond de investi\u021bii de capital de risc\"><img decoding=\"async\" width=\"120\" height=\"120\" alt loading=\"lazy\" class=\"attachment-yarpp-thumbnail size-yarpp-thumbnail wp-post-image lazyload\" src=\"https:\/\/timpolis.ro\/wp-content\/uploads\/2019\/05\/Fonduri-UE-Foto-Calea-Europeana-120x120.jpg\"><img decoding=\"async\" width=\"120\" height=\"120\" src=\"https:\/\/timpolis.ro\/wp-content\/uploads\/2019\/05\/Fonduri-UE-Foto-Calea-Europeana-120x120.jpg\" class=\"attachment-yarpp-thumbnail size-yarpp-thumbnail wp-post-image\" alt loading=\"lazy\"><span class=\"yarpp-thumbnail-title\">Se caut\u0103 administrator pentru gestionarea unui fond de investi\u021bii de capital de risc<\/span><\/a><\/div>\n<\/div>\n<\/div>\n<div class=\"pf-content\">\n<div id=\"attachment_61280\" class=\"wp-caption aligncenter\"><a href=\"https:\/\/timpolis.ro\/wp-content\/uploads\/2026\/02\/Lansare-fond-regional-investitii-Vest-Ventures-Foto-ADR-Vest.jpg\"><img decoding=\"async\" aria-describedby=\"caption-attachment-61280\" loading=\"lazy\" title=\"Lansare fond regional investitii Vest Ventures Foto ADR Vest\" alt width=\"900\" height=\"675\" class=\"wp-image-61280 size-full lazyload\" src=\"https:\/\/timpolis.ro\/wp-content\/uploads\/2026\/02\/Lansare-fond-regional-investitii-Vest-Ventures-Foto-ADR-Vest.jpg\"><img decoding=\"async\" aria-describedby=\"caption-attachment-61280\" loading=\"lazy\" class=\"wp-image-61280 size-full\" title=\"Lansare fond regional investitii Vest Ventures Foto ADR Vest\" src=\"https:\/\/timpolis.ro\/wp-content\/uploads\/2026\/02\/Lansare-fond-regional-investitii-Vest-Ventures-Foto-ADR-Vest.jpg\" alt width=\"900\" height=\"675\"><\/a><\/p>\n<p id=\"caption-attachment-61280\" class=\"wp-caption-text\">Surs\u0103 foto: ADR Vest<\/p>\n<\/div>\n<p><strong><em>Vest Ventures<\/em>, primul fond de investi\u021bii de capital de risc din vestul Rom\u00e2niei, cofinan\u021bat din fonduri europene, a fost lansat oficial pe 4 februarie. Acesta este primul program continuu dedicat sus\u021binerii antreprenoriatului inovator \u0219i dezvolt\u0103rii startup-urilor cu poten\u021bial de cre\u0219tere regional\u0103.<\/strong><\/p>\n<p>\u00a0<\/p>\n<p>Lansarea a avut loc \u00een cadrul evenimentului Romanian Startup Summit, organizat la Timi\u0219oara. Fondul este gestionat de un consor\u021biu experimentat \u00een accelerarea startup-urilor, alc\u0103tuit din Startup Wise Guys, Cowork Timi\u0219oara, Growceanu \u0219i Iceberg Plus. Consor\u021biul se va concentra pe investi\u021bii \u0219i dezvoltarea ecosistemelor antreprenoriale, gestion\u00e2nd un buget total de 16,6 milioane de euro. Finan\u021barea provine din Programul Regional Vest 2021\u20132027, administrat de Agen\u021bia pentru Dezvoltare Regional\u0103 Vest (ADR Vest), la care se va ad\u0103uga o investi\u021bie privat\u0103.<\/p>\n<p><strong>Sorin Maxim,<\/strong> directorul general al ADR Vest, declar\u0103 c\u0103 <em>Vest Ventures<\/em> reprezint\u0103 un pas strategic pentru viitorul economic al Regiunii Vest. \u201c<em>Ne dorim ca aici, acas\u0103, antreprenorii cu idei curajoase \u0219i inovatoare s\u0103 g\u0103seasc\u0103 sprijin real ca s\u0103 transforme aceste idei \u00een afaceri scalabile, competitive la nivel european. Fondurile europene ne permit s\u0103 construim astfel de instrumente moderne de dezvoltare, care merg dincolo de granturi clasice \u0219i r\u0103spund direct nevoilor startup-urilor aflate la \u00eenceput de drum: acces la capital, mentorat, re\u021bele de investitori \u0219i un ecosistem care \u00eencurajeaz\u0103 inova\u021bia. Vest Ventures este un semnal clar c\u0103 Regiunea Vest \u00ee\u0219i asum\u0103 un rol activ \u00een economia viitorului \u0219i \u00ee\u0219i propune s\u0103 devin\u0103 un pol al antreprenoriatului inovator \u00een aceast\u0103 parte a Europei<\/em>\u201d, mai spune Sorin Maxim.<\/p>\n<p>Prin <em>Vest Ventures<\/em>, antreprenorii selecta\u021bi vor avea acces la finan\u021bare, precum \u0219i la\u00a0 un program complet de accelerare, care include mentorat personalizat oferit de antreprenori \u0219i investitori cu experien\u021b\u0103, workshopuri aplicate ce acoper\u0103 \u00eentregul parcurs de la idee la produs, clien\u021bi, v\u00e2nz\u0103ri \u0219i investi\u021bii, precum \u0219i acces la re\u021bele relevante de investitori, clien\u021bi \u0219i parteneri. Programul pune la dispozi\u021bie \u0219i spa\u021bii de lucru, al\u0103turi de servicii suport esen\u021biale pentru dezvoltarea startup-urilor.<\/p>\n<p><em>\u201eRegiunea de Vest, cu Timi\u0219oara \u00een prim-plan, are poten\u021bialul de a deveni unul dintre cele mai puternice hub-uri de tehnologie \u0219i inova\u021bie din Europa Central\u0103 \u0219i de Est. Avem talent, universit\u0103\u021bi solide, antreprenori curajo\u0219i \u0219i o cultur\u0103 a colabor\u0103rii. Vest Ventures ia na\u0219tere tocmai din aceast\u0103 convingere: aici exist\u0103 capital intelectual valoros care merit\u0103 accelerat prin investi\u021bii. \u00cen plus, prin participarea activ\u0103 a unor parteneri puternici, precum Growceanu, construim pun\u021bi de \u00eencredere \u0219i oferim nu doar acces la finan\u021bare, ci \u0219i la know-how, mentorat, re\u021bele \u0219i experien\u021b\u0103 relevant\u0103 pentru scalare<\/em>\u201d, declar\u0103 <strong>Ciprian Man<\/strong>, partener general <em>Vest Ventures<\/em>.<\/p>\n<p>Potrivit ADR Vest, <em>Vest Ventures<\/em> va derula patru cohorte de accelerare, prima urm\u00e2nd s\u0103 \u00eenceap\u0103 \u00een 27 martie. \u00cen paralel, programul include nou\u0103 cohorte regionale de pre-accelerare, axate pe educa\u021bie antreprenorial\u0103 \u0219i dezvoltarea de produse de tip minimum viable product (MVP), dedicate fondatorilor afla\u021bi la \u00eenceput de drum.<\/p>\n<p>Din bugetul total, aproximativ \u015fase milioane de euro sunt aloca\u021bi investi\u021biilor directe \u00een startup-uri aflate \u00een stadiu pre-seed, cu obiectivul de a sprijini validarea produselor, consolidarea echipelor \u0219i accelerarea primelor etape de cre\u0219tere. Valoarea exact\u0103 a investi\u021biilor va fi stabilit\u0103 \u00een cadrul programului, \u00een func\u021bie de nevoile \u0219i poten\u021bialul fiec\u0103rei echipe.<\/p>\n<p>Consor\u0163iul <em>Vest Ventures<\/em> este format din patru leaderi recunoscu\u021bi \u00een ecosistemul antreprenorial european:<\/p>\n<p><strong>Cristobal Alonso<\/strong>, general partner, are 23 de ani de experien\u021b\u0103 \u00een roluri\u00a0 de conducere corporative, av\u00e2nd \u00een subordine echipe de p\u00e2n\u0103 la 500 de persoane. \u00cen plus, are 14 ani de experien\u021b\u0103 antreprenorial\u0103 \u0219i trei mandate de CEO. De\u021bin\u0103tor al unui MBA de la INSEAD, Cristobal Alonso a realizat peste 450 de investi\u021bii \u00een startup-uri \u00een faze ini\u021biale cu 15 ie\u0219iri reu\u0219ite, consolid\u00e2nd pozi\u021biile sale ca investor \u0219i mentor \u00een ecosistemul european.<\/p>\n<p><strong>Ciprian Man,<\/strong> general partner antreprenor \u0219i investitor de anvergur\u0103, cu o carier\u0103 dedicat\u0103 sprijinirii inova\u021biei, a consiliat \u0219i mentorat peste 150 de startup-uri, iar experien\u021ba sa \u00een identificarea poten\u021bialului antreprenorial \u00eel pozi\u021bioneaz\u0103 ca fiind o figur\u0103 cheie \u00een evaluarea oportunit\u0103\u021bilor de investi\u021bie.<\/p>\n<p><strong>Razvan Suta,<\/strong> managing director, aduce o experien\u021b\u0103 de opt ani ca antreprenor \u0219i fondator, cinci ani de experien\u021b\u0103 la nivel de management \u0219i consiliu de administra\u021bie, plus patru ani dedicati investi\u021biilor \u00een faze ini\u021biale. Experien\u021ba sa opera\u021bional\u0103 asigur\u0103 gestionarea eficient\u0103 a fondului \u0219i sprijinul strategic.<\/p>\n<p><strong>Andrei Munteanu<\/strong>, programs managing director, completeaz\u0103 echipa cu o solid\u0103 experien\u021b\u0103 \u00een ecosisteme antreprenoriale: mai mult de nou\u0103 ani \u00een roluri corporative \u015fi peste zece ani \u00een activit\u0103\u021bi antreprenoriale \u0219i \u00een dezvoltare de programe de sprijinire \u0219i construire de re\u021bele antreprenoriale.<\/p>\n<p>\u00censcrierile \u00een accelerator sunt sunt deschise, iar antreprenorii interesa\u021bi pot aplica deja pe website-ul oficial www.vestventures.vc sau la adresa de email hello@vestventures.vc.<\/p>\n<p>Informa\u021bii suplimentare pot fi ob\u0163inute la num\u0103rul de telefon 0256-491.923 sau la adresa de e-mail \u2013 office@adrvest.ro.<\/p>\n<div id=\"metaslider-id-56545\" class=\"ml-slider-3-18-9 metaslider metaslider-responsive metaslider-56545 ml-slider nav-hidden nav-hidden nav-hidden\">\n<div id=\"metaslider_container_56545\">\n<ul id=\"metaslider_56545\" class=\"rslides\">\n<li><a href=\"https:\/\/www.iuliustown.ro\/ro\/winter-sale\" target=\"_blank\"><img decoding=\"async\" width=\"610\" height=\"260\" alt loading=\"lazy\" title=\"Banner Iulius Town - Winter Sales - ianuarie 2025 - 610x260\" class=\"slider-56545 slide-61078 lazyload\" src=\"https:\/\/timpolis.ro\/wp-content\/uploads\/2026\/01\/Banner-Iulius-Town-Winter-Sales-ianuarie-2025-610x260-1.png\"><img decoding=\"async\" width=\"610\" height=\"260\" src=\"https:\/\/timpolis.ro\/wp-content\/uploads\/2026\/01\/Banner-Iulius-Town-Winter-Sales-ianuarie-2025-610x260-1.png\" class=\"slider-56545 slide-61078\" alt loading=\"lazy\" title=\"Banner Iulius Town - Winter Sales - ianuarie 2025 - 610x260\"><\/a><\/li>\n<\/ul>\n<\/div>\n<\/div>\n<div class=\"printfriendly pf-alignright\"><a href=\"https:\/\/timpolis.ro\/a-fost-lansat-primul-fond-regional-de-investitii-de-capital-de-risc-din-vestul-romaniei\/\" rel=\"nofollow\" title=\"Printer Friendly, PDF &amp; Email\"><img decoding=\"async\" alt=\"Print Friendly, PDF &amp; Email\" class=\"lazyload\" src=\"https:\/\/cdn.printfriendly.com\/buttons\/print-button.png\"><img decoding=\"async\" src=\"https:\/\/cdn.printfriendly.com\/buttons\/print-button.png\" alt=\"Print Friendly, PDF &amp; Email\"><\/a><\/div>\n<\/div>\n<p>[analyse_source url=&#8221;https:\/\/timpolis.ro\/a-fost-lansat-primul-fond-regional-de-investitii-de-capital-de-risc-din-vestul-romaniei\/&#8221;]<\/p>\n","protected":false},"excerpt":{"rendered":"<p>[analyse_image type=&#8221;featured&#8221; src=&#8221;https:\/\/timpolis.ro\/wp-content\/uploads\/2026\/02\/Lansare-fond-regional-investitii-Vest-Ventures-Foto-ADR-Vest.jpghttps:\/\/timpolis.ro\/wp-content\/uploads\/2026\/02\/Lansare-fond-regional-investitii-Vest-Ventures-Foto-ADR-Vest.jpg&#8221;] Surs\u0103 foto: ADR Vest Vest Ventures, primul fond de investi\u021bii de capital de risc din vestul Rom\u00e2niei, cofinan\u021bat din fonduri europene, a fost lansat oficial pe 4 februarie. Acesta este primul program continuu dedicat sus\u021binerii antreprenoriatului inovator \u0219i dezvolt\u0103rii startup-urilor cu poten\u021bial de cre\u0219tere regional\u0103. \u00a0 Lansarea a avut loc \u00een cadrul [&hellip;]<\/p>\n","protected":false},"author":1,"featured_media":0,"comment_status":"open","ping_status":"","sticky":false,"template":"","format":"standard","meta":{"footnotes":""},"categories":[89],"tags":[226,202],"class_list":["post-1754605","post","type-post","status-publish","format-standard","hentry","category-romania","tag-crawlmanager","tag-timpolis-ro"],"_links":{"self":[{"href":"https:\/\/analyse.optim.biz\/index.php?rest_route=\/wp\/v2\/posts\/1754605","targetHints":{"allow":["GET"]}}],"collection":[{"href":"https:\/\/analyse.optim.biz\/index.php?rest_route=\/wp\/v2\/posts"}],"about":[{"href":"https:\/\/analyse.optim.biz\/index.php?rest_route=\/wp\/v2\/types\/post"}],"author":[{"embeddable":true,"href":"https:\/\/analyse.optim.biz\/index.php?rest_route=\/wp\/v2\/users\/1"}],"replies":[{"embeddable":true,"href":"https:\/\/analyse.optim.biz\/index.php?rest_route=%2Fwp%2Fv2%2Fcomments&post=1754605"}],"version-history":[{"count":0,"href":"https:\/\/analyse.optim.biz\/index.php?rest_route=\/wp\/v2\/posts\/1754605\/revisions"}],"wp:attachment":[{"href":"https:\/\/analyse.optim.biz\/index.php?rest_route=%2Fwp%2Fv2%2Fmedia&parent=1754605"}],"wp:term":[{"taxonomy":"category","embeddable":true,"href":"https:\/\/analyse.optim.biz\/index.php?rest_route=%2Fwp%2Fv2%2Fcategories&post=1754605"},{"taxonomy":"post_tag","embeddable":true,"href":"https:\/\/analyse.optim.biz\/index.php?rest_route=%2Fwp%2Fv2%2Ftags&post=1754605"}],"curies":[{"name":"wp","href":"https:\/\/api.w.org\/{rel}","templated":true}]}}