{"id":1754604,"date":"2026-02-05T08:07:37","date_gmt":"2026-02-05T05:07:37","guid":{"rendered":"https:\/\/analyse.optim.biz\/?p=1754604"},"modified":"2026-02-05T08:07:37","modified_gmt":"2026-02-05T05:07:37","slug":"investitii-pentru-seniori-cu-bani-europeni-la-timisoara","status":"publish","type":"post","link":"https:\/\/analyse.optim.biz\/?p=1754604","title":{"rendered":"Investi\u021bii pentru seniori, cu bani europeni, la Timi\u0219oara"},"content":{"rendered":"<p>[analyse_image type=&#8221;featured&#8221; src=&#8221;https:\/\/timpolis.ro\/wp-content\/uploads\/2026\/02\/Seniori-beneficiari-de-servicii-sociale-Foto-PMT.jpghttps:\/\/timpolis.ro\/wp-content\/uploads\/2026\/02\/Seniori-beneficiari-de-servicii-sociale-Foto-PMT.jpg&#8221;]<\/p>\n<div class=\"post-entry\">\n<div class=\"pf-content\">\n<div id=\"attachment_61287\" class=\"wp-caption aligncenter\"><a href=\"https:\/\/timpolis.ro\/wp-content\/uploads\/2026\/02\/Seniori-beneficiari-de-servicii-sociale-Foto-PMT.jpg\"><img decoding=\"async\" aria-describedby=\"caption-attachment-61287\" loading=\"lazy\" title=\"Seniori beneficiari de servicii sociale Foto PMT\" alt width=\"900\" height=\"600\" class=\"wp-image-61287 size-full lazyload\" src=\"https:\/\/timpolis.ro\/wp-content\/uploads\/2026\/02\/Seniori-beneficiari-de-servicii-sociale-Foto-PMT.jpg\"><img decoding=\"async\" aria-describedby=\"caption-attachment-61287\" loading=\"lazy\" class=\"wp-image-61287 size-full\" title=\"Seniori beneficiari de servicii sociale Foto PMT\" src=\"https:\/\/timpolis.ro\/wp-content\/uploads\/2026\/02\/Seniori-beneficiari-de-servicii-sociale-Foto-PMT.jpg\" alt width=\"900\" height=\"600\"><\/a><\/p>\n<p id=\"caption-attachment-61287\" class=\"wp-caption-text\">Foto: Prim\u0103ria Timi\u015foara<\/p>\n<\/div>\n<p><strong>Prim\u0103ria Municipiului Timi\u0219oara, prin Direc\u021bia de Asisten\u021b\u0103 Social\u0103, continu\u0103 investi\u021biile \u00een servicii moderne pentru seniori \u0219i persoane vulnerabile.<\/strong><\/p>\n<p>\u00a0<\/p>\n<p>Primele dot\u0103ri \u0219i echipamente achizi\u021bionate prin proiectul european <em>Hearts \u2013 HEalthy Aging care Resources and pracTiceS <\/em>au ajuns la beneficiarii de servicii sociale din Timi\u0219oara. \u00cen cadrul proiectului sunt reabilitate \u0219i modernizate dou\u0103 centre de zi: \u201eDr. Aurora Heim\u201d, \u201eSf. Arh. Mihail \u0219i Gavril\u201d, precum \u0219i Clubul Pensionarilor \u0219i C\u0103minul pentru persoane v\u00e2rstnice \u201eInocen\u021biu M. Klein\u201d. Aceste investi\u021bii vor deservi aproximativ 200 de beneficiari lunar.<\/p>\n<p>Dou\u0103 autoturisme dedicate transportului persoanelor v\u00e2rstnice au fost achizi\u021bionate, recep\u021bionate \u0219i preg\u0103tite pentru utilizare, anun\u0163\u0103 Prim\u0103ria. \u00cen paralel, la C\u0103minul pentru persoane v\u00e2rstnice \u201eInocen\u021biu Micu Klein\u201d au fost realizate primele dot\u0103ri prev\u0103zute \u00een proiect: 25 de paturi moderne cu telecomand\u0103 de reglaj, saltele cu hus\u0103 impermeabil\u0103, scaune cu rotile electronice pliabile \u0219i cu ac\u021bionare manual\u0103, precum \u0219i alte echipamente de sprijin care cresc confortul \u0219i autonomia reziden\u021bilor.<\/p>\n<p>Potrivit Municipalit\u0103\u0163ii, urmeaz\u0103 achizi\u021bia de echipamente medicale pentru kinetoterapie \u0219i fizioterapie, menite s\u0103 sprijine recuperarea, men\u021binerea mobilit\u0103\u021bii \u0219i starea general\u0103 de s\u0103n\u0103tate a seniorilor care beneficiaz\u0103 de serviciile centrelor de zi \u0219i ale unit\u0103\u021bilor reziden\u021biale.<\/p>\n<div id=\"attachment_61288\" class=\"wp-caption aligncenter\"><a href=\"https:\/\/timpolis.ro\/wp-content\/uploads\/2026\/02\/Masina-pentru-seniori-beneficiari-de-servicii-sociale-Foto-PMT.jpeg\"><img decoding=\"async\" aria-describedby=\"caption-attachment-61288\" loading=\"lazy\" title=\"Masina pentru seniori beneficiari de servicii sociale Foto PMT\" alt width=\"520\" height=\"390\" class=\"wp-image-61288 lazyload\" src=\"https:\/\/timpolis.ro\/wp-content\/uploads\/2026\/02\/Masina-pentru-seniori-beneficiari-de-servicii-sociale-Foto-PMT.jpeg\"><img decoding=\"async\" aria-describedby=\"caption-attachment-61288\" loading=\"lazy\" class=\"wp-image-61288\" title=\"Masina pentru seniori beneficiari de servicii sociale Foto PMT\" src=\"https:\/\/timpolis.ro\/wp-content\/uploads\/2026\/02\/Masina-pentru-seniori-beneficiari-de-servicii-sociale-Foto-PMT.jpeg\" alt width=\"520\" height=\"390\"><\/a><\/p>\n<p id=\"caption-attachment-61288\" class=\"wp-caption-text\">Unul dintre autovehiculele achizi\u0163ionate. Foto: Prim\u0103ria Timi\u015foara<\/p>\n<\/div>\n<p><em>\u201eE una din priorit\u0103\u021bile noastre ca seniorii Timi\u0219oarei s\u0103 aib\u0103 o via\u021b\u0103 tr\u0103it\u0103 \u00een demnitate. Investim constant \u00een calitatea \u0219i diversificarea serviciilor sociale pe care le furniz\u0103m, iar fiecare proiect nou \u00eenseamn\u0103 mai mult\u0103 grij\u0103 pentru mai mul\u021bi oameni care au nevoie de acest suport\u201d,<\/em> spune primarul <strong>Dominic Fritz.<\/strong><\/p>\n<p>Noile autovehicule vor contribui direct la cre\u0219terea accesului seniorilor la servicii sociale, facilit\u00e2nd deplasarea acestora c\u0103tre centrele de zi \u0219i la activit\u0103\u021bile specifice. Un Citro\u00ebn SpaceTourer, cu 8+1 locuri este dat \u00een folosin\u021ba Centrului de Zi \u201eSfin\u0163ii Arhangheli Mihail \u0219i Gavril\u201d \u0219i un autovehicul Dacia Jogger Extreme TCe,\u00a0 cu 7 locuri, este utilizat de Centrul de Zi pentru Persoane Adulte cu Dizabilit\u0103\u021bi din cadrul Complexului \u201eDr. Aurora Heim\u201d.<\/p>\n<p>Directprul Direc\u0163iei de Asisten\u021b\u0103 Social\u0103, <strong>Emese Eszter<\/strong>, spune c\u0103 modernizarea serviciilor sociale este o prioritate \u015fi c\u0103 achizi\u021biile realizate prin proiectul <em>Herats<\/em> ajut\u0103 la dezvoltarea de servicii integrate, moderne, care s\u0103 asigure un nivel mai ridicat de confort \u0219i autonomie.<\/p>\n<p>Proiectul <em>Hearts: HEalthy Aging care Resources and pracTiceS \/ Resurse \u0219i practici de \u00eengrijire pentru \u00eemb\u0103tr\u00e2nirea s\u0103n\u0103toas\u0103<\/em> implementat de Direc\u021bia de Asisten\u021b\u0103 Social\u0103 Timi\u0219oara, \u00een parteneriat cu Spitalul Clinic Municipal de Urgen\u021b\u0103 Timi\u0219oara \u0219i Spitalul H\u00f3dmez\u0151v\u00e1s\u00e1rhely din Mak\u00f3, Ungaria, fiind finan\u021bat prin Programul Interreg VI-A Rom\u00e2nia -Ungaria.<\/p>\n<p>Valoarea total\u0103 a proiectului gestionat de Direc\u021bia de Asisten\u021b\u0103 Social\u0103 Timi\u0219oara este de 550.000 de euro, din care 440.000 de euro reprezint\u0103 fonduri europene nerambursabile, 99.000 euro sunt aloca\u021bi de la bugetul de stat, iar 11.000 de euro constituie contribu\u021bia bugetului local al Municipiului Timi\u0219oara.<\/p>\n<div id=\"metaslider-id-56545\" class=\"ml-slider-3-18-9 metaslider metaslider-responsive metaslider-56545 ml-slider nav-hidden nav-hidden nav-hidden\">\n<div id=\"metaslider_container_56545\">\n<ul id=\"metaslider_56545\" class=\"rslides\">\n<li><a href=\"https:\/\/www.iuliustown.ro\/ro\/winter-sale\" target=\"_blank\"><img decoding=\"async\" width=\"610\" height=\"260\" alt loading=\"lazy\" title=\"Banner Iulius Town - Winter Sales - ianuarie 2025 - 610x260\" class=\"slider-56545 slide-61078 lazyload\" src=\"https:\/\/timpolis.ro\/wp-content\/uploads\/2026\/01\/Banner-Iulius-Town-Winter-Sales-ianuarie-2025-610x260-1.png\"><img decoding=\"async\" width=\"610\" height=\"260\" src=\"https:\/\/timpolis.ro\/wp-content\/uploads\/2026\/01\/Banner-Iulius-Town-Winter-Sales-ianuarie-2025-610x260-1.png\" class=\"slider-56545 slide-61078\" alt loading=\"lazy\" title=\"Banner Iulius Town - Winter Sales - ianuarie 2025 - 610x260\"><\/a><\/li>\n<\/ul>\n<\/div>\n<\/div>\n<div class=\"printfriendly pf-alignright\"><a href=\"https:\/\/timpolis.ro\/investitii-pentru-seniori-cu-bani-europeni-la-timisoara\/\" rel=\"nofollow\" title=\"Printer Friendly, PDF &amp; Email\"><img decoding=\"async\" alt=\"Print Friendly, PDF &amp; Email\" class=\"lazyload\" src=\"https:\/\/cdn.printfriendly.com\/buttons\/print-button.png\"><img decoding=\"async\" src=\"https:\/\/cdn.printfriendly.com\/buttons\/print-button.png\" alt=\"Print Friendly, PDF &amp; Email\"><\/a><\/div>\n<\/div>\n<div class=\"yarpp-related\">\n<h3>\u015etiri din aceea\u015fi categorie:<\/h3>\n<div class=\"yarpp-thumbnails-horizontal\"><a class=\"yarpp-thumbnail\" rel=\"norewrite\" href=\"https:\/\/timpolis.ro\/case-familiale-locuinte-protejate-si-centre-de-zi-pentru-copii-si-adulti-cu-dizabilitati-construite-cu-bani-europeni\/\" title=\"Case familiale, locuin\u021be protejate \u0219i centre de zi pentru copii \u0219i adul\u021bi cu dizabilit\u0103\u021bi, construite cu bani europeni\"><img decoding=\"async\" width=\"120\" height=\"120\" alt loading=\"lazy\" class=\"attachment-yarpp-thumbnail size-yarpp-thumbnail wp-post-image lazyload\" src=\"https:\/\/timpolis.ro\/wp-content\/uploads\/2019\/03\/Eugenia-Milutinovici-Calin-Dobra-si-Sorin-Maxim-2-Foto-Costi-Duma-120x120.jpg\"><img decoding=\"async\" width=\"120\" height=\"120\" src=\"https:\/\/timpolis.ro\/wp-content\/uploads\/2019\/03\/Eugenia-Milutinovici-Calin-Dobra-si-Sorin-Maxim-2-Foto-Costi-Duma-120x120.jpg\" class=\"attachment-yarpp-thumbnail size-yarpp-thumbnail wp-post-image\" alt loading=\"lazy\"><span class=\"yarpp-thumbnail-title\">Case familiale, locuin\u021be protejate \u0219i centre de zi pentru copii \u0219i adul\u021bi cu dizabilit\u0103\u021bi, construite cu bani europeni<\/span><\/a><a class=\"yarpp-thumbnail\" rel=\"norewrite\" href=\"https:\/\/timpolis.ro\/termenul-de-depunere-a-proiectelor-pentru-reabilitarea-termica-a-blocurilor-cu-bani-europeni-prelungit\/\" title=\"Termenul de depunere a proiectelor pentru reabilitarea termic\u0103 a blocurilor cu bani europeni, prelungit\"><img decoding=\"async\" width=\"120\" height=\"120\" alt loading=\"lazy\" class=\"attachment-yarpp-thumbnail size-yarpp-thumbnail wp-post-image lazyload\" src=\"https:\/\/timpolis.ro\/wp-content\/uploads\/2025\/06\/Blocuri-reabilitate-termic-Foto-ADR-Vest-120x120.jpg\"><img decoding=\"async\" width=\"120\" height=\"120\" src=\"https:\/\/timpolis.ro\/wp-content\/uploads\/2025\/06\/Blocuri-reabilitate-termic-Foto-ADR-Vest-120x120.jpg\" class=\"attachment-yarpp-thumbnail size-yarpp-thumbnail wp-post-image\" alt loading=\"lazy\"><span class=\"yarpp-thumbnail-title\">Termenul de depunere a proiectelor pentru reabilitarea termic\u0103 a blocurilor cu bani europeni, prelungit<\/span><\/a><a class=\"yarpp-thumbnail\" rel=\"norewrite\" href=\"https:\/\/timpolis.ro\/liceul-waldorf-timisoara-extins-si-modernizat-cu-bani-europeni\/\" title=\"Liceul Waldorf Timi\u0219oara, extins \u0219i modernizat cu bani europeni\"><img decoding=\"async\" width=\"120\" height=\"120\" alt loading=\"lazy\" class=\"attachment-yarpp-thumbnail size-yarpp-thumbnail wp-post-image lazyload\" src=\"https:\/\/timpolis.ro\/wp-content\/uploads\/2020\/12\/Modernizare-Liceu-Waldorf-Timisoara-Foto-ADR-Vest-120x120.jpg\"><img decoding=\"async\" width=\"120\" height=\"120\" src=\"https:\/\/timpolis.ro\/wp-content\/uploads\/2020\/12\/Modernizare-Liceu-Waldorf-Timisoara-Foto-ADR-Vest-120x120.jpg\" class=\"attachment-yarpp-thumbnail size-yarpp-thumbnail wp-post-image\" alt loading=\"lazy\"><span class=\"yarpp-thumbnail-title\">Liceul Waldorf Timi\u0219oara, extins \u0219i modernizat cu bani europeni<\/span><\/a><a class=\"yarpp-thumbnail\" rel=\"norewrite\" href=\"https:\/\/timpolis.ro\/bani-europeni-pentru-oamenii-fara-identitate\/\" title=\"Bani europeni pentru \u201coamenii f\u0103r\u0103 identitate\u201d\"><img decoding=\"async\" width=\"120\" height=\"120\" alt loading=\"lazy\" class=\"attachment-yarpp-thumbnail size-yarpp-thumbnail wp-post-image lazyload\" src=\"https:\/\/timpolis.ro\/wp-content\/uploads\/2016\/05\/carti-identitate-120x120.jpg\"><img decoding=\"async\" width=\"120\" height=\"120\" src=\"https:\/\/timpolis.ro\/wp-content\/uploads\/2016\/05\/carti-identitate-120x120.jpg\" class=\"attachment-yarpp-thumbnail size-yarpp-thumbnail wp-post-image\" alt loading=\"lazy\"><span class=\"yarpp-thumbnail-title\">Bani europeni pentru \u201coamenii f\u0103r\u0103 identitate\u201d<\/span><\/a><\/div>\n<\/div>\n<\/div>\n<div class=\"pf-content\">\n<div id=\"attachment_61287\" class=\"wp-caption aligncenter\"><a href=\"https:\/\/timpolis.ro\/wp-content\/uploads\/2026\/02\/Seniori-beneficiari-de-servicii-sociale-Foto-PMT.jpg\"><img decoding=\"async\" aria-describedby=\"caption-attachment-61287\" loading=\"lazy\" title=\"Seniori beneficiari de servicii sociale Foto PMT\" alt width=\"900\" height=\"600\" class=\"wp-image-61287 size-full lazyload\" src=\"https:\/\/timpolis.ro\/wp-content\/uploads\/2026\/02\/Seniori-beneficiari-de-servicii-sociale-Foto-PMT.jpg\"><img decoding=\"async\" aria-describedby=\"caption-attachment-61287\" loading=\"lazy\" class=\"wp-image-61287 size-full\" title=\"Seniori beneficiari de servicii sociale Foto PMT\" src=\"https:\/\/timpolis.ro\/wp-content\/uploads\/2026\/02\/Seniori-beneficiari-de-servicii-sociale-Foto-PMT.jpg\" alt width=\"900\" height=\"600\"><\/a><\/p>\n<p id=\"caption-attachment-61287\" class=\"wp-caption-text\">Foto: Prim\u0103ria Timi\u015foara<\/p>\n<\/div>\n<p><strong>Prim\u0103ria Municipiului Timi\u0219oara, prin Direc\u021bia de Asisten\u021b\u0103 Social\u0103, continu\u0103 investi\u021biile \u00een servicii moderne pentru seniori \u0219i persoane vulnerabile.<\/strong><\/p>\n<p>\u00a0<\/p>\n<p>Primele dot\u0103ri \u0219i echipamente achizi\u021bionate prin proiectul european <em>Hearts \u2013 HEalthy Aging care Resources and pracTiceS <\/em>au ajuns la beneficiarii de servicii sociale din Timi\u0219oara. \u00cen cadrul proiectului sunt reabilitate \u0219i modernizate dou\u0103 centre de zi: \u201eDr. Aurora Heim\u201d, \u201eSf. Arh. Mihail \u0219i Gavril\u201d, precum \u0219i Clubul Pensionarilor \u0219i C\u0103minul pentru persoane v\u00e2rstnice \u201eInocen\u021biu M. Klein\u201d. Aceste investi\u021bii vor deservi aproximativ 200 de beneficiari lunar.<\/p>\n<p>Dou\u0103 autoturisme dedicate transportului persoanelor v\u00e2rstnice au fost achizi\u021bionate, recep\u021bionate \u0219i preg\u0103tite pentru utilizare, anun\u0163\u0103 Prim\u0103ria. \u00cen paralel, la C\u0103minul pentru persoane v\u00e2rstnice \u201eInocen\u021biu Micu Klein\u201d au fost realizate primele dot\u0103ri prev\u0103zute \u00een proiect: 25 de paturi moderne cu telecomand\u0103 de reglaj, saltele cu hus\u0103 impermeabil\u0103, scaune cu rotile electronice pliabile \u0219i cu ac\u021bionare manual\u0103, precum \u0219i alte echipamente de sprijin care cresc confortul \u0219i autonomia reziden\u021bilor.<\/p>\n<p>Potrivit Municipalit\u0103\u0163ii, urmeaz\u0103 achizi\u021bia de echipamente medicale pentru kinetoterapie \u0219i fizioterapie, menite s\u0103 sprijine recuperarea, men\u021binerea mobilit\u0103\u021bii \u0219i starea general\u0103 de s\u0103n\u0103tate a seniorilor care beneficiaz\u0103 de serviciile centrelor de zi \u0219i ale unit\u0103\u021bilor reziden\u021biale.<\/p>\n<div id=\"attachment_61288\" class=\"wp-caption aligncenter\"><a href=\"https:\/\/timpolis.ro\/wp-content\/uploads\/2026\/02\/Masina-pentru-seniori-beneficiari-de-servicii-sociale-Foto-PMT.jpeg\"><img decoding=\"async\" aria-describedby=\"caption-attachment-61288\" loading=\"lazy\" title=\"Masina pentru seniori beneficiari de servicii sociale Foto PMT\" alt width=\"520\" height=\"390\" class=\"wp-image-61288 lazyload\" src=\"https:\/\/timpolis.ro\/wp-content\/uploads\/2026\/02\/Masina-pentru-seniori-beneficiari-de-servicii-sociale-Foto-PMT.jpeg\"><img decoding=\"async\" aria-describedby=\"caption-attachment-61288\" loading=\"lazy\" class=\"wp-image-61288\" title=\"Masina pentru seniori beneficiari de servicii sociale Foto PMT\" src=\"https:\/\/timpolis.ro\/wp-content\/uploads\/2026\/02\/Masina-pentru-seniori-beneficiari-de-servicii-sociale-Foto-PMT.jpeg\" alt width=\"520\" height=\"390\"><\/a><\/p>\n<p id=\"caption-attachment-61288\" class=\"wp-caption-text\">Unul dintre autovehiculele achizi\u0163ionate. Foto: Prim\u0103ria Timi\u015foara<\/p>\n<\/div>\n<p><em>\u201eE una din priorit\u0103\u021bile noastre ca seniorii Timi\u0219oarei s\u0103 aib\u0103 o via\u021b\u0103 tr\u0103it\u0103 \u00een demnitate. Investim constant \u00een calitatea \u0219i diversificarea serviciilor sociale pe care le furniz\u0103m, iar fiecare proiect nou \u00eenseamn\u0103 mai mult\u0103 grij\u0103 pentru mai mul\u021bi oameni care au nevoie de acest suport\u201d,<\/em> spune primarul <strong>Dominic Fritz.<\/strong><\/p>\n<p>Noile autovehicule vor contribui direct la cre\u0219terea accesului seniorilor la servicii sociale, facilit\u00e2nd deplasarea acestora c\u0103tre centrele de zi \u0219i la activit\u0103\u021bile specifice. Un Citro\u00ebn SpaceTourer, cu 8+1 locuri este dat \u00een folosin\u021ba Centrului de Zi \u201eSfin\u0163ii Arhangheli Mihail \u0219i Gavril\u201d \u0219i un autovehicul Dacia Jogger Extreme TCe,\u00a0 cu 7 locuri, este utilizat de Centrul de Zi pentru Persoane Adulte cu Dizabilit\u0103\u021bi din cadrul Complexului \u201eDr. Aurora Heim\u201d.<\/p>\n<p>Directprul Direc\u0163iei de Asisten\u021b\u0103 Social\u0103, <strong>Emese Eszter<\/strong>, spune c\u0103 modernizarea serviciilor sociale este o prioritate \u015fi c\u0103 achizi\u021biile realizate prin proiectul <em>Herats<\/em> ajut\u0103 la dezvoltarea de servicii integrate, moderne, care s\u0103 asigure un nivel mai ridicat de confort \u0219i autonomie.<\/p>\n<p>Proiectul <em>Hearts: HEalthy Aging care Resources and pracTiceS \/ Resurse \u0219i practici de \u00eengrijire pentru \u00eemb\u0103tr\u00e2nirea s\u0103n\u0103toas\u0103<\/em> implementat de Direc\u021bia de Asisten\u021b\u0103 Social\u0103 Timi\u0219oara, \u00een parteneriat cu Spitalul Clinic Municipal de Urgen\u021b\u0103 Timi\u0219oara \u0219i Spitalul H\u00f3dmez\u0151v\u00e1s\u00e1rhely din Mak\u00f3, Ungaria, fiind finan\u021bat prin Programul Interreg VI-A Rom\u00e2nia -Ungaria.<\/p>\n<p>Valoarea total\u0103 a proiectului gestionat de Direc\u021bia de Asisten\u021b\u0103 Social\u0103 Timi\u0219oara este de 550.000 de euro, din care 440.000 de euro reprezint\u0103 fonduri europene nerambursabile, 99.000 euro sunt aloca\u021bi de la bugetul de stat, iar 11.000 de euro constituie contribu\u021bia bugetului local al Municipiului Timi\u0219oara.<\/p>\n<div id=\"metaslider-id-56545\" class=\"ml-slider-3-18-9 metaslider metaslider-responsive metaslider-56545 ml-slider nav-hidden nav-hidden nav-hidden\">\n<div id=\"metaslider_container_56545\">\n<ul id=\"metaslider_56545\" class=\"rslides\">\n<li><a href=\"https:\/\/www.iuliustown.ro\/ro\/winter-sale\" target=\"_blank\"><img decoding=\"async\" width=\"610\" height=\"260\" alt loading=\"lazy\" title=\"Banner Iulius Town - Winter Sales - ianuarie 2025 - 610x260\" class=\"slider-56545 slide-61078 lazyload\" src=\"https:\/\/timpolis.ro\/wp-content\/uploads\/2026\/01\/Banner-Iulius-Town-Winter-Sales-ianuarie-2025-610x260-1.png\"><img decoding=\"async\" width=\"610\" height=\"260\" src=\"https:\/\/timpolis.ro\/wp-content\/uploads\/2026\/01\/Banner-Iulius-Town-Winter-Sales-ianuarie-2025-610x260-1.png\" class=\"slider-56545 slide-61078\" alt loading=\"lazy\" title=\"Banner Iulius Town - Winter Sales - ianuarie 2025 - 610x260\"><\/a><\/li>\n<\/ul>\n<\/div>\n<\/div>\n<div class=\"printfriendly pf-alignright\"><a href=\"https:\/\/timpolis.ro\/investitii-pentru-seniori-cu-bani-europeni-la-timisoara\/\" rel=\"nofollow\" title=\"Printer Friendly, PDF &amp; Email\"><img decoding=\"async\" alt=\"Print Friendly, PDF &amp; Email\" class=\"lazyload\" src=\"https:\/\/cdn.printfriendly.com\/buttons\/print-button.png\"><img decoding=\"async\" src=\"https:\/\/cdn.printfriendly.com\/buttons\/print-button.png\" alt=\"Print Friendly, PDF &amp; Email\"><\/a><\/div>\n<\/div>\n<p>[analyse_source url=&#8221;https:\/\/timpolis.ro\/investitii-pentru-seniori-cu-bani-europeni-la-timisoara\/&#8221;]<\/p>\n","protected":false},"excerpt":{"rendered":"<p>[analyse_image type=&#8221;featured&#8221; src=&#8221;https:\/\/timpolis.ro\/wp-content\/uploads\/2026\/02\/Seniori-beneficiari-de-servicii-sociale-Foto-PMT.jpghttps:\/\/timpolis.ro\/wp-content\/uploads\/2026\/02\/Seniori-beneficiari-de-servicii-sociale-Foto-PMT.jpg&#8221;] Foto: Prim\u0103ria Timi\u015foara Prim\u0103ria Municipiului Timi\u0219oara, prin Direc\u021bia de Asisten\u021b\u0103 Social\u0103, continu\u0103 investi\u021biile \u00een servicii moderne pentru seniori \u0219i persoane vulnerabile. \u00a0 Primele dot\u0103ri \u0219i echipamente achizi\u021bionate prin proiectul european Hearts \u2013 HEalthy Aging care Resources and pracTiceS au ajuns la beneficiarii de servicii sociale din Timi\u0219oara. \u00cen cadrul proiectului sunt reabilitate [&hellip;]<\/p>\n","protected":false},"author":1,"featured_media":0,"comment_status":"open","ping_status":"","sticky":false,"template":"","format":"standard","meta":{"footnotes":""},"categories":[89],"tags":[226,202],"class_list":["post-1754604","post","type-post","status-publish","format-standard","hentry","category-romania","tag-crawlmanager","tag-timpolis-ro"],"_links":{"self":[{"href":"https:\/\/analyse.optim.biz\/index.php?rest_route=\/wp\/v2\/posts\/1754604","targetHints":{"allow":["GET"]}}],"collection":[{"href":"https:\/\/analyse.optim.biz\/index.php?rest_route=\/wp\/v2\/posts"}],"about":[{"href":"https:\/\/analyse.optim.biz\/index.php?rest_route=\/wp\/v2\/types\/post"}],"author":[{"embeddable":true,"href":"https:\/\/analyse.optim.biz\/index.php?rest_route=\/wp\/v2\/users\/1"}],"replies":[{"embeddable":true,"href":"https:\/\/analyse.optim.biz\/index.php?rest_route=%2Fwp%2Fv2%2Fcomments&post=1754604"}],"version-history":[{"count":0,"href":"https:\/\/analyse.optim.biz\/index.php?rest_route=\/wp\/v2\/posts\/1754604\/revisions"}],"wp:attachment":[{"href":"https:\/\/analyse.optim.biz\/index.php?rest_route=%2Fwp%2Fv2%2Fmedia&parent=1754604"}],"wp:term":[{"taxonomy":"category","embeddable":true,"href":"https:\/\/analyse.optim.biz\/index.php?rest_route=%2Fwp%2Fv2%2Fcategories&post=1754604"},{"taxonomy":"post_tag","embeddable":true,"href":"https:\/\/analyse.optim.biz\/index.php?rest_route=%2Fwp%2Fv2%2Ftags&post=1754604"}],"curies":[{"name":"wp","href":"https:\/\/api.w.org\/{rel}","templated":true}]}}