{"id":1753761,"date":"2026-02-05T09:57:09","date_gmt":"2026-02-05T06:57:09","guid":{"rendered":"https:\/\/analyse.optim.biz\/?p=1753761"},"modified":"2026-02-05T09:57:09","modified_gmt":"2026-02-05T06:57:09","slug":"valceanul-mihai-desrobitu-boxeaza-la-ploiesti-pentru-locul-150-mondial","status":"publish","type":"post","link":"https:\/\/analyse.optim.biz\/?p=1753761","title":{"rendered":"V\u00e2lceanul Mihai Desrobitu boxeaz\u0103, la Ploie\u0219ti, pentru locul 150 mondial"},"content":{"rendered":"<p>[analyse_image type=&#8221;featured&#8221; src=&#8221;https:\/\/www.curierul.ro\/wp-content\/uploads\/2026\/02\/box-1.jpghttps:\/\/i0.wp.com\/www.curierul.ro\/wp-content\/uploads\/2026\/02\/box-1.jpg?fit=1200%2C800&amp;ssl=1&#8243;]<\/p>\n<article id=\"196214\" class=\"post-196214 post type-post status-publish format-standard has-post-thumbnail hentry category-box category-sport tag-box tag-mohai-desrobitu tag-mondial tag-ploiesti-2 tag-valcean\">\n<header class=\"post-header\">\n<ul class=\"breadcrumbs\">\n<li><a href=\"https:\/\/www.curierul.ro\">Home<\/a><\/li>\n<li class=\"breadcrumbs-active .category-box\"><a href=\"https:\/\/www.curierul.ro\/index.php?cat=5\">Box<\/a><\/li>\n<li class=\"breadcrumbs-active .category-box\">V\u00e2lceanul Mihai  Desrobitu boxeaz\u0103, la Ploie\u0219ti, pentru locul 150 mondial<\/li>\n<\/ul>\n<div class=\"featured-photo\"><img loading=\"lazy\" decoding=\"async\" width=\"2048\" height=\"1366\" src=\"https:\/\/i0.wp.com\/www.curierul.ro\/wp-content\/uploads\/2026\/02\/box-1.jpg?fit=300%2C200&amp;ssl=1\" class=\"attachment-single size-single wp-post-image\" alt><\/div>\n<h1 class=\"headline\">V\u00e2lceanul Mihai  Desrobitu boxeaz\u0103, la Ploie\u0219ti, pentru locul 150 mondial<\/h1>\n<p class=\"byline\">\n\t\tScris de<a href=\"https:\/\/www.curierul.ro\/author\/alin\/\">Alin Emilian Tudoroiu<\/a>, \t\t5 februarie 2026\t\t\t\t<\/p>\n<hr>\n<\/header>\n<div dir=\"auto\">Boxul profesionist din V\u00e2lcea are un\u00a0 reprezentant de n\u0103dejde pe scena interna\u021bional\u0103. Mihai Desrobitu,\u00a0 boxer profesionist din Rm. V\u00e2lcea, are deja un palmares de 9 victorii \u0219i o singur\u0103 \u00eenfr\u00e2ngere, aceasta fiind \u00eenregistrat\u0103 \u00een lupta cu campionului mondial WBF, f\u0103r\u0103 meciuri terminate la egalitate. La nivel na\u021bional, a fost vicecampion na\u021bional la seniori \u0219i de\u021bine multiple titluri de campion, vicecampion \u0219i medalie de bronz la categoria juniori.<\/div>\n<div dir=\"auto\">\u00cen prezent, Desrobitu este clasat pe locul 285 mondial, iar urm\u0103torul meci va fi \u00eempotriva mexicanului Juan Carlos Raygosa (care vine cu un palmares de 50 de meciuri la profesioni\u0219ti).<\/div>\n<div dir=\"auto\"><img loading=\"lazy\" decoding=\"async\" class=\"aligncenter wp-image-196217 size-full\" src=\"https:\/\/i0.wp.com\/www.curierul.ro\/wp-content\/uploads\/2026\/02\/Box-2-e1770285241855.jpg?fit=253%2C300&amp;ssl=1\" alt width=\"724\" height=\"860\"><\/div>\n<div dir=\"auto\">\u00a0<\/div>\n<div dir=\"auto\">Lupta este programat\u0103 pe 14 februarie 2026, la Sala Sporturilor din Ploie\u0219ti \u0219i \u00eei ofer\u0103 sportivului v\u00e2lcean \u0219ansa real\u0103 de a urca \u00een Top 150 mondial \u2013\u00a0 dac\u0103 victoria este prin KO\/TKO sau locul 179 mondial \u2013 dac\u0103 victoria este la puncte. A\u0219adar, s\u0103-i \u021binem pumnii boxerului v\u00e2lcean \u00een unul dintre cele mai importante meciuri ale sale la profesioni\u0219ti. Mihai, s\u0103 fii\u2026pumn de fier!<\/div>\n<div class=\"sharedaddy sd-sharing-enabled\">\n<div class=\"robots-nocontent sd-block sd-social sd-social-official sd-sharing\">\n<h3 class=\"sd-title\">Distribuie pe:<\/h3>\n<div class=\"sd-content\">\n<ul>\n<li class=\"share-facebook\">\n<li class=\"share-twitter\"><a href=\"https:\/\/twitter.com\/share\" class=\"twitter-share-button\" data-url=\"https:\/\/www.curierul.ro\/valceanul-mihai-desrobitu-boxeaza-la-ploiesti-pentru-locul-150-mondial\/\" data-text=\"V\u00e2lceanul Mihai  Desrobitu boxeaz\u0103, la Ploie\u0219ti, pentru locul 150 mondial\" data-via=\"curierulvl\">Tweet<\/a><\/li>\n<li class=\"share-jetpack-whatsapp\"><a rel=\"nofollow noopener noreferrer\" data-shared=\"sharing-whatsapp-196214\" class=\"share-jetpack-whatsapp sd-button\" href=\"https:\/\/www.curierul.ro\/valceanul-mihai-desrobitu-boxeaza-la-ploiesti-pentru-locul-150-mondial\/?share=jetpack-whatsapp\" target=\"_blank\" aria-labelledby=\"sharing-whatsapp-196214\"><span id=\"sharing-whatsapp-196214\" hidden>D\u0103 clic pentru partajare pe WhatsApp(Se deschide \u00eentr-o fereastr\u0103 nou\u0103)<\/span><span>WhatsApp<\/span><\/a><\/li>\n<li><a href=\"https:\/\/www.curierul.ro\/valceanul-mihai-desrobitu-boxeaza-la-ploiesti-pentru-locul-150-mondial\/\" class=\"sharing-anchor sd-button share-more\"><span>Mai mult<\/span><\/a><\/li>\n<li class=\"share-end\"><\/ul>\n<div class=\"sharing-hidden\">\n<div class=\"inner\">\n<ul>\n<li class=\"share-email\"><a rel=\"nofollow noopener noreferrer\" data-shared=\"sharing-email-196214\" class=\"share-email sd-button\" href=\"mailto:?subject=%5BArticol%20partajat%5D%20V%C3%A2lceanul%20Mihai%20%20Desrobitu%20boxeaz%C4%83%2C%20la%20Ploie%C8%99ti%2C%20pentru%20locul%20150%20mondial&amp;body=https%3A%2F%2Fwww.curierul.ro%2Fvalceanul-mihai-desrobitu-boxeaza-la-ploiesti-pentru-locul-150-mondial%2F&amp;share=email\" target=\"_blank\" aria-labelledby=\"sharing-email-196214\" data-email-share-error-title=\"\u021ai-ai configurat emailul?\" data-email-share-error-text=\"Dac\u0103 ai probleme la partajarea prin email, probabil nu ai configurat emailul pentru navigator. Poate trebuie s\u0103 creezi singur un email nou.\" data-email-share-nonce=\"6314f351b3\" data-email-share-track-url=\"https:\/\/www.curierul.ro\/valceanul-mihai-desrobitu-boxeaza-la-ploiesti-pentru-locul-150-mondial\/?share=email\"><span id=\"sharing-email-196214\" hidden>D\u0103 clic pentru a trimite o leg\u0103tur\u0103 prin email unui prieten(Se deschide \u00eentr-o fereastr\u0103 nou\u0103)<\/span><span>Email<\/span><\/a><\/li>\n<li class=\"share-print\"><a rel=\"nofollow noopener noreferrer\" data-shared=\"sharing-print-196214\" class=\"share-print sd-button\" href=\"https:\/\/www.curierul.ro\/valceanul-mihai-desrobitu-boxeaza-la-ploiesti-pentru-locul-150-mondial\/#print?share=print\" target=\"_blank\" aria-labelledby=\"sharing-print-196214\"><span id=\"sharing-print-196214\" hidden>D\u0103 clic pentru a imprima(Se deschide \u00eentr-o fereastr\u0103 nou\u0103)<\/span><span>Imprimare<\/span><\/a><\/li>\n<li class=\"share-end\"><\/ul>\n<\/div>\n<\/div>\n<\/div>\n<\/div>\n<\/div>\n<div id=\"jp-relatedposts\" class=\"jp-relatedposts\">\n<h3 class=\"jp-relatedposts-headline\"><em>Similare<\/em><\/h3>\n<\/div>\n<footer class=\"post-footer\">\n<p class=\"tags\"><strong>Tags: <\/strong><a href=\"https:\/\/www.curierul.ro\/tag\/box\/\" rel=\"tag\">box<\/a>, <a href=\"https:\/\/www.curierul.ro\/tag\/mohai-desrobitu\/\" rel=\"tag\">Mohai Desrobitu<\/a>, <a href=\"https:\/\/www.curierul.ro\/tag\/mondial\/\" rel=\"tag\">mondial<\/a>, <a href=\"https:\/\/www.curierul.ro\/tag\/ploiesti-2\/\" rel=\"tag\">Ploie\u0219ti<\/a>, <a href=\"https:\/\/www.curierul.ro\/tag\/valcean\/\" rel=\"tag\">v\u00e2lcean<\/a><\/p>\n<div class=\"post-navigation clearfix\">\n<div class=\"previous-post\">\n<div class=\"featured-photo\"><img decoding=\"async\" width=\"1297\" height=\"810\" src=\"https:\/\/i0.wp.com\/www.curierul.ro\/wp-content\/uploads\/2026\/02\/ReStart-3.jpeg?fit=300%2C187&amp;ssl=1\" class=\"attachment-post-thumbnail size-post-thumbnail wp-post-image\" alt loading=\"lazy\"><\/div>\n<p class=\"paginate-title\">\u00ab\u00ab <a href=\"https:\/\/www.curierul.ro\/restart-pentru-viitor-proiect-european-pentru-tinerii-din-sistemul-de-protectie-sociala\/\" rel=\"prev\">\u201eReStart\u201d pentru viitor! Proiect european, pentru tinerii din sistemul de protec\u021bie social\u0103!<\/a><\/p>\n<\/div>\n<div class=\"next-post\">\n<div class=\"featured-photo\"><img decoding=\"async\" width=\"833\" height=\"693\" src=\"https:\/\/i0.wp.com\/www.curierul.ro\/wp-content\/uploads\/2019\/03\/APAVIL-SIGLA-2019.jpg?fit=300%2C250&amp;ssl=1\" class=\"attachment-post-thumbnail size-post-thumbnail wp-post-image\" alt loading=\"lazy\"><\/div>\n<p class=\"paginate-title\"><a href=\"https:\/\/www.curierul.ro\/apavil-sa-anunt-privind-scoaterea-la-concurs-a-unui-post-de-incasator-cititor-in-cadrul-serviciului-citire-incasare-ramnicu-valcea-subzona-mihaesti\/\" rel=\"next\">APAVIL SA \u2013 anun\u021b privind scoaterea la concurs a unui\u00a0 post de \u00eencasator-cititor \u00een cadrul Serviciului Citire \u00cencasare, R\u00e2mnicu V\u00e2lcea, subzona Mih\u0103e\u0219ti<\/a> \u00bb\u00bb<\/p>\n<\/div>\n<\/div>\n<div id=\"comments\" class=\"comments-area\">\n<div id=\"respond\" class=\"comment-respond\">\n<h3 id=\"reply-title\" class=\"comment-reply-title\">Po\u021bi comenta aici<small><a rel=\"nofollow\" id=\"cancel-comment-reply-link\" href=\"https:\/\/www.curierul.ro\/valceanul-mihai-desrobitu-boxeaza-la-ploiesti-pentru-locul-150-mondial\/#respond\">Anuleaz\u0103 r\u0103spunsul<\/a><\/small><\/h3>\n<\/div>\n<p class=\"akismet_comment_form_privacy_notice\">Acest site folose\u0219te Akismet pentru a reduce spamul. <a href=\"https:\/\/akismet.com\/privacy\/\" target=\"_blank\" rel=\"nofollow noopener\">Afl\u0103 cum sunt procesate datele comentariilor tale<\/a>.<\/p>\n<\/div>\n<section class=\"related-stories\">\n<h2>Related Stories<\/h2>\n<div class=\"stories-container\">\n<article id=\"latest-193607\" class=\"story post-193607 post type-post status-publish format-standard has-post-thumbnail hentry category-actualitate category-box category-sport tag-box tag-campionat-national-de-box tag-valcean\">\n<div class=\"photo\"><img decoding=\"async\" width=\"735\" height=\"440\" src=\"https:\/\/i0.wp.com\/www.curierul.ro\/wp-content\/uploads\/2025\/06\/box.jpg?fit=300%2C225&amp;ssl=1\" class=\"attachment-giornalismo-single size-giornalismo-single wp-post-image\" alt loading=\"lazy\"><\/div>\n<p class=\"headline\"><a href=\"https:\/\/www.curierul.ro\/boxul-valcean-este-pe-drumul-cel-bun\/\">Boxul v\u00e2lcean este pe drumul cel bun<\/a><\/p>\n<\/article>\n<article id=\"latest-176529\" class=\"story post-176529 post type-post status-publish format-standard has-post-thumbnail hentry category-box category-in-memoriam category-sport tag-antrenor tag-box tag-css-ramnicu-valcea-2 tag-in-memoriam tag-marius-baluta-2\">\n<div class=\"photo\"><img decoding=\"async\" width=\"735\" height=\"440\" src=\"https:\/\/i0.wp.com\/www.curierul.ro\/wp-content\/uploads\/2014\/10\/Baluta-e1665998341283.jpg?fit=300%2C187&amp;ssl=1\" class=\"attachment-giornalismo-single size-giornalismo-single wp-post-image\" alt loading=\"lazy\"><\/div>\n<p class=\"headline\"><a href=\"https:\/\/www.curierul.ro\/sa-nu-il-uitamdoi-ani-fara-marius-baluta\/\"><strong><em>S\u0102 NU \u00ceL UIT\u0102M:<\/em><br \/>Doi ani f\u0103r\u0103 Marius B\u0103lu\u021b\u0103<\/strong><\/a><\/p>\n<\/article>\n<article id=\"latest-148069\" class=\"story post-148069 post type-post status-publish format-standard has-post-thumbnail hentry category-box category-sport tag-andrei-teodosiu tag-box tag-campionat-national-2 tag-css-ramnicu-valcea-2 tag-liviu-ungureanu\">\n<div class=\"photo\"><img decoding=\"async\" width=\"654\" height=\"440\" src=\"https:\/\/i0.wp.com\/www.curierul.ro\/wp-content\/uploads\/2021\/06\/ANDREI-TEODOSIU.jpg?fit=300%2C224&amp;ssl=1\" class=\"attachment-giornalismo-single size-giornalismo-single wp-post-image\" alt loading=\"lazy\"><\/div>\n<p class=\"headline\"><a href=\"https:\/\/www.curierul.ro\/andrei-teodosiu-medalie-de-bronz-la-cn-de-box\/\">ANDREI TEODOSIU, medalie de bronz la CN de Box<\/a><\/p>\n<\/article>\n<\/div>\n<\/section>\n<section class=\"latest-category clearfix\">\n<h2 class=\"title\">More Stories From Box<\/h2>\n<div class=\"stories-container\">\n<article id=\"related-195751\" class=\"story post-195751 post type-post status-publish format-standard has-post-thumbnail hentry category-box category-headlines category-sport\">\n<div class=\"photo\"><img decoding=\"async\" width=\"735\" height=\"440\" src=\"https:\/\/i0.wp.com\/www.curierul.ro\/wp-content\/uploads\/2025\/12\/IMG-20251217-WA0023-1.jpg?fit=300%2C201&amp;ssl=1\" class=\"attachment-giornalismo-single size-giornalismo-single wp-post-image\" alt loading=\"lazy\"><\/div>\n<p class=\"headline\"><a href=\"https:\/\/www.curierul.ro\/andreea-timeea-tapu-a-castigat-medalia-de-argint-la-campionatele-europene-de-box-under-17\/\">ANDREEA TIMEEA \u021aAPU A CASTIGAT MEDALIA DE ARGINT LA CAMPIONATELE EUROPENE DE BOX UNDER 17<\/a><\/p>\n<\/article>\n<article id=\"related-195185\" class=\"story post-195185 post type-post status-publish format-standard has-post-thumbnail hentry category-box category-sport tag-bodescu tag-bubulendra tag-dynamite-fighting-show\">\n<div class=\"photo\"><img decoding=\"async\" width=\"735\" height=\"440\" src=\"https:\/\/i0.wp.com\/www.curierul.ro\/wp-content\/uploads\/2025\/10\/box.jpg?fit=300%2C200&amp;ssl=1\" class=\"attachment-giornalismo-single size-giornalismo-single wp-post-image\" alt loading=\"lazy\"><\/div>\n<p class=\"headline\"><a href=\"https:\/\/www.curierul.ro\/bodescu-versus-bubulendra-3-0-la-dynamite-fighting-show-pitesti\/\">Bodescu versus Bubulendra, 3-0, la Dynamite Fighting Show Pite\u0219ti<\/a><\/p>\n<\/article>\n<article id=\"related-195073\" class=\"story post-195073 post type-post status-publish format-standard has-post-thumbnail hentry category-box category-eveniment-social category-sport tag-bubulendra tag-dynamite-fighting-show tag-gabriel-becali-bodescu tag-kickboxing tag-pitesti-2\">\n<div class=\"photo\"><img decoding=\"async\" width=\"735\" height=\"440\" src=\"https:\/\/i0.wp.com\/www.curierul.ro\/wp-content\/uploads\/2025\/10\/Bodescu-e1760947778111.png?fit=199%2C300&amp;ssl=1\" class=\"attachment-giornalismo-single size-giornalismo-single wp-post-image\" alt loading=\"lazy\"><\/div>\n<p class=\"headline\"><a href=\"https:\/\/www.curierul.ro\/kickboxing-gala-de-exceptia-la-pitesti-valceanul-becali-versus-campionul-mondial-bubulendra\/\">Kickboxing \u2013 gal\u0103 de excep\u021bia la Pite\u0219ti \u2013  V\u00e2lceanul Becali versus campionul mondial Bubulendra<\/a><\/p>\n<\/article>\n<\/div>\n<\/section>\n<section class=\"author-bio clearfix\">\n<div class=\"mug-shot\"><img decoding=\"async\" alt src=\"https:\/\/secure.gravatar.com\/avatar\/ae634844e12be63a4f063a6c7bef885da670fd420e0dedd39ed80eacd6e6979c?s=96&amp;d=mm&amp;r=g\" class=\"avatar avatar-96 photo\" height=\"96\" width=\"96\" loading=\"lazy\"><\/div>\n<div class=\"author-info\">\n<p class=\"title\">About Alin Emilian Tudoroiu, <\/p>\n<div class=\"author-social-area\"><a href=\"mailto:alintudoroiu@curierul.ro\"><span class=\"fal fa-envelope\"><span class=\"screen-reader-text\">Email the Author<\/span><\/span><\/a><\/div>\n<\/div>\n<\/section>\n<\/footer>\n<\/article>\n<article id=\"196214\" class=\"post-196214 post type-post status-publish format-standard has-post-thumbnail hentry category-box category-sport tag-box tag-mohai-desrobitu tag-mondial tag-ploiesti-2 tag-valcean\">\n<header class=\"post-header\">\n<ul class=\"breadcrumbs\">\n<li><a href=\"https:\/\/www.curierul.ro\">Home<\/a><\/li>\n<li class=\"breadcrumbs-active .category-box\"><a href=\"https:\/\/www.curierul.ro\/index.php?cat=5\">Box<\/a><\/li>\n<li class=\"breadcrumbs-active .category-box\">V\u00e2lceanul Mihai  Desrobitu boxeaz\u0103, la Ploie\u0219ti, pentru locul 150 mondial<\/li>\n<\/ul>\n<div class=\"featured-photo\"><img loading=\"lazy\" decoding=\"async\" width=\"2048\" height=\"1366\" src=\"https:\/\/i0.wp.com\/www.curierul.ro\/wp-content\/uploads\/2026\/02\/box-1.jpg?fit=300%2C200&amp;ssl=1\" class=\"attachment-single size-single wp-post-image\" alt><\/div>\n<h1 class=\"headline\">V\u00e2lceanul Mihai  Desrobitu boxeaz\u0103, la Ploie\u0219ti, pentru locul 150 mondial<\/h1>\n<p class=\"byline\">\n\t\tScris de<a href=\"https:\/\/www.curierul.ro\/author\/alin\/\">Alin Emilian Tudoroiu<\/a>, \t\t5 februarie 2026\t\t\t\t<\/p>\n<hr>\n<\/header>\n<div dir=\"auto\">Boxul profesionist din V\u00e2lcea are un\u00a0 reprezentant de n\u0103dejde pe scena interna\u021bional\u0103. Mihai Desrobitu,\u00a0 boxer profesionist din Rm. V\u00e2lcea, are deja un palmares de 9 victorii \u0219i o singur\u0103 \u00eenfr\u00e2ngere, aceasta fiind \u00eenregistrat\u0103 \u00een lupta cu campionului mondial WBF, f\u0103r\u0103 meciuri terminate la egalitate. La nivel na\u021bional, a fost vicecampion na\u021bional la seniori \u0219i de\u021bine multiple titluri de campion, vicecampion \u0219i medalie de bronz la categoria juniori.<\/div>\n<div dir=\"auto\">\u00cen prezent, Desrobitu este clasat pe locul 285 mondial, iar urm\u0103torul meci va fi \u00eempotriva mexicanului Juan Carlos Raygosa (care vine cu un palmares de 50 de meciuri la profesioni\u0219ti).<\/div>\n<div dir=\"auto\"><img loading=\"lazy\" decoding=\"async\" class=\"aligncenter wp-image-196217 size-full\" src=\"https:\/\/i0.wp.com\/www.curierul.ro\/wp-content\/uploads\/2026\/02\/Box-2-e1770285241855.jpg?fit=253%2C300&amp;ssl=1\" alt width=\"724\" height=\"860\"><\/div>\n<div dir=\"auto\">\u00a0<\/div>\n<div dir=\"auto\">Lupta este programat\u0103 pe 14 februarie 2026, la Sala Sporturilor din Ploie\u0219ti \u0219i \u00eei ofer\u0103 sportivului v\u00e2lcean \u0219ansa real\u0103 de a urca \u00een Top 150 mondial \u2013\u00a0 dac\u0103 victoria este prin KO\/TKO sau locul 179 mondial \u2013 dac\u0103 victoria este la puncte. A\u0219adar, s\u0103-i \u021binem pumnii boxerului v\u00e2lcean \u00een unul dintre cele mai importante meciuri ale sale la profesioni\u0219ti. Mihai, s\u0103 fii\u2026pumn de fier!<\/div>\n<div class=\"sharedaddy sd-sharing-enabled\">\n<div class=\"robots-nocontent sd-block sd-social sd-social-official sd-sharing\">\n<h3 class=\"sd-title\">Distribuie pe:<\/h3>\n<div class=\"sd-content\">\n<ul>\n<li class=\"share-facebook\">\n<li class=\"share-twitter\"><a href=\"https:\/\/twitter.com\/share\" class=\"twitter-share-button\" data-url=\"https:\/\/www.curierul.ro\/valceanul-mihai-desrobitu-boxeaza-la-ploiesti-pentru-locul-150-mondial\/\" data-text=\"V\u00e2lceanul Mihai  Desrobitu boxeaz\u0103, la Ploie\u0219ti, pentru locul 150 mondial\" data-via=\"curierulvl\">Tweet<\/a><\/li>\n<li class=\"share-jetpack-whatsapp\"><a rel=\"nofollow noopener noreferrer\" data-shared=\"sharing-whatsapp-196214\" class=\"share-jetpack-whatsapp sd-button\" href=\"https:\/\/www.curierul.ro\/valceanul-mihai-desrobitu-boxeaza-la-ploiesti-pentru-locul-150-mondial\/?share=jetpack-whatsapp\" target=\"_blank\" aria-labelledby=\"sharing-whatsapp-196214\"><span id=\"sharing-whatsapp-196214\" hidden>D\u0103 clic pentru partajare pe WhatsApp(Se deschide \u00eentr-o fereastr\u0103 nou\u0103)<\/span><span>WhatsApp<\/span><\/a><\/li>\n<li><a href=\"https:\/\/www.curierul.ro\/valceanul-mihai-desrobitu-boxeaza-la-ploiesti-pentru-locul-150-mondial\/\" class=\"sharing-anchor sd-button share-more\"><span>Mai mult<\/span><\/a><\/li>\n<li class=\"share-end\"><\/ul>\n<div class=\"sharing-hidden\">\n<div class=\"inner\">\n<ul>\n<li class=\"share-email\"><a rel=\"nofollow noopener noreferrer\" data-shared=\"sharing-email-196214\" class=\"share-email sd-button\" href=\"mailto:?subject=%5BArticol%20partajat%5D%20V%C3%A2lceanul%20Mihai%20%20Desrobitu%20boxeaz%C4%83%2C%20la%20Ploie%C8%99ti%2C%20pentru%20locul%20150%20mondial&amp;body=https%3A%2F%2Fwww.curierul.ro%2Fvalceanul-mihai-desrobitu-boxeaza-la-ploiesti-pentru-locul-150-mondial%2F&amp;share=email\" target=\"_blank\" aria-labelledby=\"sharing-email-196214\" data-email-share-error-title=\"\u021ai-ai configurat emailul?\" data-email-share-error-text=\"Dac\u0103 ai probleme la partajarea prin email, probabil nu ai configurat emailul pentru navigator. Poate trebuie s\u0103 creezi singur un email nou.\" data-email-share-nonce=\"6314f351b3\" data-email-share-track-url=\"https:\/\/www.curierul.ro\/valceanul-mihai-desrobitu-boxeaza-la-ploiesti-pentru-locul-150-mondial\/?share=email\"><span id=\"sharing-email-196214\" hidden>D\u0103 clic pentru a trimite o leg\u0103tur\u0103 prin email unui prieten(Se deschide \u00eentr-o fereastr\u0103 nou\u0103)<\/span><span>Email<\/span><\/a><\/li>\n<li class=\"share-print\"><a rel=\"nofollow noopener noreferrer\" data-shared=\"sharing-print-196214\" class=\"share-print sd-button\" href=\"https:\/\/www.curierul.ro\/valceanul-mihai-desrobitu-boxeaza-la-ploiesti-pentru-locul-150-mondial\/#print?share=print\" target=\"_blank\" aria-labelledby=\"sharing-print-196214\"><span id=\"sharing-print-196214\" hidden>D\u0103 clic pentru a imprima(Se deschide \u00eentr-o fereastr\u0103 nou\u0103)<\/span><span>Imprimare<\/span><\/a><\/li>\n<li class=\"share-end\"><\/ul>\n<\/div>\n<\/div>\n<\/div>\n<\/div>\n<\/div>\n<div id=\"jp-relatedposts\" class=\"jp-relatedposts\">\n<h3 class=\"jp-relatedposts-headline\"><em>Similare<\/em><\/h3>\n<\/div>\n<footer class=\"post-footer\">\n<p class=\"tags\"><strong>Tags: <\/strong><a href=\"https:\/\/www.curierul.ro\/tag\/box\/\" rel=\"tag\">box<\/a>, <a href=\"https:\/\/www.curierul.ro\/tag\/mohai-desrobitu\/\" rel=\"tag\">Mohai Desrobitu<\/a>, <a href=\"https:\/\/www.curierul.ro\/tag\/mondial\/\" rel=\"tag\">mondial<\/a>, <a href=\"https:\/\/www.curierul.ro\/tag\/ploiesti-2\/\" rel=\"tag\">Ploie\u0219ti<\/a>, <a href=\"https:\/\/www.curierul.ro\/tag\/valcean\/\" rel=\"tag\">v\u00e2lcean<\/a><\/p>\n<div class=\"post-navigation clearfix\">\n<div class=\"previous-post\">\n<div class=\"featured-photo\"><img decoding=\"async\" width=\"1297\" height=\"810\" src=\"https:\/\/i0.wp.com\/www.curierul.ro\/wp-content\/uploads\/2026\/02\/ReStart-3.jpeg?fit=300%2C187&amp;ssl=1\" class=\"attachment-post-thumbnail size-post-thumbnail wp-post-image\" alt loading=\"lazy\"><\/div>\n<p class=\"paginate-title\">\u00ab\u00ab <a href=\"https:\/\/www.curierul.ro\/restart-pentru-viitor-proiect-european-pentru-tinerii-din-sistemul-de-protectie-sociala\/\" rel=\"prev\">\u201eReStart\u201d pentru viitor! Proiect european, pentru tinerii din sistemul de protec\u021bie social\u0103!<\/a><\/p>\n<\/div>\n<div class=\"next-post\">\n<div class=\"featured-photo\"><img decoding=\"async\" width=\"833\" height=\"693\" src=\"https:\/\/i0.wp.com\/www.curierul.ro\/wp-content\/uploads\/2019\/03\/APAVIL-SIGLA-2019.jpg?fit=300%2C250&amp;ssl=1\" class=\"attachment-post-thumbnail size-post-thumbnail wp-post-image\" alt loading=\"lazy\"><\/div>\n<p class=\"paginate-title\"><a href=\"https:\/\/www.curierul.ro\/apavil-sa-anunt-privind-scoaterea-la-concurs-a-unui-post-de-incasator-cititor-in-cadrul-serviciului-citire-incasare-ramnicu-valcea-subzona-mihaesti\/\" rel=\"next\">APAVIL SA \u2013 anun\u021b privind scoaterea la concurs a unui\u00a0 post de \u00eencasator-cititor \u00een cadrul Serviciului Citire \u00cencasare, R\u00e2mnicu V\u00e2lcea, subzona Mih\u0103e\u0219ti<\/a> \u00bb\u00bb<\/p>\n<\/div>\n<\/div>\n<div id=\"comments\" class=\"comments-area\">\n<div id=\"respond\" class=\"comment-respond\">\n<h3 id=\"reply-title\" class=\"comment-reply-title\">Po\u021bi comenta aici<small><a rel=\"nofollow\" id=\"cancel-comment-reply-link\" href=\"https:\/\/www.curierul.ro\/valceanul-mihai-desrobitu-boxeaza-la-ploiesti-pentru-locul-150-mondial\/#respond\">Anuleaz\u0103 r\u0103spunsul<\/a><\/small><\/h3>\n<\/div>\n<p class=\"akismet_comment_form_privacy_notice\">Acest site folose\u0219te Akismet pentru a reduce spamul. <a href=\"https:\/\/akismet.com\/privacy\/\" target=\"_blank\" rel=\"nofollow noopener\">Afl\u0103 cum sunt procesate datele comentariilor tale<\/a>.<\/p>\n<\/div>\n<section class=\"related-stories\">\n<h2>Related Stories<\/h2>\n<div class=\"stories-container\">\n<article id=\"latest-193607\" class=\"story post-193607 post type-post status-publish format-standard has-post-thumbnail hentry category-actualitate category-box category-sport tag-box tag-campionat-national-de-box tag-valcean\">\n<div class=\"photo\"><img decoding=\"async\" width=\"735\" height=\"440\" src=\"https:\/\/i0.wp.com\/www.curierul.ro\/wp-content\/uploads\/2025\/06\/box.jpg?fit=300%2C225&amp;ssl=1\" class=\"attachment-giornalismo-single size-giornalismo-single wp-post-image\" alt loading=\"lazy\"><\/div>\n<p class=\"headline\"><a href=\"https:\/\/www.curierul.ro\/boxul-valcean-este-pe-drumul-cel-bun\/\">Boxul v\u00e2lcean este pe drumul cel bun<\/a><\/p>\n<\/article>\n<article id=\"latest-176529\" class=\"story post-176529 post type-post status-publish format-standard has-post-thumbnail hentry category-box category-in-memoriam category-sport tag-antrenor tag-box tag-css-ramnicu-valcea-2 tag-in-memoriam tag-marius-baluta-2\">\n<div class=\"photo\"><img decoding=\"async\" width=\"735\" height=\"440\" src=\"https:\/\/i0.wp.com\/www.curierul.ro\/wp-content\/uploads\/2014\/10\/Baluta-e1665998341283.jpg?fit=300%2C187&amp;ssl=1\" class=\"attachment-giornalismo-single size-giornalismo-single wp-post-image\" alt loading=\"lazy\"><\/div>\n<p class=\"headline\"><a href=\"https:\/\/www.curierul.ro\/sa-nu-il-uitamdoi-ani-fara-marius-baluta\/\"><strong><em>S\u0102 NU \u00ceL UIT\u0102M:<\/em><br \/>Doi ani f\u0103r\u0103 Marius B\u0103lu\u021b\u0103<\/strong><\/a><\/p>\n<\/article>\n<article id=\"latest-148069\" class=\"story post-148069 post type-post status-publish format-standard has-post-thumbnail hentry category-box category-sport tag-andrei-teodosiu tag-box tag-campionat-national-2 tag-css-ramnicu-valcea-2 tag-liviu-ungureanu\">\n<div class=\"photo\"><img decoding=\"async\" width=\"654\" height=\"440\" src=\"https:\/\/i0.wp.com\/www.curierul.ro\/wp-content\/uploads\/2021\/06\/ANDREI-TEODOSIU.jpg?fit=300%2C224&amp;ssl=1\" class=\"attachment-giornalismo-single size-giornalismo-single wp-post-image\" alt loading=\"lazy\"><\/div>\n<p class=\"headline\"><a href=\"https:\/\/www.curierul.ro\/andrei-teodosiu-medalie-de-bronz-la-cn-de-box\/\">ANDREI TEODOSIU, medalie de bronz la CN de Box<\/a><\/p>\n<\/article>\n<\/div>\n<\/section>\n<section class=\"latest-category clearfix\">\n<h2 class=\"title\">More Stories From Box<\/h2>\n<div class=\"stories-container\">\n<article id=\"related-195751\" class=\"story post-195751 post type-post status-publish format-standard has-post-thumbnail hentry category-box category-headlines category-sport\">\n<div class=\"photo\"><img decoding=\"async\" width=\"735\" height=\"440\" src=\"https:\/\/i0.wp.com\/www.curierul.ro\/wp-content\/uploads\/2025\/12\/IMG-20251217-WA0023-1.jpg?fit=300%2C201&amp;ssl=1\" class=\"attachment-giornalismo-single size-giornalismo-single wp-post-image\" alt loading=\"lazy\"><\/div>\n<p class=\"headline\"><a href=\"https:\/\/www.curierul.ro\/andreea-timeea-tapu-a-castigat-medalia-de-argint-la-campionatele-europene-de-box-under-17\/\">ANDREEA TIMEEA \u021aAPU A CASTIGAT MEDALIA DE ARGINT LA CAMPIONATELE EUROPENE DE BOX UNDER 17<\/a><\/p>\n<\/article>\n<article id=\"related-195185\" class=\"story post-195185 post type-post status-publish format-standard has-post-thumbnail hentry category-box category-sport tag-bodescu tag-bubulendra tag-dynamite-fighting-show\">\n<div class=\"photo\"><img decoding=\"async\" width=\"735\" height=\"440\" src=\"https:\/\/i0.wp.com\/www.curierul.ro\/wp-content\/uploads\/2025\/10\/box.jpg?fit=300%2C200&amp;ssl=1\" class=\"attachment-giornalismo-single size-giornalismo-single wp-post-image\" alt loading=\"lazy\"><\/div>\n<p class=\"headline\"><a href=\"https:\/\/www.curierul.ro\/bodescu-versus-bubulendra-3-0-la-dynamite-fighting-show-pitesti\/\">Bodescu versus Bubulendra, 3-0, la Dynamite Fighting Show Pite\u0219ti<\/a><\/p>\n<\/article>\n<article id=\"related-195073\" class=\"story post-195073 post type-post status-publish format-standard has-post-thumbnail hentry category-box category-eveniment-social category-sport tag-bubulendra tag-dynamite-fighting-show tag-gabriel-becali-bodescu tag-kickboxing tag-pitesti-2\">\n<div class=\"photo\"><img decoding=\"async\" width=\"735\" height=\"440\" src=\"https:\/\/i0.wp.com\/www.curierul.ro\/wp-content\/uploads\/2025\/10\/Bodescu-e1760947778111.png?fit=199%2C300&amp;ssl=1\" class=\"attachment-giornalismo-single size-giornalismo-single wp-post-image\" alt loading=\"lazy\"><\/div>\n<p class=\"headline\"><a href=\"https:\/\/www.curierul.ro\/kickboxing-gala-de-exceptia-la-pitesti-valceanul-becali-versus-campionul-mondial-bubulendra\/\">Kickboxing \u2013 gal\u0103 de excep\u021bia la Pite\u0219ti \u2013  V\u00e2lceanul Becali versus campionul mondial Bubulendra<\/a><\/p>\n<\/article>\n<\/div>\n<\/section>\n<section class=\"author-bio clearfix\">\n<div class=\"mug-shot\"><img decoding=\"async\" alt src=\"https:\/\/secure.gravatar.com\/avatar\/ae634844e12be63a4f063a6c7bef885da670fd420e0dedd39ed80eacd6e6979c?s=96&amp;d=mm&amp;r=g\" class=\"avatar avatar-96 photo\" height=\"96\" width=\"96\" loading=\"lazy\"><\/div>\n<div class=\"author-info\">\n<p class=\"title\">About Alin Emilian Tudoroiu, <\/p>\n<div class=\"author-social-area\"><a href=\"mailto:alintudoroiu@curierul.ro\"><span class=\"fal fa-envelope\"><span class=\"screen-reader-text\">Email the Author<\/span><\/span><\/a><\/div>\n<\/div>\n<\/section>\n<\/footer>\n<\/article>\n<article id=\"latest-193607\" class=\"story post-193607 post type-post status-publish format-standard has-post-thumbnail hentry category-actualitate category-box category-sport tag-box tag-campionat-national-de-box tag-valcean\">\n<div class=\"photo\"><img decoding=\"async\" width=\"735\" height=\"440\" src=\"https:\/\/i0.wp.com\/www.curierul.ro\/wp-content\/uploads\/2025\/06\/box.jpg?fit=300%2C225&amp;ssl=1\" class=\"attachment-giornalismo-single size-giornalismo-single wp-post-image\" alt loading=\"lazy\"><\/div>\n<p class=\"headline\"><a href=\"https:\/\/www.curierul.ro\/boxul-valcean-este-pe-drumul-cel-bun\/\">Boxul v\u00e2lcean este pe drumul cel bun<\/a><\/p>\n<\/article>\n<article id=\"latest-176529\" class=\"story post-176529 post type-post status-publish format-standard has-post-thumbnail hentry category-box category-in-memoriam category-sport tag-antrenor tag-box tag-css-ramnicu-valcea-2 tag-in-memoriam tag-marius-baluta-2\">\n<div class=\"photo\"><img decoding=\"async\" width=\"735\" height=\"440\" src=\"https:\/\/i0.wp.com\/www.curierul.ro\/wp-content\/uploads\/2014\/10\/Baluta-e1665998341283.jpg?fit=300%2C187&amp;ssl=1\" class=\"attachment-giornalismo-single size-giornalismo-single wp-post-image\" alt loading=\"lazy\"><\/div>\n<p class=\"headline\"><a href=\"https:\/\/www.curierul.ro\/sa-nu-il-uitamdoi-ani-fara-marius-baluta\/\"><strong><em>S\u0102 NU \u00ceL UIT\u0102M:<\/em><br \/>Doi ani f\u0103r\u0103 Marius B\u0103lu\u021b\u0103<\/strong><\/a><\/p>\n<\/article>\n<article id=\"latest-148069\" class=\"story post-148069 post type-post status-publish format-standard has-post-thumbnail hentry category-box category-sport tag-andrei-teodosiu tag-box tag-campionat-national-2 tag-css-ramnicu-valcea-2 tag-liviu-ungureanu\">\n<div class=\"photo\"><img decoding=\"async\" width=\"654\" height=\"440\" src=\"https:\/\/i0.wp.com\/www.curierul.ro\/wp-content\/uploads\/2021\/06\/ANDREI-TEODOSIU.jpg?fit=300%2C224&amp;ssl=1\" class=\"attachment-giornalismo-single size-giornalismo-single wp-post-image\" alt loading=\"lazy\"><\/div>\n<p class=\"headline\"><a href=\"https:\/\/www.curierul.ro\/andrei-teodosiu-medalie-de-bronz-la-cn-de-box\/\">ANDREI TEODOSIU, medalie de bronz la CN de Box<\/a><\/p>\n<\/article>\n<article id=\"related-195751\" class=\"story post-195751 post type-post status-publish format-standard has-post-thumbnail hentry category-box category-headlines category-sport\">\n<div class=\"photo\"><img decoding=\"async\" width=\"735\" height=\"440\" src=\"https:\/\/i0.wp.com\/www.curierul.ro\/wp-content\/uploads\/2025\/12\/IMG-20251217-WA0023-1.jpg?fit=300%2C201&amp;ssl=1\" class=\"attachment-giornalismo-single size-giornalismo-single wp-post-image\" alt loading=\"lazy\"><\/div>\n<p class=\"headline\"><a href=\"https:\/\/www.curierul.ro\/andreea-timeea-tapu-a-castigat-medalia-de-argint-la-campionatele-europene-de-box-under-17\/\">ANDREEA TIMEEA \u021aAPU A CASTIGAT MEDALIA DE ARGINT LA CAMPIONATELE EUROPENE DE BOX UNDER 17<\/a><\/p>\n<\/article>\n<article id=\"related-195185\" class=\"story post-195185 post type-post status-publish format-standard has-post-thumbnail hentry category-box category-sport tag-bodescu tag-bubulendra tag-dynamite-fighting-show\">\n<div class=\"photo\"><img decoding=\"async\" width=\"735\" height=\"440\" src=\"https:\/\/i0.wp.com\/www.curierul.ro\/wp-content\/uploads\/2025\/10\/box.jpg?fit=300%2C200&amp;ssl=1\" class=\"attachment-giornalismo-single size-giornalismo-single wp-post-image\" alt loading=\"lazy\"><\/div>\n<p class=\"headline\"><a href=\"https:\/\/www.curierul.ro\/bodescu-versus-bubulendra-3-0-la-dynamite-fighting-show-pitesti\/\">Bodescu versus Bubulendra, 3-0, la Dynamite Fighting Show Pite\u0219ti<\/a><\/p>\n<\/article>\n<article id=\"related-195073\" class=\"story post-195073 post type-post status-publish format-standard has-post-thumbnail hentry category-box category-eveniment-social category-sport tag-bubulendra tag-dynamite-fighting-show tag-gabriel-becali-bodescu tag-kickboxing tag-pitesti-2\">\n<div class=\"photo\"><img decoding=\"async\" width=\"735\" height=\"440\" src=\"https:\/\/i0.wp.com\/www.curierul.ro\/wp-content\/uploads\/2025\/10\/Bodescu-e1760947778111.png?fit=199%2C300&amp;ssl=1\" class=\"attachment-giornalismo-single size-giornalismo-single wp-post-image\" alt loading=\"lazy\"><\/div>\n<p class=\"headline\"><a href=\"https:\/\/www.curierul.ro\/kickboxing-gala-de-exceptia-la-pitesti-valceanul-becali-versus-campionul-mondial-bubulendra\/\">Kickboxing \u2013 gal\u0103 de excep\u021bia la Pite\u0219ti \u2013  V\u00e2lceanul Becali versus campionul mondial Bubulendra<\/a><\/p>\n<\/article>\n<p>[analyse_source url=&#8221;https:\/\/www.curierul.ro\/valceanul-mihai-desrobitu-boxeaza-la-ploiesti-pentru-locul-150-mondial\/&#8221;]<\/p>\n","protected":false},"excerpt":{"rendered":"<p>[analyse_image type=&#8221;featured&#8221; src=&#8221;https:\/\/www.curierul.ro\/wp-content\/uploads\/2026\/02\/box-1.jpghttps:\/\/i0.wp.com\/www.curierul.ro\/wp-content\/uploads\/2026\/02\/box-1.jpg?fit=1200%2C800&amp;ssl=1&#8243;] Home Box V\u00e2lceanul Mihai Desrobitu boxeaz\u0103, la Ploie\u0219ti, pentru locul 150 mondial V\u00e2lceanul Mihai Desrobitu boxeaz\u0103, la Ploie\u0219ti, pentru locul 150 mondial Scris deAlin Emilian Tudoroiu, 5 februarie 2026 Boxul profesionist din V\u00e2lcea are un\u00a0 reprezentant de n\u0103dejde pe scena interna\u021bional\u0103. Mihai Desrobitu,\u00a0 boxer profesionist din Rm. V\u00e2lcea, are deja un palmares [&hellip;]<\/p>\n","protected":false},"author":1,"featured_media":0,"comment_status":"open","ping_status":"","sticky":false,"template":"","format":"standard","meta":{"footnotes":""},"categories":[89],"tags":[226,213],"class_list":["post-1753761","post","type-post","status-publish","format-standard","hentry","category-romania","tag-crawlmanager","tag-curierul-ro"],"_links":{"self":[{"href":"https:\/\/analyse.optim.biz\/index.php?rest_route=\/wp\/v2\/posts\/1753761","targetHints":{"allow":["GET"]}}],"collection":[{"href":"https:\/\/analyse.optim.biz\/index.php?rest_route=\/wp\/v2\/posts"}],"about":[{"href":"https:\/\/analyse.optim.biz\/index.php?rest_route=\/wp\/v2\/types\/post"}],"author":[{"embeddable":true,"href":"https:\/\/analyse.optim.biz\/index.php?rest_route=\/wp\/v2\/users\/1"}],"replies":[{"embeddable":true,"href":"https:\/\/analyse.optim.biz\/index.php?rest_route=%2Fwp%2Fv2%2Fcomments&post=1753761"}],"version-history":[{"count":0,"href":"https:\/\/analyse.optim.biz\/index.php?rest_route=\/wp\/v2\/posts\/1753761\/revisions"}],"wp:attachment":[{"href":"https:\/\/analyse.optim.biz\/index.php?rest_route=%2Fwp%2Fv2%2Fmedia&parent=1753761"}],"wp:term":[{"taxonomy":"category","embeddable":true,"href":"https:\/\/analyse.optim.biz\/index.php?rest_route=%2Fwp%2Fv2%2Fcategories&post=1753761"},{"taxonomy":"post_tag","embeddable":true,"href":"https:\/\/analyse.optim.biz\/index.php?rest_route=%2Fwp%2Fv2%2Ftags&post=1753761"}],"curies":[{"name":"wp","href":"https:\/\/api.w.org\/{rel}","templated":true}]}}