{"id":1751855,"date":"2026-02-05T07:25:11","date_gmt":"2026-02-05T04:25:11","guid":{"rendered":"https:\/\/analyse.optim.biz\/?p=1751855"},"modified":"2026-02-05T07:25:11","modified_gmt":"2026-02-05T04:25:11","slug":"crans-montana-la-lettera-dei-moretti-ai-dipendenti-ecco-perche-non-potevamo-parlarvi-e-jessica-smentisce-la-fuga-con-la-cassa","status":"publish","type":"post","link":"https:\/\/analyse.optim.biz\/?p=1751855","title":{"rendered":"Crans Montana, la lettera dei Moretti ai dipendenti: \u00abEcco perch\u00e9 non potevamo parlarvi\u00bb. E Jessica smentisce la fuga con la cassa"},"content":{"rendered":"<p>[analyse_image type=&#8221;featured&#8221; src=&#8221;https:\/\/statics.cedscdn.it\/photos\/MED_HIGH\/2026\/02\/05\/9341070_05082345_onecms_1opepz4eoyt5bqcrz41.jpg&#8221;]<\/p>\n<section id=\"main-content\" class=\"col-xs-8\">\n<div class=\"contenuto\">\n<article class=\"free-content\">\n<header>\n<h1 class=\"titolo\">Crans Montana, la lettera dei Moretti ai dipendenti: \u00abEcco perch\u00e9 non potevamo parlarvi\u00bb. E Jessica smentisce la fuga con la cassa<\/h1>\n<h2 class=\"sottotitolo\">I coniugi proprietari del bar Le Constellation rompono il silenzio scrivendo una lunga lettere ai loro dipendenti<\/h2>\n<div class=\"breadcrumbs\"><a href=\"https:\/\/www.ilgazzettino.it\/esteri\/\" class=\"sezione\" title=\"Esteri\">Esteri<\/a><\/div>\n<p><span class=\"data_pub\">gioved\u00ec 5 febbraio 2026<\/span><span class=\"firma\">di <strong><span> Marta Giusti<\/span><\/strong><\/span><\/p>\n<figure class=\"grande\"><img loading=\"lazy\" decoding=\"async\" src=\"https:\/\/statics.cedscdn.it\/photos\/MED\/2026\/02\/05\/9341070_05082345_onecms_1opepz4eoyt5bqcrz41.jpg?webp\" width=\"620\" height=\"340\" alt=\"Crans Montana, la lettera dei Moretti ai dipendenti (dopo averli accusati): \u00abEcco perch\u00e9 non potevamo parlarvi\u00bb. E Jessica smentisce la fuga con la cassa\" title=\"Crans Montana, la lettera dei Moretti ai dipendenti (dopo averli accusati): \u00abEcco perch\u00e9 non potevamo parlarvi\u00bb. E Jessica smentisce la fuga con la cassa\"><\/figure>\n<\/header>\n<div class=\"row\">\n<div class=\"col-xs-1\">\n<div id=\"share_bar_wrapper\" class=\"top\">\n<div id=\"share_bar\">\n<ul class=\"share-item\">\n<li class=\"facebook\">\n<li class=\"twitter\">\n<li class=\"mail\"><\/ul>\n<\/div>\n<\/div>\n<\/div>\n<div class=\"col-xs-11\">\n<div class=\"body-text\">\n<div id=\"article_content\">\n<p>Una lettera\u00a0lunga due pagine di formato A4 firmata\u00a0\u00abJessica e Jacques\u00bb. L&#8217;hanno inviata mercoled\u00ec ai dipendenti del <a href=\"http:\/\/ilgazzettino.it\/t\/le-constellation\">Le Constellation<\/a>\u00a0i coniugi Moretti, proprietari del bar di <a href=\"http:\/\/ilgazzettino.it\/t\/crans-montana\">Crans Montana<\/a> teatro della strage di Capodanno. <\/p>\n<p>La missiva \u00e8 indirizzata\u00a0\u00aba tutto il nostro team\u00bb, ai \u00abnostri cari dipendenti\u00bb. A riportare la notizia \u00e8 Franceinfo che ha avuto modo di leggere la lettera.\u00a0\u00c8 la prima volta che i Moretti si esprimono apertamente.\u00a0<\/p>\n<aside id=\"correlati\">\n<div class=\"correlati_title\">APPROFONDIMENTI<\/div>\n<div class=\"slider-items-correlati\" data-slidestoshow=\"2\">\n<article class=\"approfondimento\">\n<figure><a href=\"http:\/\/ilgazzettino.it\/mondo\/crans_montana_aiuti_alle_famiglie_comune_solo_1_milione_colletta_residenti-9337558.html\"><img decoding=\"async\" src=\"https:\/\/statics.cedscdn.it\/photos\/THUMB\/2026\/02\/03\/9337558_image.jpg\"><\/a><\/figure>\n<div class=\"textitem\"><span><a href=\"http:\/\/ilgazzettino.it\/mondo\/crans_montana_aiuti_alle_famiglie_comune_solo_1_milione_colletta_residenti-9337558.html\">LA STRAGE IN SVIZZERA<\/a><\/span><\/p>\n<h2><a href=\"http:\/\/ilgazzettino.it\/mondo\/crans_montana_aiuti_alle_famiglie_comune_solo_1_milione_colletta_residenti-9337558.html\">Crans Montana, aiuti alle famiglie: dal Comune solo un milione (e&#8230;<\/a><\/h2>\n<\/div>\n<\/article>\n<article class=\"approfondimento\">\n<figure><a href=\"http:\/\/ilgazzettino.it\/fotogallery\/mondo\/crans_montana_le_foto_cancellate_dei_clienti_con_le_fiaccole_in_bocca-9325832.html\"><img decoding=\"async\" src=\"https:\/\/statics.cedscdn.it\/photos\/THUMB\/2026\/01\/29\/9325832_29000628_WhatsApp_Image_2026-01-29_at_00_04_03.jpg\"><\/a><\/figure>\n<div class=\"textitem\"><span><a href=\"http:\/\/ilgazzettino.it\/fotogallery\/mondo\/crans_montana_le_foto_cancellate_dei_clienti_con_le_fiaccole_in_bocca-9325832.html\">MONDO<\/a><\/span><\/p>\n<h2><a href=\"http:\/\/ilgazzettino.it\/fotogallery\/mondo\/crans_montana_le_foto_cancellate_dei_clienti_con_le_fiaccole_in_bocca-9325832.html\">Crans-Montana, le foto cancellate dei clienti con le fiaccole in bocca<\/a><\/h2>\n<\/div>\n<\/article>\n<\/div>\n<\/aside>\n<h4>La lettera dei Moretti ai dipendenti<\/h4>\n<p>In primo luogo, la coppia si \u00e8 rivolta ai propri dipendenti con parole di compassione. \u00abAbbiamo deciso oggi di rompere il silenzio che ci \u00e8 stato imposto\u00bb, hanno esordito. \u00abRiteniamo sia nostro dovere alleviare il vostro dolore\u00bb, hanno scritto Jacques e Jessica Moretti, nel tentativo di ricostruire il rapporto con i dipendenti dopo una settimana di accuse reciproche. Perch\u00e9 erano rimasti in silenzio e non si erano rivolti a loro direttamente?\u00a0\u00abA causa delle indagini in corso, siamo stati costretti ad astenerci dall&#8217;esprimervi la profonda empatia che desideravamo trasmettervi nell&#8217;immediato dopo questa tragedia\u00bb, hanno spiegato.\u00a0\u00abQuesto silenzio \u00e8 stato incredibilmente pesante e doloroso\u00bb, hanno dichiarato i dirigenti del Constellation. Hanno anche espresso le loro condoglianze ai dipendenti morti nell&#8217;incendio: Cyane, una delle loro cameriere, Stephan, la loro guardia giurata, e Mateo, il DJ.\u00a0\u00abPiangiamo anche coloro che non sono pi\u00f9 con noi, con immenso dolore\u00bb.<\/p>\n<div class=\"embed_photogallery\" data-titolo=\"Crans-Montana, le foto cancellate dei clienti con le fiaccole in bocca\">\n<div class=\"photogallery_embed\" data-id=\"9325832\">\u00a0<\/div>\n<\/div>\n<h4>Le accuse<\/h4>\n<p>\u00abIl sospetto di collusione nei nostri confronti ci ha costretto a interrompere ogni rapporto, rendendo il calvario ancora pi\u00f9 insopportabile\u00bb, hanno scritto i Moretti. Questo allude alle accuse degli avvocati che rappresentano le vittime e le loro famiglie, che temono che la coppia possa aver collaborato e che le prove possano essere scomparse. Va notato che questo sospetto non \u00e8 stato preso in considerazione dalla procura cantonale del Vallese nella sua decisione di trattenere Jacques Moretti per 14 giorni. Il rischio che la coppia fuggisse in Francia \u00e8 stato il fattore decisivo, una decisione che gli avvocati delle vittime ancora non comprendono.<\/p>\n<h4>La sicurezza del locale<\/h4>\n<p>Con questa lettera, la coppia che gestisce il bar cerca anche di giustificarsi, poich\u00e9 da diversi giorni alcuni dipendenti hanno confidato davanti alle telecamere che, a loro avviso, i Moretti non avrebbero dato priorit\u00e0 alla sicurezza del locale, fornendo prove video e registrate. Accuse rilasciate\u00a0in risposta alle dichiarazioni di\u00a0Jacques Moretti durante la sua ultima udienza che sosteneva come i\u00a0dipendenti conoscessero \u00able istruzioni\u00bb e avessero \u00abricevuto una formazione\u00bb, ma avrebbero fallito nell&#8217;applicare correttamente le procedure di evacuazione. Nella lettera, il tono cambia radicalmente:\u00a0\u00abEravate i nostri incaricati e lo siete ancora. Ci assumiamo questa responsabilit\u00e0 senza in alcun modo cercare di scaricarvi addosso la colpa. Non avremmo mai potuto immaginare una simile tragedia. Dal 1\u00b0 gennaio, abbiamo incarnato la sventura che ha colpito il Constellation\u00bb.<\/p>\n<h4>La fuga con la cassa di Jessica<\/h4>\n<p>In questa lettera, i proprietari del bar esprimono anche la loro amarezza nei confronti dei\u00a0\u00abmedia, che si scatenano e a volte diffondono gravi menzogne \u200b\u200bsenza alcun ritegno\u00bb. Una di queste presunte \u00abbugie\u00bb\u00a0li avrebbe colpiti particolarmente:\u00a0\u00abUna delle pi\u00f9 spregevoli \u00e8 stata la fuga immediata dal locale con la cassa sottobraccio mentre eravamo l\u00ec, di fronte al caos, terrorizzati da queste scene di guerra durante quella notte di orrore, cercando di fornire assistenza, soprattutto ad alcuni di voi\u00bb.\u00a0Qui la coppia si riferisce alle accuse secondo cui Jessica Moretti sarebbe fuggita con la cassa del bar piena di soldi nel mezzo dell&#8217;incendio. Durante la sua ultima udienza, Jessica ha\u00a0negato tutto.\u00a0\u00abSiamo profondamente feriti dal numero di affermazioni diffamatorie diffuse\u00bb, dichiarano. E assicurano a tutti:\u00a0\u00abContinueremo a collaborare pienamente e a rispondere a tutte le domande al meglio delle nostre capacit\u00e0\u00bb.\u00a0Jacques e Jessica Moretti sperano che\u00abl&#8217;indagine riveli la verit\u00e0 e abbiamo fiducia nella giustizia\u00bb.\u00a0Infine, i coniugi Moretti hanno risposto a un reclamo presentato dai dipendenti del bar Constellation. I dipendenti sono arrabbiati perch\u00e9 non ricevono pi\u00f9 alcuno stipendio.\u00a0\u00abGli stipendi sono stati pagati il \u200b\u200b6 gennaio 2026\u00bb, hanno affermato i proprietari del bar. \u00abTuttavia, tutti i nostri conti aziendali e personali sono stati congelati e speriamo che la Procura della Repubblica acconsenta a uno svincolo parziale dei fondi per il pagamento urgente di questi importi. Per alcuni di voi, non sono riuscito a ottenere i dati bancari. Se necessario, potete contattare i nostri avvocati che inoltreranno la vostra richiesta a noi\u00bb, hanno spiegato.\u00a0\u00abNon vi abbandoneremo. Siamo legati da questo stesso destino e faremo di tutto per sostenervi\u00bb.\u00a0<\/p>\n<\/div>\n<p><span class=\"last_agg\"> Ultimo aggiornamento:  08:32<\/span><span class=\"copy\"><br \/>\n                                \u00a9 RIPRODUZIONE RISERVATA<br \/>\n                                <\/span><\/div>\n<\/div>\n<\/div>\n<\/article>\n<aside class=\"row\">&#8216;;<br \/>\n        outbrainEl.insertAdjacentHTML(&#8220;afterBegin&#8221;, AdCodeOutbrain);<\/p>\n<p>        loadScript(&#8216;\/\/widgets.outbrain.com\/outbrain.js&#8217;, function(){<br \/>\n            \/\/ cerco il widget. Necessario se c&#8217;\u00e8 un&#8217;altro widget di Outbrain in pagina (es: inread)<br \/>\n            OBR.extern.researchWidget();<br \/>\n        });<br \/>\n    }<\/p>\n<p>    function AnnunciOutbrain(callback) {<br \/>\n        var outbrainDiv = document.getElementById(&#8216;outbrainWait&#8217;);<br \/>\n        \/\/ Verifica se l&#8217;elemento esiste<br \/>\n        if (outbrainDiv) {<br \/>\n            \/\/ Modifica l&#8217;id dell&#8217;elemento div<br \/>\n            outbrainDiv.id = &#8216;outbrain&#8217;;<br \/>\n        }<\/p>\n<p>                    var load_method = impostazioni_testata.outbrain.load_method || &#8216;first-interaction&#8217;;<\/p>\n<p>        var outbrainEl = document.getElementById(&#8216;outbrain&#8217;);<\/p>\n<p>        CED.log(&#8220;outbrain load_method:&#8221; + load_method);<\/p>\n<p>        if (load_method == &#8216;when-near-viewport&#8217;) {<\/p>\n<p>            \/\/ outbrain parte solo quando scrollando arriva abbastanza vicino alla viewport<br \/>\n            if (typeof callback === &#8220;function&#8221;) {<\/p>\n<p>                \/\/ Listen for the scroll event<br \/>\n                \/\/document.addEventListener(&#8216;scroll&#8217;, onScroll(outbrainEl,callback), false);<br \/>\n                CedsWNV.watch(outbrainEl, callback, {<br \/>\n                    checkInterval: 300,<br \/>\n                    offset: 500<br \/>\n                });<\/p>\n<p>                \/*devo chiamare la funzione con argomenti e variabili *\/<br \/>\n            }<\/p>\n<p>        } else {<br \/>\n            \/\/ DEFAULT: outbrain parte alla prima interazione o dopo il timeout inattivit\u00e0<br \/>\n            _waitOnceFor(load_method, callback);<br \/>\n        }<br \/>\n    }<\/p>\n<p>            AnnunciOutbrain(WidgetOutbrainTag);<\/p>\n<\/aside>\n<\/div>\n<\/section>\n<article class=\"free-content\">\n<header>\n<h1 class=\"titolo\">Crans Montana, la lettera dei Moretti ai dipendenti: \u00abEcco perch\u00e9 non potevamo parlarvi\u00bb. E Jessica smentisce la fuga con la cassa<\/h1>\n<h2 class=\"sottotitolo\">I coniugi proprietari del bar Le Constellation rompono il silenzio scrivendo una lunga lettere ai loro dipendenti<\/h2>\n<div class=\"breadcrumbs\"><a href=\"https:\/\/www.ilgazzettino.it\/esteri\/\" class=\"sezione\" title=\"Esteri\">Esteri<\/a><\/div>\n<p><span class=\"data_pub\">gioved\u00ec 5 febbraio 2026<\/span><span class=\"firma\">di <strong><span> Marta Giusti<\/span><\/strong><\/span><\/p>\n<figure class=\"grande\"><img loading=\"lazy\" decoding=\"async\" src=\"https:\/\/statics.cedscdn.it\/photos\/MED\/2026\/02\/05\/9341070_05082345_onecms_1opepz4eoyt5bqcrz41.jpg?webp\" width=\"620\" height=\"340\" alt=\"Crans Montana, la lettera dei Moretti ai dipendenti (dopo averli accusati): \u00abEcco perch\u00e9 non potevamo parlarvi\u00bb. E Jessica smentisce la fuga con la cassa\" title=\"Crans Montana, la lettera dei Moretti ai dipendenti (dopo averli accusati): \u00abEcco perch\u00e9 non potevamo parlarvi\u00bb. E Jessica smentisce la fuga con la cassa\"><\/figure>\n<\/header>\n<div class=\"row\">\n<div class=\"col-xs-1\">\n<div id=\"share_bar_wrapper\" class=\"top\">\n<div id=\"share_bar\">\n<ul class=\"share-item\">\n<li class=\"facebook\">\n<li class=\"twitter\">\n<li class=\"mail\"><\/ul>\n<\/div>\n<\/div>\n<\/div>\n<div class=\"col-xs-11\">\n<div class=\"body-text\">\n<div id=\"article_content\">\n<p>Una lettera\u00a0lunga due pagine di formato A4 firmata\u00a0\u00abJessica e Jacques\u00bb. L&#8217;hanno inviata mercoled\u00ec ai dipendenti del <a href=\"http:\/\/ilgazzettino.it\/t\/le-constellation\">Le Constellation<\/a>\u00a0i coniugi Moretti, proprietari del bar di <a href=\"http:\/\/ilgazzettino.it\/t\/crans-montana\">Crans Montana<\/a> teatro della strage di Capodanno. <\/p>\n<p>La missiva \u00e8 indirizzata\u00a0\u00aba tutto il nostro team\u00bb, ai \u00abnostri cari dipendenti\u00bb. A riportare la notizia \u00e8 Franceinfo che ha avuto modo di leggere la lettera.\u00a0\u00c8 la prima volta che i Moretti si esprimono apertamente.\u00a0<\/p>\n<aside id=\"correlati\">\n<div class=\"correlati_title\">APPROFONDIMENTI<\/div>\n<div class=\"slider-items-correlati\" data-slidestoshow=\"2\">\n<article class=\"approfondimento\">\n<figure><a href=\"http:\/\/ilgazzettino.it\/mondo\/crans_montana_aiuti_alle_famiglie_comune_solo_1_milione_colletta_residenti-9337558.html\"><img decoding=\"async\" src=\"https:\/\/statics.cedscdn.it\/photos\/THUMB\/2026\/02\/03\/9337558_image.jpg\"><\/a><\/figure>\n<div class=\"textitem\"><span><a href=\"http:\/\/ilgazzettino.it\/mondo\/crans_montana_aiuti_alle_famiglie_comune_solo_1_milione_colletta_residenti-9337558.html\">LA STRAGE IN SVIZZERA<\/a><\/span><\/p>\n<h2><a href=\"http:\/\/ilgazzettino.it\/mondo\/crans_montana_aiuti_alle_famiglie_comune_solo_1_milione_colletta_residenti-9337558.html\">Crans Montana, aiuti alle famiglie: dal Comune solo un milione (e&#8230;<\/a><\/h2>\n<\/div>\n<\/article>\n<article class=\"approfondimento\">\n<figure><a href=\"http:\/\/ilgazzettino.it\/fotogallery\/mondo\/crans_montana_le_foto_cancellate_dei_clienti_con_le_fiaccole_in_bocca-9325832.html\"><img decoding=\"async\" src=\"https:\/\/statics.cedscdn.it\/photos\/THUMB\/2026\/01\/29\/9325832_29000628_WhatsApp_Image_2026-01-29_at_00_04_03.jpg\"><\/a><\/figure>\n<div class=\"textitem\"><span><a href=\"http:\/\/ilgazzettino.it\/fotogallery\/mondo\/crans_montana_le_foto_cancellate_dei_clienti_con_le_fiaccole_in_bocca-9325832.html\">MONDO<\/a><\/span><\/p>\n<h2><a href=\"http:\/\/ilgazzettino.it\/fotogallery\/mondo\/crans_montana_le_foto_cancellate_dei_clienti_con_le_fiaccole_in_bocca-9325832.html\">Crans-Montana, le foto cancellate dei clienti con le fiaccole in bocca<\/a><\/h2>\n<\/div>\n<\/article>\n<\/div>\n<\/aside>\n<h4>La lettera dei Moretti ai dipendenti<\/h4>\n<p>In primo luogo, la coppia si \u00e8 rivolta ai propri dipendenti con parole di compassione. \u00abAbbiamo deciso oggi di rompere il silenzio che ci \u00e8 stato imposto\u00bb, hanno esordito. \u00abRiteniamo sia nostro dovere alleviare il vostro dolore\u00bb, hanno scritto Jacques e Jessica Moretti, nel tentativo di ricostruire il rapporto con i dipendenti dopo una settimana di accuse reciproche. Perch\u00e9 erano rimasti in silenzio e non si erano rivolti a loro direttamente?\u00a0\u00abA causa delle indagini in corso, siamo stati costretti ad astenerci dall&#8217;esprimervi la profonda empatia che desideravamo trasmettervi nell&#8217;immediato dopo questa tragedia\u00bb, hanno spiegato.\u00a0\u00abQuesto silenzio \u00e8 stato incredibilmente pesante e doloroso\u00bb, hanno dichiarato i dirigenti del Constellation. Hanno anche espresso le loro condoglianze ai dipendenti morti nell&#8217;incendio: Cyane, una delle loro cameriere, Stephan, la loro guardia giurata, e Mateo, il DJ.\u00a0\u00abPiangiamo anche coloro che non sono pi\u00f9 con noi, con immenso dolore\u00bb.<\/p>\n<div class=\"embed_photogallery\" data-titolo=\"Crans-Montana, le foto cancellate dei clienti con le fiaccole in bocca\">\n<div class=\"photogallery_embed\" data-id=\"9325832\">\u00a0<\/div>\n<\/div>\n<h4>Le accuse<\/h4>\n<p>\u00abIl sospetto di collusione nei nostri confronti ci ha costretto a interrompere ogni rapporto, rendendo il calvario ancora pi\u00f9 insopportabile\u00bb, hanno scritto i Moretti. Questo allude alle accuse degli avvocati che rappresentano le vittime e le loro famiglie, che temono che la coppia possa aver collaborato e che le prove possano essere scomparse. Va notato che questo sospetto non \u00e8 stato preso in considerazione dalla procura cantonale del Vallese nella sua decisione di trattenere Jacques Moretti per 14 giorni. Il rischio che la coppia fuggisse in Francia \u00e8 stato il fattore decisivo, una decisione che gli avvocati delle vittime ancora non comprendono.<\/p>\n<h4>La sicurezza del locale<\/h4>\n<p>Con questa lettera, la coppia che gestisce il bar cerca anche di giustificarsi, poich\u00e9 da diversi giorni alcuni dipendenti hanno confidato davanti alle telecamere che, a loro avviso, i Moretti non avrebbero dato priorit\u00e0 alla sicurezza del locale, fornendo prove video e registrate. Accuse rilasciate\u00a0in risposta alle dichiarazioni di\u00a0Jacques Moretti durante la sua ultima udienza che sosteneva come i\u00a0dipendenti conoscessero \u00able istruzioni\u00bb e avessero \u00abricevuto una formazione\u00bb, ma avrebbero fallito nell&#8217;applicare correttamente le procedure di evacuazione. Nella lettera, il tono cambia radicalmente:\u00a0\u00abEravate i nostri incaricati e lo siete ancora. Ci assumiamo questa responsabilit\u00e0 senza in alcun modo cercare di scaricarvi addosso la colpa. Non avremmo mai potuto immaginare una simile tragedia. Dal 1\u00b0 gennaio, abbiamo incarnato la sventura che ha colpito il Constellation\u00bb.<\/p>\n<h4>La fuga con la cassa di Jessica<\/h4>\n<p>In questa lettera, i proprietari del bar esprimono anche la loro amarezza nei confronti dei\u00a0\u00abmedia, che si scatenano e a volte diffondono gravi menzogne \u200b\u200bsenza alcun ritegno\u00bb. Una di queste presunte \u00abbugie\u00bb\u00a0li avrebbe colpiti particolarmente:\u00a0\u00abUna delle pi\u00f9 spregevoli \u00e8 stata la fuga immediata dal locale con la cassa sottobraccio mentre eravamo l\u00ec, di fronte al caos, terrorizzati da queste scene di guerra durante quella notte di orrore, cercando di fornire assistenza, soprattutto ad alcuni di voi\u00bb.\u00a0Qui la coppia si riferisce alle accuse secondo cui Jessica Moretti sarebbe fuggita con la cassa del bar piena di soldi nel mezzo dell&#8217;incendio. Durante la sua ultima udienza, Jessica ha\u00a0negato tutto.\u00a0\u00abSiamo profondamente feriti dal numero di affermazioni diffamatorie diffuse\u00bb, dichiarano. E assicurano a tutti:\u00a0\u00abContinueremo a collaborare pienamente e a rispondere a tutte le domande al meglio delle nostre capacit\u00e0\u00bb.\u00a0Jacques e Jessica Moretti sperano che\u00abl&#8217;indagine riveli la verit\u00e0 e abbiamo fiducia nella giustizia\u00bb.\u00a0Infine, i coniugi Moretti hanno risposto a un reclamo presentato dai dipendenti del bar Constellation. I dipendenti sono arrabbiati perch\u00e9 non ricevono pi\u00f9 alcuno stipendio.\u00a0\u00abGli stipendi sono stati pagati il \u200b\u200b6 gennaio 2026\u00bb, hanno affermato i proprietari del bar. \u00abTuttavia, tutti i nostri conti aziendali e personali sono stati congelati e speriamo che la Procura della Repubblica acconsenta a uno svincolo parziale dei fondi per il pagamento urgente di questi importi. Per alcuni di voi, non sono riuscito a ottenere i dati bancari. Se necessario, potete contattare i nostri avvocati che inoltreranno la vostra richiesta a noi\u00bb, hanno spiegato.\u00a0\u00abNon vi abbandoneremo. Siamo legati da questo stesso destino e faremo di tutto per sostenervi\u00bb.\u00a0<\/p>\n<\/div>\n<p><span class=\"last_agg\"> Ultimo aggiornamento:  08:32<\/span><span class=\"copy\"><br \/>\n                                \u00a9 RIPRODUZIONE RISERVATA<br \/>\n                                <\/span><\/div>\n<\/div>\n<\/div>\n<\/article>\n<article class=\"approfondimento\">\n<figure><a href=\"http:\/\/ilgazzettino.it\/mondo\/crans_montana_aiuti_alle_famiglie_comune_solo_1_milione_colletta_residenti-9337558.html\"><img decoding=\"async\" src=\"https:\/\/statics.cedscdn.it\/photos\/THUMB\/2026\/02\/03\/9337558_image.jpg\"><\/a><\/figure>\n<div class=\"textitem\"><span><a href=\"http:\/\/ilgazzettino.it\/mondo\/crans_montana_aiuti_alle_famiglie_comune_solo_1_milione_colletta_residenti-9337558.html\">LA STRAGE IN SVIZZERA<\/a><\/span><\/p>\n<h2><a href=\"http:\/\/ilgazzettino.it\/mondo\/crans_montana_aiuti_alle_famiglie_comune_solo_1_milione_colletta_residenti-9337558.html\">Crans Montana, aiuti alle famiglie: dal Comune solo un milione (e&#8230;<\/a><\/h2>\n<\/div>\n<\/article>\n<article class=\"approfondimento\">\n<figure><a href=\"http:\/\/ilgazzettino.it\/fotogallery\/mondo\/crans_montana_le_foto_cancellate_dei_clienti_con_le_fiaccole_in_bocca-9325832.html\"><img decoding=\"async\" src=\"https:\/\/statics.cedscdn.it\/photos\/THUMB\/2026\/01\/29\/9325832_29000628_WhatsApp_Image_2026-01-29_at_00_04_03.jpg\"><\/a><\/figure>\n<div class=\"textitem\"><span><a href=\"http:\/\/ilgazzettino.it\/fotogallery\/mondo\/crans_montana_le_foto_cancellate_dei_clienti_con_le_fiaccole_in_bocca-9325832.html\">MONDO<\/a><\/span><\/p>\n<h2><a href=\"http:\/\/ilgazzettino.it\/fotogallery\/mondo\/crans_montana_le_foto_cancellate_dei_clienti_con_le_fiaccole_in_bocca-9325832.html\">Crans-Montana, le foto cancellate dei clienti con le fiaccole in bocca<\/a><\/h2>\n<\/div>\n<\/article>\n<article class=\"col-xs-12 html_base_no_foto\">\n<div class=\"item_content\"><span class=\"testatina sopra\"><a href=\"http:\/\/ilgazzettino.it\/esteri\/crans_montana_moretti_sito_uscurato-9337043.html\">SVIZZERA<\/a><\/span><\/p>\n<h2><a href=\"http:\/\/ilgazzettino.it\/esteri\/crans_montana_moretti_sito_uscurato-9337043.html\" class=\"ml_primary_link\">Crans, i Moretti tentano di oscurare il sito che raccoglie testimonianze sulla strage<\/a><a href=\"http:\/\/ilgazzettino.it\/mondo\/crans_montana_comune_risarcimento_vittime_famiglie_quanti_soldi_cosa_e_successo-9337140.html\" class=\"ml_articolo\"><u>Il Comune stanzia un milione di franchi per le vittime<\/u><\/a><\/h2>\n<aside class=\"approfondimenti\"><a href=\"http:\/\/ilgazzettino.it\/mondo\/crans_montana_autopsie_mai_eseguite_corpi_riesumati_famiglie_aiuti_beffa-9335438.html\" class=\"articolo\" title=\"Autopsie mai eseguite\">Autopsie mai eseguite<\/a><a href=\"http:\/\/ilgazzettino.it\/italia\/riccardo_minghetti_madre_soccorsi_nulli_ospedale_lontano_35_minuti_cosa_dice-9333574.html\" class=\"articolo\" title=\"L\u2019ospedale pi\u00f9 vicino a 35 minuti\">L\u2019ospedale pi\u00f9 vicino a 35 minuti<\/a><\/aside>\n<\/div>\n<\/article>\n<article class=\"col-xs-12 html_base_no_foto\">\n<div class=\"item_content\"><span class=\"testatina sopra\"><a href=\"http:\/\/ilgazzettino.it\/esteri\/crans_montana_autopsie_corpi_riesumati_famiglie_aiuti-9336662.html\">IL CASO<\/a><\/span><\/p>\n<h2><a href=\"http:\/\/ilgazzettino.it\/esteri\/crans_montana_autopsie_corpi_riesumati_famiglie_aiuti-9336662.html\" class=\"ml_primary_link\">Crans-Montana, autopsie mai eseguite: l\u2019ipotesi di riesumare i corpi. E per le famiglie aiuti-beffa<\/a><\/h2>\n<aside class=\"approfondimenti\"><a href=\"http:\/\/ilgazzettino.it\/italia\/riccardo_minghetti_madre_soccorsi_nulli_ospedale_lontano_35_minuti_cosa_dice-9333574.html\" class=\"articolo\" title=\"L\u2019ospedale pi\u00f9 vicino a 35 minuti\">L\u2019ospedale pi\u00f9 vicino a 35 minuti<\/a><a href=\"http:\/\/ilgazzettino.it\/fotogallery\/italia\/mattarella_niguarda_feriti_crans_montana-9334830.html\" class=\"articolo\" title=\"Foto\">Foto<\/a><\/aside>\n<\/div>\n<\/article>\n<article class=\"col-xs-12 html_base_no_foto\">\n<div class=\"item_content\"><span class=\"testatina sopra\"><a href=\"http:\/\/ilgazzettino.it\/nordest\/treviso\/dopo_crans_montana_conte_scrive_locali_investite_sicurezza_clienti_treviso-9335430.html\">TREVISO <\/a><\/span><\/p>\n<h2><a href=\"http:\/\/ilgazzettino.it\/nordest\/treviso\/dopo_crans_montana_conte_scrive_locali_investite_sicurezza_clienti_treviso-9335430.html\" class=\"ml_primary_link\">Dopo Crans-Montana, il sindaco Conte scrive ai locali: \u00abInvestite nella sicurezza dei vostri clienti\u00bb<\/a><\/h2>\n<aside class=\"approfondimenti\"><a href=\"http:\/\/ilgazzettino.it\/nordest\/treviso\/home_rock_bar_festa_abusiva_400_persone_chiuso-9328654.html\" class=\"articolo\" title=\"Festa abusiva con 400 persone, chiuso l'Home Rock Bar\">Festa abusiva con 400 persone, chiuso l&#8217;Home Rock Bar<\/a><a href=\"http:\/\/ilgazzettino.it\/nordest\/treviso\/home_rock_bar_controlli_fonderia-9183944.html\" class=\"articolo\" title=\"Controlli in Fonderia: stangato l'Home bar\">Controlli in Fonderia: stangato l&#8217;Home bar<\/a><\/aside>\n<\/div>\n<\/article>\n<article class=\"col-xs-12 html_base_no_foto\">\n<div class=\"item_content\"><span class=\"testatina sopra\"><a href=\"http:\/\/ilgazzettino.it\/esteri\/crans_montana_alexis_bollag_lutry_morto_basket_chi_era-9335032.html\">SVIZZERA<\/a><\/span><\/p>\n<h2><a href=\"http:\/\/ilgazzettino.it\/esteri\/crans_montana_alexis_bollag_lutry_morto_basket_chi_era-9335032.html\" class=\"ml_primary_link\">Crans, Alexis muore dopo un mese dal rogo: aveva 18 anni, era una giovane promessa del basket<\/a><a href=\"http:\/\/ilgazzettino.it\/politica\/crans_montana_mattarella_visita_feriti_niguarda_cosa_ha_detto_ultime_notizie-9334801.html\" class=\"ml_articolo\"><u>Mattarella al Niguarda dai feriti<\/u><\/a><\/h2>\n<aside class=\"approfondimenti\"><a href=\"http:\/\/ilgazzettino.it\/fotogallery\/italia\/mattarella_niguarda_feriti_crans_montana-9334830.html\" class=\"articolo\" title=\"Foto\">Foto<\/a><a href=\"http:\/\/ilgazzettino.it\/mondo\/crans_montana_ombre_moretti_minorenne_coma_etilico_cosa_e_successo-9333542.html\" class=\"articolo\" title=\"Nuove ombre sui Moretti\">Nuove ombre sui Moretti<\/a><\/aside>\n<\/div>\n<\/article>\n<article class=\"col-xs-12 html_base_no_foto\">\n<div class=\"item_content\"><span class=\"testatina sopra\"><a href=\"http:\/\/ilgazzettino.it\/italia\/politica\/crans_montana_mattarella_visita_feriti_niguarda-9334803.html\">MILANO<\/a><\/span><\/p>\n<h2><a href=\"http:\/\/ilgazzettino.it\/italia\/politica\/crans_montana_mattarella_visita_feriti_niguarda-9334803.html\" class=\"ml_primary_link\">Mattarella incontra i genitori di Chiara Costanzo. La visita a sorpresa al Niguarda dai feriti di Crans-Montana<\/a><a href=\"http:\/\/ilgazzettino.it\/persone\/crans_montana_alexis_bollag_lutry_morto_eta_chi_era_eta-9334883.html\" class=\"ml_articolo\"><u>Alexis muore a un mese dal rogo<\/u><\/a><\/h2>\n<aside class=\"approfondimenti\"><a href=\"http:\/\/ilgazzettino.it\/fotogallery\/italia\/mattarella_niguarda_feriti_crans_montana-9334830.html\" class=\"articolo\" title=\"Foto\">Foto<\/a><a href=\"http:\/\/ilgazzettino.it\/mondo\/crans_montana_ombre_moretti_minorenne_coma_etilico_cosa_e_successo-9333542.html\" class=\"articolo\" title=\"Nuove ombre sui Moretti\">Nuove ombre sui Moretti<\/a><\/aside>\n<\/div>\n<\/article>\n<article class=\"col-xs-12\">\n<div class>\n<div class=\"image-container\"><a href=\"http:\/\/ilgazzettino.it\/video\/nordest\/walter_davis_giamaica_bob_ghiaccio_freezer_vincere_una_medaglia-9339295.html\" title=\"Walter Davis, vicepresidente della Federazione della Giamaica sul bob: \u00abIl ghiaccio? Da noi solo in freezer. Vogliamo solo vincere una medaglia\u00bb VIDEO\"><\/p>\n<figure>\n<div class=\"player_clicker\"><img decoding=\"async\" src=\"https:\/\/statics.cedscdn.it\/photos\/MED\/2026\/02\/04\/9339295_04151245_walter_davis_bob_jamaica_cortina.jpg\" title=\"Walter Davis, vicepresidente della Federazione della Giamaica sul bob: \u00abIl ghiaccio? Da noi solo in freezer. Vogliamo solo vincere una medaglia\u00bb VIDEO\" width=\"-16\" height=\"-9\"><\/div>\n<\/figure>\n<p><\/a><\/div>\n<div class=\"embed_video\">\n<div class=\"jw_embed\" data-mediaid=\"UZJSHoQJ\" data-waitevent=\"clickOn_clicker35265\" data-disable_video_float_on_non_adv_content=\"cedjs-dynamic\" data-related='{\"oncomplete\":\"show\"}' data-mute=\"true\" data-adv_always_floating=\"true\"><img data-src=\"https:\/\/utils.cedsdigital.it\/img\/placeholders\/video.svg\" width=\"340\" height=\"180\" alt=\"Video\"><\/div>\n<\/div>\n<h2><a href=\"http:\/\/ilgazzettino.it\/video\/nordest\/walter_davis_giamaica_bob_ghiaccio_freezer_vincere_una_medaglia-9339295.html\" class=\"ml_primary_link\">Walter Davis, vicepresidente della Federazione della Giamaica sul bob: \u00abIl ghiaccio? Da noi solo in freezer. Vogliamo solo vincere una medaglia\u00bb<span> VIDEO<\/span><\/a><\/h2>\n<footer class=\"row bottom-xs options\">\n<div class=\"col-xs-12\">\n<div class=\"wrapper-share-social\">\n<ul class=\"first-info\" data-url=\"https:\/\/www.ilgazzettino.it\/video\/nordest\/walter_davis_giamaica_bob_ghiaccio_freezer_vincere_una_medaglia-9339295.html\" data-title=\"Walter Davis, vicepresidente della Federazione della Giamaica sul bob: \u00abIl ghiaccio? Da noi solo in freezer. Vogliamo solo vincere una medaglia\u00bb VIDEO\">\n<li class=\"more_share\">\n<ul class=\"share-social actions\" data-url=\"https:\/\/www.ilgazzettino.it\/video\/nordest\/walter_davis_giamaica_bob_ghiaccio_freezer_vincere_una_medaglia-9339295.html\" data-title=\"Walter Davis, vicepresidente della Federazione della Giamaica sul bob: \u00abIl ghiaccio? Da noi solo in freezer. Vogliamo solo vincere una medaglia\u00bb VIDEO\">\n<li class=\"share_fb\">\n<li class=\"share_tw\">\n<li class=\"share_mail\">\n<li class=\"share-social-close\"><\/ul>\n<\/li>\n<li class=\"icon msg-twitter\">\n<li class=\"icon msg-facebook\"><\/ul>\n<\/div>\n<\/div>\n<\/footer>\n<\/div>\n<\/article>\n<article class=\"col-xs-12 html_base_right  esteri \">\n<div class=\"item_content\">\n<div class=\"row\">\n<div class=\"col-xs-3\">\n<figure><a href=\"http:\/\/ilgazzettino.it\/esteri\/iran_usa_colloqui_saltati_guerra_live_aggiornamenti_diretta-9339623.html\" title=\"Trump: \u00abKhamenei ora dovrebbe preoccuparsi\u00bb Teheran: i colloqui con gli Usa domani in Oman\"><img decoding=\"async\" src=\"https:\/\/statics.cedscdn.it\/photos\/THUMB\/2026\/02\/04\/9339595_04203722_iran_usa_1.jpg\" title=\"Trump: \u00abKhamenei ora dovrebbe preoccuparsi\u00bb Teheran: i colloqui con gli Usa domani in Oman\"><\/a><\/figure>\n<\/div>\n<div class=\"col-xs-9\">\n<h2><a href=\"http:\/\/ilgazzettino.it\/esteri\/iran_usa_colloqui_saltati_guerra_live_aggiornamenti_diretta-9339623.html\" title=\"Trump: \u00abKhamenei ora dovrebbe preoccuparsi\u00bb. Teheran: colloqui con gli Usa venerd\u00ec in Oman\">Trump: \u00abKhamenei ora dovrebbe preoccuparsi\u00bb. Teheran: colloqui con gli Usa venerd\u00ec in Oman<\/a><\/h2>\n<\/div>\n<\/div>\n<\/div>\n<\/article>\n<article class=\"col-xs-12 html_base_right  esteri \">\n<div class=\"item_content\">\n<div class=\"row\">\n<div class=\"col-xs-3\">\n<figure><a href=\"http:\/\/ilgazzettino.it\/esteri\/maja_t_antifascista_tedesca_catene_budapest_ilaria_salis-9339493.html\" title=\"Maja T, l'antifascista tedesca in tribunale a Budapest in catene come Ilaria Salis: accusata di comportamenti violenti VIDEO\"><\/p>\n<div class=\"player_clicker\"><img decoding=\"async\" src=\"https:\/\/statics.cedscdn.it\/photos\/THUMB\/2026\/02\/04\/9339493_04175922_thumbnail_da_fotogramma.jpg\" title=\"Maja T, l'antifascista tedesca in tribunale a Budapest in catene come Ilaria Salis: accusata di comportamenti violenti VIDEO\"><\/div>\n<p><\/a><\/figure>\n<\/div>\n<div class=\"col-xs-9\">\n<h2><a href=\"http:\/\/ilgazzettino.it\/esteri\/maja_t_antifascista_tedesca_catene_budapest_ilaria_salis-9339493.html\" title=\"Maja T, l'antifascista tedesca in tribunale a Budapest in catene come Ilaria Salis: accusata di comportamenti violenti VIDEO\">Maja T, l&#8217;antifascista tedesca in tribunale a Budapest in catene come Ilaria Salis: accusata di comportamenti violenti VIDEO<\/a><\/h2>\n<\/div>\n<\/div>\n<\/div>\n<\/article>\n<article class=\"col-xs-12 html_base_right  esteri \">\n<div class=\"item_content\">\n<div class=\"row\">\n<div class=\"col-xs-3\">\n<figure><a href=\"http:\/\/ilgazzettino.it\/esteri\/caos_treni_catalogna_europa_cosa_succede_disagi-9339008.html\" title=\"Il caos dei treni in Catalogna paralizza l'Europa Ritardi e disagi da 9 milioni di euro al giorno\"><img decoding=\"async\" src=\"https:\/\/statics.cedscdn.it\/photos\/THUMB\/2026\/02\/04\/9338869_04100823_treni_paralisi.jpg\" title=\"Il caos dei treni in Catalogna paralizza l'Europa Ritardi e disagi da 9 milioni di euro al giorno\"><\/a><\/figure>\n<\/div>\n<div class=\"col-xs-9\">\n<h2><a href=\"http:\/\/ilgazzettino.it\/esteri\/caos_treni_catalogna_europa_cosa_succede_disagi-9339008.html\" title=\"Barcellona, crolla il traffico merci con l'Europa. Il porto isolato costa 9 milioni di euro al giorno\">Barcellona, crolla il traffico merci con l&#8217;Europa. Il porto isolato costa 9 milioni di euro al giorno<\/a><\/h2>\n<footer class=\"row middle-xs options\">\n<div class=\"col-xs-6\">\n<div class=\"firma\">di Redazione web<\/div>\n<\/div>\n<\/footer>\n<\/div>\n<\/div>\n<\/div>\n<\/article>\n<article class=\"col-xs-12 html_base_right  esteri \">\n<div class=\"item_content\">\n<div class=\"row\">\n<div class=\"col-xs-3\">\n<figure><a href=\"http:\/\/ilgazzettino.it\/esteri\/gaza_attacco_israele_bambini_uccisi_cosa_succede-9338784.html\" title=\"Gaza, media palestinesi: 9 morti dopo attacco israeliano, tre sono bambini. Ferito ufficiale dell'Idf\"><img decoding=\"async\" src=\"https:\/\/statics.cedscdn.it\/photos\/THUMB\/2026\/02\/04\/9338778_04074532_onecms_1oy1pp5pwdv4rjg4nmv.jpg\" title=\"Gaza, media palestinesi: 9 morti dopo attacco israeliano, tre sono bambini. Ferito ufficiale dell'Idf\"><\/a><\/figure>\n<\/div>\n<div class=\"col-xs-9\">\n<h2><a href=\"http:\/\/ilgazzettino.it\/esteri\/gaza_attacco_israele_bambini_uccisi_cosa_succede-9338784.html\" title=\"Gaza, media palestinesi: 9 morti dopo attacco israeliano, tre sono bambini. Ferito ufficiale dell'Idf\">Gaza, media palestinesi: 9 morti dopo attacco israeliano, tre sono bambini. Ferito ufficiale dell&#8217;Idf<\/a><\/h2>\n<\/div>\n<\/div>\n<\/div>\n<\/article>\n<article class=\"col-xs-12 html_base_right  esteri \">\n<div class=\"item_content\">\n<div class=\"row\">\n<div class=\"col-xs-3\">\n<figure><a href=\"http:\/\/ilgazzettino.it\/esteri\/guerra_ucraina_attacco_russo_asilo_scuola_odessa-9338761.html\" title=\"Mosca: \u00abLa Nato pianifica un aperto schieramento in Ucraina\u00bb\"><img decoding=\"async\" src=\"https:\/\/statics.cedscdn.it\/photos\/THUMB\/2026\/02\/04\/9338751_04060445_odessa.jpg\" title=\"Mosca: \u00abLa Nato pianifica un aperto schieramento in Ucraina\u00bb\"><\/a><\/figure>\n<\/div>\n<div class=\"col-xs-9\">\n<h2><a href=\"http:\/\/ilgazzettino.it\/esteri\/guerra_ucraina_attacco_russo_asilo_scuola_odessa-9338761.html\" title=\"Guerra ucraina, Mosca: \u00abLa Nato pianifica un aperto schieramento in Ucraina\u00bb. Odessa sotto attacco russo\">Guerra ucraina, Mosca: \u00abLa Nato pianifica un aperto schieramento in Ucraina\u00bb. Odessa sotto attacco russo<\/a><\/h2>\n<\/div>\n<\/div>\n<\/div>\n<\/article>\n<article class=\"col-xs-12 html_base_bottom  partner news \">\n<div class=\"item_content\">\n<figure><a href=\"https:\/\/www.venicevisitpass.com\/\" title=\"Venice City Pass: i migliori Pass e Tickets di Venezia\"><img decoding=\"async\" src=\"https:\/\/statics.cedscdn.it\/photos\/MED\/2025\/07\/28\/8982768_28152834_venice_city_pass.jpg\" title=\"Venice City Pass: i migliori Pass e Tickets di Venezia\" width=\"-16\" height=\"-9\"><\/a><\/figure>\n<h2><a href=\"https:\/\/www.venicevisitpass.com\/\" class=\"ml_primary_link\">Venice City Pass: i migliori Pass e Tickets di Venezia<\/a><\/h2>\n<footer class=\"row bottom-xs options\">\n<div class=\"col-xs-12\">\n<div class=\"wrapper-share-social\">\n<ul class=\"first-info\" data-url=\"https:\/\/www.venicevisitpass.com\/\" data-title=\"Venice City Pass: i migliori Pass e Tickets di Venezia\">\n<li class=\"more_share\">\n<ul class=\"share-social actions\" data-url=\"https:\/\/www.venicevisitpass.com\/\" data-title=\"Venice City Pass: i migliori Pass e Tickets di Venezia\">\n<li class=\"share_fb\">\n<li class=\"share_tw\">\n<li class=\"share_mail\">\n<li class=\"share-social-close\"><\/ul>\n<\/li>\n<li class=\"icon msg-twitter\">\n<li class=\"icon msg-facebook\"><\/ul>\n<\/div>\n<\/div>\n<\/footer>\n<\/div>\n<\/article>\n<article class=\"col-xs-12 html_base_right  milano_cortina notizie \">\n<div class=\"item_content\">\n<div class=\"row\">\n<div class=\"col-xs-3\">\n<figure><a href=\"http:\/\/ilgazzettino.it\/milano_cortina\/notizie\/stanze_atleti_senza_sedie_scrivanie_villaggio_olimpico_perche-9336877.html\" title=\"Milano-Cortina 2026, perch\u00e9 le stanze degli atleti sono senza sedie e scrivanie nel Villaggio Olimpico\"><\/p>\n<div class=\"player_clicker\"><img decoding=\"async\" src=\"https:\/\/statics.cedscdn.it\/photos\/THUMB\/2026\/02\/03\/9336877_poster.jpg\" title=\"Milano-Cortina 2026, perch\u00e9 le stanze degli atleti sono senza sedie e scrivanie nel Villaggio Olimpico\"><\/div>\n<p><\/a><\/figure>\n<\/div>\n<div class=\"col-xs-9\">\n<h2><a href=\"http:\/\/ilgazzettino.it\/milano_cortina\/notizie\/stanze_atleti_senza_sedie_scrivanie_villaggio_olimpico_perche-9336877.html\" title=\"Milano-Cortina 2026, perch\u00e9 le stanze degli atleti sono senza sedie e scrivanie nel Villaggio Olimpico\">Milano-Cortina 2026, perch\u00e9 le stanze degli atleti sono senza sedie e scrivanie nel Villaggio Olimpico<\/a><\/h2>\n<\/div>\n<\/div>\n<\/div>\n<\/article>\n<article class=\"col-xs-12 html_base_right  lettere_al_direttore \">\n<div class=\"item_content\">\n<div class=\"row\">\n<div class=\"col-xs-3\">\n<figure><a href=\"http:\/\/ilgazzettino.it\/lettere_al_direttore\/nicolo_baldan_studente_treno_biglietto_non_convalidato_multa_papetti_controllore_buon_senso-9337965.html\" title=\"Uno studente in treno, un biglietto non convalidato, la multa. Papetti: \u00abNel manuale del controllore manca il capitolo 'buon senso'\u00bb\"><img decoding=\"async\" src=\"https:\/\/statics.cedscdn.it\/photos\/THUMB\/2026\/02\/04\/9337965_04111215_nicolo_baldan_studente_treno_biglietto_non_convalidato_multa_papetti_controllore_buon_senso.jpg\" title=\"Uno studente in treno, un biglietto non convalidato, la multa. Papetti: \u00abNel manuale del controllore manca il capitolo 'buon senso'\u00bb\"><\/a><\/figure>\n<\/div>\n<div class=\"col-xs-9\">\n<h2><a href=\"http:\/\/ilgazzettino.it\/lettere_al_direttore\/nicolo_baldan_studente_treno_biglietto_non_convalidato_multa_papetti_controllore_buon_senso-9337965.html\" title=\"Uno studente in treno, un biglietto non convalidato, la multa. Papetti: \u00abNel manuale del controllore manca il capitolo 'buon senso'\u00bb\">Uno studente in treno, un biglietto non convalidato, la multa. Papetti: \u00abNel manuale del controllore manca il capitolo &#8216;buon senso&#8217;\u00bb<\/a><\/h2>\n<footer class=\"row middle-xs options\">\n<div class=\"col-xs-6\">\n<div class=\"firma\">di Roberto Papetti<\/div>\n<\/div>\n<\/footer>\n<\/div>\n<\/div>\n<\/div>\n<\/article>\n<article class=\"col-xs-12 html_base_right  schede \">\n<div class=\"item_content\">\n<div class=\"row\">\n<div class=\"col-xs-3\">\n<figure><a href=\"http:\/\/ilgazzettino.it\/schede\/eugenia_carfora_chi_e_preside_caivano-9336761.html\" title=\"Eugenia Carfora, chi \u00e8 la dirigente scolastica che ha ispirato la fiction Rai La Preside a Caivano\"><img decoding=\"async\" src=\"https:\/\/statics.cedscdn.it\/photos\/THUMB\/2026\/02\/03\/9336761_02163954_onecms_1oi3f1ea5cpioagvd47_12t4p7puiv4.jpg\" title=\"Eugenia Carfora, chi \u00e8 la dirigente scolastica che ha ispirato la fiction Rai La Preside a Caivano\"><\/a><\/figure>\n<\/div>\n<div class=\"col-xs-9\">\n<h2><a href=\"http:\/\/ilgazzettino.it\/schede\/eugenia_carfora_chi_e_preside_caivano-9336761.html\" title=\"Eugenia Carfora, chi \u00e8 la dirigente scolastica che ha ispirato la fiction Rai La Preside a Caivano\">Eugenia Carfora, chi \u00e8 la dirigente scolastica che ha ispirato la fiction Rai La Preside a Caivano<\/a><\/h2>\n<footer class=\"row middle-xs options\">\n<div class=\"col-xs-6\">\n<div class=\"firma\">di Redazione web <\/div>\n<\/div>\n<\/footer>\n<\/div>\n<\/div>\n<\/div>\n<\/article>\n<article class=\"col-xs-12 html_base_square\">\n<div class=\"item_content\">\n<div class=\"row\">\n<div class=\"square___content\">\n<figure><a href=\"https:\/\/www.moltofood.it\/pita-ripiena-in-padella-ricetta\/?utm_source=ilgazzettino&amp;utm_medium=strip_moltofood_flexible&amp;utm_campaign=right_articolo\" target=\"_blank\" title=\"Pita ripiena in padella, la ricetta super filante con prosciutto e pomodoro\"><img decoding=\"async\" src=\"https:\/\/statics.cedscdn.it\/moltofood\/wp-content\/uploads\/2026\/02\/IMG_5509-150x150.jpeg\" title=\"Pita ripiena in padella, la ricetta super filante con prosciutto e pomodoro\"><\/a><\/figure>\n<\/div>\n<div class=\"col-xs valign__content\">\n<div class=\"valign\"><span class=\"testatina testatina-articolo\"><a href=\"https:\/\/www.moltofood.it\/pita-ripiena-in-padella-ricetta\/?utm_source=ilgazzettino&amp;utm_medium=strip_moltofood_flexible&amp;utm_campaign=right_articolo\"><br \/>\n                                                Piatti unici                                                <\/a><\/span><\/p>\n<h2 class=\"titolo\"><a href=\"https:\/\/www.moltofood.it\/pita-ripiena-in-padella-ricetta\/?utm_source=ilgazzettino&amp;utm_medium=strip_moltofood_flexible&amp;utm_campaign=right_articolo\" title=\"Pita ripiena in padella, la ricetta super filante con prosciutto e pomodoro\" target=\"_blank\">Pita ripiena in padella, la ricetta super filante con prosciutto e pomodoro<\/a><\/h2>\n<p><span class=\"firma\">di Viola Massa<\/span><\/div>\n<\/div>\n<\/div>\n<\/div>\n<\/article>\n<article class=\"col-xs-12 html_base_square\">\n<div class=\"item_content\">\n<div class=\"row\">\n<div class=\"square___content\">\n<figure><a href=\"https:\/\/www.moltofood.it\/risotto-ai-mirtilli-ricetta\/?utm_source=ilgazzettino&amp;utm_medium=strip_moltofood_flexible&amp;utm_campaign=right_articolo\" target=\"_blank\" title=\"Risotto ai mirtilli: il piatto delicato per le occasioni speciali\"><img decoding=\"async\" src=\"https:\/\/statics.cedscdn.it\/moltofood\/wp-content\/uploads\/2026\/01\/risottoaimirtilli_cover-150x150.jpg\" title=\"Risotto ai mirtilli: il piatto delicato per le occasioni speciali\"><\/a><\/figure>\n<\/div>\n<div class=\"col-xs valign__content\">\n<div class=\"valign\"><span class=\"testatina testatina-articolo\"><a href=\"https:\/\/www.moltofood.it\/risotto-ai-mirtilli-ricetta\/?utm_source=ilgazzettino&amp;utm_medium=strip_moltofood_flexible&amp;utm_campaign=right_articolo\"><br \/>\n                                                Primi                                                <\/a><\/span><\/p>\n<h2 class=\"titolo\"><a href=\"https:\/\/www.moltofood.it\/risotto-ai-mirtilli-ricetta\/?utm_source=ilgazzettino&amp;utm_medium=strip_moltofood_flexible&amp;utm_campaign=right_articolo\" title=\"Risotto ai mirtilli: il piatto delicato per le occasioni speciali\" target=\"_blank\">Risotto ai mirtilli: il piatto delicato per le occasioni speciali<\/a><\/h2>\n<p><span class=\"firma\">di Francesco Palumbo<\/span><\/div>\n<\/div>\n<\/div>\n<\/div>\n<\/article>\n<p>[analyse_source url=&#8221;http:\/\/ilgazzettino.it\/esteri\/crans_montana_llettera_moretti_dipendenti-9341083.html&#8221;]<\/p>\n","protected":false},"excerpt":{"rendered":"<p>[analyse_image type=&#8221;featured&#8221; src=&#8221;https:\/\/statics.cedscdn.it\/photos\/MED_HIGH\/2026\/02\/05\/9341070_05082345_onecms_1opepz4eoyt5bqcrz41.jpg&#8221;] Crans Montana, la lettera dei Moretti ai dipendenti: \u00abEcco perch\u00e9 non potevamo parlarvi\u00bb. E Jessica smentisce la fuga con la cassa I coniugi proprietari del bar Le Constellation rompono il silenzio scrivendo una lunga lettere ai loro dipendenti Esteri gioved\u00ec 5 febbraio 2026di Marta Giusti Una lettera\u00a0lunga due pagine di formato A4 [&hellip;]<\/p>\n","protected":false},"author":1,"featured_media":0,"comment_status":"open","ping_status":"","sticky":false,"template":"","format":"standard","meta":{"footnotes":""},"categories":[87],"tags":[226,139],"class_list":["post-1751855","post","type-post","status-publish","format-standard","hentry","category-italy","tag-crawlmanager","tag-ilgazzettino-it"],"_links":{"self":[{"href":"https:\/\/analyse.optim.biz\/index.php?rest_route=\/wp\/v2\/posts\/1751855","targetHints":{"allow":["GET"]}}],"collection":[{"href":"https:\/\/analyse.optim.biz\/index.php?rest_route=\/wp\/v2\/posts"}],"about":[{"href":"https:\/\/analyse.optim.biz\/index.php?rest_route=\/wp\/v2\/types\/post"}],"author":[{"embeddable":true,"href":"https:\/\/analyse.optim.biz\/index.php?rest_route=\/wp\/v2\/users\/1"}],"replies":[{"embeddable":true,"href":"https:\/\/analyse.optim.biz\/index.php?rest_route=%2Fwp%2Fv2%2Fcomments&post=1751855"}],"version-history":[{"count":0,"href":"https:\/\/analyse.optim.biz\/index.php?rest_route=\/wp\/v2\/posts\/1751855\/revisions"}],"wp:attachment":[{"href":"https:\/\/analyse.optim.biz\/index.php?rest_route=%2Fwp%2Fv2%2Fmedia&parent=1751855"}],"wp:term":[{"taxonomy":"category","embeddable":true,"href":"https:\/\/analyse.optim.biz\/index.php?rest_route=%2Fwp%2Fv2%2Fcategories&post=1751855"},{"taxonomy":"post_tag","embeddable":true,"href":"https:\/\/analyse.optim.biz\/index.php?rest_route=%2Fwp%2Fv2%2Ftags&post=1751855"}],"curies":[{"name":"wp","href":"https:\/\/api.w.org\/{rel}","templated":true}]}}