{"id":1751598,"date":"2026-02-04T16:47:19","date_gmt":"2026-02-04T13:47:19","guid":{"rendered":"https:\/\/analyse.optim.biz\/?p=1751598"},"modified":"2026-02-04T16:47:19","modified_gmt":"2026-02-04T13:47:19","slug":"un-individ-a-fost-retinut-dupa-ce-si-a-amenintat-tatal-ziarul-liber-in-teleorman","status":"publish","type":"post","link":"https:\/\/analyse.optim.biz\/?p=1751598","title":{"rendered":"Un individ a fost re\u021binut dup\u0103 ce \u0219i-a amenin\u021bat tat\u0103l &#8211; Ziarul Liber in Teleorman"},"content":{"rendered":"<p>[analyse_image type=&#8221;featured&#8221; src=&#8221;https:\/\/liberinteleorman.ro\/wp-content\/uploads\/2026\/02\/IMG_2247.jpeg&#8221;]<\/p>\n<div class=\"entry-content single56__content single56__post_content single56__body_area\">\n<p><em>Poli\u021bi\u0219tii din cadrul Sec\u021biei 4 Poli\u021bie Rural\u0103 Ro\u0219iori de Vede efectueaz\u0103 cercet\u0103ri \u00een cadrul unui dosar penal, \u00eentocmit pentru s\u0103v\u00e2r\u0219irea infrac\u021biunii de amenin\u021bare, fa\u021b\u0103 de un b\u0103rbat.<\/em><\/p>\n<p>Poli\u021bi\u0219tii au fost sesiza\u021bi de c\u0103tre un b\u0103rbat, despre faptul c\u0103, \u00een ziua de 04 februarie a.c., \u00een timp ce se afla la locuin\u021ba sa, \u00een comuna C\u0103lm\u0103\u021buiu, jude\u021bul Teleorman, fiul s\u0103u l-ar fi amenin\u021bat.<\/p>\n<p>\u00cen urma administr\u0103rii probatoriului, b\u0103rbatul a fost re\u021binut.<\/p>\n<p>Cercet\u0103rile sunt continuate, sub coordonarea procurorului din cadrul Parchetului de pe l\u00e2ng\u0103 Judec\u0103toria Ro\u0219iori de Vede.<\/p>\n<\/div>\n<p>[analyse_source url=&#8221;https:\/\/liberinteleorman.ro\/fiu-retinut-dupa-ce-si-a-amenintat-tatal\/&#8221;]<\/p>\n","protected":false},"excerpt":{"rendered":"<p>[analyse_image type=&#8221;featured&#8221; src=&#8221;https:\/\/liberinteleorman.ro\/wp-content\/uploads\/2026\/02\/IMG_2247.jpeg&#8221;] Poli\u021bi\u0219tii din cadrul Sec\u021biei 4 Poli\u021bie Rural\u0103 Ro\u0219iori de Vede efectueaz\u0103 cercet\u0103ri \u00een cadrul unui dosar penal, \u00eentocmit pentru s\u0103v\u00e2r\u0219irea infrac\u021biunii de amenin\u021bare, fa\u021b\u0103 de un b\u0103rbat. Poli\u021bi\u0219tii au fost sesiza\u021bi de c\u0103tre un b\u0103rbat, despre faptul c\u0103, \u00een ziua de 04 februarie a.c., \u00een timp ce se afla la locuin\u021ba sa, [&hellip;]<\/p>\n","protected":false},"author":1,"featured_media":0,"comment_status":"open","ping_status":"","sticky":false,"template":"","format":"standard","meta":{"footnotes":""},"categories":[89],"tags":[226,181],"class_list":["post-1751598","post","type-post","status-publish","format-standard","hentry","category-romania","tag-crawlmanager","tag-liberinteleorman-ro"],"_links":{"self":[{"href":"https:\/\/analyse.optim.biz\/index.php?rest_route=\/wp\/v2\/posts\/1751598","targetHints":{"allow":["GET"]}}],"collection":[{"href":"https:\/\/analyse.optim.biz\/index.php?rest_route=\/wp\/v2\/posts"}],"about":[{"href":"https:\/\/analyse.optim.biz\/index.php?rest_route=\/wp\/v2\/types\/post"}],"author":[{"embeddable":true,"href":"https:\/\/analyse.optim.biz\/index.php?rest_route=\/wp\/v2\/users\/1"}],"replies":[{"embeddable":true,"href":"https:\/\/analyse.optim.biz\/index.php?rest_route=%2Fwp%2Fv2%2Fcomments&post=1751598"}],"version-history":[{"count":0,"href":"https:\/\/analyse.optim.biz\/index.php?rest_route=\/wp\/v2\/posts\/1751598\/revisions"}],"wp:attachment":[{"href":"https:\/\/analyse.optim.biz\/index.php?rest_route=%2Fwp%2Fv2%2Fmedia&parent=1751598"}],"wp:term":[{"taxonomy":"category","embeddable":true,"href":"https:\/\/analyse.optim.biz\/index.php?rest_route=%2Fwp%2Fv2%2Fcategories&post=1751598"},{"taxonomy":"post_tag","embeddable":true,"href":"https:\/\/analyse.optim.biz\/index.php?rest_route=%2Fwp%2Fv2%2Ftags&post=1751598"}],"curies":[{"name":"wp","href":"https:\/\/api.w.org\/{rel}","templated":true}]}}