{"id":1751283,"date":"2026-02-02T20:59:37","date_gmt":"2026-02-02T17:59:37","guid":{"rendered":"https:\/\/analyse.optim.biz\/?p=1751283"},"modified":"2026-02-02T20:59:37","modified_gmt":"2026-02-02T17:59:37","slug":"de-unde-vin-diferentele-si-pierderile-la-apa","status":"publish","type":"post","link":"https:\/\/analyse.optim.biz\/?p=1751283","title":{"rendered":"De unde vin diferen\u0163ele \u015fi pierderile la ap\u0103?"},"content":{"rendered":"<p>[analyse_image type=&#8221;featured&#8221; src=&#8221;https:\/\/www.tvbuzau.ro\/wp-content\/uploads\/2026\/02\/hqdefault.jpghttps:\/\/www.tvbuzau.ro\/wp-content\/uploads\/2026\/02\/hqdefault.jpg&#8221;]<\/p>\n<div class=\"td-ss-main-content\">\n<article id=\"post-117923\" class=\"post-117923 post type-post status-publish format-video has-post-thumbnail hentry category-actualitate post_format-post-format-video\">\n<div class=\"td-post-header\">\n<ul class=\"td-category\">\n<li class=\"entry-category\"><a href=\"https:\/\/www.tvbuzau.ro\/category\/actualitate\/\">Actualitate<\/a><\/li>\n<\/ul>\n<header class=\"td-post-title\">\n<h1 class=\"entry-title\">De unde vin diferen\u0163ele \u015fi pierderile la ap\u0103?<\/h1>\n<div class=\"td-module-meta-info\">\n<div class=\"td-post-author-name\">De c\u0103tre <a href=\"https:\/\/www.tvbuzau.ro\/author\/mihai-vasilescu\/\">TV Buz\u0103u<\/a> &#8211; <\/div>\n<p><span class=\"td-post-date\"><time class=\"entry-date updated td-module-date\" datetime=\"2026-02-02T20:59:37+00:00\">februarie 2, 2026<\/time><\/span><\/p>\n<div class=\"td-post-comments\"><a href=\"https:\/\/www.tvbuzau.ro\/de-unde-vin-diferentele-si-pierderile-la-apa\/#respond\">0<\/a><\/div>\n<div class=\"td-post-views\"><span class=\"td-nr-views-117923\">8<\/span><\/div>\n<\/div>\n<\/header>\n<\/div>\n<div class=\"td-post-sharing td-post-sharing-top td-with-like\">\n<div class=\"td-default-sharing\"><a class=\"td-social-sharing-buttons td-social-facebook\" href=\"http:\/\/www.facebook.com\/sharer.php?u=https%3A%2F%2Fwww.tvbuzau.ro%2Fde-unde-vin-diferentele-si-pierderile-la-apa%2F\"><\/p>\n<div class=\"td-social-but-text\">Distribui\u021bi pe Facebook<\/div>\n<p><\/a><a class=\"td-social-sharing-buttons td-social-twitter\" href=\"https:\/\/twitter.com\/intent\/tweet?text=De+unde+vin+diferen%C5%A3ele+%C5%9Fi+pierderile+la+ap%C4%83%3F&amp;url=https%3A%2F%2Fwww.tvbuzau.ro%2Fde-unde-vin-diferentele-si-pierderile-la-apa%2F&amp;via=TV+Buz%C4%83u\"><\/p>\n<div class=\"td-social-but-text\">Distribui\u021bi pe Twitter<\/div>\n<p><\/a><\/div>\n<div class=\"td-classic-sharing\">\n<ul>\n<li class=\"td-classic-facebook\"><iframe frameborder src=\"https:\/\/www.facebook.com\/plugins\/like.php?href=https:\/\/www.tvbuzau.ro\/de-unde-vin-diferentele-si-pierderile-la-apa\/&amp;layout=button_count&amp;show_faces=false&amp;width=105&amp;action=like&amp;colorscheme=light&amp;height=21\"><\/iframe><\/li>\n<li class=\"td-classic-twitter\"><a href=\"https:\/\/twitter.com\/share\" class=\"twitter-share-button\" data-url=\"https:\/\/www.tvbuzau.ro\/de-unde-vin-diferentele-si-pierderile-la-apa\/\" data-text=\"De unde vin diferen\u0163ele \u015fi pierderile la ap\u0103?\" data-via data-lang=\"en\">tweet<\/a><\/li>\n<\/ul>\n<\/div>\n<\/div>\n<div class=\"td-post-content\">\n<div class=\"td-featured-image-rec\">\n<div class=\"wpb_video_wrapper\">\n                    <iframe loading=\"lazy\" id=\"td_youtube_player\" width=\"600\" height=\"560\" src=\"https:\/\/www.youtube.com\/embed\/7nl8jbBCEKA?enablejsapi=1&amp;feature=oembed&amp;wmode=opaque&amp;vq=hd720\" frameborder allowfullscreen><\/iframe><\/p><\/div>\n<\/div>\n<p>Ce consum \u00een plus a \u00eenregistrat un bloc din Buz\u0103u<br \/>\nDe multe ori, buzoienii reclam\u0103 diferen\u021bele mari reg\u0103site \u00een facturile emise de Compania de Ap\u0103. Cauzele sunt diverse, atrage aten\u0163ia Compania de Ap\u0103 Buz\u0103u, dar pot fi eliminate printr-un efort comun al utilizatorilor \u0219i al reprezentan\u021bilor asocia\u021biilor de proprietari.<\/p>\n<p>Compania de Ap\u0103 Buz\u0103u<br \/>\n\u201c\u00cen ultimele dou\u0103 luni, la un bloc din municipiul Buz\u0103u, diferen\u021bele au \u00eensumat peste 14 metri cubi de ap\u0103.  To\u021bi locatarii din acel bloc au instalate apometre inteligente, cu citire de la distan\u021b\u0103. Firma care gestioneaz\u0103 aceste aparate de m\u0103sur\u0103 a aten\u021bionat asocia\u021bia de proprietari c\u0103 au ap\u0103rut probleme care pot indica un incident \u00een instala\u021bia interioar\u0103 a blocului sau pierderi care nu au fost sesizate de c\u0103tre proprietarii apartamentelor. Pierderi continue, consum 0, sau consum necitit, au fost c\u00e2teva dintre neregulile semnalate\u201d, arat\u0103 operatorul economic.<br \/>\n\u00cen acest context, furnizorul de ap\u0103 potabil\u0103 atrage aten\u021bia c\u0103 aparatele de m\u0103sur\u0103 au un debit minim de pornire. \u00cen cazul \u00een care pierderea este continu\u0103, dar are un debit mic, apometrul din apartament nu \u00eenregistreaz\u0103 acea cantitate de ap\u0103.<\/p>\n<p>Compania de Ap\u0103 Buz\u0103u<br \/>\n\u201cDe exemplu, dac\u0103 o pierdere de 9 litri\/or\u0103 este continu\u0103, cantitatea de ap\u0103 pierdut\u0103 \u00eentr-o lun\u0103 este de 6,57 metri cubi. Dac\u0103 astfel de probleme apar \u00een mai multe apartamente, diferen\u021bele reg\u0103site pe factura fiec\u0103rui proprietar din acel imobil vor fi mai mari. Un singur robinet neetan\u0219 poate duce la o pierdere de p\u00e2n\u0103 la 18 metri cubi ap\u0103\/lun\u0103, cantitate ne\u00eenregistrat\u0103 de apometrul din apartament. Pentru compara\u021bie, o persoan\u0103 consum\u0103, teoretic, \u00een medie, 6 metri cubi de ap\u0103 rece \u00eentr-o lun\u0103\u201d, informeaz\u0103 operatorul de ap\u0103.<br \/>\nAstfel, pe l\u00e2ng\u0103 defec\u021biunile care apar \u00een instala\u021bia interioar\u0103, sunt \u0219i alte situa\u021bii \u00een care apa folosit\u0103 \u00een blocuri nu este \u00eenregistrat\u0103 pe aparatele de m\u0103sur\u0103 din apartamente.  Compania mai arat\u0103 c\u0103 au fost identificate cazuri \u00een care s-au montat robine\u021bi pe instala\u021bia comun\u0103 a blocului, de exemplu \u00een subsol, pentru utilizarea apei \u00een interes personal (sp\u0103larea autoturismului \u00een fa\u021ba blocului, igienizarea recipientelor pentru conserve, etc.).<br \/>\nSunt \u0219i blocuri \u00een municipiul Buz\u0103u \u00een care nu exist\u0103 diferen\u021be \u00eentre consumul contorizat \u0219i cel de pe factur\u0103.<br \/>\nResponsabilitatea de a verifica toate instala\u021biile interioare ale blocurilor, de a verifica periodic repartitoarele de costuri, de a verifica toate p\u0103r\u021bile comune ale re\u021belei de distribu\u021bie a apei pentru identificarea eventualelor consumuri clandestine, este strict a utilizatorului.<\/p>\n<div class=\"post-views post-117923 entry-meta\"><span class=\"post-views-label\">Post Views: <\/span><span class=\"post-views-count\">141<\/span><\/div>\n<\/div>\n<footer>\n<div class=\"td-post-sharing td-post-sharing-bottom td-with-like\"><span class=\"td-post-share-title\">DISTRIBUI\u021aI<\/span><\/p>\n<div class=\"td-default-sharing\"><a class=\"td-social-sharing-buttons td-social-facebook\" href=\"http:\/\/www.facebook.com\/sharer.php?u=https%3A%2F%2Fwww.tvbuzau.ro%2Fde-unde-vin-diferentele-si-pierderile-la-apa%2F\"><\/p>\n<div class=\"td-social-but-text\">Facebook<\/div>\n<p><\/a><a class=\"td-social-sharing-buttons td-social-twitter\" href=\"https:\/\/twitter.com\/intent\/tweet?text=De+unde+vin+diferen%C5%A3ele+%C5%9Fi+pierderile+la+ap%C4%83%3F&amp;url=https%3A%2F%2Fwww.tvbuzau.ro%2Fde-unde-vin-diferentele-si-pierderile-la-apa%2F&amp;via=TV+Buz%C4%83u\"><\/p>\n<div class=\"td-social-but-text\">Twitter<\/div>\n<p><\/a><\/div>\n<div class=\"td-classic-sharing\">\n<ul>\n<li class=\"td-classic-facebook\"><iframe frameborder src=\"https:\/\/www.facebook.com\/plugins\/like.php?href=https:\/\/www.tvbuzau.ro\/de-unde-vin-diferentele-si-pierderile-la-apa\/&amp;layout=button_count&amp;show_faces=false&amp;width=105&amp;action=like&amp;colorscheme=light&amp;height=21\"><\/iframe><\/li>\n<li class=\"td-classic-twitter\"><a href=\"https:\/\/twitter.com\/share\" class=\"twitter-share-button\" data-url=\"https:\/\/www.tvbuzau.ro\/de-unde-vin-diferentele-si-pierderile-la-apa\/\" data-text=\"De unde vin diferen\u0163ele \u015fi pierderile la ap\u0103?\" data-via data-lang=\"en\">tweet<\/a><\/li>\n<\/ul>\n<\/div>\n<\/div>\n<div class=\"td-author-name vcard author\"><span class=\"fn\"><a href=\"https:\/\/www.tvbuzau.ro\/author\/mihai-vasilescu\/\">TV Buz\u0103u<\/a><\/span><\/div>\n<p><span><\/span><span><span><\/span><\/span><span><\/span><\/footer>\n<\/article>\n<div class=\"td_block_wrap td_block_related_posts td_uid_1_69841085677db_rand td_with_ajax_pagination td-pb-border-top\" data-td-block-uid=\"td_uid_1_69841085677db\">\n<h4 class=\"td-related-title\"><a id=\"td_uid_2_698410856cd37\" class=\"td-related-left td-cur-simple-item\" data-td_filter_value data-td_block_id=\"td_uid_1_69841085677db\" href=\"https:\/\/www.tvbuzau.ro\/de-unde-vin-diferentele-si-pierderile-la-apa\/\">ARTICOLE SIMILARE<\/a><a id=\"td_uid_3_698410856cd74\" class=\"td-related-right\" data-td_filter_value=\"td_related_more_from_author\" data-td_block_id=\"td_uid_1_69841085677db\" href=\"https:\/\/www.tvbuzau.ro\/de-unde-vin-diferentele-si-pierderile-la-apa\/\">DE LA ACELA\u0218I AUTOR<\/a><\/h4>\n<div id=\"td_uid_1_69841085677db\" class=\"td_block_inner\">\n<div class=\"td-related-row\">\n<div class=\"td-related-span4\">\n<div class=\"td_module_related_posts td-animation-stack td_mod_related_posts\">\n<div class=\"td-module-image\">\n<div class=\"td-module-thumb\"><a href=\"https:\/\/www.tvbuzau.ro\/buzaul-fruntas-la-productia-de-carne-de-porc\/\" rel=\"bookmark\" title=\"Buzaul frunta\u0219 la produc\u021bia de carne de porc\"><img loading=\"lazy\" decoding=\"async\" width=\"218\" height=\"150\" class=\"entry-thumb\" src=\"https:\/\/www.tvbuzau.ro\/wp-content\/uploads\/2026\/02\/hqdefault-6-218x150.jpg\" alt title=\"Buzaul frunta\u0219 la produc\u021bia de carne de porc\"><span class=\"td-video-play-ico\"><img loading=\"lazy\" decoding=\"async\" width=\"40\" height=\"40\" class=\"td-retina\" src=\"https:\/\/www.tvbuzau.ro\/wp-content\/themes\/Newspaper\/images\/icons\/ico-video-large.png\" alt=\"video\"><\/span><\/a><\/div>\n<p><a href=\"https:\/\/www.tvbuzau.ro\/category\/actualitate\/\" class=\"td-post-category\">Actualitate<\/a><\/div>\n<div class=\"item-details\">\n<h3 class=\"entry-title td-module-title\"><a href=\"https:\/\/www.tvbuzau.ro\/buzaul-fruntas-la-productia-de-carne-de-porc\/\" rel=\"bookmark\" title=\"Buzaul frunta\u0219 la produc\u021bia de carne de porc\">Buzaul frunta\u0219 la produc\u021bia de carne de porc<\/a><\/h3>\n<\/div>\n<\/div>\n<\/div>\n<div class=\"td-related-span4\">\n<div class=\"td_module_related_posts td-animation-stack td_mod_related_posts\">\n<div class=\"td-module-image\">\n<div class=\"td-module-thumb\"><a href=\"https:\/\/www.tvbuzau.ro\/contracte-de-131-milioane-lei-semnate-la-consiliul-judetean-buzau\/\" rel=\"bookmark\" title=\"Contracte de 131 milioane lei semnate la Consiliul Jude\u0163ean Buz\u0103u\"><img loading=\"lazy\" decoding=\"async\" width=\"218\" height=\"150\" class=\"entry-thumb\" src=\"https:\/\/www.tvbuzau.ro\/wp-content\/uploads\/2026\/02\/sddefault-10-218x150.jpg\" alt title=\"Contracte de 131 milioane lei semnate la Consiliul Jude\u0163ean Buz\u0103u\"><span class=\"td-video-play-ico\"><img loading=\"lazy\" decoding=\"async\" width=\"40\" height=\"40\" class=\"td-retina\" src=\"https:\/\/www.tvbuzau.ro\/wp-content\/themes\/Newspaper\/images\/icons\/ico-video-large.png\" alt=\"video\"><\/span><\/a><\/div>\n<p><a href=\"https:\/\/www.tvbuzau.ro\/category\/actualitate\/\" class=\"td-post-category\">Actualitate<\/a><\/div>\n<div class=\"item-details\">\n<h3 class=\"entry-title td-module-title\"><a href=\"https:\/\/www.tvbuzau.ro\/contracte-de-131-milioane-lei-semnate-la-consiliul-judetean-buzau\/\" rel=\"bookmark\" title=\"Contracte de 131 milioane lei semnate la Consiliul Jude\u0163ean Buz\u0103u\">Contracte de 131 milioane lei semnate la Consiliul Jude\u0163ean Buz\u0103u<\/a><\/h3>\n<\/div>\n<\/div>\n<\/div>\n<div class=\"td-related-span4\">\n<div class=\"td_module_related_posts td-animation-stack td_mod_related_posts\">\n<div class=\"td-module-image\">\n<div class=\"td-module-thumb\"><a href=\"https:\/\/www.tvbuzau.ro\/razie-in-sistem-releu-pe-dn2e85\/\" rel=\"bookmark\" title=\"Razie \u00een sistem RELEU pe DN2E85\"><img loading=\"lazy\" decoding=\"async\" width=\"218\" height=\"150\" class=\"entry-thumb\" src=\"https:\/\/www.tvbuzau.ro\/wp-content\/uploads\/2026\/02\/sddefault-9-218x150.jpg\" alt title=\"Razie \u00een sistem RELEU pe DN2E85\"><span class=\"td-video-play-ico\"><img loading=\"lazy\" decoding=\"async\" width=\"40\" height=\"40\" class=\"td-retina\" src=\"https:\/\/www.tvbuzau.ro\/wp-content\/themes\/Newspaper\/images\/icons\/ico-video-large.png\" alt=\"video\"><\/span><\/a><\/div>\n<p><a href=\"https:\/\/www.tvbuzau.ro\/category\/actualitate\/\" class=\"td-post-category\">Actualitate<\/a><\/div>\n<div class=\"item-details\">\n<h3 class=\"entry-title td-module-title\"><a href=\"https:\/\/www.tvbuzau.ro\/razie-in-sistem-releu-pe-dn2e85\/\" rel=\"bookmark\" title=\"Razie \u00een sistem RELEU pe DN2E85\">Razie \u00een sistem RELEU pe DN2E85<\/a><\/h3>\n<\/div>\n<\/div>\n<\/div>\n<\/div>\n<div class=\"td-related-row\">\n<div class=\"td-related-span4\">\n<div class=\"td_module_related_posts td-animation-stack td_mod_related_posts\">\n<div class=\"td-module-image\">\n<div class=\"td-module-thumb\"><a href=\"https:\/\/www.tvbuzau.ro\/politistii-locali-au-castigat-procesul-cu-primaria\/\" rel=\"bookmark\" title=\"Poli\u0163i\u015ftii locali au c\u00e2\u015ftigat procesul cu Prim\u0103ria\"><img loading=\"lazy\" decoding=\"async\" width=\"218\" height=\"150\" class=\"entry-thumb\" src=\"https:\/\/www.tvbuzau.ro\/wp-content\/uploads\/2026\/02\/sddefault-8-218x150.jpg\" alt title=\"Poli\u0163i\u015ftii locali au c\u00e2\u015ftigat procesul cu Prim\u0103ria\"><span class=\"td-video-play-ico\"><img loading=\"lazy\" decoding=\"async\" width=\"40\" height=\"40\" class=\"td-retina\" src=\"https:\/\/www.tvbuzau.ro\/wp-content\/themes\/Newspaper\/images\/icons\/ico-video-large.png\" alt=\"video\"><\/span><\/a><\/div>\n<p><a href=\"https:\/\/www.tvbuzau.ro\/category\/actualitate\/\" class=\"td-post-category\">Actualitate<\/a><\/div>\n<div class=\"item-details\">\n<h3 class=\"entry-title td-module-title\"><a href=\"https:\/\/www.tvbuzau.ro\/politistii-locali-au-castigat-procesul-cu-primaria\/\" rel=\"bookmark\" title=\"Poli\u0163i\u015ftii locali au c\u00e2\u015ftigat procesul cu Prim\u0103ria\">Poli\u0163i\u015ftii locali au c\u00e2\u015ftigat procesul cu Prim\u0103ria<\/a><\/h3>\n<\/div>\n<\/div>\n<\/div>\n<div class=\"td-related-span4\">\n<div class=\"td_module_related_posts td-animation-stack td_mod_related_posts\">\n<div class=\"td-module-image\">\n<div class=\"td-module-thumb\"><a href=\"https:\/\/www.tvbuzau.ro\/scandalul-gardurilor-vii-continua\/\" rel=\"bookmark\" title=\"Scandalul gardurilor vii continu\u0103\"><img loading=\"lazy\" decoding=\"async\" width=\"218\" height=\"150\" class=\"entry-thumb\" src=\"https:\/\/www.tvbuzau.ro\/wp-content\/uploads\/2026\/02\/sddefault-7-218x150.jpg\" alt title=\"Scandalul gardurilor vii continu\u0103\"><span class=\"td-video-play-ico\"><img loading=\"lazy\" decoding=\"async\" width=\"40\" height=\"40\" class=\"td-retina\" src=\"https:\/\/www.tvbuzau.ro\/wp-content\/themes\/Newspaper\/images\/icons\/ico-video-large.png\" alt=\"video\"><\/span><\/a><\/div>\n<p><a href=\"https:\/\/www.tvbuzau.ro\/category\/actualitate\/\" class=\"td-post-category\">Actualitate<\/a><\/div>\n<div class=\"item-details\">\n<h3 class=\"entry-title td-module-title\"><a href=\"https:\/\/www.tvbuzau.ro\/scandalul-gardurilor-vii-continua\/\" rel=\"bookmark\" title=\"Scandalul gardurilor vii continu\u0103\">Scandalul gardurilor vii continu\u0103<\/a><\/h3>\n<\/div>\n<\/div>\n<\/div>\n<div class=\"td-related-span4\">\n<div class=\"td_module_related_posts td-animation-stack td_mod_related_posts\">\n<div class=\"td-module-image\">\n<div class=\"td-module-thumb\"><a href=\"https:\/\/www.tvbuzau.ro\/sistem-de-anticipare-a-replicilor-seismice-in-romania\/\" rel=\"bookmark\" title=\"Sistem de  anticipare a replicilor seismice \u00een Rom\u00e2nia\"><img loading=\"lazy\" decoding=\"async\" width=\"218\" height=\"150\" class=\"entry-thumb\" src=\"https:\/\/www.tvbuzau.ro\/wp-content\/uploads\/2026\/02\/sddefault-6-218x150.jpg\" alt title=\"Sistem de  anticipare a replicilor seismice \u00een Rom\u00e2nia\"><span class=\"td-video-play-ico\"><img loading=\"lazy\" decoding=\"async\" width=\"40\" height=\"40\" class=\"td-retina\" src=\"https:\/\/www.tvbuzau.ro\/wp-content\/themes\/Newspaper\/images\/icons\/ico-video-large.png\" alt=\"video\"><\/span><\/a><\/div>\n<p><a href=\"https:\/\/www.tvbuzau.ro\/category\/actualitate\/\" class=\"td-post-category\">Actualitate<\/a><\/div>\n<div class=\"item-details\">\n<h3 class=\"entry-title td-module-title\"><a href=\"https:\/\/www.tvbuzau.ro\/sistem-de-anticipare-a-replicilor-seismice-in-romania\/\" rel=\"bookmark\" title=\"Sistem de  anticipare a replicilor seismice \u00een Rom\u00e2nia\">Sistem de  anticipare a replicilor seismice \u00een Rom\u00e2nia<\/a><\/h3>\n<\/div>\n<\/div>\n<\/div>\n<\/div>\n<\/div>\n<\/div>\n<div class=\"comments\" id=\"comments\">\n<div id=\"respond\" class=\"comment-respond\">\n<h3 id=\"reply-title\" class=\"comment-reply-title\">L\u0102SA\u021aI UN MESAJ <small><a rel=\"nofollow\" id=\"cancel-comment-reply-link\" href=\"https:\/\/www.tvbuzau.ro\/de-unde-vin-diferentele-si-pierderile-la-apa\/#respond\">Renun\u021ba\u021bi la r\u0103spuns<\/a><\/small><\/h3>\n<\/div>\n<\/div>\n<\/div>\n<div class=\"td-post-content\">\n<div class=\"td-featured-image-rec\">\n<div class=\"wpb_video_wrapper\">\n                    <iframe loading=\"lazy\" id=\"td_youtube_player\" width=\"600\" height=\"560\" src=\"https:\/\/www.youtube.com\/embed\/7nl8jbBCEKA?enablejsapi=1&amp;feature=oembed&amp;wmode=opaque&amp;vq=hd720\" frameborder allowfullscreen><\/iframe><\/p><\/div>\n<\/div>\n<p>Ce consum \u00een plus a \u00eenregistrat un bloc din Buz\u0103u<br \/>\nDe multe ori, buzoienii reclam\u0103 diferen\u021bele mari reg\u0103site \u00een facturile emise de Compania de Ap\u0103. Cauzele sunt diverse, atrage aten\u0163ia Compania de Ap\u0103 Buz\u0103u, dar pot fi eliminate printr-un efort comun al utilizatorilor \u0219i al reprezentan\u021bilor asocia\u021biilor de proprietari.<\/p>\n<p>Compania de Ap\u0103 Buz\u0103u<br \/>\n\u201c\u00cen ultimele dou\u0103 luni, la un bloc din municipiul Buz\u0103u, diferen\u021bele au \u00eensumat peste 14 metri cubi de ap\u0103.  To\u021bi locatarii din acel bloc au instalate apometre inteligente, cu citire de la distan\u021b\u0103. Firma care gestioneaz\u0103 aceste aparate de m\u0103sur\u0103 a aten\u021bionat asocia\u021bia de proprietari c\u0103 au ap\u0103rut probleme care pot indica un incident \u00een instala\u021bia interioar\u0103 a blocului sau pierderi care nu au fost sesizate de c\u0103tre proprietarii apartamentelor. Pierderi continue, consum 0, sau consum necitit, au fost c\u00e2teva dintre neregulile semnalate\u201d, arat\u0103 operatorul economic.<br \/>\n\u00cen acest context, furnizorul de ap\u0103 potabil\u0103 atrage aten\u021bia c\u0103 aparatele de m\u0103sur\u0103 au un debit minim de pornire. \u00cen cazul \u00een care pierderea este continu\u0103, dar are un debit mic, apometrul din apartament nu \u00eenregistreaz\u0103 acea cantitate de ap\u0103.<\/p>\n<p>Compania de Ap\u0103 Buz\u0103u<br \/>\n\u201cDe exemplu, dac\u0103 o pierdere de 9 litri\/or\u0103 este continu\u0103, cantitatea de ap\u0103 pierdut\u0103 \u00eentr-o lun\u0103 este de 6,57 metri cubi. Dac\u0103 astfel de probleme apar \u00een mai multe apartamente, diferen\u021bele reg\u0103site pe factura fiec\u0103rui proprietar din acel imobil vor fi mai mari. Un singur robinet neetan\u0219 poate duce la o pierdere de p\u00e2n\u0103 la 18 metri cubi ap\u0103\/lun\u0103, cantitate ne\u00eenregistrat\u0103 de apometrul din apartament. Pentru compara\u021bie, o persoan\u0103 consum\u0103, teoretic, \u00een medie, 6 metri cubi de ap\u0103 rece \u00eentr-o lun\u0103\u201d, informeaz\u0103 operatorul de ap\u0103.<br \/>\nAstfel, pe l\u00e2ng\u0103 defec\u021biunile care apar \u00een instala\u021bia interioar\u0103, sunt \u0219i alte situa\u021bii \u00een care apa folosit\u0103 \u00een blocuri nu este \u00eenregistrat\u0103 pe aparatele de m\u0103sur\u0103 din apartamente.  Compania mai arat\u0103 c\u0103 au fost identificate cazuri \u00een care s-au montat robine\u021bi pe instala\u021bia comun\u0103 a blocului, de exemplu \u00een subsol, pentru utilizarea apei \u00een interes personal (sp\u0103larea autoturismului \u00een fa\u021ba blocului, igienizarea recipientelor pentru conserve, etc.).<br \/>\nSunt \u0219i blocuri \u00een municipiul Buz\u0103u \u00een care nu exist\u0103 diferen\u021be \u00eentre consumul contorizat \u0219i cel de pe factur\u0103.<br \/>\nResponsabilitatea de a verifica toate instala\u021biile interioare ale blocurilor, de a verifica periodic repartitoarele de costuri, de a verifica toate p\u0103r\u021bile comune ale re\u021belei de distribu\u021bie a apei pentru identificarea eventualelor consumuri clandestine, este strict a utilizatorului.<\/p>\n<div class=\"post-views post-117923 entry-meta\"><span class=\"post-views-label\">Post Views: <\/span><span class=\"post-views-count\">141<\/span><\/div>\n<\/div>\n<p>[analyse_source url=&#8221;https:\/\/www.tvbuzau.ro\/de-unde-vin-diferentele-si-pierderile-la-apa\/&#8221;]<\/p>\n","protected":false},"excerpt":{"rendered":"<p>[analyse_image type=&#8221;featured&#8221; src=&#8221;https:\/\/www.tvbuzau.ro\/wp-content\/uploads\/2026\/02\/hqdefault.jpghttps:\/\/www.tvbuzau.ro\/wp-content\/uploads\/2026\/02\/hqdefault.jpg&#8221;] Actualitate De unde vin diferen\u0163ele \u015fi pierderile la ap\u0103? De c\u0103tre TV Buz\u0103u &#8211; februarie 2, 2026 0 8 Distribui\u021bi pe Facebook Distribui\u021bi pe Twitter tweet Ce consum \u00een plus a \u00eenregistrat un bloc din Buz\u0103u De multe ori, buzoienii reclam\u0103 diferen\u021bele mari reg\u0103site \u00een facturile emise de Compania de Ap\u0103. Cauzele [&hellip;]<\/p>\n","protected":false},"author":1,"featured_media":0,"comment_status":"open","ping_status":"","sticky":false,"template":"","format":"standard","meta":{"footnotes":""},"categories":[2],"tags":[226,116],"class_list":["post-1751283","post","type-post","status-publish","format-standard","hentry","category-politics","tag-crawlmanager","tag-tvbuzau-ro"],"_links":{"self":[{"href":"https:\/\/analyse.optim.biz\/index.php?rest_route=\/wp\/v2\/posts\/1751283","targetHints":{"allow":["GET"]}}],"collection":[{"href":"https:\/\/analyse.optim.biz\/index.php?rest_route=\/wp\/v2\/posts"}],"about":[{"href":"https:\/\/analyse.optim.biz\/index.php?rest_route=\/wp\/v2\/types\/post"}],"author":[{"embeddable":true,"href":"https:\/\/analyse.optim.biz\/index.php?rest_route=\/wp\/v2\/users\/1"}],"replies":[{"embeddable":true,"href":"https:\/\/analyse.optim.biz\/index.php?rest_route=%2Fwp%2Fv2%2Fcomments&post=1751283"}],"version-history":[{"count":0,"href":"https:\/\/analyse.optim.biz\/index.php?rest_route=\/wp\/v2\/posts\/1751283\/revisions"}],"wp:attachment":[{"href":"https:\/\/analyse.optim.biz\/index.php?rest_route=%2Fwp%2Fv2%2Fmedia&parent=1751283"}],"wp:term":[{"taxonomy":"category","embeddable":true,"href":"https:\/\/analyse.optim.biz\/index.php?rest_route=%2Fwp%2Fv2%2Fcategories&post=1751283"},{"taxonomy":"post_tag","embeddable":true,"href":"https:\/\/analyse.optim.biz\/index.php?rest_route=%2Fwp%2Fv2%2Ftags&post=1751283"}],"curies":[{"name":"wp","href":"https:\/\/api.w.org\/{rel}","templated":true}]}}