{"id":175106,"date":"2015-09-08T04:59:20","date_gmt":"2015-09-08T01:59:20","guid":{"rendered":"https:\/\/analyse.optim.biz\/?p=175106"},"modified":"2015-09-08T04:59:20","modified_gmt":"2015-09-08T01:59:20","slug":"klaus-iohannis-respinge-propunerea-lui-liviu-dragnea-de-revizuire-a-constitutiei","status":"publish","type":"post","link":"https:\/\/analyse.optim.biz\/?p=175106","title":{"rendered":"Klaus Iohannis respinge propunerea lui Liviu Dragnea de revizuire a Constitu\u021biei"},"content":{"rendered":"<div class=\"entry data-app-meta data-app-meta-article\" data-embed-base-url-canonical=\"https:\/\/www.digi24.ro\/embed\/stiri\/actualitate\/politica\/klaus-iohannis-respinge-propunerea-lui-liviu-dragnea-de-revizuire-a-constitutiei-435758\">\n<p data-index=\"1\"><img decoding=\"async\" src=\"https:\/\/analyse.optim.biz\/wp-content\/uploads\/2024\/09\/nwzmody3zgiwy2jiotlmodg2njqxmdcwnja5ywi-thumb_.jpg\" data-skip-htmlfix=\"1\" title=\"nwzmody3zgiwy2jiotlmodg2njqxmdcwnja5ywi-thumb_\"><\/p>\n<p data-index=\"2\"><em>FOTO: presidency.ro<\/em><\/p>\n<p data-index=\"3\">Reporterul Digi24 Alina Manolache l-a \u00eentrebat luni pe pre\u0219edintele Klaus Iohannis, \u00eentr-o conferin\u021b\u0103 de pres\u0103, cum vede propunerile pre\u0219edintelui interimar al PSD \u0219i care este rela\u021bia sa cu Liviu Dragnea.<\/p>\n<p>\u201e\u00cen esen\u0163\u0103, este bine, chiar foarte bine s\u0103 existe un dialog politic. Este foarte bine ca \u00een anumite chestiuni sensibile s\u0103 existe consens, discu\u0163ie, consens, cum am avut la Codul Fiscal, de exemplu, dar \u00een ansamblu rolul partidelor politice nu este s\u0103 lucreze consensual, ci fiecare s\u0103-\u015fi prezinte viziunea, ideile, politicile publice. At\u00e2t despre colaborare\u201d, a r\u0103spuns pre\u0219edintele.<\/p>\n<p data-index=\"4\">\u00cen ce prive\u015fte Constitu\u0163ia, \u0219eful statului a spus c\u0103 nu i se pare o idee bun\u0103 ini\u021bierea unei asemenea discu\u021bii, practic, \u00een an electoral, pentru c\u0103 mai sunt c\u00e2teva luni p\u00e2n\u0103 \u00eencepe efectiv anul electoral 2016. \u201eA\u015fa ceva nu se face. Constitu\u0163ia se discut\u0103 \u015fi se modific\u0103 \u00eentr-o perioad\u0103 de calm politic, asta \u00eenseamn\u0103 dup\u0103 anul electoral, nu \u00eenaintea anului electoral\u201d, a explicat Klaus Iohannis.<\/p>\n<p data-index=\"5\">\u201eDac\u0103 nu s-au \u00een\u0163eles imediat dup\u0103 alegerile din 2012, c\u00e2nd cred c\u0103 a existat \u015fi o majoritate confortabil\u0103, cum s-ar \u00een\u0163elege acum, c\u00e2nd fiecare partid politic nu numai c\u0103 vrea, are chiar datoria s\u0103 se profileze \u00een fa\u0163a electoratului. Deci, discu\u0163ia pe Constitu\u0163ie, cu mare pl\u0103cere dup\u0103 anul 2016\u201d, a ad\u0103ugat pre\u0219edintele.<\/p>\n<p data-index=\"6\">Pre\u0219edintele interimar al PSD, Liviu Dragnea, <a href=\"https:\/\/www.digi24.ro\/Stiri\/Digi24\/Actualitate\/Politica\/Proiect+PSD+Toate+alegerile+sa+fie+organizate+in+acelasi+an\" target=\"_blank\" data-skip-linkfix=\"1\" rel=\"noopener\">propune modificarea Constitu\u0163iei<\/a> astfel \u00eenc\u00e2t alegerile locale, parlamentare \u015fi preziden\u0163iale s\u0103 aib\u0103 loc \u00een acela\u015fi timp. Pentru acest proiect este nevoie \u00eens\u0103, fie ca mandatul pre\u015fedintelui s\u0103 fie redus, fie ca mandatele celorlal\u0163i ale\u015fi s\u0103 fie majorate cu un an. Social-democra\u0163ii au spus c\u0103 a\u015fteapt\u0103 un r\u0103spuns de la Opozi\u0163ie, dar \u015fi de la pre\u015fedintele Klaus Iohannis privind reluarea lucr\u0103rilor Comisiei de revizuire a Constitu\u0163iei.<\/p>\n<\/div>\n<p> Source URL: https:\/\/www.digi24.ro\/stiri\/actualitate\/politica\/klaus-iohannis-respinge-propunerea-lui-liviu-dragnea-de-revizuire-a-constitutiei-435758<\/p>\n","protected":false},"excerpt":{"rendered":"<p>FOTO: presidency.ro Reporterul Digi24 Alina Manolache l-a \u00eentrebat luni pe pre\u0219edintele Klaus Iohannis, \u00eentr-o conferin\u021b\u0103 de pres\u0103, cum vede propunerile pre\u0219edintelui interimar al PSD \u0219i care este rela\u021bia sa cu Liviu Dragnea. \u201e\u00cen esen\u0163\u0103, este bine, chiar foarte bine s\u0103 existe un dialog politic. Este foarte bine ca \u00een anumite chestiuni sensibile s\u0103 existe consens, [&hellip;]<\/p>\n","protected":false},"author":1,"featured_media":175107,"comment_status":"open","ping_status":"","sticky":false,"template":"","format":"standard","meta":{"footnotes":""},"categories":[2],"tags":[11],"class_list":["post-175106","post","type-post","status-publish","format-standard","has-post-thumbnail","hentry","category-politics","tag-digi24"],"_links":{"self":[{"href":"https:\/\/analyse.optim.biz\/index.php?rest_route=\/wp\/v2\/posts\/175106","targetHints":{"allow":["GET"]}}],"collection":[{"href":"https:\/\/analyse.optim.biz\/index.php?rest_route=\/wp\/v2\/posts"}],"about":[{"href":"https:\/\/analyse.optim.biz\/index.php?rest_route=\/wp\/v2\/types\/post"}],"author":[{"embeddable":true,"href":"https:\/\/analyse.optim.biz\/index.php?rest_route=\/wp\/v2\/users\/1"}],"replies":[{"embeddable":true,"href":"https:\/\/analyse.optim.biz\/index.php?rest_route=%2Fwp%2Fv2%2Fcomments&post=175106"}],"version-history":[{"count":0,"href":"https:\/\/analyse.optim.biz\/index.php?rest_route=\/wp\/v2\/posts\/175106\/revisions"}],"wp:featuredmedia":[{"embeddable":true,"href":"https:\/\/analyse.optim.biz\/index.php?rest_route=\/wp\/v2\/media\/175107"}],"wp:attachment":[{"href":"https:\/\/analyse.optim.biz\/index.php?rest_route=%2Fwp%2Fv2%2Fmedia&parent=175106"}],"wp:term":[{"taxonomy":"category","embeddable":true,"href":"https:\/\/analyse.optim.biz\/index.php?rest_route=%2Fwp%2Fv2%2Fcategories&post=175106"},{"taxonomy":"post_tag","embeddable":true,"href":"https:\/\/analyse.optim.biz\/index.php?rest_route=%2Fwp%2Fv2%2Ftags&post=175106"}],"curies":[{"name":"wp","href":"https:\/\/api.w.org\/{rel}","templated":true}]}}