{"id":1750951,"date":"2026-02-04T20:39:59","date_gmt":"2026-02-04T17:39:59","guid":{"rendered":"https:\/\/analyse.optim.biz\/?p=1750951"},"modified":"2026-02-04T20:39:59","modified_gmt":"2026-02-04T17:39:59","slug":"razie-in-sistem-releu-pe-dn2e85","status":"publish","type":"post","link":"https:\/\/analyse.optim.biz\/?p=1750951","title":{"rendered":"Razie \u00een sistem RELEU pe DN2E85"},"content":{"rendered":"<p>[analyse_image type=&#8221;featured&#8221; src=&#8221;https:\/\/www.tvbuzau.ro\/wp-content\/uploads\/2026\/02\/sddefault-9.jpghttps:\/\/www.tvbuzau.ro\/wp-content\/uploads\/2026\/02\/sddefault-9.jpg&#8221;]<\/p>\n<div class=\"td-ss-main-content\">\n<article id=\"post-117968\" class=\"post-117968 post type-post status-publish format-video has-post-thumbnail hentry category-actualitate post_format-post-format-video\">\n<div class=\"td-post-header\">\n<ul class=\"td-category\">\n<li class=\"entry-category\"><a href=\"https:\/\/www.tvbuzau.ro\/category\/actualitate\/\">Actualitate<\/a><\/li>\n<\/ul>\n<header class=\"td-post-title\">\n<h1 class=\"entry-title\">Razie \u00een sistem RELEU pe DN2E85<\/h1>\n<div class=\"td-module-meta-info\">\n<div class=\"td-post-author-name\">De c\u0103tre <a href=\"https:\/\/www.tvbuzau.ro\/author\/mihai-vasilescu\/\">TV Buz\u0103u<\/a> &#8211; <\/div>\n<p><span class=\"td-post-date\"><time class=\"entry-date updated td-module-date\" datetime=\"2026-02-04T20:39:59+00:00\">februarie 4, 2026<\/time><\/span><\/p>\n<div class=\"td-post-comments\"><a href=\"https:\/\/www.tvbuzau.ro\/razie-in-sistem-releu-pe-dn2e85\/#respond\">0<\/a><\/div>\n<div class=\"td-post-views\"><span class=\"td-nr-views-117968\">12<\/span><\/div>\n<\/div>\n<\/header>\n<\/div>\n<div class=\"td-post-sharing td-post-sharing-top td-with-like\">\n<div class=\"td-default-sharing\"><a class=\"td-social-sharing-buttons td-social-facebook\" href=\"http:\/\/www.facebook.com\/sharer.php?u=https%3A%2F%2Fwww.tvbuzau.ro%2Frazie-in-sistem-releu-pe-dn2e85%2F\"><\/p>\n<div class=\"td-social-but-text\">Distribui\u021bi pe Facebook<\/div>\n<p><\/a><a class=\"td-social-sharing-buttons td-social-twitter\" href=\"https:\/\/twitter.com\/intent\/tweet?text=Razie+%C3%AEn+sistem+RELEU+pe+DN2E85&amp;url=https%3A%2F%2Fwww.tvbuzau.ro%2Frazie-in-sistem-releu-pe-dn2e85%2F&amp;via=TV+Buz%C4%83u\"><\/p>\n<div class=\"td-social-but-text\">Distribui\u021bi pe Twitter<\/div>\n<p><\/a><\/div>\n<div class=\"td-classic-sharing\">\n<ul>\n<li class=\"td-classic-facebook\"><iframe frameborder src=\"https:\/\/www.facebook.com\/plugins\/like.php?href=https:\/\/www.tvbuzau.ro\/razie-in-sistem-releu-pe-dn2e85\/&amp;layout=button_count&amp;show_faces=false&amp;width=105&amp;action=like&amp;colorscheme=light&amp;height=21\"><\/iframe><\/li>\n<li class=\"td-classic-twitter\"><a href=\"https:\/\/twitter.com\/share\" class=\"twitter-share-button\" data-url=\"https:\/\/www.tvbuzau.ro\/razie-in-sistem-releu-pe-dn2e85\/\" data-text=\"Razie \u00een sistem RELEU pe DN2E85\" data-via data-lang=\"en\">tweet<\/a><\/li>\n<\/ul>\n<\/div>\n<\/div>\n<div class=\"td-post-content\">\n<div class=\"td-featured-image-rec\">\n<div class=\"wpb_video_wrapper\">\n                    <iframe loading=\"lazy\" id=\"td_youtube_player\" width=\"600\" height=\"560\" src=\"https:\/\/www.youtube.com\/embed\/Rjtw33xESMc?enablejsapi=1&amp;feature=oembed&amp;wmode=opaque&amp;vq=hd720\" frameborder allowfullscreen><\/iframe><\/p><\/div>\n<\/div>\n<p>Zeci de amenzi pentru indisciplina rutier\u0103<br \/>\nPoli\u021bi\u0219tii rutieri din cadrul Inspectoratului de Poli\u021bie Jude\u021bean Buz\u0103u au desf\u0103\u0219urat pe DN2E85 o ac\u021biune \u201eRELEU\u201d, pentru reducerea riscului rutier \u0219i pentru prevenirea accidentelor de circula\u021bie. Al\u0103turi de oamenii legii s-au mai aflat reprezentan\u021bii Registrului Auto Rom\u00e2n \u0219i cei ai Inspectoratului de Stat pentru Controlul \u00een Transportul Rutier. \u00cen cadrul ac\u021biunii s-a urm\u0103rit reducerea riscului rutier, impunerea respect\u0103rii regimului legal de vitez\u0103 \u0219i adoptarea unei conduite preventive \u00een trafic.<br \/>\nAu fost oprite pentru control \u00een trafic peste 100 de autovehicule, pentru abaterile constatate fiind aplicate 94 de sanc\u021biuni contraven\u021bionale, \u00een valoare total\u0103 de aproximativ 28.000 lei.<br \/>\n 53 dintre sanc\u021biuni au fost aplicate pentru nerespectarea limitelor legale de vitez\u0103, 14 pentrul neportul centurii de siguran\u021b\u0103 \u0219i 27 pentru alte abateri la regimul rutier.<br \/>\nTotodat\u0103, \u00een cazul a 16 autovehicule ce prezentau defec\u021biuni tehnice, \u0219oferii au fost aten\u021biona\u021bi \u00een sensul remedierii, iar \u00een cazul a trei autovehicule neconforme din punct de vedere tehnic, oamenii legii au retras certificatele de \u00eenmatriculare.<br \/>\nActivit\u0103\u021bile \u00een trafic vor continua \u00een perioada urm\u0103toare, pentru siguran\u021ba dumneavoastr\u0103, anun\u0163\u0103 IPJ Buz\u0103u.<\/p>\n<div class=\"post-views post-117968 entry-meta\"><span class=\"post-views-label\">Post Views: <\/span><span class=\"post-views-count\">94<\/span><\/div>\n<\/div>\n<footer>\n<div class=\"td-post-sharing td-post-sharing-bottom td-with-like\"><span class=\"td-post-share-title\">DISTRIBUI\u021aI<\/span><\/p>\n<div class=\"td-default-sharing\"><a class=\"td-social-sharing-buttons td-social-facebook\" href=\"http:\/\/www.facebook.com\/sharer.php?u=https%3A%2F%2Fwww.tvbuzau.ro%2Frazie-in-sistem-releu-pe-dn2e85%2F\"><\/p>\n<div class=\"td-social-but-text\">Facebook<\/div>\n<p><\/a><a class=\"td-social-sharing-buttons td-social-twitter\" href=\"https:\/\/twitter.com\/intent\/tweet?text=Razie+%C3%AEn+sistem+RELEU+pe+DN2E85&amp;url=https%3A%2F%2Fwww.tvbuzau.ro%2Frazie-in-sistem-releu-pe-dn2e85%2F&amp;via=TV+Buz%C4%83u\"><\/p>\n<div class=\"td-social-but-text\">Twitter<\/div>\n<p><\/a><\/div>\n<div class=\"td-classic-sharing\">\n<ul>\n<li class=\"td-classic-facebook\"><iframe frameborder src=\"https:\/\/www.facebook.com\/plugins\/like.php?href=https:\/\/www.tvbuzau.ro\/razie-in-sistem-releu-pe-dn2e85\/&amp;layout=button_count&amp;show_faces=false&amp;width=105&amp;action=like&amp;colorscheme=light&amp;height=21\"><\/iframe><\/li>\n<li class=\"td-classic-twitter\"><a href=\"https:\/\/twitter.com\/share\" class=\"twitter-share-button\" data-url=\"https:\/\/www.tvbuzau.ro\/razie-in-sistem-releu-pe-dn2e85\/\" data-text=\"Razie \u00een sistem RELEU pe DN2E85\" data-via data-lang=\"en\">tweet<\/a><\/li>\n<\/ul>\n<\/div>\n<\/div>\n<div class=\"td-author-name vcard author\"><span class=\"fn\"><a href=\"https:\/\/www.tvbuzau.ro\/author\/mihai-vasilescu\/\">TV Buz\u0103u<\/a><\/span><\/div>\n<p><span><\/span><span><span><\/span><\/span><span><\/span><\/footer>\n<\/article>\n<div class=\"td_block_wrap td_block_related_posts td_uid_1_6983e4cec87e1_rand td_with_ajax_pagination td-pb-border-top\" data-td-block-uid=\"td_uid_1_6983e4cec87e1\">\n<h4 class=\"td-related-title\"><a id=\"td_uid_2_6983e4cecdaf3\" class=\"td-related-left td-cur-simple-item\" data-td_filter_value data-td_block_id=\"td_uid_1_6983e4cec87e1\" href=\"https:\/\/www.tvbuzau.ro\/razie-in-sistem-releu-pe-dn2e85\/\">ARTICOLE SIMILARE<\/a><a id=\"td_uid_3_6983e4cecdb2d\" class=\"td-related-right\" data-td_filter_value=\"td_related_more_from_author\" data-td_block_id=\"td_uid_1_6983e4cec87e1\" href=\"https:\/\/www.tvbuzau.ro\/razie-in-sistem-releu-pe-dn2e85\/\">DE LA ACELA\u0218I AUTOR<\/a><\/h4>\n<div id=\"td_uid_1_6983e4cec87e1\" class=\"td_block_inner\">\n<div class=\"td-related-row\">\n<div class=\"td-related-span4\">\n<div class=\"td_module_related_posts td-animation-stack td_mod_related_posts\">\n<div class=\"td-module-image\">\n<div class=\"td-module-thumb\"><a href=\"https:\/\/www.tvbuzau.ro\/buzaul-fruntas-la-productia-de-carne-de-porc\/\" rel=\"bookmark\" title=\"Buzaul frunta\u0219 la produc\u021bia de carne de porc\"><img loading=\"lazy\" decoding=\"async\" width=\"218\" height=\"150\" class=\"entry-thumb\" src=\"https:\/\/www.tvbuzau.ro\/wp-content\/uploads\/2026\/02\/hqdefault-6-218x150.jpg\" alt title=\"Buzaul frunta\u0219 la produc\u021bia de carne de porc\"><span class=\"td-video-play-ico\"><img loading=\"lazy\" decoding=\"async\" width=\"40\" height=\"40\" class=\"td-retina\" src=\"https:\/\/www.tvbuzau.ro\/wp-content\/themes\/Newspaper\/images\/icons\/ico-video-large.png\" alt=\"video\"><\/span><\/a><\/div>\n<p><a href=\"https:\/\/www.tvbuzau.ro\/category\/actualitate\/\" class=\"td-post-category\">Actualitate<\/a><\/div>\n<div class=\"item-details\">\n<h3 class=\"entry-title td-module-title\"><a href=\"https:\/\/www.tvbuzau.ro\/buzaul-fruntas-la-productia-de-carne-de-porc\/\" rel=\"bookmark\" title=\"Buzaul frunta\u0219 la produc\u021bia de carne de porc\">Buzaul frunta\u0219 la produc\u021bia de carne de porc<\/a><\/h3>\n<\/div>\n<\/div>\n<\/div>\n<div class=\"td-related-span4\">\n<div class=\"td_module_related_posts td-animation-stack td_mod_related_posts\">\n<div class=\"td-module-image\">\n<div class=\"td-module-thumb\"><a href=\"https:\/\/www.tvbuzau.ro\/contracte-de-131-milioane-lei-semnate-la-consiliul-judetean-buzau\/\" rel=\"bookmark\" title=\"Contracte de 131 milioane lei semnate la Consiliul Jude\u0163ean Buz\u0103u\"><img loading=\"lazy\" decoding=\"async\" width=\"218\" height=\"150\" class=\"entry-thumb\" src=\"https:\/\/www.tvbuzau.ro\/wp-content\/uploads\/2026\/02\/sddefault-10-218x150.jpg\" alt title=\"Contracte de 131 milioane lei semnate la Consiliul Jude\u0163ean Buz\u0103u\"><span class=\"td-video-play-ico\"><img loading=\"lazy\" decoding=\"async\" width=\"40\" height=\"40\" class=\"td-retina\" src=\"https:\/\/www.tvbuzau.ro\/wp-content\/themes\/Newspaper\/images\/icons\/ico-video-large.png\" alt=\"video\"><\/span><\/a><\/div>\n<p><a href=\"https:\/\/www.tvbuzau.ro\/category\/actualitate\/\" class=\"td-post-category\">Actualitate<\/a><\/div>\n<div class=\"item-details\">\n<h3 class=\"entry-title td-module-title\"><a href=\"https:\/\/www.tvbuzau.ro\/contracte-de-131-milioane-lei-semnate-la-consiliul-judetean-buzau\/\" rel=\"bookmark\" title=\"Contracte de 131 milioane lei semnate la Consiliul Jude\u0163ean Buz\u0103u\">Contracte de 131 milioane lei semnate la Consiliul Jude\u0163ean Buz\u0103u<\/a><\/h3>\n<\/div>\n<\/div>\n<\/div>\n<div class=\"td-related-span4\">\n<div class=\"td_module_related_posts td-animation-stack td_mod_related_posts\">\n<div class=\"td-module-image\">\n<div class=\"td-module-thumb\"><a href=\"https:\/\/www.tvbuzau.ro\/politistii-locali-au-castigat-procesul-cu-primaria\/\" rel=\"bookmark\" title=\"Poli\u0163i\u015ftii locali au c\u00e2\u015ftigat procesul cu Prim\u0103ria\"><img loading=\"lazy\" decoding=\"async\" width=\"218\" height=\"150\" class=\"entry-thumb\" src=\"https:\/\/www.tvbuzau.ro\/wp-content\/uploads\/2026\/02\/sddefault-8-218x150.jpg\" alt title=\"Poli\u0163i\u015ftii locali au c\u00e2\u015ftigat procesul cu Prim\u0103ria\"><span class=\"td-video-play-ico\"><img loading=\"lazy\" decoding=\"async\" width=\"40\" height=\"40\" class=\"td-retina\" src=\"https:\/\/www.tvbuzau.ro\/wp-content\/themes\/Newspaper\/images\/icons\/ico-video-large.png\" alt=\"video\"><\/span><\/a><\/div>\n<p><a href=\"https:\/\/www.tvbuzau.ro\/category\/actualitate\/\" class=\"td-post-category\">Actualitate<\/a><\/div>\n<div class=\"item-details\">\n<h3 class=\"entry-title td-module-title\"><a href=\"https:\/\/www.tvbuzau.ro\/politistii-locali-au-castigat-procesul-cu-primaria\/\" rel=\"bookmark\" title=\"Poli\u0163i\u015ftii locali au c\u00e2\u015ftigat procesul cu Prim\u0103ria\">Poli\u0163i\u015ftii locali au c\u00e2\u015ftigat procesul cu Prim\u0103ria<\/a><\/h3>\n<\/div>\n<\/div>\n<\/div>\n<\/div>\n<div class=\"td-related-row\">\n<div class=\"td-related-span4\">\n<div class=\"td_module_related_posts td-animation-stack td_mod_related_posts\">\n<div class=\"td-module-image\">\n<div class=\"td-module-thumb\"><a href=\"https:\/\/www.tvbuzau.ro\/scandalul-gardurilor-vii-continua\/\" rel=\"bookmark\" title=\"Scandalul gardurilor vii continu\u0103\"><img loading=\"lazy\" decoding=\"async\" width=\"218\" height=\"150\" class=\"entry-thumb\" src=\"https:\/\/www.tvbuzau.ro\/wp-content\/uploads\/2026\/02\/sddefault-7-218x150.jpg\" alt title=\"Scandalul gardurilor vii continu\u0103\"><span class=\"td-video-play-ico\"><img loading=\"lazy\" decoding=\"async\" width=\"40\" height=\"40\" class=\"td-retina\" src=\"https:\/\/www.tvbuzau.ro\/wp-content\/themes\/Newspaper\/images\/icons\/ico-video-large.png\" alt=\"video\"><\/span><\/a><\/div>\n<p><a href=\"https:\/\/www.tvbuzau.ro\/category\/actualitate\/\" class=\"td-post-category\">Actualitate<\/a><\/div>\n<div class=\"item-details\">\n<h3 class=\"entry-title td-module-title\"><a href=\"https:\/\/www.tvbuzau.ro\/scandalul-gardurilor-vii-continua\/\" rel=\"bookmark\" title=\"Scandalul gardurilor vii continu\u0103\">Scandalul gardurilor vii continu\u0103<\/a><\/h3>\n<\/div>\n<\/div>\n<\/div>\n<div class=\"td-related-span4\">\n<div class=\"td_module_related_posts td-animation-stack td_mod_related_posts\">\n<div class=\"td-module-image\">\n<div class=\"td-module-thumb\"><a href=\"https:\/\/www.tvbuzau.ro\/sistem-de-anticipare-a-replicilor-seismice-in-romania\/\" rel=\"bookmark\" title=\"Sistem de  anticipare a replicilor seismice \u00een Rom\u00e2nia\"><img loading=\"lazy\" decoding=\"async\" width=\"218\" height=\"150\" class=\"entry-thumb\" src=\"https:\/\/www.tvbuzau.ro\/wp-content\/uploads\/2026\/02\/sddefault-6-218x150.jpg\" alt title=\"Sistem de  anticipare a replicilor seismice \u00een Rom\u00e2nia\"><span class=\"td-video-play-ico\"><img loading=\"lazy\" decoding=\"async\" width=\"40\" height=\"40\" class=\"td-retina\" src=\"https:\/\/www.tvbuzau.ro\/wp-content\/themes\/Newspaper\/images\/icons\/ico-video-large.png\" alt=\"video\"><\/span><\/a><\/div>\n<p><a href=\"https:\/\/www.tvbuzau.ro\/category\/actualitate\/\" class=\"td-post-category\">Actualitate<\/a><\/div>\n<div class=\"item-details\">\n<h3 class=\"entry-title td-module-title\"><a href=\"https:\/\/www.tvbuzau.ro\/sistem-de-anticipare-a-replicilor-seismice-in-romania\/\" rel=\"bookmark\" title=\"Sistem de  anticipare a replicilor seismice \u00een Rom\u00e2nia\">Sistem de  anticipare a replicilor seismice \u00een Rom\u00e2nia<\/a><\/h3>\n<\/div>\n<\/div>\n<\/div>\n<div class=\"td-related-span4\">\n<div class=\"td_module_related_posts td-animation-stack td_mod_related_posts\">\n<div class=\"td-module-image\">\n<div class=\"td-module-thumb\"><a href=\"https:\/\/www.tvbuzau.ro\/doua-persoane-cu-numele-de-toma-constantin-in-primaria-buzau\/\" rel=\"bookmark\" title=\"Dou\u0103 persoane cu numele de Toma Constantin \u00een Prim\u0103ria Buz\u0103u\"><img loading=\"lazy\" decoding=\"async\" width=\"218\" height=\"150\" class=\"entry-thumb\" src=\"https:\/\/www.tvbuzau.ro\/wp-content\/uploads\/2026\/02\/sddefault-5-218x150.jpg\" alt title=\"Dou\u0103 persoane cu numele de Toma Constantin \u00een Prim\u0103ria Buz\u0103u\"><span class=\"td-video-play-ico\"><img loading=\"lazy\" decoding=\"async\" width=\"40\" height=\"40\" class=\"td-retina\" src=\"https:\/\/www.tvbuzau.ro\/wp-content\/themes\/Newspaper\/images\/icons\/ico-video-large.png\" alt=\"video\"><\/span><\/a><\/div>\n<p><a href=\"https:\/\/www.tvbuzau.ro\/category\/actualitate\/\" class=\"td-post-category\">Actualitate<\/a><\/div>\n<div class=\"item-details\">\n<h3 class=\"entry-title td-module-title\"><a href=\"https:\/\/www.tvbuzau.ro\/doua-persoane-cu-numele-de-toma-constantin-in-primaria-buzau\/\" rel=\"bookmark\" title=\"Dou\u0103 persoane cu numele de Toma Constantin \u00een Prim\u0103ria Buz\u0103u\">Dou\u0103 persoane cu numele de Toma Constantin \u00een Prim\u0103ria Buz\u0103u<\/a><\/h3>\n<\/div>\n<\/div>\n<\/div>\n<\/div>\n<\/div>\n<\/div>\n<div class=\"comments\" id=\"comments\">\n<div id=\"respond\" class=\"comment-respond\">\n<h3 id=\"reply-title\" class=\"comment-reply-title\">L\u0102SA\u021aI UN MESAJ <small><a rel=\"nofollow\" id=\"cancel-comment-reply-link\" href=\"https:\/\/www.tvbuzau.ro\/razie-in-sistem-releu-pe-dn2e85\/#respond\">Renun\u021ba\u021bi la r\u0103spuns<\/a><\/small><\/h3>\n<\/div>\n<\/div>\n<\/div>\n<div class=\"td-post-content\">\n<div class=\"td-featured-image-rec\">\n<div class=\"wpb_video_wrapper\">\n                    <iframe loading=\"lazy\" id=\"td_youtube_player\" width=\"600\" height=\"560\" src=\"https:\/\/www.youtube.com\/embed\/Rjtw33xESMc?enablejsapi=1&amp;feature=oembed&amp;wmode=opaque&amp;vq=hd720\" frameborder allowfullscreen><\/iframe><\/p><\/div>\n<\/div>\n<p>Zeci de amenzi pentru indisciplina rutier\u0103<br \/>\nPoli\u021bi\u0219tii rutieri din cadrul Inspectoratului de Poli\u021bie Jude\u021bean Buz\u0103u au desf\u0103\u0219urat pe DN2E85 o ac\u021biune \u201eRELEU\u201d, pentru reducerea riscului rutier \u0219i pentru prevenirea accidentelor de circula\u021bie. Al\u0103turi de oamenii legii s-au mai aflat reprezentan\u021bii Registrului Auto Rom\u00e2n \u0219i cei ai Inspectoratului de Stat pentru Controlul \u00een Transportul Rutier. \u00cen cadrul ac\u021biunii s-a urm\u0103rit reducerea riscului rutier, impunerea respect\u0103rii regimului legal de vitez\u0103 \u0219i adoptarea unei conduite preventive \u00een trafic.<br \/>\nAu fost oprite pentru control \u00een trafic peste 100 de autovehicule, pentru abaterile constatate fiind aplicate 94 de sanc\u021biuni contraven\u021bionale, \u00een valoare total\u0103 de aproximativ 28.000 lei.<br \/>\n 53 dintre sanc\u021biuni au fost aplicate pentru nerespectarea limitelor legale de vitez\u0103, 14 pentrul neportul centurii de siguran\u021b\u0103 \u0219i 27 pentru alte abateri la regimul rutier.<br \/>\nTotodat\u0103, \u00een cazul a 16 autovehicule ce prezentau defec\u021biuni tehnice, \u0219oferii au fost aten\u021biona\u021bi \u00een sensul remedierii, iar \u00een cazul a trei autovehicule neconforme din punct de vedere tehnic, oamenii legii au retras certificatele de \u00eenmatriculare.<br \/>\nActivit\u0103\u021bile \u00een trafic vor continua \u00een perioada urm\u0103toare, pentru siguran\u021ba dumneavoastr\u0103, anun\u0163\u0103 IPJ Buz\u0103u.<\/p>\n<div class=\"post-views post-117968 entry-meta\"><span class=\"post-views-label\">Post Views: <\/span><span class=\"post-views-count\">94<\/span><\/div>\n<\/div>\n<p>[analyse_source url=&#8221;https:\/\/www.tvbuzau.ro\/razie-in-sistem-releu-pe-dn2e85\/&#8221;]<\/p>\n","protected":false},"excerpt":{"rendered":"<p>[analyse_image type=&#8221;featured&#8221; src=&#8221;https:\/\/www.tvbuzau.ro\/wp-content\/uploads\/2026\/02\/sddefault-9.jpghttps:\/\/www.tvbuzau.ro\/wp-content\/uploads\/2026\/02\/sddefault-9.jpg&#8221;] Actualitate Razie \u00een sistem RELEU pe DN2E85 De c\u0103tre TV Buz\u0103u &#8211; februarie 4, 2026 0 12 Distribui\u021bi pe Facebook Distribui\u021bi pe Twitter tweet Zeci de amenzi pentru indisciplina rutier\u0103 Poli\u021bi\u0219tii rutieri din cadrul Inspectoratului de Poli\u021bie Jude\u021bean Buz\u0103u au desf\u0103\u0219urat pe DN2E85 o ac\u021biune \u201eRELEU\u201d, pentru reducerea riscului rutier \u0219i pentru [&hellip;]<\/p>\n","protected":false},"author":1,"featured_media":0,"comment_status":"open","ping_status":"","sticky":false,"template":"","format":"standard","meta":{"footnotes":""},"categories":[2],"tags":[226,116],"class_list":["post-1750951","post","type-post","status-publish","format-standard","hentry","category-politics","tag-crawlmanager","tag-tvbuzau-ro"],"_links":{"self":[{"href":"https:\/\/analyse.optim.biz\/index.php?rest_route=\/wp\/v2\/posts\/1750951","targetHints":{"allow":["GET"]}}],"collection":[{"href":"https:\/\/analyse.optim.biz\/index.php?rest_route=\/wp\/v2\/posts"}],"about":[{"href":"https:\/\/analyse.optim.biz\/index.php?rest_route=\/wp\/v2\/types\/post"}],"author":[{"embeddable":true,"href":"https:\/\/analyse.optim.biz\/index.php?rest_route=\/wp\/v2\/users\/1"}],"replies":[{"embeddable":true,"href":"https:\/\/analyse.optim.biz\/index.php?rest_route=%2Fwp%2Fv2%2Fcomments&post=1750951"}],"version-history":[{"count":0,"href":"https:\/\/analyse.optim.biz\/index.php?rest_route=\/wp\/v2\/posts\/1750951\/revisions"}],"wp:attachment":[{"href":"https:\/\/analyse.optim.biz\/index.php?rest_route=%2Fwp%2Fv2%2Fmedia&parent=1750951"}],"wp:term":[{"taxonomy":"category","embeddable":true,"href":"https:\/\/analyse.optim.biz\/index.php?rest_route=%2Fwp%2Fv2%2Fcategories&post=1750951"},{"taxonomy":"post_tag","embeddable":true,"href":"https:\/\/analyse.optim.biz\/index.php?rest_route=%2Fwp%2Fv2%2Ftags&post=1750951"}],"curies":[{"name":"wp","href":"https:\/\/api.w.org\/{rel}","templated":true}]}}