{"id":1750949,"date":"2026-02-04T20:37:09","date_gmt":"2026-02-04T17:37:09","guid":{"rendered":"https:\/\/analyse.optim.biz\/?p=1750949"},"modified":"2026-02-04T20:37:09","modified_gmt":"2026-02-04T17:37:09","slug":"sistem-de-anticipare-a-replicilor-seismice-in-romania","status":"publish","type":"post","link":"https:\/\/analyse.optim.biz\/?p=1750949","title":{"rendered":"Sistem de anticipare a replicilor seismice \u00een Rom\u00e2nia"},"content":{"rendered":"<p>[analyse_image type=&#8221;featured&#8221; src=&#8221;https:\/\/www.tvbuzau.ro\/wp-content\/uploads\/2026\/02\/sddefault-6.jpghttps:\/\/www.tvbuzau.ro\/wp-content\/uploads\/2026\/02\/sddefault-6.jpg&#8221;]<\/p>\n<div class=\"td-ss-main-content\">\n<article id=\"post-117959\" class=\"post-117959 post type-post status-publish format-video has-post-thumbnail hentry category-actualitate post_format-post-format-video\">\n<div class=\"td-post-header\">\n<ul class=\"td-category\">\n<li class=\"entry-category\"><a href=\"https:\/\/www.tvbuzau.ro\/category\/actualitate\/\">Actualitate<\/a><\/li>\n<\/ul>\n<header class=\"td-post-title\">\n<h1 class=\"entry-title\">Sistem de  anticipare a replicilor seismice \u00een Rom\u00e2nia<\/h1>\n<div class=\"td-module-meta-info\">\n<div class=\"td-post-author-name\">De c\u0103tre <a href=\"https:\/\/www.tvbuzau.ro\/author\/mihai-vasilescu\/\">TV Buz\u0103u<\/a> &#8211; <\/div>\n<p><span class=\"td-post-date\"><time class=\"entry-date updated td-module-date\" datetime=\"2026-02-04T20:37:09+00:00\">februarie 4, 2026<\/time><\/span><\/p>\n<div class=\"td-post-comments\"><a href=\"https:\/\/www.tvbuzau.ro\/sistem-de-anticipare-a-replicilor-seismice-in-romania\/#respond\">0<\/a><\/div>\n<div class=\"td-post-views\"><span class=\"td-nr-views-117959\">8<\/span><\/div>\n<\/div>\n<\/header>\n<\/div>\n<div class=\"td-post-sharing td-post-sharing-top td-with-like\">\n<div class=\"td-default-sharing\"><a class=\"td-social-sharing-buttons td-social-facebook\" href=\"http:\/\/www.facebook.com\/sharer.php?u=https%3A%2F%2Fwww.tvbuzau.ro%2Fsistem-de-anticipare-a-replicilor-seismice-in-romania%2F\"><\/p>\n<div class=\"td-social-but-text\">Distribui\u021bi pe Facebook<\/div>\n<p><\/a><a class=\"td-social-sharing-buttons td-social-twitter\" href=\"https:\/\/twitter.com\/intent\/tweet?text=Sistem+de++anticipare+a+replicilor+seismice+%C3%AEn+Rom%C3%A2nia&amp;url=https%3A%2F%2Fwww.tvbuzau.ro%2Fsistem-de-anticipare-a-replicilor-seismice-in-romania%2F&amp;via=TV+Buz%C4%83u\"><\/p>\n<div class=\"td-social-but-text\">Distribui\u021bi pe Twitter<\/div>\n<p><\/a><\/div>\n<div class=\"td-classic-sharing\">\n<ul>\n<li class=\"td-classic-facebook\"><iframe frameborder src=\"https:\/\/www.facebook.com\/plugins\/like.php?href=https:\/\/www.tvbuzau.ro\/sistem-de-anticipare-a-replicilor-seismice-in-romania\/&amp;layout=button_count&amp;show_faces=false&amp;width=105&amp;action=like&amp;colorscheme=light&amp;height=21\"><\/iframe><\/li>\n<li class=\"td-classic-twitter\"><a href=\"https:\/\/twitter.com\/share\" class=\"twitter-share-button\" data-url=\"https:\/\/www.tvbuzau.ro\/sistem-de-anticipare-a-replicilor-seismice-in-romania\/\" data-text=\"Sistem de  anticipare a replicilor seismice \u00een Rom\u00e2nia\" data-via data-lang=\"en\">tweet<\/a><\/li>\n<\/ul>\n<\/div>\n<\/div>\n<div class=\"td-post-content\">\n<div class=\"td-featured-image-rec\">\n<div class=\"wpb_video_wrapper\">\n                    <iframe loading=\"lazy\" id=\"td_youtube_player\" width=\"600\" height=\"560\" src=\"https:\/\/www.youtube.com\/embed\/1h82xJdhCz4?enablejsapi=1&amp;feature=oembed&amp;wmode=opaque&amp;vq=hd720\" frameborder allowfullscreen><\/iframe><\/p><\/div>\n<\/div>\n<p>Metoda utilizeaz\u0103 tehnici statistice aplicate cu succes \u00een Japonia<br \/>\nCercet\u0103tori ai Institutului Na\u0163ional de Cercetare -Dezvoltare pentru Fizica P\u0103m\u00e2ntului au realizat un studiu care urm\u0103re\u0219te dezvoltarea unui sistem de anticipare a replicilor seismice \u00een Rom\u00e2nia. Scopul este de a furniza prognoze din primele ore \u0219i p\u00e2n\u0103 la c\u00e2teva zile dup\u0103 producearea unui cutremur principal.<br \/>\nMetoda utilizeaz\u0103 tehnici statistice aplicate cu succes \u00een Japonia, adaptate pentru condi\u021biile seismice din Rom\u00e2nia, informeaz\u0103 INCDFP.<\/p>\n<p>INCDFP<br \/>\n\u201cAnaliza a fost realizat\u0103 pe dou\u0103 secven\u021be de replici seismice de suprafa\u021b\u0103, generate de \u0219ocurile principale din 2014 din Vrancea-M\u0103r\u0103\u0219e\u0219ti \u0219i din 2023 din Gorj-Oltenia\u2026<br \/>\nCercet\u0103torii au estimat probabilitatea producerii replicilor seismice pentru cele dou\u0103 regiuni, \u00een func\u021bie de magnitudine, realiz\u00e2nd prognoze pe baza unor perioade de \u00eenv\u0103\u021bare a activit\u0103\u021bii sesimice \u00een urma cutremurelor principale, pentru intervale de 3, 6, 9, 12 \u0219i 24 de ore\u201d, arat\u0103 speciali\u015ftii.<br \/>\nAstfel, \u00een urma analizei s-a constatat c\u0103, de\u0219i cele dou\u0103 secven\u021be studiate s-au produs \u00een urma unor seisme cu aceea\u0219i magnitudine, probabilit\u0103\u021bile generale ale replicilor seismice sunt mai reduse pentru secven\u021ba M\u0103r\u0103\u0219e\u0219ti. Replici de magnitudine mai mare sau egal\u0103 cu cea a \u0219ocului principal au fost prognozate cu probabilit\u0103\u021bi mai mici de 1% \u00een regiunea M\u0103r\u0103\u0219e\u0219ti, \u00een timp ce pentru secven\u021ba din Gorj, probabilit\u0103\u021bile au fost cuprinse \u00eentre 1% \u0219i 10%, pentru primele 3 ore de la producerea cutremurului principal, a anun\u0163at institu\u0163ia.<\/p>\n<p>INCDFP<br \/>\n\u201cRezultatele eviden\u021biaz\u0103 diferen\u021bele semificative dintre cele dou\u0103 secven\u021be analizate \u0219i arat\u0103 c\u0103 un model unic nu poate descrie corect comportamentul replicilor \u00een diferite regiuni seismice. Studiul ofer\u0103 o perspectiv\u0103 nou\u0103 asupra modului \u00een care pot fi anticipate replicile unui \u0219oc principal \u0219i marcheaz\u0103 o etap\u0103 important\u0103 \u00een dezvoltarea unui sistem automat de prognoz\u0103, inspirat din experien\u021ba Japoniei\u201d, atrag aten\u0163ia speciali\u015ftii INCDFP.<\/p>\n<div class=\"post-views post-117959 entry-meta\"><span class=\"post-views-label\">Post Views: <\/span><span class=\"post-views-count\">90<\/span><\/div>\n<\/div>\n<footer>\n<div class=\"td-post-sharing td-post-sharing-bottom td-with-like\"><span class=\"td-post-share-title\">DISTRIBUI\u021aI<\/span><\/p>\n<div class=\"td-default-sharing\"><a class=\"td-social-sharing-buttons td-social-facebook\" href=\"http:\/\/www.facebook.com\/sharer.php?u=https%3A%2F%2Fwww.tvbuzau.ro%2Fsistem-de-anticipare-a-replicilor-seismice-in-romania%2F\"><\/p>\n<div class=\"td-social-but-text\">Facebook<\/div>\n<p><\/a><a class=\"td-social-sharing-buttons td-social-twitter\" href=\"https:\/\/twitter.com\/intent\/tweet?text=Sistem+de++anticipare+a+replicilor+seismice+%C3%AEn+Rom%C3%A2nia&amp;url=https%3A%2F%2Fwww.tvbuzau.ro%2Fsistem-de-anticipare-a-replicilor-seismice-in-romania%2F&amp;via=TV+Buz%C4%83u\"><\/p>\n<div class=\"td-social-but-text\">Twitter<\/div>\n<p><\/a><\/div>\n<div class=\"td-classic-sharing\">\n<ul>\n<li class=\"td-classic-facebook\"><iframe frameborder src=\"https:\/\/www.facebook.com\/plugins\/like.php?href=https:\/\/www.tvbuzau.ro\/sistem-de-anticipare-a-replicilor-seismice-in-romania\/&amp;layout=button_count&amp;show_faces=false&amp;width=105&amp;action=like&amp;colorscheme=light&amp;height=21\"><\/iframe><\/li>\n<li class=\"td-classic-twitter\"><a href=\"https:\/\/twitter.com\/share\" class=\"twitter-share-button\" data-url=\"https:\/\/www.tvbuzau.ro\/sistem-de-anticipare-a-replicilor-seismice-in-romania\/\" data-text=\"Sistem de  anticipare a replicilor seismice \u00een Rom\u00e2nia\" data-via data-lang=\"en\">tweet<\/a><\/li>\n<\/ul>\n<\/div>\n<\/div>\n<div class=\"td-author-name vcard author\"><span class=\"fn\"><a href=\"https:\/\/www.tvbuzau.ro\/author\/mihai-vasilescu\/\">TV Buz\u0103u<\/a><\/span><\/div>\n<p><span><\/span><span><span><\/span><\/span><span><\/span><\/footer>\n<\/article>\n<div class=\"td_block_wrap td_block_related_posts td_uid_1_6983e49b1a059_rand td_with_ajax_pagination td-pb-border-top\" data-td-block-uid=\"td_uid_1_6983e49b1a059\">\n<h4 class=\"td-related-title\"><a id=\"td_uid_2_6983e49b1f26e\" class=\"td-related-left td-cur-simple-item\" data-td_filter_value data-td_block_id=\"td_uid_1_6983e49b1a059\" href=\"https:\/\/www.tvbuzau.ro\/sistem-de-anticipare-a-replicilor-seismice-in-romania\/\">ARTICOLE SIMILARE<\/a><a id=\"td_uid_3_6983e49b1f2a7\" class=\"td-related-right\" data-td_filter_value=\"td_related_more_from_author\" data-td_block_id=\"td_uid_1_6983e49b1a059\" href=\"https:\/\/www.tvbuzau.ro\/sistem-de-anticipare-a-replicilor-seismice-in-romania\/\">DE LA ACELA\u0218I AUTOR<\/a><\/h4>\n<div id=\"td_uid_1_6983e49b1a059\" class=\"td_block_inner\">\n<div class=\"td-related-row\">\n<div class=\"td-related-span4\">\n<div class=\"td_module_related_posts td-animation-stack td_mod_related_posts\">\n<div class=\"td-module-image\">\n<div class=\"td-module-thumb\"><a href=\"https:\/\/www.tvbuzau.ro\/buzaul-fruntas-la-productia-de-carne-de-porc\/\" rel=\"bookmark\" title=\"Buzaul frunta\u0219 la produc\u021bia de carne de porc\"><img loading=\"lazy\" decoding=\"async\" width=\"218\" height=\"150\" class=\"entry-thumb\" src=\"https:\/\/www.tvbuzau.ro\/wp-content\/uploads\/2026\/02\/hqdefault-6-218x150.jpg\" alt title=\"Buzaul frunta\u0219 la produc\u021bia de carne de porc\"><span class=\"td-video-play-ico\"><img loading=\"lazy\" decoding=\"async\" width=\"40\" height=\"40\" class=\"td-retina\" src=\"https:\/\/www.tvbuzau.ro\/wp-content\/themes\/Newspaper\/images\/icons\/ico-video-large.png\" alt=\"video\"><\/span><\/a><\/div>\n<p><a href=\"https:\/\/www.tvbuzau.ro\/category\/actualitate\/\" class=\"td-post-category\">Actualitate<\/a><\/div>\n<div class=\"item-details\">\n<h3 class=\"entry-title td-module-title\"><a href=\"https:\/\/www.tvbuzau.ro\/buzaul-fruntas-la-productia-de-carne-de-porc\/\" rel=\"bookmark\" title=\"Buzaul frunta\u0219 la produc\u021bia de carne de porc\">Buzaul frunta\u0219 la produc\u021bia de carne de porc<\/a><\/h3>\n<\/div>\n<\/div>\n<\/div>\n<div class=\"td-related-span4\">\n<div class=\"td_module_related_posts td-animation-stack td_mod_related_posts\">\n<div class=\"td-module-image\">\n<div class=\"td-module-thumb\"><a href=\"https:\/\/www.tvbuzau.ro\/contracte-de-131-milioane-lei-semnate-la-consiliul-judetean-buzau\/\" rel=\"bookmark\" title=\"Contracte de 131 milioane lei semnate la Consiliul Jude\u0163ean Buz\u0103u\"><img loading=\"lazy\" decoding=\"async\" width=\"218\" height=\"150\" class=\"entry-thumb\" src=\"https:\/\/www.tvbuzau.ro\/wp-content\/uploads\/2026\/02\/sddefault-10-218x150.jpg\" alt title=\"Contracte de 131 milioane lei semnate la Consiliul Jude\u0163ean Buz\u0103u\"><span class=\"td-video-play-ico\"><img loading=\"lazy\" decoding=\"async\" width=\"40\" height=\"40\" class=\"td-retina\" src=\"https:\/\/www.tvbuzau.ro\/wp-content\/themes\/Newspaper\/images\/icons\/ico-video-large.png\" alt=\"video\"><\/span><\/a><\/div>\n<p><a href=\"https:\/\/www.tvbuzau.ro\/category\/actualitate\/\" class=\"td-post-category\">Actualitate<\/a><\/div>\n<div class=\"item-details\">\n<h3 class=\"entry-title td-module-title\"><a href=\"https:\/\/www.tvbuzau.ro\/contracte-de-131-milioane-lei-semnate-la-consiliul-judetean-buzau\/\" rel=\"bookmark\" title=\"Contracte de 131 milioane lei semnate la Consiliul Jude\u0163ean Buz\u0103u\">Contracte de 131 milioane lei semnate la Consiliul Jude\u0163ean Buz\u0103u<\/a><\/h3>\n<\/div>\n<\/div>\n<\/div>\n<div class=\"td-related-span4\">\n<div class=\"td_module_related_posts td-animation-stack td_mod_related_posts\">\n<div class=\"td-module-image\">\n<div class=\"td-module-thumb\"><a href=\"https:\/\/www.tvbuzau.ro\/razie-in-sistem-releu-pe-dn2e85\/\" rel=\"bookmark\" title=\"Razie \u00een sistem RELEU pe DN2E85\"><img loading=\"lazy\" decoding=\"async\" width=\"218\" height=\"150\" class=\"entry-thumb\" src=\"https:\/\/www.tvbuzau.ro\/wp-content\/uploads\/2026\/02\/sddefault-9-218x150.jpg\" alt title=\"Razie \u00een sistem RELEU pe DN2E85\"><span class=\"td-video-play-ico\"><img loading=\"lazy\" decoding=\"async\" width=\"40\" height=\"40\" class=\"td-retina\" src=\"https:\/\/www.tvbuzau.ro\/wp-content\/themes\/Newspaper\/images\/icons\/ico-video-large.png\" alt=\"video\"><\/span><\/a><\/div>\n<p><a href=\"https:\/\/www.tvbuzau.ro\/category\/actualitate\/\" class=\"td-post-category\">Actualitate<\/a><\/div>\n<div class=\"item-details\">\n<h3 class=\"entry-title td-module-title\"><a href=\"https:\/\/www.tvbuzau.ro\/razie-in-sistem-releu-pe-dn2e85\/\" rel=\"bookmark\" title=\"Razie \u00een sistem RELEU pe DN2E85\">Razie \u00een sistem RELEU pe DN2E85<\/a><\/h3>\n<\/div>\n<\/div>\n<\/div>\n<\/div>\n<div class=\"td-related-row\">\n<div class=\"td-related-span4\">\n<div class=\"td_module_related_posts td-animation-stack td_mod_related_posts\">\n<div class=\"td-module-image\">\n<div class=\"td-module-thumb\"><a href=\"https:\/\/www.tvbuzau.ro\/politistii-locali-au-castigat-procesul-cu-primaria\/\" rel=\"bookmark\" title=\"Poli\u0163i\u015ftii locali au c\u00e2\u015ftigat procesul cu Prim\u0103ria\"><img loading=\"lazy\" decoding=\"async\" width=\"218\" height=\"150\" class=\"entry-thumb\" src=\"https:\/\/www.tvbuzau.ro\/wp-content\/uploads\/2026\/02\/sddefault-8-218x150.jpg\" alt title=\"Poli\u0163i\u015ftii locali au c\u00e2\u015ftigat procesul cu Prim\u0103ria\"><span class=\"td-video-play-ico\"><img loading=\"lazy\" decoding=\"async\" width=\"40\" height=\"40\" class=\"td-retina\" src=\"https:\/\/www.tvbuzau.ro\/wp-content\/themes\/Newspaper\/images\/icons\/ico-video-large.png\" alt=\"video\"><\/span><\/a><\/div>\n<p><a href=\"https:\/\/www.tvbuzau.ro\/category\/actualitate\/\" class=\"td-post-category\">Actualitate<\/a><\/div>\n<div class=\"item-details\">\n<h3 class=\"entry-title td-module-title\"><a href=\"https:\/\/www.tvbuzau.ro\/politistii-locali-au-castigat-procesul-cu-primaria\/\" rel=\"bookmark\" title=\"Poli\u0163i\u015ftii locali au c\u00e2\u015ftigat procesul cu Prim\u0103ria\">Poli\u0163i\u015ftii locali au c\u00e2\u015ftigat procesul cu Prim\u0103ria<\/a><\/h3>\n<\/div>\n<\/div>\n<\/div>\n<div class=\"td-related-span4\">\n<div class=\"td_module_related_posts td-animation-stack td_mod_related_posts\">\n<div class=\"td-module-image\">\n<div class=\"td-module-thumb\"><a href=\"https:\/\/www.tvbuzau.ro\/scandalul-gardurilor-vii-continua\/\" rel=\"bookmark\" title=\"Scandalul gardurilor vii continu\u0103\"><img loading=\"lazy\" decoding=\"async\" width=\"218\" height=\"150\" class=\"entry-thumb\" src=\"https:\/\/www.tvbuzau.ro\/wp-content\/uploads\/2026\/02\/sddefault-7-218x150.jpg\" alt title=\"Scandalul gardurilor vii continu\u0103\"><span class=\"td-video-play-ico\"><img loading=\"lazy\" decoding=\"async\" width=\"40\" height=\"40\" class=\"td-retina\" src=\"https:\/\/www.tvbuzau.ro\/wp-content\/themes\/Newspaper\/images\/icons\/ico-video-large.png\" alt=\"video\"><\/span><\/a><\/div>\n<p><a href=\"https:\/\/www.tvbuzau.ro\/category\/actualitate\/\" class=\"td-post-category\">Actualitate<\/a><\/div>\n<div class=\"item-details\">\n<h3 class=\"entry-title td-module-title\"><a href=\"https:\/\/www.tvbuzau.ro\/scandalul-gardurilor-vii-continua\/\" rel=\"bookmark\" title=\"Scandalul gardurilor vii continu\u0103\">Scandalul gardurilor vii continu\u0103<\/a><\/h3>\n<\/div>\n<\/div>\n<\/div>\n<div class=\"td-related-span4\">\n<div class=\"td_module_related_posts td-animation-stack td_mod_related_posts\">\n<div class=\"td-module-image\">\n<div class=\"td-module-thumb\"><a href=\"https:\/\/www.tvbuzau.ro\/doua-persoane-cu-numele-de-toma-constantin-in-primaria-buzau\/\" rel=\"bookmark\" title=\"Dou\u0103 persoane cu numele de Toma Constantin \u00een Prim\u0103ria Buz\u0103u\"><img loading=\"lazy\" decoding=\"async\" width=\"218\" height=\"150\" class=\"entry-thumb\" src=\"https:\/\/www.tvbuzau.ro\/wp-content\/uploads\/2026\/02\/sddefault-5-218x150.jpg\" alt title=\"Dou\u0103 persoane cu numele de Toma Constantin \u00een Prim\u0103ria Buz\u0103u\"><span class=\"td-video-play-ico\"><img loading=\"lazy\" decoding=\"async\" width=\"40\" height=\"40\" class=\"td-retina\" src=\"https:\/\/www.tvbuzau.ro\/wp-content\/themes\/Newspaper\/images\/icons\/ico-video-large.png\" alt=\"video\"><\/span><\/a><\/div>\n<p><a href=\"https:\/\/www.tvbuzau.ro\/category\/actualitate\/\" class=\"td-post-category\">Actualitate<\/a><\/div>\n<div class=\"item-details\">\n<h3 class=\"entry-title td-module-title\"><a href=\"https:\/\/www.tvbuzau.ro\/doua-persoane-cu-numele-de-toma-constantin-in-primaria-buzau\/\" rel=\"bookmark\" title=\"Dou\u0103 persoane cu numele de Toma Constantin \u00een Prim\u0103ria Buz\u0103u\">Dou\u0103 persoane cu numele de Toma Constantin \u00een Prim\u0103ria Buz\u0103u<\/a><\/h3>\n<\/div>\n<\/div>\n<\/div>\n<\/div>\n<\/div>\n<\/div>\n<div class=\"comments\" id=\"comments\">\n<div id=\"respond\" class=\"comment-respond\">\n<h3 id=\"reply-title\" class=\"comment-reply-title\">L\u0102SA\u021aI UN MESAJ <small><a rel=\"nofollow\" id=\"cancel-comment-reply-link\" href=\"https:\/\/www.tvbuzau.ro\/sistem-de-anticipare-a-replicilor-seismice-in-romania\/#respond\">Renun\u021ba\u021bi la r\u0103spuns<\/a><\/small><\/h3>\n<\/div>\n<\/div>\n<\/div>\n<div class=\"td-post-content\">\n<div class=\"td-featured-image-rec\">\n<div class=\"wpb_video_wrapper\">\n                    <iframe loading=\"lazy\" id=\"td_youtube_player\" width=\"600\" height=\"560\" src=\"https:\/\/www.youtube.com\/embed\/1h82xJdhCz4?enablejsapi=1&amp;feature=oembed&amp;wmode=opaque&amp;vq=hd720\" frameborder allowfullscreen><\/iframe><\/p><\/div>\n<\/div>\n<p>Metoda utilizeaz\u0103 tehnici statistice aplicate cu succes \u00een Japonia<br \/>\nCercet\u0103tori ai Institutului Na\u0163ional de Cercetare -Dezvoltare pentru Fizica P\u0103m\u00e2ntului au realizat un studiu care urm\u0103re\u0219te dezvoltarea unui sistem de anticipare a replicilor seismice \u00een Rom\u00e2nia. Scopul este de a furniza prognoze din primele ore \u0219i p\u00e2n\u0103 la c\u00e2teva zile dup\u0103 producearea unui cutremur principal.<br \/>\nMetoda utilizeaz\u0103 tehnici statistice aplicate cu succes \u00een Japonia, adaptate pentru condi\u021biile seismice din Rom\u00e2nia, informeaz\u0103 INCDFP.<\/p>\n<p>INCDFP<br \/>\n\u201cAnaliza a fost realizat\u0103 pe dou\u0103 secven\u021be de replici seismice de suprafa\u021b\u0103, generate de \u0219ocurile principale din 2014 din Vrancea-M\u0103r\u0103\u0219e\u0219ti \u0219i din 2023 din Gorj-Oltenia\u2026<br \/>\nCercet\u0103torii au estimat probabilitatea producerii replicilor seismice pentru cele dou\u0103 regiuni, \u00een func\u021bie de magnitudine, realiz\u00e2nd prognoze pe baza unor perioade de \u00eenv\u0103\u021bare a activit\u0103\u021bii sesimice \u00een urma cutremurelor principale, pentru intervale de 3, 6, 9, 12 \u0219i 24 de ore\u201d, arat\u0103 speciali\u015ftii.<br \/>\nAstfel, \u00een urma analizei s-a constatat c\u0103, de\u0219i cele dou\u0103 secven\u021be studiate s-au produs \u00een urma unor seisme cu aceea\u0219i magnitudine, probabilit\u0103\u021bile generale ale replicilor seismice sunt mai reduse pentru secven\u021ba M\u0103r\u0103\u0219e\u0219ti. Replici de magnitudine mai mare sau egal\u0103 cu cea a \u0219ocului principal au fost prognozate cu probabilit\u0103\u021bi mai mici de 1% \u00een regiunea M\u0103r\u0103\u0219e\u0219ti, \u00een timp ce pentru secven\u021ba din Gorj, probabilit\u0103\u021bile au fost cuprinse \u00eentre 1% \u0219i 10%, pentru primele 3 ore de la producerea cutremurului principal, a anun\u0163at institu\u0163ia.<\/p>\n<p>INCDFP<br \/>\n\u201cRezultatele eviden\u021biaz\u0103 diferen\u021bele semificative dintre cele dou\u0103 secven\u021be analizate \u0219i arat\u0103 c\u0103 un model unic nu poate descrie corect comportamentul replicilor \u00een diferite regiuni seismice. Studiul ofer\u0103 o perspectiv\u0103 nou\u0103 asupra modului \u00een care pot fi anticipate replicile unui \u0219oc principal \u0219i marcheaz\u0103 o etap\u0103 important\u0103 \u00een dezvoltarea unui sistem automat de prognoz\u0103, inspirat din experien\u021ba Japoniei\u201d, atrag aten\u0163ia speciali\u015ftii INCDFP.<\/p>\n<div class=\"post-views post-117959 entry-meta\"><span class=\"post-views-label\">Post Views: <\/span><span class=\"post-views-count\">90<\/span><\/div>\n<\/div>\n<p>[analyse_source url=&#8221;https:\/\/www.tvbuzau.ro\/sistem-de-anticipare-a-replicilor-seismice-in-romania\/&#8221;]<\/p>\n","protected":false},"excerpt":{"rendered":"<p>[analyse_image type=&#8221;featured&#8221; src=&#8221;https:\/\/www.tvbuzau.ro\/wp-content\/uploads\/2026\/02\/sddefault-6.jpghttps:\/\/www.tvbuzau.ro\/wp-content\/uploads\/2026\/02\/sddefault-6.jpg&#8221;] Actualitate Sistem de anticipare a replicilor seismice \u00een Rom\u00e2nia De c\u0103tre TV Buz\u0103u &#8211; februarie 4, 2026 0 8 Distribui\u021bi pe Facebook Distribui\u021bi pe Twitter tweet Metoda utilizeaz\u0103 tehnici statistice aplicate cu succes \u00een Japonia Cercet\u0103tori ai Institutului Na\u0163ional de Cercetare -Dezvoltare pentru Fizica P\u0103m\u00e2ntului au realizat un studiu care urm\u0103re\u0219te dezvoltarea [&hellip;]<\/p>\n","protected":false},"author":1,"featured_media":0,"comment_status":"open","ping_status":"","sticky":false,"template":"","format":"standard","meta":{"footnotes":""},"categories":[2],"tags":[226,116],"class_list":["post-1750949","post","type-post","status-publish","format-standard","hentry","category-politics","tag-crawlmanager","tag-tvbuzau-ro"],"_links":{"self":[{"href":"https:\/\/analyse.optim.biz\/index.php?rest_route=\/wp\/v2\/posts\/1750949","targetHints":{"allow":["GET"]}}],"collection":[{"href":"https:\/\/analyse.optim.biz\/index.php?rest_route=\/wp\/v2\/posts"}],"about":[{"href":"https:\/\/analyse.optim.biz\/index.php?rest_route=\/wp\/v2\/types\/post"}],"author":[{"embeddable":true,"href":"https:\/\/analyse.optim.biz\/index.php?rest_route=\/wp\/v2\/users\/1"}],"replies":[{"embeddable":true,"href":"https:\/\/analyse.optim.biz\/index.php?rest_route=%2Fwp%2Fv2%2Fcomments&post=1750949"}],"version-history":[{"count":0,"href":"https:\/\/analyse.optim.biz\/index.php?rest_route=\/wp\/v2\/posts\/1750949\/revisions"}],"wp:attachment":[{"href":"https:\/\/analyse.optim.biz\/index.php?rest_route=%2Fwp%2Fv2%2Fmedia&parent=1750949"}],"wp:term":[{"taxonomy":"category","embeddable":true,"href":"https:\/\/analyse.optim.biz\/index.php?rest_route=%2Fwp%2Fv2%2Fcategories&post=1750949"},{"taxonomy":"post_tag","embeddable":true,"href":"https:\/\/analyse.optim.biz\/index.php?rest_route=%2Fwp%2Fv2%2Ftags&post=1750949"}],"curies":[{"name":"wp","href":"https:\/\/api.w.org\/{rel}","templated":true}]}}