{"id":1750947,"date":"2026-02-03T20:40:56","date_gmt":"2026-02-03T17:40:56","guid":{"rendered":"https:\/\/analyse.optim.biz\/?p=1750947"},"modified":"2026-02-03T20:40:56","modified_gmt":"2026-02-03T17:40:56","slug":"razie-impotriva-vitezomanilor-pe-drumurile-judetene","status":"publish","type":"post","link":"https:\/\/analyse.optim.biz\/?p=1750947","title":{"rendered":"Razie \u00eempotriva vitezomanilor pe drumurile jude\u0163ene"},"content":{"rendered":"<p>[analyse_image type=&#8221;featured&#8221; src=&#8221;https:\/\/www.tvbuzau.ro\/wp-content\/uploads\/2026\/02\/sddefault-3.jpghttps:\/\/www.tvbuzau.ro\/wp-content\/uploads\/2026\/02\/sddefault-3.jpg&#8221;]<\/p>\n<div class=\"td-ss-main-content\">\n<article id=\"post-117950\" class=\"post-117950 post type-post status-publish format-video has-post-thumbnail hentry category-actualitate post_format-post-format-video\">\n<div class=\"td-post-header\">\n<ul class=\"td-category\">\n<li class=\"entry-category\"><a href=\"https:\/\/www.tvbuzau.ro\/category\/actualitate\/\">Actualitate<\/a><\/li>\n<\/ul>\n<header class=\"td-post-title\">\n<h1 class=\"entry-title\">Razie \u00eempotriva vitezomanilor pe drumurile jude\u0163ene<\/h1>\n<div class=\"td-module-meta-info\">\n<div class=\"td-post-author-name\">De c\u0103tre <a href=\"https:\/\/www.tvbuzau.ro\/author\/mihai-vasilescu\/\">TV Buz\u0103u<\/a> &#8211; <\/div>\n<p><span class=\"td-post-date\"><time class=\"entry-date updated td-module-date\" datetime=\"2026-02-03T20:40:56+00:00\">februarie 3, 2026<\/time><\/span><\/p>\n<div class=\"td-post-comments\"><a href=\"https:\/\/www.tvbuzau.ro\/razie-impotriva-vitezomanilor-pe-drumurile-judetene\/#respond\">0<\/a><\/div>\n<div class=\"td-post-views\"><span class=\"td-nr-views-117950\">24<\/span><\/div>\n<\/div>\n<\/header>\n<\/div>\n<div class=\"td-post-sharing td-post-sharing-top td-with-like\">\n<div class=\"td-default-sharing\"><a class=\"td-social-sharing-buttons td-social-facebook\" href=\"http:\/\/www.facebook.com\/sharer.php?u=https%3A%2F%2Fwww.tvbuzau.ro%2Frazie-impotriva-vitezomanilor-pe-drumurile-judetene%2F\"><\/p>\n<div class=\"td-social-but-text\">Distribui\u021bi pe Facebook<\/div>\n<p><\/a><a class=\"td-social-sharing-buttons td-social-twitter\" href=\"https:\/\/twitter.com\/intent\/tweet?text=Razie+%C3%AEmpotriva+vitezomanilor+pe+drumurile+jude%C5%A3ene&amp;url=https%3A%2F%2Fwww.tvbuzau.ro%2Frazie-impotriva-vitezomanilor-pe-drumurile-judetene%2F&amp;via=TV+Buz%C4%83u\"><\/p>\n<div class=\"td-social-but-text\">Distribui\u021bi pe Twitter<\/div>\n<p><\/a><\/div>\n<div class=\"td-classic-sharing\">\n<ul>\n<li class=\"td-classic-facebook\"><iframe frameborder src=\"https:\/\/www.facebook.com\/plugins\/like.php?href=https:\/\/www.tvbuzau.ro\/razie-impotriva-vitezomanilor-pe-drumurile-judetene\/&amp;layout=button_count&amp;show_faces=false&amp;width=105&amp;action=like&amp;colorscheme=light&amp;height=21\"><\/iframe><\/li>\n<li class=\"td-classic-twitter\"><a href=\"https:\/\/twitter.com\/share\" class=\"twitter-share-button\" data-url=\"https:\/\/www.tvbuzau.ro\/razie-impotriva-vitezomanilor-pe-drumurile-judetene\/\" data-text=\"Razie \u00eempotriva vitezomanilor pe drumurile jude\u0163ene\" data-via data-lang=\"en\">tweet<\/a><\/li>\n<\/ul>\n<\/div>\n<\/div>\n<div class=\"td-post-content\">\n<div class=\"td-featured-image-rec\">\n<div class=\"wpb_video_wrapper\">\n                    <iframe loading=\"lazy\" id=\"td_youtube_player\" width=\"600\" height=\"560\" src=\"https:\/\/www.youtube.com\/embed\/HHRgsnwwl48?enablejsapi=1&amp;feature=oembed&amp;wmode=opaque&amp;vq=hd720\" frameborder allowfullscreen><\/iframe><\/p><\/div>\n<\/div>\n<p>C\u00e2\u0163i \u015foferi au r\u0103mas f\u0103r\u0103 permisele de conducere<br \/>\n\u00cen perioada 26 ianuarie \u2013 1 februarie a.c., poli\u021bi\u0219tii din cadrul Serviciului Rutier \u0219i cei ai forma\u021biunilor rutiere din jude\u021bul Buz\u0103u au desf\u0103\u0219urat o ac\u021biune pentru cre\u0219terea siguran\u021bei rutiere \u0219i prevenirea accidentelor grave \u00een r\u00e2ndul conduc\u0103torilor de autovehicule care nu respect\u0103 regimul legal de vitez\u0103.<br \/>\n\u00cen urma abaterilor constatate, au fost aplicate 459 de sanc\u021biuni contraven\u021bionale pentru nerespectarea regimului legal de vitez\u0103. Ca urmare a nerespect\u0103rii prevederilor legale \u00een vigoare, respectiv pentru dep\u0103\u0219irea cu peste 50 km\/h a limitei legale admise pe un anumit sector de drum, au fost re\u021binute, \u00een vederea suspend\u0103rii, 18 permise de conducere. Unul dintre \u0219oferii a c\u0103rui ma\u0219in\u0103 a fost \u00eenregistrat\u0103 de aparatele radar pentru dep\u0103\u0219irea cu peste 70 km\/h a limitei legale, a predat, de asemenea, permisul de conducere, anun\u0163\u0103 Inspectoratul de Poli\u0163ie Buz\u0103u.<br \/>\n\u00cen acest cotext poli\u0163i\u015ftii rutieri amintesc faptul c\u0103 dep\u0103\u0219irea limitei legale de vitez\u0103 cu mai mult de 70 km\/h se sanc\u021bioneaz\u0103 contraven\u021bional cu amend\u0103 prev\u0103zut\u0103 \u00een clasa a IV a de sanc\u021biuni \u0219i m\u0103sura complementar\u0103 de suspendare a permisului de conducere pentru o perioad\u0103 de 120 de zile. Dovada \u00eenlocuitoare a permisului de conducere se elibereaz\u0103 f\u0103r\u0103 drept de circula\u021bie.<\/p>\n<div class=\"post-views post-117950 entry-meta\"><span class=\"post-views-label\">Post Views: <\/span><span class=\"post-views-count\">212<\/span><\/div>\n<\/div>\n<footer>\n<div class=\"td-post-sharing td-post-sharing-bottom td-with-like\"><span class=\"td-post-share-title\">DISTRIBUI\u021aI<\/span><\/p>\n<div class=\"td-default-sharing\"><a class=\"td-social-sharing-buttons td-social-facebook\" href=\"http:\/\/www.facebook.com\/sharer.php?u=https%3A%2F%2Fwww.tvbuzau.ro%2Frazie-impotriva-vitezomanilor-pe-drumurile-judetene%2F\"><\/p>\n<div class=\"td-social-but-text\">Facebook<\/div>\n<p><\/a><a class=\"td-social-sharing-buttons td-social-twitter\" href=\"https:\/\/twitter.com\/intent\/tweet?text=Razie+%C3%AEmpotriva+vitezomanilor+pe+drumurile+jude%C5%A3ene&amp;url=https%3A%2F%2Fwww.tvbuzau.ro%2Frazie-impotriva-vitezomanilor-pe-drumurile-judetene%2F&amp;via=TV+Buz%C4%83u\"><\/p>\n<div class=\"td-social-but-text\">Twitter<\/div>\n<p><\/a><\/div>\n<div class=\"td-classic-sharing\">\n<ul>\n<li class=\"td-classic-facebook\"><iframe frameborder src=\"https:\/\/www.facebook.com\/plugins\/like.php?href=https:\/\/www.tvbuzau.ro\/razie-impotriva-vitezomanilor-pe-drumurile-judetene\/&amp;layout=button_count&amp;show_faces=false&amp;width=105&amp;action=like&amp;colorscheme=light&amp;height=21\"><\/iframe><\/li>\n<li class=\"td-classic-twitter\"><a href=\"https:\/\/twitter.com\/share\" class=\"twitter-share-button\" data-url=\"https:\/\/www.tvbuzau.ro\/razie-impotriva-vitezomanilor-pe-drumurile-judetene\/\" data-text=\"Razie \u00eempotriva vitezomanilor pe drumurile jude\u0163ene\" data-via data-lang=\"en\">tweet<\/a><\/li>\n<\/ul>\n<\/div>\n<\/div>\n<div class=\"td-author-name vcard author\"><span class=\"fn\"><a href=\"https:\/\/www.tvbuzau.ro\/author\/mihai-vasilescu\/\">TV Buz\u0103u<\/a><\/span><\/div>\n<p><span><\/span><span><span><\/span><\/span><span><\/span><\/footer>\n<\/article>\n<div class=\"td_block_wrap td_block_related_posts td_uid_1_6983e46963207_rand td_with_ajax_pagination td-pb-border-top\" data-td-block-uid=\"td_uid_1_6983e46963207\">\n<h4 class=\"td-related-title\"><a id=\"td_uid_2_6983e46968682\" class=\"td-related-left td-cur-simple-item\" data-td_filter_value data-td_block_id=\"td_uid_1_6983e46963207\" href=\"https:\/\/www.tvbuzau.ro\/razie-impotriva-vitezomanilor-pe-drumurile-judetene\/\">ARTICOLE SIMILARE<\/a><a id=\"td_uid_3_6983e469686bf\" class=\"td-related-right\" data-td_filter_value=\"td_related_more_from_author\" data-td_block_id=\"td_uid_1_6983e46963207\" href=\"https:\/\/www.tvbuzau.ro\/razie-impotriva-vitezomanilor-pe-drumurile-judetene\/\">DE LA ACELA\u0218I AUTOR<\/a><\/h4>\n<div id=\"td_uid_1_6983e46963207\" class=\"td_block_inner\">\n<div class=\"td-related-row\">\n<div class=\"td-related-span4\">\n<div class=\"td_module_related_posts td-animation-stack td_mod_related_posts\">\n<div class=\"td-module-image\">\n<div class=\"td-module-thumb\"><a href=\"https:\/\/www.tvbuzau.ro\/buzaul-fruntas-la-productia-de-carne-de-porc\/\" rel=\"bookmark\" title=\"Buzaul frunta\u0219 la produc\u021bia de carne de porc\"><img loading=\"lazy\" decoding=\"async\" width=\"218\" height=\"150\" class=\"entry-thumb\" src=\"https:\/\/www.tvbuzau.ro\/wp-content\/uploads\/2026\/02\/hqdefault-6-218x150.jpg\" alt title=\"Buzaul frunta\u0219 la produc\u021bia de carne de porc\"><span class=\"td-video-play-ico\"><img loading=\"lazy\" decoding=\"async\" width=\"40\" height=\"40\" class=\"td-retina\" src=\"https:\/\/www.tvbuzau.ro\/wp-content\/themes\/Newspaper\/images\/icons\/ico-video-large.png\" alt=\"video\"><\/span><\/a><\/div>\n<p><a href=\"https:\/\/www.tvbuzau.ro\/category\/actualitate\/\" class=\"td-post-category\">Actualitate<\/a><\/div>\n<div class=\"item-details\">\n<h3 class=\"entry-title td-module-title\"><a href=\"https:\/\/www.tvbuzau.ro\/buzaul-fruntas-la-productia-de-carne-de-porc\/\" rel=\"bookmark\" title=\"Buzaul frunta\u0219 la produc\u021bia de carne de porc\">Buzaul frunta\u0219 la produc\u021bia de carne de porc<\/a><\/h3>\n<\/div>\n<\/div>\n<\/div>\n<div class=\"td-related-span4\">\n<div class=\"td_module_related_posts td-animation-stack td_mod_related_posts\">\n<div class=\"td-module-image\">\n<div class=\"td-module-thumb\"><a href=\"https:\/\/www.tvbuzau.ro\/contracte-de-131-milioane-lei-semnate-la-consiliul-judetean-buzau\/\" rel=\"bookmark\" title=\"Contracte de 131 milioane lei semnate la Consiliul Jude\u0163ean Buz\u0103u\"><img loading=\"lazy\" decoding=\"async\" width=\"218\" height=\"150\" class=\"entry-thumb\" src=\"https:\/\/www.tvbuzau.ro\/wp-content\/uploads\/2026\/02\/sddefault-10-218x150.jpg\" alt title=\"Contracte de 131 milioane lei semnate la Consiliul Jude\u0163ean Buz\u0103u\"><span class=\"td-video-play-ico\"><img loading=\"lazy\" decoding=\"async\" width=\"40\" height=\"40\" class=\"td-retina\" src=\"https:\/\/www.tvbuzau.ro\/wp-content\/themes\/Newspaper\/images\/icons\/ico-video-large.png\" alt=\"video\"><\/span><\/a><\/div>\n<p><a href=\"https:\/\/www.tvbuzau.ro\/category\/actualitate\/\" class=\"td-post-category\">Actualitate<\/a><\/div>\n<div class=\"item-details\">\n<h3 class=\"entry-title td-module-title\"><a href=\"https:\/\/www.tvbuzau.ro\/contracte-de-131-milioane-lei-semnate-la-consiliul-judetean-buzau\/\" rel=\"bookmark\" title=\"Contracte de 131 milioane lei semnate la Consiliul Jude\u0163ean Buz\u0103u\">Contracte de 131 milioane lei semnate la Consiliul Jude\u0163ean Buz\u0103u<\/a><\/h3>\n<\/div>\n<\/div>\n<\/div>\n<div class=\"td-related-span4\">\n<div class=\"td_module_related_posts td-animation-stack td_mod_related_posts\">\n<div class=\"td-module-image\">\n<div class=\"td-module-thumb\"><a href=\"https:\/\/www.tvbuzau.ro\/razie-in-sistem-releu-pe-dn2e85\/\" rel=\"bookmark\" title=\"Razie \u00een sistem RELEU pe DN2E85\"><img loading=\"lazy\" decoding=\"async\" width=\"218\" height=\"150\" class=\"entry-thumb\" src=\"https:\/\/www.tvbuzau.ro\/wp-content\/uploads\/2026\/02\/sddefault-9-218x150.jpg\" alt title=\"Razie \u00een sistem RELEU pe DN2E85\"><span class=\"td-video-play-ico\"><img loading=\"lazy\" decoding=\"async\" width=\"40\" height=\"40\" class=\"td-retina\" src=\"https:\/\/www.tvbuzau.ro\/wp-content\/themes\/Newspaper\/images\/icons\/ico-video-large.png\" alt=\"video\"><\/span><\/a><\/div>\n<p><a href=\"https:\/\/www.tvbuzau.ro\/category\/actualitate\/\" class=\"td-post-category\">Actualitate<\/a><\/div>\n<div class=\"item-details\">\n<h3 class=\"entry-title td-module-title\"><a href=\"https:\/\/www.tvbuzau.ro\/razie-in-sistem-releu-pe-dn2e85\/\" rel=\"bookmark\" title=\"Razie \u00een sistem RELEU pe DN2E85\">Razie \u00een sistem RELEU pe DN2E85<\/a><\/h3>\n<\/div>\n<\/div>\n<\/div>\n<\/div>\n<div class=\"td-related-row\">\n<div class=\"td-related-span4\">\n<div class=\"td_module_related_posts td-animation-stack td_mod_related_posts\">\n<div class=\"td-module-image\">\n<div class=\"td-module-thumb\"><a href=\"https:\/\/www.tvbuzau.ro\/politistii-locali-au-castigat-procesul-cu-primaria\/\" rel=\"bookmark\" title=\"Poli\u0163i\u015ftii locali au c\u00e2\u015ftigat procesul cu Prim\u0103ria\"><img loading=\"lazy\" decoding=\"async\" width=\"218\" height=\"150\" class=\"entry-thumb\" src=\"https:\/\/www.tvbuzau.ro\/wp-content\/uploads\/2026\/02\/sddefault-8-218x150.jpg\" alt title=\"Poli\u0163i\u015ftii locali au c\u00e2\u015ftigat procesul cu Prim\u0103ria\"><span class=\"td-video-play-ico\"><img loading=\"lazy\" decoding=\"async\" width=\"40\" height=\"40\" class=\"td-retina\" src=\"https:\/\/www.tvbuzau.ro\/wp-content\/themes\/Newspaper\/images\/icons\/ico-video-large.png\" alt=\"video\"><\/span><\/a><\/div>\n<p><a href=\"https:\/\/www.tvbuzau.ro\/category\/actualitate\/\" class=\"td-post-category\">Actualitate<\/a><\/div>\n<div class=\"item-details\">\n<h3 class=\"entry-title td-module-title\"><a href=\"https:\/\/www.tvbuzau.ro\/politistii-locali-au-castigat-procesul-cu-primaria\/\" rel=\"bookmark\" title=\"Poli\u0163i\u015ftii locali au c\u00e2\u015ftigat procesul cu Prim\u0103ria\">Poli\u0163i\u015ftii locali au c\u00e2\u015ftigat procesul cu Prim\u0103ria<\/a><\/h3>\n<\/div>\n<\/div>\n<\/div>\n<div class=\"td-related-span4\">\n<div class=\"td_module_related_posts td-animation-stack td_mod_related_posts\">\n<div class=\"td-module-image\">\n<div class=\"td-module-thumb\"><a href=\"https:\/\/www.tvbuzau.ro\/scandalul-gardurilor-vii-continua\/\" rel=\"bookmark\" title=\"Scandalul gardurilor vii continu\u0103\"><img loading=\"lazy\" decoding=\"async\" width=\"218\" height=\"150\" class=\"entry-thumb\" src=\"https:\/\/www.tvbuzau.ro\/wp-content\/uploads\/2026\/02\/sddefault-7-218x150.jpg\" alt title=\"Scandalul gardurilor vii continu\u0103\"><span class=\"td-video-play-ico\"><img loading=\"lazy\" decoding=\"async\" width=\"40\" height=\"40\" class=\"td-retina\" src=\"https:\/\/www.tvbuzau.ro\/wp-content\/themes\/Newspaper\/images\/icons\/ico-video-large.png\" alt=\"video\"><\/span><\/a><\/div>\n<p><a href=\"https:\/\/www.tvbuzau.ro\/category\/actualitate\/\" class=\"td-post-category\">Actualitate<\/a><\/div>\n<div class=\"item-details\">\n<h3 class=\"entry-title td-module-title\"><a href=\"https:\/\/www.tvbuzau.ro\/scandalul-gardurilor-vii-continua\/\" rel=\"bookmark\" title=\"Scandalul gardurilor vii continu\u0103\">Scandalul gardurilor vii continu\u0103<\/a><\/h3>\n<\/div>\n<\/div>\n<\/div>\n<div class=\"td-related-span4\">\n<div class=\"td_module_related_posts td-animation-stack td_mod_related_posts\">\n<div class=\"td-module-image\">\n<div class=\"td-module-thumb\"><a href=\"https:\/\/www.tvbuzau.ro\/sistem-de-anticipare-a-replicilor-seismice-in-romania\/\" rel=\"bookmark\" title=\"Sistem de  anticipare a replicilor seismice \u00een Rom\u00e2nia\"><img loading=\"lazy\" decoding=\"async\" width=\"218\" height=\"150\" class=\"entry-thumb\" src=\"https:\/\/www.tvbuzau.ro\/wp-content\/uploads\/2026\/02\/sddefault-6-218x150.jpg\" alt title=\"Sistem de  anticipare a replicilor seismice \u00een Rom\u00e2nia\"><span class=\"td-video-play-ico\"><img loading=\"lazy\" decoding=\"async\" width=\"40\" height=\"40\" class=\"td-retina\" src=\"https:\/\/www.tvbuzau.ro\/wp-content\/themes\/Newspaper\/images\/icons\/ico-video-large.png\" alt=\"video\"><\/span><\/a><\/div>\n<p><a href=\"https:\/\/www.tvbuzau.ro\/category\/actualitate\/\" class=\"td-post-category\">Actualitate<\/a><\/div>\n<div class=\"item-details\">\n<h3 class=\"entry-title td-module-title\"><a href=\"https:\/\/www.tvbuzau.ro\/sistem-de-anticipare-a-replicilor-seismice-in-romania\/\" rel=\"bookmark\" title=\"Sistem de  anticipare a replicilor seismice \u00een Rom\u00e2nia\">Sistem de  anticipare a replicilor seismice \u00een Rom\u00e2nia<\/a><\/h3>\n<\/div>\n<\/div>\n<\/div>\n<\/div>\n<\/div>\n<\/div>\n<div class=\"comments\" id=\"comments\">\n<div id=\"respond\" class=\"comment-respond\">\n<h3 id=\"reply-title\" class=\"comment-reply-title\">L\u0102SA\u021aI UN MESAJ <small><a rel=\"nofollow\" id=\"cancel-comment-reply-link\" href=\"https:\/\/www.tvbuzau.ro\/razie-impotriva-vitezomanilor-pe-drumurile-judetene\/#respond\">Renun\u021ba\u021bi la r\u0103spuns<\/a><\/small><\/h3>\n<\/div>\n<\/div>\n<\/div>\n<div class=\"td-post-content\">\n<div class=\"td-featured-image-rec\">\n<div class=\"wpb_video_wrapper\">\n                    <iframe loading=\"lazy\" id=\"td_youtube_player\" width=\"600\" height=\"560\" src=\"https:\/\/www.youtube.com\/embed\/HHRgsnwwl48?enablejsapi=1&amp;feature=oembed&amp;wmode=opaque&amp;vq=hd720\" frameborder allowfullscreen><\/iframe><\/p><\/div>\n<\/div>\n<p>C\u00e2\u0163i \u015foferi au r\u0103mas f\u0103r\u0103 permisele de conducere<br \/>\n\u00cen perioada 26 ianuarie \u2013 1 februarie a.c., poli\u021bi\u0219tii din cadrul Serviciului Rutier \u0219i cei ai forma\u021biunilor rutiere din jude\u021bul Buz\u0103u au desf\u0103\u0219urat o ac\u021biune pentru cre\u0219terea siguran\u021bei rutiere \u0219i prevenirea accidentelor grave \u00een r\u00e2ndul conduc\u0103torilor de autovehicule care nu respect\u0103 regimul legal de vitez\u0103.<br \/>\n\u00cen urma abaterilor constatate, au fost aplicate 459 de sanc\u021biuni contraven\u021bionale pentru nerespectarea regimului legal de vitez\u0103. Ca urmare a nerespect\u0103rii prevederilor legale \u00een vigoare, respectiv pentru dep\u0103\u0219irea cu peste 50 km\/h a limitei legale admise pe un anumit sector de drum, au fost re\u021binute, \u00een vederea suspend\u0103rii, 18 permise de conducere. Unul dintre \u0219oferii a c\u0103rui ma\u0219in\u0103 a fost \u00eenregistrat\u0103 de aparatele radar pentru dep\u0103\u0219irea cu peste 70 km\/h a limitei legale, a predat, de asemenea, permisul de conducere, anun\u0163\u0103 Inspectoratul de Poli\u0163ie Buz\u0103u.<br \/>\n\u00cen acest cotext poli\u0163i\u015ftii rutieri amintesc faptul c\u0103 dep\u0103\u0219irea limitei legale de vitez\u0103 cu mai mult de 70 km\/h se sanc\u021bioneaz\u0103 contraven\u021bional cu amend\u0103 prev\u0103zut\u0103 \u00een clasa a IV a de sanc\u021biuni \u0219i m\u0103sura complementar\u0103 de suspendare a permisului de conducere pentru o perioad\u0103 de 120 de zile. Dovada \u00eenlocuitoare a permisului de conducere se elibereaz\u0103 f\u0103r\u0103 drept de circula\u021bie.<\/p>\n<div class=\"post-views post-117950 entry-meta\"><span class=\"post-views-label\">Post Views: <\/span><span class=\"post-views-count\">212<\/span><\/div>\n<\/div>\n<p>[analyse_source url=&#8221;https:\/\/www.tvbuzau.ro\/razie-impotriva-vitezomanilor-pe-drumurile-judetene\/&#8221;]<\/p>\n","protected":false},"excerpt":{"rendered":"<p>[analyse_image type=&#8221;featured&#8221; src=&#8221;https:\/\/www.tvbuzau.ro\/wp-content\/uploads\/2026\/02\/sddefault-3.jpghttps:\/\/www.tvbuzau.ro\/wp-content\/uploads\/2026\/02\/sddefault-3.jpg&#8221;] Actualitate Razie \u00eempotriva vitezomanilor pe drumurile jude\u0163ene De c\u0103tre TV Buz\u0103u &#8211; februarie 3, 2026 0 24 Distribui\u021bi pe Facebook Distribui\u021bi pe Twitter tweet C\u00e2\u0163i \u015foferi au r\u0103mas f\u0103r\u0103 permisele de conducere \u00cen perioada 26 ianuarie \u2013 1 februarie a.c., poli\u021bi\u0219tii din cadrul Serviciului Rutier \u0219i cei ai forma\u021biunilor rutiere din jude\u021bul [&hellip;]<\/p>\n","protected":false},"author":1,"featured_media":0,"comment_status":"open","ping_status":"","sticky":false,"template":"","format":"standard","meta":{"footnotes":""},"categories":[2],"tags":[226,116],"class_list":["post-1750947","post","type-post","status-publish","format-standard","hentry","category-politics","tag-crawlmanager","tag-tvbuzau-ro"],"_links":{"self":[{"href":"https:\/\/analyse.optim.biz\/index.php?rest_route=\/wp\/v2\/posts\/1750947","targetHints":{"allow":["GET"]}}],"collection":[{"href":"https:\/\/analyse.optim.biz\/index.php?rest_route=\/wp\/v2\/posts"}],"about":[{"href":"https:\/\/analyse.optim.biz\/index.php?rest_route=\/wp\/v2\/types\/post"}],"author":[{"embeddable":true,"href":"https:\/\/analyse.optim.biz\/index.php?rest_route=\/wp\/v2\/users\/1"}],"replies":[{"embeddable":true,"href":"https:\/\/analyse.optim.biz\/index.php?rest_route=%2Fwp%2Fv2%2Fcomments&post=1750947"}],"version-history":[{"count":0,"href":"https:\/\/analyse.optim.biz\/index.php?rest_route=\/wp\/v2\/posts\/1750947\/revisions"}],"wp:attachment":[{"href":"https:\/\/analyse.optim.biz\/index.php?rest_route=%2Fwp%2Fv2%2Fmedia&parent=1750947"}],"wp:term":[{"taxonomy":"category","embeddable":true,"href":"https:\/\/analyse.optim.biz\/index.php?rest_route=%2Fwp%2Fv2%2Fcategories&post=1750947"},{"taxonomy":"post_tag","embeddable":true,"href":"https:\/\/analyse.optim.biz\/index.php?rest_route=%2Fwp%2Fv2%2Ftags&post=1750947"}],"curies":[{"name":"wp","href":"https:\/\/api.w.org\/{rel}","templated":true}]}}