{"id":1750946,"date":"2026-02-03T20:40:00","date_gmt":"2026-02-03T17:40:00","guid":{"rendered":"https:\/\/analyse.optim.biz\/?p=1750946"},"modified":"2026-02-03T20:40:00","modified_gmt":"2026-02-03T17:40:00","slug":"expozitie-in-memoriam-alexandru-marghiloman","status":"publish","type":"post","link":"https:\/\/analyse.optim.biz\/?p=1750946","title":{"rendered":"Expozi\u0163ie \u201eIn memoriam Alexandru Marghiloman\u201d"},"content":{"rendered":"<p>[analyse_image type=&#8221;featured&#8221; src=&#8221;https:\/\/www.tvbuzau.ro\/wp-content\/uploads\/2026\/02\/hqdefault-5.jpghttps:\/\/www.tvbuzau.ro\/wp-content\/uploads\/2026\/02\/hqdefault-5.jpg&#8221;]<\/p>\n<div class=\"td-ss-main-content\">\n<article id=\"post-117947\" class=\"post-117947 post type-post status-publish format-video has-post-thumbnail hentry category-actualitate post_format-post-format-video\">\n<div class=\"td-post-header\">\n<ul class=\"td-category\">\n<li class=\"entry-category\"><a href=\"https:\/\/www.tvbuzau.ro\/category\/actualitate\/\">Actualitate<\/a><\/li>\n<\/ul>\n<header class=\"td-post-title\">\n<h1 class=\"entry-title\">Expozi\u0163ie \u201eIn memoriam Alexandru Marghiloman\u201d<\/h1>\n<div class=\"td-module-meta-info\">\n<div class=\"td-post-author-name\">De c\u0103tre <a href=\"https:\/\/www.tvbuzau.ro\/author\/mihai-vasilescu\/\">TV Buz\u0103u<\/a> &#8211; <\/div>\n<p><span class=\"td-post-date\"><time class=\"entry-date updated td-module-date\" datetime=\"2026-02-03T20:40:00+00:00\">februarie 3, 2026<\/time><\/span><\/p>\n<div class=\"td-post-comments\"><a href=\"https:\/\/www.tvbuzau.ro\/expozitie-in-memoriam-alexandru-marghiloman\/#respond\">0<\/a><\/div>\n<div class=\"td-post-views\"><span class=\"td-nr-views-117947\">7<\/span><\/div>\n<\/div>\n<\/header>\n<\/div>\n<div class=\"td-post-sharing td-post-sharing-top td-with-like\">\n<div class=\"td-default-sharing\"><a class=\"td-social-sharing-buttons td-social-facebook\" href=\"http:\/\/www.facebook.com\/sharer.php?u=https%3A%2F%2Fwww.tvbuzau.ro%2Fexpozitie-in-memoriam-alexandru-marghiloman%2F\"><\/p>\n<div class=\"td-social-but-text\">Distribui\u021bi pe Facebook<\/div>\n<p><\/a><a class=\"td-social-sharing-buttons td-social-twitter\" href=\"https:\/\/twitter.com\/intent\/tweet?text=Expozi%C5%A3ie+%E2%80%9EIn+memoriam+Alexandru+Marghiloman%E2%80%9D&amp;url=https%3A%2F%2Fwww.tvbuzau.ro%2Fexpozitie-in-memoriam-alexandru-marghiloman%2F&amp;via=TV+Buz%C4%83u\"><\/p>\n<div class=\"td-social-but-text\">Distribui\u021bi pe Twitter<\/div>\n<p><\/a><\/div>\n<div class=\"td-classic-sharing\">\n<ul>\n<li class=\"td-classic-facebook\"><iframe frameborder src=\"https:\/\/www.facebook.com\/plugins\/like.php?href=https:\/\/www.tvbuzau.ro\/expozitie-in-memoriam-alexandru-marghiloman\/&amp;layout=button_count&amp;show_faces=false&amp;width=105&amp;action=like&amp;colorscheme=light&amp;height=21\"><\/iframe><\/li>\n<li class=\"td-classic-twitter\"><a href=\"https:\/\/twitter.com\/share\" class=\"twitter-share-button\" data-url=\"https:\/\/www.tvbuzau.ro\/expozitie-in-memoriam-alexandru-marghiloman\/\" data-text=\"Expozi\u0163ie \u201eIn memoriam Alexandru Marghiloman\u201d\" data-via data-lang=\"en\">tweet<\/a><\/li>\n<\/ul>\n<\/div>\n<\/div>\n<div class=\"td-post-content\">\n<div class=\"td-featured-image-rec\">\n<div class=\"wpb_video_wrapper\">\n                    <iframe loading=\"lazy\" id=\"td_youtube_player\" width=\"600\" height=\"560\" src=\"https:\/\/www.youtube.com\/embed\/iO7gtci5MBw?enablejsapi=1&amp;feature=oembed&amp;wmode=opaque&amp;vq=hd720\" frameborder allowfullscreen><\/iframe><\/p><\/div>\n<\/div>\n<p>172 de ani de la na\u015fterea marelui om politic<br \/>\nS-au \u00eemplinit 172 de ani de la na\u0219terea marelui om politic buzoian Alexandru Marghiloman.  \u00cen acest context Muzeul Jude\u0163ean Buz\u0103u orgnizeaz\u0103 o serie de activit\u0103\u0163i la care publicul buzoian este invitat s\u0103 ia parte.<br \/>\nN\u0103scut la 27 ianuarie 1854 \u00een Buz\u0103u, Alexandru a fost al doilea copil al lui Ion (Iancu) Marghiloman \u0219i Irina Izvoranu. Tat\u0103l s\u0103u, fost primar \u0219i prefect, era unul dintre cei mai influen\u021bi oameni din Buz\u0103u \u0219i unul dintre cei mai mari proprietari funciari din sudul \u021b\u0103rii.<br \/>\nMarghiloman a de\u021binut mai multe portofolii ministeriale: Justi\u021bie, Lucr\u0103ri Publice, Agricultur\u0103, Afaceri Str\u0103ine, Interne \u0219i Finan\u021be. A promovat reforme esen\u021biale, a \u00eent\u0103rit independen\u021ba justi\u021biei \u0219i a modernizat codul comercial, a sus\u021binut construc\u021bia podului de la Cernavod\u0103 \u0219i a r\u0103scump\u0103rat linii ferate strategice, a \u00eencercat o reform\u0103 agrar\u0103 moderat\u0103, oferind p\u0103m\u00e2nt \u021b\u0103ranilor care puteau accesa credite funciare \u015fi a sprijinit conservarea patrimoniului istoric \u0219i dezvoltarea infrastructurii medicale \u0219i educa\u021bionale.<br \/>\nMai multe aspecte inedite despre activitatea politic\u0103, via\u021ba personal\u0103, dar \u0219i hobby-urile acestuia, pute\u021bi afla vizit\u00e2nd expozi\u021bia temporar\u0103 \u201e\ud835\udc08\ud835\udc27 \ud835\udc26\ud835\udc1e\ud835\udc26\ud835\udc28\ud835\udc2b\ud835\udc22\ud835\udc1a\ud835\udc26 \ud835\udc00\ud835\udc25\ud835\udc1e\ud835\udc31\ud835\udc1a\ud835\udc27\ud835\udc1d\ud835\udc2b\ud835\udc2e \ud835\udc0c\ud835\udc1a\ud835\udc2b\ud835\udc20\ud835\udc21\ud835\udc22\ud835\udc25\ud835\udc28\ud835\udc26\ud835\udc1a\ud835\udc27 (\ud835\udfcf\ud835\udfd6\ud835\udfd3\ud835\udfd2-\ud835\udfcf\ud835\udfd7\ud835\udfd0\ud835\udfd3)\u201d deschis\u0103 la Muzeul Jude\u021bean Buz\u0103u p\u00e2n\u0103 pe 20 februarie 2026.<\/p>\n<div class=\"post-views post-117947 entry-meta\"><span class=\"post-views-label\">Post Views: <\/span><span class=\"post-views-count\">161<\/span><\/div>\n<\/div>\n<footer>\n<div class=\"td-post-sharing td-post-sharing-bottom td-with-like\"><span class=\"td-post-share-title\">DISTRIBUI\u021aI<\/span><\/p>\n<div class=\"td-default-sharing\"><a class=\"td-social-sharing-buttons td-social-facebook\" href=\"http:\/\/www.facebook.com\/sharer.php?u=https%3A%2F%2Fwww.tvbuzau.ro%2Fexpozitie-in-memoriam-alexandru-marghiloman%2F\"><\/p>\n<div class=\"td-social-but-text\">Facebook<\/div>\n<p><\/a><a class=\"td-social-sharing-buttons td-social-twitter\" href=\"https:\/\/twitter.com\/intent\/tweet?text=Expozi%C5%A3ie+%E2%80%9EIn+memoriam+Alexandru+Marghiloman%E2%80%9D&amp;url=https%3A%2F%2Fwww.tvbuzau.ro%2Fexpozitie-in-memoriam-alexandru-marghiloman%2F&amp;via=TV+Buz%C4%83u\"><\/p>\n<div class=\"td-social-but-text\">Twitter<\/div>\n<p><\/a><\/div>\n<div class=\"td-classic-sharing\">\n<ul>\n<li class=\"td-classic-facebook\"><iframe frameborder src=\"https:\/\/www.facebook.com\/plugins\/like.php?href=https:\/\/www.tvbuzau.ro\/expozitie-in-memoriam-alexandru-marghiloman\/&amp;layout=button_count&amp;show_faces=false&amp;width=105&amp;action=like&amp;colorscheme=light&amp;height=21\"><\/iframe><\/li>\n<li class=\"td-classic-twitter\"><a href=\"https:\/\/twitter.com\/share\" class=\"twitter-share-button\" data-url=\"https:\/\/www.tvbuzau.ro\/expozitie-in-memoriam-alexandru-marghiloman\/\" data-text=\"Expozi\u0163ie \u201eIn memoriam Alexandru Marghiloman\u201d\" data-via data-lang=\"en\">tweet<\/a><\/li>\n<\/ul>\n<\/div>\n<\/div>\n<div class=\"td-author-name vcard author\"><span class=\"fn\"><a href=\"https:\/\/www.tvbuzau.ro\/author\/mihai-vasilescu\/\">TV Buz\u0103u<\/a><\/span><\/div>\n<p><span><\/span><span><span><\/span><\/span><span><\/span><\/footer>\n<\/article>\n<div class=\"td_block_wrap td_block_related_posts td_uid_1_6983e450271d6_rand td_with_ajax_pagination td-pb-border-top\" data-td-block-uid=\"td_uid_1_6983e450271d6\">\n<h4 class=\"td-related-title\"><a id=\"td_uid_2_6983e4502c58c\" class=\"td-related-left td-cur-simple-item\" data-td_filter_value data-td_block_id=\"td_uid_1_6983e450271d6\" href=\"https:\/\/www.tvbuzau.ro\/expozitie-in-memoriam-alexandru-marghiloman\/\">ARTICOLE SIMILARE<\/a><a id=\"td_uid_3_6983e4502c5c6\" class=\"td-related-right\" data-td_filter_value=\"td_related_more_from_author\" data-td_block_id=\"td_uid_1_6983e450271d6\" href=\"https:\/\/www.tvbuzau.ro\/expozitie-in-memoriam-alexandru-marghiloman\/\">DE LA ACELA\u0218I AUTOR<\/a><\/h4>\n<div id=\"td_uid_1_6983e450271d6\" class=\"td_block_inner\">\n<div class=\"td-related-row\">\n<div class=\"td-related-span4\">\n<div class=\"td_module_related_posts td-animation-stack td_mod_related_posts\">\n<div class=\"td-module-image\">\n<div class=\"td-module-thumb\"><a href=\"https:\/\/www.tvbuzau.ro\/buzaul-fruntas-la-productia-de-carne-de-porc\/\" rel=\"bookmark\" title=\"Buzaul frunta\u0219 la produc\u021bia de carne de porc\"><img loading=\"lazy\" decoding=\"async\" width=\"218\" height=\"150\" class=\"entry-thumb\" src=\"https:\/\/www.tvbuzau.ro\/wp-content\/uploads\/2026\/02\/hqdefault-6-218x150.jpg\" alt title=\"Buzaul frunta\u0219 la produc\u021bia de carne de porc\"><span class=\"td-video-play-ico\"><img loading=\"lazy\" decoding=\"async\" width=\"40\" height=\"40\" class=\"td-retina\" src=\"https:\/\/www.tvbuzau.ro\/wp-content\/themes\/Newspaper\/images\/icons\/ico-video-large.png\" alt=\"video\"><\/span><\/a><\/div>\n<p><a href=\"https:\/\/www.tvbuzau.ro\/category\/actualitate\/\" class=\"td-post-category\">Actualitate<\/a><\/div>\n<div class=\"item-details\">\n<h3 class=\"entry-title td-module-title\"><a href=\"https:\/\/www.tvbuzau.ro\/buzaul-fruntas-la-productia-de-carne-de-porc\/\" rel=\"bookmark\" title=\"Buzaul frunta\u0219 la produc\u021bia de carne de porc\">Buzaul frunta\u0219 la produc\u021bia de carne de porc<\/a><\/h3>\n<\/div>\n<\/div>\n<\/div>\n<div class=\"td-related-span4\">\n<div class=\"td_module_related_posts td-animation-stack td_mod_related_posts\">\n<div class=\"td-module-image\">\n<div class=\"td-module-thumb\"><a href=\"https:\/\/www.tvbuzau.ro\/contracte-de-131-milioane-lei-semnate-la-consiliul-judetean-buzau\/\" rel=\"bookmark\" title=\"Contracte de 131 milioane lei semnate la Consiliul Jude\u0163ean Buz\u0103u\"><img loading=\"lazy\" decoding=\"async\" width=\"218\" height=\"150\" class=\"entry-thumb\" src=\"https:\/\/www.tvbuzau.ro\/wp-content\/uploads\/2026\/02\/sddefault-10-218x150.jpg\" alt title=\"Contracte de 131 milioane lei semnate la Consiliul Jude\u0163ean Buz\u0103u\"><span class=\"td-video-play-ico\"><img loading=\"lazy\" decoding=\"async\" width=\"40\" height=\"40\" class=\"td-retina\" src=\"https:\/\/www.tvbuzau.ro\/wp-content\/themes\/Newspaper\/images\/icons\/ico-video-large.png\" alt=\"video\"><\/span><\/a><\/div>\n<p><a href=\"https:\/\/www.tvbuzau.ro\/category\/actualitate\/\" class=\"td-post-category\">Actualitate<\/a><\/div>\n<div class=\"item-details\">\n<h3 class=\"entry-title td-module-title\"><a href=\"https:\/\/www.tvbuzau.ro\/contracte-de-131-milioane-lei-semnate-la-consiliul-judetean-buzau\/\" rel=\"bookmark\" title=\"Contracte de 131 milioane lei semnate la Consiliul Jude\u0163ean Buz\u0103u\">Contracte de 131 milioane lei semnate la Consiliul Jude\u0163ean Buz\u0103u<\/a><\/h3>\n<\/div>\n<\/div>\n<\/div>\n<div class=\"td-related-span4\">\n<div class=\"td_module_related_posts td-animation-stack td_mod_related_posts\">\n<div class=\"td-module-image\">\n<div class=\"td-module-thumb\"><a href=\"https:\/\/www.tvbuzau.ro\/razie-in-sistem-releu-pe-dn2e85\/\" rel=\"bookmark\" title=\"Razie \u00een sistem RELEU pe DN2E85\"><img loading=\"lazy\" decoding=\"async\" width=\"218\" height=\"150\" class=\"entry-thumb\" src=\"https:\/\/www.tvbuzau.ro\/wp-content\/uploads\/2026\/02\/sddefault-9-218x150.jpg\" alt title=\"Razie \u00een sistem RELEU pe DN2E85\"><span class=\"td-video-play-ico\"><img loading=\"lazy\" decoding=\"async\" width=\"40\" height=\"40\" class=\"td-retina\" src=\"https:\/\/www.tvbuzau.ro\/wp-content\/themes\/Newspaper\/images\/icons\/ico-video-large.png\" alt=\"video\"><\/span><\/a><\/div>\n<p><a href=\"https:\/\/www.tvbuzau.ro\/category\/actualitate\/\" class=\"td-post-category\">Actualitate<\/a><\/div>\n<div class=\"item-details\">\n<h3 class=\"entry-title td-module-title\"><a href=\"https:\/\/www.tvbuzau.ro\/razie-in-sistem-releu-pe-dn2e85\/\" rel=\"bookmark\" title=\"Razie \u00een sistem RELEU pe DN2E85\">Razie \u00een sistem RELEU pe DN2E85<\/a><\/h3>\n<\/div>\n<\/div>\n<\/div>\n<\/div>\n<div class=\"td-related-row\">\n<div class=\"td-related-span4\">\n<div class=\"td_module_related_posts td-animation-stack td_mod_related_posts\">\n<div class=\"td-module-image\">\n<div class=\"td-module-thumb\"><a href=\"https:\/\/www.tvbuzau.ro\/politistii-locali-au-castigat-procesul-cu-primaria\/\" rel=\"bookmark\" title=\"Poli\u0163i\u015ftii locali au c\u00e2\u015ftigat procesul cu Prim\u0103ria\"><img loading=\"lazy\" decoding=\"async\" width=\"218\" height=\"150\" class=\"entry-thumb\" src=\"https:\/\/www.tvbuzau.ro\/wp-content\/uploads\/2026\/02\/sddefault-8-218x150.jpg\" alt title=\"Poli\u0163i\u015ftii locali au c\u00e2\u015ftigat procesul cu Prim\u0103ria\"><span class=\"td-video-play-ico\"><img loading=\"lazy\" decoding=\"async\" width=\"40\" height=\"40\" class=\"td-retina\" src=\"https:\/\/www.tvbuzau.ro\/wp-content\/themes\/Newspaper\/images\/icons\/ico-video-large.png\" alt=\"video\"><\/span><\/a><\/div>\n<p><a href=\"https:\/\/www.tvbuzau.ro\/category\/actualitate\/\" class=\"td-post-category\">Actualitate<\/a><\/div>\n<div class=\"item-details\">\n<h3 class=\"entry-title td-module-title\"><a href=\"https:\/\/www.tvbuzau.ro\/politistii-locali-au-castigat-procesul-cu-primaria\/\" rel=\"bookmark\" title=\"Poli\u0163i\u015ftii locali au c\u00e2\u015ftigat procesul cu Prim\u0103ria\">Poli\u0163i\u015ftii locali au c\u00e2\u015ftigat procesul cu Prim\u0103ria<\/a><\/h3>\n<\/div>\n<\/div>\n<\/div>\n<div class=\"td-related-span4\">\n<div class=\"td_module_related_posts td-animation-stack td_mod_related_posts\">\n<div class=\"td-module-image\">\n<div class=\"td-module-thumb\"><a href=\"https:\/\/www.tvbuzau.ro\/scandalul-gardurilor-vii-continua\/\" rel=\"bookmark\" title=\"Scandalul gardurilor vii continu\u0103\"><img loading=\"lazy\" decoding=\"async\" width=\"218\" height=\"150\" class=\"entry-thumb\" src=\"https:\/\/www.tvbuzau.ro\/wp-content\/uploads\/2026\/02\/sddefault-7-218x150.jpg\" alt title=\"Scandalul gardurilor vii continu\u0103\"><span class=\"td-video-play-ico\"><img loading=\"lazy\" decoding=\"async\" width=\"40\" height=\"40\" class=\"td-retina\" src=\"https:\/\/www.tvbuzau.ro\/wp-content\/themes\/Newspaper\/images\/icons\/ico-video-large.png\" alt=\"video\"><\/span><\/a><\/div>\n<p><a href=\"https:\/\/www.tvbuzau.ro\/category\/actualitate\/\" class=\"td-post-category\">Actualitate<\/a><\/div>\n<div class=\"item-details\">\n<h3 class=\"entry-title td-module-title\"><a href=\"https:\/\/www.tvbuzau.ro\/scandalul-gardurilor-vii-continua\/\" rel=\"bookmark\" title=\"Scandalul gardurilor vii continu\u0103\">Scandalul gardurilor vii continu\u0103<\/a><\/h3>\n<\/div>\n<\/div>\n<\/div>\n<div class=\"td-related-span4\">\n<div class=\"td_module_related_posts td-animation-stack td_mod_related_posts\">\n<div class=\"td-module-image\">\n<div class=\"td-module-thumb\"><a href=\"https:\/\/www.tvbuzau.ro\/sistem-de-anticipare-a-replicilor-seismice-in-romania\/\" rel=\"bookmark\" title=\"Sistem de  anticipare a replicilor seismice \u00een Rom\u00e2nia\"><img loading=\"lazy\" decoding=\"async\" width=\"218\" height=\"150\" class=\"entry-thumb\" src=\"https:\/\/www.tvbuzau.ro\/wp-content\/uploads\/2026\/02\/sddefault-6-218x150.jpg\" alt title=\"Sistem de  anticipare a replicilor seismice \u00een Rom\u00e2nia\"><span class=\"td-video-play-ico\"><img loading=\"lazy\" decoding=\"async\" width=\"40\" height=\"40\" class=\"td-retina\" src=\"https:\/\/www.tvbuzau.ro\/wp-content\/themes\/Newspaper\/images\/icons\/ico-video-large.png\" alt=\"video\"><\/span><\/a><\/div>\n<p><a href=\"https:\/\/www.tvbuzau.ro\/category\/actualitate\/\" class=\"td-post-category\">Actualitate<\/a><\/div>\n<div class=\"item-details\">\n<h3 class=\"entry-title td-module-title\"><a href=\"https:\/\/www.tvbuzau.ro\/sistem-de-anticipare-a-replicilor-seismice-in-romania\/\" rel=\"bookmark\" title=\"Sistem de  anticipare a replicilor seismice \u00een Rom\u00e2nia\">Sistem de  anticipare a replicilor seismice \u00een Rom\u00e2nia<\/a><\/h3>\n<\/div>\n<\/div>\n<\/div>\n<\/div>\n<\/div>\n<\/div>\n<div class=\"comments\" id=\"comments\">\n<div id=\"respond\" class=\"comment-respond\">\n<h3 id=\"reply-title\" class=\"comment-reply-title\">L\u0102SA\u021aI UN MESAJ <small><a rel=\"nofollow\" id=\"cancel-comment-reply-link\" href=\"https:\/\/www.tvbuzau.ro\/expozitie-in-memoriam-alexandru-marghiloman\/#respond\">Renun\u021ba\u021bi la r\u0103spuns<\/a><\/small><\/h3>\n<\/div>\n<\/div>\n<\/div>\n<div class=\"td-post-content\">\n<div class=\"td-featured-image-rec\">\n<div class=\"wpb_video_wrapper\">\n                    <iframe loading=\"lazy\" id=\"td_youtube_player\" width=\"600\" height=\"560\" src=\"https:\/\/www.youtube.com\/embed\/iO7gtci5MBw?enablejsapi=1&amp;feature=oembed&amp;wmode=opaque&amp;vq=hd720\" frameborder allowfullscreen><\/iframe><\/p><\/div>\n<\/div>\n<p>172 de ani de la na\u015fterea marelui om politic<br \/>\nS-au \u00eemplinit 172 de ani de la na\u0219terea marelui om politic buzoian Alexandru Marghiloman.  \u00cen acest context Muzeul Jude\u0163ean Buz\u0103u orgnizeaz\u0103 o serie de activit\u0103\u0163i la care publicul buzoian este invitat s\u0103 ia parte.<br \/>\nN\u0103scut la 27 ianuarie 1854 \u00een Buz\u0103u, Alexandru a fost al doilea copil al lui Ion (Iancu) Marghiloman \u0219i Irina Izvoranu. Tat\u0103l s\u0103u, fost primar \u0219i prefect, era unul dintre cei mai influen\u021bi oameni din Buz\u0103u \u0219i unul dintre cei mai mari proprietari funciari din sudul \u021b\u0103rii.<br \/>\nMarghiloman a de\u021binut mai multe portofolii ministeriale: Justi\u021bie, Lucr\u0103ri Publice, Agricultur\u0103, Afaceri Str\u0103ine, Interne \u0219i Finan\u021be. A promovat reforme esen\u021biale, a \u00eent\u0103rit independen\u021ba justi\u021biei \u0219i a modernizat codul comercial, a sus\u021binut construc\u021bia podului de la Cernavod\u0103 \u0219i a r\u0103scump\u0103rat linii ferate strategice, a \u00eencercat o reform\u0103 agrar\u0103 moderat\u0103, oferind p\u0103m\u00e2nt \u021b\u0103ranilor care puteau accesa credite funciare \u015fi a sprijinit conservarea patrimoniului istoric \u0219i dezvoltarea infrastructurii medicale \u0219i educa\u021bionale.<br \/>\nMai multe aspecte inedite despre activitatea politic\u0103, via\u021ba personal\u0103, dar \u0219i hobby-urile acestuia, pute\u021bi afla vizit\u00e2nd expozi\u021bia temporar\u0103 \u201e\ud835\udc08\ud835\udc27 \ud835\udc26\ud835\udc1e\ud835\udc26\ud835\udc28\ud835\udc2b\ud835\udc22\ud835\udc1a\ud835\udc26 \ud835\udc00\ud835\udc25\ud835\udc1e\ud835\udc31\ud835\udc1a\ud835\udc27\ud835\udc1d\ud835\udc2b\ud835\udc2e \ud835\udc0c\ud835\udc1a\ud835\udc2b\ud835\udc20\ud835\udc21\ud835\udc22\ud835\udc25\ud835\udc28\ud835\udc26\ud835\udc1a\ud835\udc27 (\ud835\udfcf\ud835\udfd6\ud835\udfd3\ud835\udfd2-\ud835\udfcf\ud835\udfd7\ud835\udfd0\ud835\udfd3)\u201d deschis\u0103 la Muzeul Jude\u021bean Buz\u0103u p\u00e2n\u0103 pe 20 februarie 2026.<\/p>\n<div class=\"post-views post-117947 entry-meta\"><span class=\"post-views-label\">Post Views: <\/span><span class=\"post-views-count\">161<\/span><\/div>\n<\/div>\n<p>[analyse_source url=&#8221;https:\/\/www.tvbuzau.ro\/expozitie-in-memoriam-alexandru-marghiloman\/&#8221;]<\/p>\n","protected":false},"excerpt":{"rendered":"<p>[analyse_image type=&#8221;featured&#8221; src=&#8221;https:\/\/www.tvbuzau.ro\/wp-content\/uploads\/2026\/02\/hqdefault-5.jpghttps:\/\/www.tvbuzau.ro\/wp-content\/uploads\/2026\/02\/hqdefault-5.jpg&#8221;] Actualitate Expozi\u0163ie \u201eIn memoriam Alexandru Marghiloman\u201d De c\u0103tre TV Buz\u0103u &#8211; februarie 3, 2026 0 7 Distribui\u021bi pe Facebook Distribui\u021bi pe Twitter tweet 172 de ani de la na\u015fterea marelui om politic S-au \u00eemplinit 172 de ani de la na\u0219terea marelui om politic buzoian Alexandru Marghiloman. \u00cen acest context Muzeul Jude\u0163ean Buz\u0103u [&hellip;]<\/p>\n","protected":false},"author":1,"featured_media":0,"comment_status":"open","ping_status":"","sticky":false,"template":"","format":"standard","meta":{"footnotes":""},"categories":[2],"tags":[226,116],"class_list":["post-1750946","post","type-post","status-publish","format-standard","hentry","category-politics","tag-crawlmanager","tag-tvbuzau-ro"],"_links":{"self":[{"href":"https:\/\/analyse.optim.biz\/index.php?rest_route=\/wp\/v2\/posts\/1750946","targetHints":{"allow":["GET"]}}],"collection":[{"href":"https:\/\/analyse.optim.biz\/index.php?rest_route=\/wp\/v2\/posts"}],"about":[{"href":"https:\/\/analyse.optim.biz\/index.php?rest_route=\/wp\/v2\/types\/post"}],"author":[{"embeddable":true,"href":"https:\/\/analyse.optim.biz\/index.php?rest_route=\/wp\/v2\/users\/1"}],"replies":[{"embeddable":true,"href":"https:\/\/analyse.optim.biz\/index.php?rest_route=%2Fwp%2Fv2%2Fcomments&post=1750946"}],"version-history":[{"count":0,"href":"https:\/\/analyse.optim.biz\/index.php?rest_route=\/wp\/v2\/posts\/1750946\/revisions"}],"wp:attachment":[{"href":"https:\/\/analyse.optim.biz\/index.php?rest_route=%2Fwp%2Fv2%2Fmedia&parent=1750946"}],"wp:term":[{"taxonomy":"category","embeddable":true,"href":"https:\/\/analyse.optim.biz\/index.php?rest_route=%2Fwp%2Fv2%2Fcategories&post=1750946"},{"taxonomy":"post_tag","embeddable":true,"href":"https:\/\/analyse.optim.biz\/index.php?rest_route=%2Fwp%2Fv2%2Ftags&post=1750946"}],"curies":[{"name":"wp","href":"https:\/\/api.w.org\/{rel}","templated":true}]}}