{"id":1750944,"date":"2026-02-03T20:35:11","date_gmt":"2026-02-03T17:35:11","guid":{"rendered":"https:\/\/analyse.optim.biz\/?p=1750944"},"modified":"2026-02-03T20:35:11","modified_gmt":"2026-02-03T17:35:11","slug":"anunt-catre-buzoieni-de-la-banca-de-resurse-genetice-vegetale","status":"publish","type":"post","link":"https:\/\/analyse.optim.biz\/?p=1750944","title":{"rendered":"Anun\u0163 c\u0103tre buzoieni de la Banca de Resurse Genetice Vegetale"},"content":{"rendered":"<p>[analyse_image type=&#8221;featured&#8221; src=&#8221;https:\/\/www.tvbuzau.ro\/wp-content\/uploads\/2026\/02\/sddefault-1.jpghttps:\/\/www.tvbuzau.ro\/wp-content\/uploads\/2026\/02\/sddefault-1.jpg&#8221;]<\/p>\n<div class=\"td-ss-main-content\">\n<article id=\"post-117941\" class=\"post-117941 post type-post status-publish format-video has-post-thumbnail hentry category-actualitate post_format-post-format-video\">\n<div class=\"td-post-header\">\n<ul class=\"td-category\">\n<li class=\"entry-category\"><a href=\"https:\/\/www.tvbuzau.ro\/category\/actualitate\/\">Actualitate<\/a><\/li>\n<\/ul>\n<header class=\"td-post-title\">\n<h1 class=\"entry-title\">Anun\u0163 c\u0103tre buzoieni de la Banca de Resurse Genetice Vegetale<\/h1>\n<div class=\"td-module-meta-info\">\n<div class=\"td-post-author-name\">De c\u0103tre <a href=\"https:\/\/www.tvbuzau.ro\/author\/mihai-vasilescu\/\">TV Buz\u0103u<\/a> &#8211; <\/div>\n<p><span class=\"td-post-date\"><time class=\"entry-date updated td-module-date\" datetime=\"2026-02-03T20:35:11+00:00\">februarie 3, 2026<\/time><\/span><\/p>\n<div class=\"td-post-comments\"><a href=\"https:\/\/www.tvbuzau.ro\/anunt-catre-buzoieni-de-la-banca-de-resurse-genetice-vegetale\/#respond\">0<\/a><\/div>\n<div class=\"td-post-views\"><span class=\"td-nr-views-117941\">17<\/span><\/div>\n<\/div>\n<\/header>\n<\/div>\n<div class=\"td-post-sharing td-post-sharing-top td-with-like\">\n<div class=\"td-default-sharing\"><a class=\"td-social-sharing-buttons td-social-facebook\" href=\"http:\/\/www.facebook.com\/sharer.php?u=https%3A%2F%2Fwww.tvbuzau.ro%2Fanunt-catre-buzoieni-de-la-banca-de-resurse-genetice-vegetale%2F\"><\/p>\n<div class=\"td-social-but-text\">Distribui\u021bi pe Facebook<\/div>\n<p><\/a><a class=\"td-social-sharing-buttons td-social-twitter\" href=\"https:\/\/twitter.com\/intent\/tweet?text=Anun%C5%A3+c%C4%83tre+buzoieni+de+la+Banca+de+Resurse+Genetice+Vegetale&amp;url=https%3A%2F%2Fwww.tvbuzau.ro%2Fanunt-catre-buzoieni-de-la-banca-de-resurse-genetice-vegetale%2F&amp;via=TV+Buz%C4%83u\"><\/p>\n<div class=\"td-social-but-text\">Distribui\u021bi pe Twitter<\/div>\n<p><\/a><\/div>\n<div class=\"td-classic-sharing\">\n<ul>\n<li class=\"td-classic-facebook\"><iframe frameborder src=\"https:\/\/www.facebook.com\/plugins\/like.php?href=https:\/\/www.tvbuzau.ro\/anunt-catre-buzoieni-de-la-banca-de-resurse-genetice-vegetale\/&amp;layout=button_count&amp;show_faces=false&amp;width=105&amp;action=like&amp;colorscheme=light&amp;height=21\"><\/iframe><\/li>\n<li class=\"td-classic-twitter\"><a href=\"https:\/\/twitter.com\/share\" class=\"twitter-share-button\" data-url=\"https:\/\/www.tvbuzau.ro\/anunt-catre-buzoieni-de-la-banca-de-resurse-genetice-vegetale\/\" data-text=\"Anun\u0163 c\u0103tre buzoieni de la Banca de Resurse Genetice Vegetale\" data-via data-lang=\"en\">tweet<\/a><\/li>\n<\/ul>\n<\/div>\n<\/div>\n<div class=\"td-post-content\">\n<div class=\"td-featured-image-rec\">\n<div class=\"wpb_video_wrapper\">\n                    <iframe loading=\"lazy\" id=\"td_youtube_player\" width=\"600\" height=\"560\" src=\"https:\/\/www.youtube.com\/embed\/f_A7eMlF4m4?enablejsapi=1&amp;feature=oembed&amp;wmode=opaque&amp;vq=hd720\" frameborder allowfullscreen><\/iframe><\/p><\/div>\n<\/div>\n<p>Nu se mai ofer\u0103 semin\u0163e gratuite prin curier<br \/>\nConducerea B\u0103ncii de Resurse Genetice Vegetale Buz\u0103u trasmite buzoienilor c\u0103 pe parcursul acestui an nu se vor mai trimite plicuri cu semin\u0163e, \u00een baza ape-lurilor telefonice sau a solicit\u0103rilor venite pe mail sau prin intermediul re\u0163elelor online.<\/p>\n<p>BRGV Buz\u0103u<br \/>\n\u201cDragi prieteni ai gr\u0103din\u0103ritului,<br \/>\nV\u0103 mul\u021bumim pentru numeroasele mesaje primite pe paginile \u0219i conturile online ale Banca de Resurse Genetice Vegetale Buz\u0103u. Interesul constant fa\u021b\u0103 de activitatea no-astr\u0103 \u0219i fa\u021b\u0103 de semin\u021bele din patrimoniul genetic BRGV ne onoreaz\u0103 \u0219i ne re-sponsabilizeaz\u0103. V\u0103 rug\u0103m, \u00eens\u0103, s\u0103 nu apela\u021bi telefonic institu\u021bia pentru solicit\u0103ri leg-ate de distribuirea semin\u021belor. BRGV Buz\u0103u nu dispune de personal dedicat pentru un serviciu de rela\u021bii cu publicul, iar \u00een aceast\u0103 perioad\u0103 activitatea colegilor no\u0219tri este concentrat\u0103 pe preg\u0103tirea campaniei de prim\u0103var\u0103, inclusiv pe preg\u0103tirea fizic\u0103 a kiturilor de semin\u021be, activit\u0103\u021bi care presupun un efort suplimentar, realizat inclusiv \u00een afara programului de lucru, fi\u0219a postului neprev\u0103z\u00e2nd astfel de ac\u021biuni\u201d, anun\u0163\u0103 in-stitu\u0163ia.<br \/>\nPlicule\u0163ele cu semin\u0163e vor fi oferite pasiona\u0163ilor \u00een cadrul unui eveniment public ce urmeaz\u0103 a fi anun\u0163at.<\/p>\n<p>BRGV Buz\u0103u<br \/>\n\u201cChiar \u0219i \u00een aceste condi\u021bii, facem un efort constant pentru a onora tradi\u021bia de prim\u0103var\u0103 prin care punem la dispozi\u021bia pasiona\u021bilor de gr\u0103din\u0103rit, \u00een regim gratuit, o selec\u021bie limitat\u0103 de semin\u021be din patrimoniul genetic al BRGV Buz\u0103u. Distribuirea NU se va mai face prin \u00eenscrieri online, prin mesaje private, prin livrare prin curier.<br \/>\nDistribuirea se va realiza exclusiv printr-un EVENIMENT PUBLIC, organizat \u00eentr-un cadru controlat, transparent \u0219i echitabil\u201d.<br \/>\n500 de kituri cu semin\u0163e au fost distribuite gratuit \u00een toat\u0103 \u0163ara anul trecut, o ini\u0163iativ\u0103 care \u00eens\u0103 a st\u00e2rnit \u015fi reac\u0163ii de nemul\u0163umire \u015fi cheltuieli suplimentare pentru institu\u0163ie, dup\u0103 ce mai multe persoane au comandat pachetele, dar nu au mai achitat transportul prin curier.<\/p>\n<div class=\"post-views post-117941 entry-meta\"><span class=\"post-views-label\">Post Views: <\/span><span class=\"post-views-count\">176<\/span><\/div>\n<\/div>\n<footer>\n<div class=\"td-post-sharing td-post-sharing-bottom td-with-like\"><span class=\"td-post-share-title\">DISTRIBUI\u021aI<\/span><\/p>\n<div class=\"td-default-sharing\"><a class=\"td-social-sharing-buttons td-social-facebook\" href=\"http:\/\/www.facebook.com\/sharer.php?u=https%3A%2F%2Fwww.tvbuzau.ro%2Fanunt-catre-buzoieni-de-la-banca-de-resurse-genetice-vegetale%2F\"><\/p>\n<div class=\"td-social-but-text\">Facebook<\/div>\n<p><\/a><a class=\"td-social-sharing-buttons td-social-twitter\" href=\"https:\/\/twitter.com\/intent\/tweet?text=Anun%C5%A3+c%C4%83tre+buzoieni+de+la+Banca+de+Resurse+Genetice+Vegetale&amp;url=https%3A%2F%2Fwww.tvbuzau.ro%2Fanunt-catre-buzoieni-de-la-banca-de-resurse-genetice-vegetale%2F&amp;via=TV+Buz%C4%83u\"><\/p>\n<div class=\"td-social-but-text\">Twitter<\/div>\n<p><\/a><\/div>\n<div class=\"td-classic-sharing\">\n<ul>\n<li class=\"td-classic-facebook\"><iframe frameborder src=\"https:\/\/www.facebook.com\/plugins\/like.php?href=https:\/\/www.tvbuzau.ro\/anunt-catre-buzoieni-de-la-banca-de-resurse-genetice-vegetale\/&amp;layout=button_count&amp;show_faces=false&amp;width=105&amp;action=like&amp;colorscheme=light&amp;height=21\"><\/iframe><\/li>\n<li class=\"td-classic-twitter\"><a href=\"https:\/\/twitter.com\/share\" class=\"twitter-share-button\" data-url=\"https:\/\/www.tvbuzau.ro\/anunt-catre-buzoieni-de-la-banca-de-resurse-genetice-vegetale\/\" data-text=\"Anun\u0163 c\u0103tre buzoieni de la Banca de Resurse Genetice Vegetale\" data-via data-lang=\"en\">tweet<\/a><\/li>\n<\/ul>\n<\/div>\n<\/div>\n<div class=\"td-author-name vcard author\"><span class=\"fn\"><a href=\"https:\/\/www.tvbuzau.ro\/author\/mihai-vasilescu\/\">TV Buz\u0103u<\/a><\/span><\/div>\n<p><span><\/span><span><span><\/span><\/span><span><\/span><\/footer>\n<\/article>\n<div class=\"td_block_wrap td_block_related_posts td_uid_1_6983e41ce968e_rand td_with_ajax_pagination td-pb-border-top\" data-td-block-uid=\"td_uid_1_6983e41ce968e\">\n<h4 class=\"td-related-title\"><a id=\"td_uid_2_6983e41cee874\" class=\"td-related-left td-cur-simple-item\" data-td_filter_value data-td_block_id=\"td_uid_1_6983e41ce968e\" href=\"https:\/\/www.tvbuzau.ro\/anunt-catre-buzoieni-de-la-banca-de-resurse-genetice-vegetale\/\">ARTICOLE SIMILARE<\/a><a id=\"td_uid_3_6983e41cee8ae\" class=\"td-related-right\" data-td_filter_value=\"td_related_more_from_author\" data-td_block_id=\"td_uid_1_6983e41ce968e\" href=\"https:\/\/www.tvbuzau.ro\/anunt-catre-buzoieni-de-la-banca-de-resurse-genetice-vegetale\/\">DE LA ACELA\u0218I AUTOR<\/a><\/h4>\n<div id=\"td_uid_1_6983e41ce968e\" class=\"td_block_inner\">\n<div class=\"td-related-row\">\n<div class=\"td-related-span4\">\n<div class=\"td_module_related_posts td-animation-stack td_mod_related_posts\">\n<div class=\"td-module-image\">\n<div class=\"td-module-thumb\"><a href=\"https:\/\/www.tvbuzau.ro\/buzaul-fruntas-la-productia-de-carne-de-porc\/\" rel=\"bookmark\" title=\"Buzaul frunta\u0219 la produc\u021bia de carne de porc\"><img loading=\"lazy\" decoding=\"async\" width=\"218\" height=\"150\" class=\"entry-thumb\" src=\"https:\/\/www.tvbuzau.ro\/wp-content\/uploads\/2026\/02\/hqdefault-6-218x150.jpg\" alt title=\"Buzaul frunta\u0219 la produc\u021bia de carne de porc\"><span class=\"td-video-play-ico\"><img loading=\"lazy\" decoding=\"async\" width=\"40\" height=\"40\" class=\"td-retina\" src=\"https:\/\/www.tvbuzau.ro\/wp-content\/themes\/Newspaper\/images\/icons\/ico-video-large.png\" alt=\"video\"><\/span><\/a><\/div>\n<p><a href=\"https:\/\/www.tvbuzau.ro\/category\/actualitate\/\" class=\"td-post-category\">Actualitate<\/a><\/div>\n<div class=\"item-details\">\n<h3 class=\"entry-title td-module-title\"><a href=\"https:\/\/www.tvbuzau.ro\/buzaul-fruntas-la-productia-de-carne-de-porc\/\" rel=\"bookmark\" title=\"Buzaul frunta\u0219 la produc\u021bia de carne de porc\">Buzaul frunta\u0219 la produc\u021bia de carne de porc<\/a><\/h3>\n<\/div>\n<\/div>\n<\/div>\n<div class=\"td-related-span4\">\n<div class=\"td_module_related_posts td-animation-stack td_mod_related_posts\">\n<div class=\"td-module-image\">\n<div class=\"td-module-thumb\"><a href=\"https:\/\/www.tvbuzau.ro\/contracte-de-131-milioane-lei-semnate-la-consiliul-judetean-buzau\/\" rel=\"bookmark\" title=\"Contracte de 131 milioane lei semnate la Consiliul Jude\u0163ean Buz\u0103u\"><img loading=\"lazy\" decoding=\"async\" width=\"218\" height=\"150\" class=\"entry-thumb\" src=\"https:\/\/www.tvbuzau.ro\/wp-content\/uploads\/2026\/02\/sddefault-10-218x150.jpg\" alt title=\"Contracte de 131 milioane lei semnate la Consiliul Jude\u0163ean Buz\u0103u\"><span class=\"td-video-play-ico\"><img loading=\"lazy\" decoding=\"async\" width=\"40\" height=\"40\" class=\"td-retina\" src=\"https:\/\/www.tvbuzau.ro\/wp-content\/themes\/Newspaper\/images\/icons\/ico-video-large.png\" alt=\"video\"><\/span><\/a><\/div>\n<p><a href=\"https:\/\/www.tvbuzau.ro\/category\/actualitate\/\" class=\"td-post-category\">Actualitate<\/a><\/div>\n<div class=\"item-details\">\n<h3 class=\"entry-title td-module-title\"><a href=\"https:\/\/www.tvbuzau.ro\/contracte-de-131-milioane-lei-semnate-la-consiliul-judetean-buzau\/\" rel=\"bookmark\" title=\"Contracte de 131 milioane lei semnate la Consiliul Jude\u0163ean Buz\u0103u\">Contracte de 131 milioane lei semnate la Consiliul Jude\u0163ean Buz\u0103u<\/a><\/h3>\n<\/div>\n<\/div>\n<\/div>\n<div class=\"td-related-span4\">\n<div class=\"td_module_related_posts td-animation-stack td_mod_related_posts\">\n<div class=\"td-module-image\">\n<div class=\"td-module-thumb\"><a href=\"https:\/\/www.tvbuzau.ro\/razie-in-sistem-releu-pe-dn2e85\/\" rel=\"bookmark\" title=\"Razie \u00een sistem RELEU pe DN2E85\"><img loading=\"lazy\" decoding=\"async\" width=\"218\" height=\"150\" class=\"entry-thumb\" src=\"https:\/\/www.tvbuzau.ro\/wp-content\/uploads\/2026\/02\/sddefault-9-218x150.jpg\" alt title=\"Razie \u00een sistem RELEU pe DN2E85\"><span class=\"td-video-play-ico\"><img loading=\"lazy\" decoding=\"async\" width=\"40\" height=\"40\" class=\"td-retina\" src=\"https:\/\/www.tvbuzau.ro\/wp-content\/themes\/Newspaper\/images\/icons\/ico-video-large.png\" alt=\"video\"><\/span><\/a><\/div>\n<p><a href=\"https:\/\/www.tvbuzau.ro\/category\/actualitate\/\" class=\"td-post-category\">Actualitate<\/a><\/div>\n<div class=\"item-details\">\n<h3 class=\"entry-title td-module-title\"><a href=\"https:\/\/www.tvbuzau.ro\/razie-in-sistem-releu-pe-dn2e85\/\" rel=\"bookmark\" title=\"Razie \u00een sistem RELEU pe DN2E85\">Razie \u00een sistem RELEU pe DN2E85<\/a><\/h3>\n<\/div>\n<\/div>\n<\/div>\n<\/div>\n<div class=\"td-related-row\">\n<div class=\"td-related-span4\">\n<div class=\"td_module_related_posts td-animation-stack td_mod_related_posts\">\n<div class=\"td-module-image\">\n<div class=\"td-module-thumb\"><a href=\"https:\/\/www.tvbuzau.ro\/politistii-locali-au-castigat-procesul-cu-primaria\/\" rel=\"bookmark\" title=\"Poli\u0163i\u015ftii locali au c\u00e2\u015ftigat procesul cu Prim\u0103ria\"><img loading=\"lazy\" decoding=\"async\" width=\"218\" height=\"150\" class=\"entry-thumb\" src=\"https:\/\/www.tvbuzau.ro\/wp-content\/uploads\/2026\/02\/sddefault-8-218x150.jpg\" alt title=\"Poli\u0163i\u015ftii locali au c\u00e2\u015ftigat procesul cu Prim\u0103ria\"><span class=\"td-video-play-ico\"><img loading=\"lazy\" decoding=\"async\" width=\"40\" height=\"40\" class=\"td-retina\" src=\"https:\/\/www.tvbuzau.ro\/wp-content\/themes\/Newspaper\/images\/icons\/ico-video-large.png\" alt=\"video\"><\/span><\/a><\/div>\n<p><a href=\"https:\/\/www.tvbuzau.ro\/category\/actualitate\/\" class=\"td-post-category\">Actualitate<\/a><\/div>\n<div class=\"item-details\">\n<h3 class=\"entry-title td-module-title\"><a href=\"https:\/\/www.tvbuzau.ro\/politistii-locali-au-castigat-procesul-cu-primaria\/\" rel=\"bookmark\" title=\"Poli\u0163i\u015ftii locali au c\u00e2\u015ftigat procesul cu Prim\u0103ria\">Poli\u0163i\u015ftii locali au c\u00e2\u015ftigat procesul cu Prim\u0103ria<\/a><\/h3>\n<\/div>\n<\/div>\n<\/div>\n<div class=\"td-related-span4\">\n<div class=\"td_module_related_posts td-animation-stack td_mod_related_posts\">\n<div class=\"td-module-image\">\n<div class=\"td-module-thumb\"><a href=\"https:\/\/www.tvbuzau.ro\/scandalul-gardurilor-vii-continua\/\" rel=\"bookmark\" title=\"Scandalul gardurilor vii continu\u0103\"><img loading=\"lazy\" decoding=\"async\" width=\"218\" height=\"150\" class=\"entry-thumb\" src=\"https:\/\/www.tvbuzau.ro\/wp-content\/uploads\/2026\/02\/sddefault-7-218x150.jpg\" alt title=\"Scandalul gardurilor vii continu\u0103\"><span class=\"td-video-play-ico\"><img loading=\"lazy\" decoding=\"async\" width=\"40\" height=\"40\" class=\"td-retina\" src=\"https:\/\/www.tvbuzau.ro\/wp-content\/themes\/Newspaper\/images\/icons\/ico-video-large.png\" alt=\"video\"><\/span><\/a><\/div>\n<p><a href=\"https:\/\/www.tvbuzau.ro\/category\/actualitate\/\" class=\"td-post-category\">Actualitate<\/a><\/div>\n<div class=\"item-details\">\n<h3 class=\"entry-title td-module-title\"><a href=\"https:\/\/www.tvbuzau.ro\/scandalul-gardurilor-vii-continua\/\" rel=\"bookmark\" title=\"Scandalul gardurilor vii continu\u0103\">Scandalul gardurilor vii continu\u0103<\/a><\/h3>\n<\/div>\n<\/div>\n<\/div>\n<div class=\"td-related-span4\">\n<div class=\"td_module_related_posts td-animation-stack td_mod_related_posts\">\n<div class=\"td-module-image\">\n<div class=\"td-module-thumb\"><a href=\"https:\/\/www.tvbuzau.ro\/sistem-de-anticipare-a-replicilor-seismice-in-romania\/\" rel=\"bookmark\" title=\"Sistem de  anticipare a replicilor seismice \u00een Rom\u00e2nia\"><img loading=\"lazy\" decoding=\"async\" width=\"218\" height=\"150\" class=\"entry-thumb\" src=\"https:\/\/www.tvbuzau.ro\/wp-content\/uploads\/2026\/02\/sddefault-6-218x150.jpg\" alt title=\"Sistem de  anticipare a replicilor seismice \u00een Rom\u00e2nia\"><span class=\"td-video-play-ico\"><img loading=\"lazy\" decoding=\"async\" width=\"40\" height=\"40\" class=\"td-retina\" src=\"https:\/\/www.tvbuzau.ro\/wp-content\/themes\/Newspaper\/images\/icons\/ico-video-large.png\" alt=\"video\"><\/span><\/a><\/div>\n<p><a href=\"https:\/\/www.tvbuzau.ro\/category\/actualitate\/\" class=\"td-post-category\">Actualitate<\/a><\/div>\n<div class=\"item-details\">\n<h3 class=\"entry-title td-module-title\"><a href=\"https:\/\/www.tvbuzau.ro\/sistem-de-anticipare-a-replicilor-seismice-in-romania\/\" rel=\"bookmark\" title=\"Sistem de  anticipare a replicilor seismice \u00een Rom\u00e2nia\">Sistem de  anticipare a replicilor seismice \u00een Rom\u00e2nia<\/a><\/h3>\n<\/div>\n<\/div>\n<\/div>\n<\/div>\n<\/div>\n<\/div>\n<div class=\"comments\" id=\"comments\">\n<div id=\"respond\" class=\"comment-respond\">\n<h3 id=\"reply-title\" class=\"comment-reply-title\">L\u0102SA\u021aI UN MESAJ <small><a rel=\"nofollow\" id=\"cancel-comment-reply-link\" href=\"https:\/\/www.tvbuzau.ro\/anunt-catre-buzoieni-de-la-banca-de-resurse-genetice-vegetale\/#respond\">Renun\u021ba\u021bi la r\u0103spuns<\/a><\/small><\/h3>\n<\/div>\n<\/div>\n<\/div>\n<div class=\"td-post-content\">\n<div class=\"td-featured-image-rec\">\n<div class=\"wpb_video_wrapper\">\n                    <iframe loading=\"lazy\" id=\"td_youtube_player\" width=\"600\" height=\"560\" src=\"https:\/\/www.youtube.com\/embed\/f_A7eMlF4m4?enablejsapi=1&amp;feature=oembed&amp;wmode=opaque&amp;vq=hd720\" frameborder allowfullscreen><\/iframe><\/p><\/div>\n<\/div>\n<p>Nu se mai ofer\u0103 semin\u0163e gratuite prin curier<br \/>\nConducerea B\u0103ncii de Resurse Genetice Vegetale Buz\u0103u trasmite buzoienilor c\u0103 pe parcursul acestui an nu se vor mai trimite plicuri cu semin\u0163e, \u00een baza ape-lurilor telefonice sau a solicit\u0103rilor venite pe mail sau prin intermediul re\u0163elelor online.<\/p>\n<p>BRGV Buz\u0103u<br \/>\n\u201cDragi prieteni ai gr\u0103din\u0103ritului,<br \/>\nV\u0103 mul\u021bumim pentru numeroasele mesaje primite pe paginile \u0219i conturile online ale Banca de Resurse Genetice Vegetale Buz\u0103u. Interesul constant fa\u021b\u0103 de activitatea no-astr\u0103 \u0219i fa\u021b\u0103 de semin\u021bele din patrimoniul genetic BRGV ne onoreaz\u0103 \u0219i ne re-sponsabilizeaz\u0103. V\u0103 rug\u0103m, \u00eens\u0103, s\u0103 nu apela\u021bi telefonic institu\u021bia pentru solicit\u0103ri leg-ate de distribuirea semin\u021belor. BRGV Buz\u0103u nu dispune de personal dedicat pentru un serviciu de rela\u021bii cu publicul, iar \u00een aceast\u0103 perioad\u0103 activitatea colegilor no\u0219tri este concentrat\u0103 pe preg\u0103tirea campaniei de prim\u0103var\u0103, inclusiv pe preg\u0103tirea fizic\u0103 a kiturilor de semin\u021be, activit\u0103\u021bi care presupun un efort suplimentar, realizat inclusiv \u00een afara programului de lucru, fi\u0219a postului neprev\u0103z\u00e2nd astfel de ac\u021biuni\u201d, anun\u0163\u0103 in-stitu\u0163ia.<br \/>\nPlicule\u0163ele cu semin\u0163e vor fi oferite pasiona\u0163ilor \u00een cadrul unui eveniment public ce urmeaz\u0103 a fi anun\u0163at.<\/p>\n<p>BRGV Buz\u0103u<br \/>\n\u201cChiar \u0219i \u00een aceste condi\u021bii, facem un efort constant pentru a onora tradi\u021bia de prim\u0103var\u0103 prin care punem la dispozi\u021bia pasiona\u021bilor de gr\u0103din\u0103rit, \u00een regim gratuit, o selec\u021bie limitat\u0103 de semin\u021be din patrimoniul genetic al BRGV Buz\u0103u. Distribuirea NU se va mai face prin \u00eenscrieri online, prin mesaje private, prin livrare prin curier.<br \/>\nDistribuirea se va realiza exclusiv printr-un EVENIMENT PUBLIC, organizat \u00eentr-un cadru controlat, transparent \u0219i echitabil\u201d.<br \/>\n500 de kituri cu semin\u0163e au fost distribuite gratuit \u00een toat\u0103 \u0163ara anul trecut, o ini\u0163iativ\u0103 care \u00eens\u0103 a st\u00e2rnit \u015fi reac\u0163ii de nemul\u0163umire \u015fi cheltuieli suplimentare pentru institu\u0163ie, dup\u0103 ce mai multe persoane au comandat pachetele, dar nu au mai achitat transportul prin curier.<\/p>\n<div class=\"post-views post-117941 entry-meta\"><span class=\"post-views-label\">Post Views: <\/span><span class=\"post-views-count\">176<\/span><\/div>\n<\/div>\n<p>[analyse_source url=&#8221;https:\/\/www.tvbuzau.ro\/anunt-catre-buzoieni-de-la-banca-de-resurse-genetice-vegetale\/&#8221;]<\/p>\n","protected":false},"excerpt":{"rendered":"<p>[analyse_image type=&#8221;featured&#8221; src=&#8221;https:\/\/www.tvbuzau.ro\/wp-content\/uploads\/2026\/02\/sddefault-1.jpghttps:\/\/www.tvbuzau.ro\/wp-content\/uploads\/2026\/02\/sddefault-1.jpg&#8221;] Actualitate Anun\u0163 c\u0103tre buzoieni de la Banca de Resurse Genetice Vegetale De c\u0103tre TV Buz\u0103u &#8211; februarie 3, 2026 0 17 Distribui\u021bi pe Facebook Distribui\u021bi pe Twitter tweet Nu se mai ofer\u0103 semin\u0163e gratuite prin curier Conducerea B\u0103ncii de Resurse Genetice Vegetale Buz\u0103u trasmite buzoienilor c\u0103 pe parcursul acestui an nu se [&hellip;]<\/p>\n","protected":false},"author":1,"featured_media":0,"comment_status":"open","ping_status":"","sticky":false,"template":"","format":"standard","meta":{"footnotes":""},"categories":[2],"tags":[226,116],"class_list":["post-1750944","post","type-post","status-publish","format-standard","hentry","category-politics","tag-crawlmanager","tag-tvbuzau-ro"],"_links":{"self":[{"href":"https:\/\/analyse.optim.biz\/index.php?rest_route=\/wp\/v2\/posts\/1750944","targetHints":{"allow":["GET"]}}],"collection":[{"href":"https:\/\/analyse.optim.biz\/index.php?rest_route=\/wp\/v2\/posts"}],"about":[{"href":"https:\/\/analyse.optim.biz\/index.php?rest_route=\/wp\/v2\/types\/post"}],"author":[{"embeddable":true,"href":"https:\/\/analyse.optim.biz\/index.php?rest_route=\/wp\/v2\/users\/1"}],"replies":[{"embeddable":true,"href":"https:\/\/analyse.optim.biz\/index.php?rest_route=%2Fwp%2Fv2%2Fcomments&post=1750944"}],"version-history":[{"count":0,"href":"https:\/\/analyse.optim.biz\/index.php?rest_route=\/wp\/v2\/posts\/1750944\/revisions"}],"wp:attachment":[{"href":"https:\/\/analyse.optim.biz\/index.php?rest_route=%2Fwp%2Fv2%2Fmedia&parent=1750944"}],"wp:term":[{"taxonomy":"category","embeddable":true,"href":"https:\/\/analyse.optim.biz\/index.php?rest_route=%2Fwp%2Fv2%2Fcategories&post=1750944"},{"taxonomy":"post_tag","embeddable":true,"href":"https:\/\/analyse.optim.biz\/index.php?rest_route=%2Fwp%2Fv2%2Ftags&post=1750944"}],"curies":[{"name":"wp","href":"https:\/\/api.w.org\/{rel}","templated":true}]}}