{"id":1750813,"date":"2026-02-03T11:41:47","date_gmt":"2026-02-03T08:41:47","guid":{"rendered":"https:\/\/analyse.optim.biz\/?p=1750813"},"modified":"2026-02-03T11:41:47","modified_gmt":"2026-02-03T08:41:47","slug":"organizatori-de-conferinte-din-trei-tari-impresionati-de-timisoara","status":"publish","type":"post","link":"https:\/\/analyse.optim.biz\/?p=1750813","title":{"rendered":"Organizatori de conferin\u021be din trei \u021b\u0103ri, impresiona\u021bi de Timi\u0219oara"},"content":{"rendered":"<p>[analyse_image type=&#8221;featured&#8221; src=&#8221;https:\/\/timpolis.ro\/wp-content\/uploads\/2026\/02\/Organizatori-internationali-de-conferinte-la-Timisoara-Foto-Visit-Timisoara-1024&#215;599.jpghttps:\/\/timpolis.ro\/wp-content\/uploads\/2026\/02\/Organizatori-internationali-de-conferinte-la-Timisoara-Foto-Visit-Timisoara-1024&#215;599.jpg&#8221;]<\/p>\n<div class=\"post-entry\">\n<div class=\"pf-content\">\n<div id=\"attachment_61259\" class=\"wp-caption aligncenter\"><a href=\"https:\/\/timpolis.ro\/wp-content\/uploads\/2026\/02\/Organizatori-internationali-de-conferinte-la-Timisoara-Foto-Visit-Timisoara.jpg\"><img decoding=\"async\" aria-describedby=\"caption-attachment-61259\" loading=\"lazy\" title=\"Organizatori internationali de conferinte la Timisoara Foto Visit Timisoara\" alt width=\"1200\" height=\"702\" class=\"wp-image-61259 size-full lazyload\" src=\"https:\/\/timpolis.ro\/wp-content\/uploads\/2026\/02\/Organizatori-internationali-de-conferinte-la-Timisoara-Foto-Visit-Timisoara.jpg\"><img decoding=\"async\" aria-describedby=\"caption-attachment-61259\" loading=\"lazy\" class=\"wp-image-61259 size-full\" title=\"Organizatori internationali de conferinte la Timisoara Foto Visit Timisoara\" src=\"https:\/\/timpolis.ro\/wp-content\/uploads\/2026\/02\/Organizatori-internationali-de-conferinte-la-Timisoara-Foto-Visit-Timisoara.jpg\" alt width=\"1200\" height=\"702\"><\/a><\/p>\n<p id=\"caption-attachment-61259\" class=\"wp-caption-text\">Foto: Visit Timi\u015foara<\/p>\n<\/div>\n<p><strong>Timp de trei zile, reprezentan\u021bi ai unor importante companii din str\u0103in\u0103tate care organizeaz\u0103 conferin\u021be, congrese \u0219i expozi\u021bii au vizitat Timi\u0219oara la finalul s\u0103pt\u0103m\u00e2nii trecute.<\/strong><\/p>\n<p>\u00a0<\/p>\n<p>La invita\u021bia Visit Timi\u0219oara, cinci organizatori de evenimente din Rom\u00e2nia, opt din Ungaria \u0219i cinci din Serbia au inspectat s\u0103li de conferin\u021be \u0219i hoteluri, at\u00e2t din patrimoniul ora\u0219ului, c\u00e2t \u0219i ale operatorilor priva\u021bi. La \u00eent\u00e2lnire a participat ca invitat special \u0219i <strong>Dejan Crnomarkovic<\/strong>, directorul Biroului de Conven\u021bii al Serbiei, care a oferit gazdelor timi\u0219orene o mul\u021bime de informa\u021bii pre\u021bioase din experien\u021ba vecinilor.<\/p>\n<p><em>\u201eCei 19 vizitatori sunt lideri na\u021bionali \u00een acest domeniu, al turismului pentru afaceri \u0219i conferin\u021be. Asta \u00eei face probabil oamenii cu cea mai bun\u0103 pozi\u021bie din care s\u0103 ne evalueze poten\u021bialul \u0219i s\u0103 ne spun\u0103 unde mai avem de lucru. E remarcabil \u00eens\u0103 c\u0103 to\u021bi au plecat impresiona\u021bi de facilit\u0103\u021bile din ora\u0219, de ospitalitatea partenerilor no\u0219tri \u0219i vor s\u0103 organizeze \u00eent\u00e2lniri \u00een Timi\u0219oara\u201d, <\/em>spune <strong>Laura Boldovici<\/strong>, manager Visit Timi\u0219oara.<\/p>\n<p>De la cele mai mari dou\u0103 companii de profil din Serbia \u0219i Ungaria, la firme cu interese \u00een regiune din Bucure\u0219ti, Sibiu, Szeged \u0219i Novi Sad, participan\u021bii au discutat despre colabor\u0103ri at\u00e2t cu Visit Timi\u0219oara, c\u00e2t \u0219i \u00eentre ei, pentru a aduce mai multe conferin\u021be interna\u021bionale \u00een capitala Banatului.<\/p>\n<p><em>\u201eE important pentru noi s\u0103 aducem aici c\u00e2t mai mul\u021bi profesioni\u0219ti care nu ne-au mai vizitat. \u00cen Timi\u0219oara se organizeaz\u0103 \u0219i acum conferin\u021be \u0219i congrese, \u00eens\u0103 este poten\u021bial de mult, mult mai mult. Iar l\u0103rgirea bazei de clien\u021bi \u0219i organizatori profesioni\u0219ti ne preocup\u0103. Toat\u0103 comunitate are de c\u00e2\u0219tigat, c\u00e2nd \u00ee\u021bi vin 500 de participan\u021bi la un congres \u0219i dorm aici, iau masa \u0219i viziteaz\u0103 ora\u0219ul\u201d<\/em>, mai spune Laura Boldovici.<\/p>\n<p><em>\u201eAm venit s\u0103 descoperim loca\u021bii noi pentru evenimentele noastre. Noi consider\u0103m c\u0103 Timi\u0219oara este super-aproape de Budapesta, mai ales acum, c\u0103 nu mai exist\u0103 vama terestr\u0103 \u0219i suntem cu to\u021bii \u00een Schengen. Clien\u021bii no\u0219tri ne cer mereu spa\u021bii noi pentru conferin\u021bele lor, \u00een care nu au mai fost, iar compania noastr\u0103 organizeaz\u0103 c\u00e2te sute de astfel de \u00eent\u00e2lniri pe an. Credem c\u0103 Timi\u0219oara ni se potrive\u0219te\u201d<\/em>, a declarat, dup\u0103 vizit\u0103, <strong>Robert Revesz<\/strong>, managerul celui mai mare organizator de evenimente din Ungaria, compania HotelPremio Group.<\/p>\n<p>Dup\u0103 lansarea <em>Ghidului Planificatorului de Evenimente,<\/em> disponibil gratuit meetings.visit-timisoara.com, \u0219i participarea la \u00eent\u00e2lnirea speciali\u0219tilor din domeniu de la Graz, Visit Timi\u015foara anun\u0163\u0103 participarea la trei foarte importante t\u00e2rguri de profil: Conventa Ljubljana, IMEX Frankfurt \u0219i IBTM Barcelona, \u00eenainte de reuniunea \u0219efilor de birouri de conven\u021bii \u0219i conferin\u021be din Europa, care se va desf\u0103\u0219ura la Timi\u0219oara, \u00een ianuarie 2027.<\/p>\n<div id=\"metaslider-id-56545\" class=\"ml-slider-3-18-9 metaslider metaslider-responsive metaslider-56545 ml-slider nav-hidden nav-hidden nav-hidden\">\n<div id=\"metaslider_container_56545\">\n<ul id=\"metaslider_56545\" class=\"rslides\">\n<li><a href=\"https:\/\/www.iuliustown.ro\/ro\/winter-sale\" target=\"_blank\"><img decoding=\"async\" width=\"610\" height=\"260\" alt loading=\"lazy\" title=\"Banner Iulius Town - Winter Sales - ianuarie 2025 - 610x260\" class=\"slider-56545 slide-61078 lazyload\" src=\"https:\/\/timpolis.ro\/wp-content\/uploads\/2026\/01\/Banner-Iulius-Town-Winter-Sales-ianuarie-2025-610x260-1.png\"><img decoding=\"async\" width=\"610\" height=\"260\" src=\"https:\/\/timpolis.ro\/wp-content\/uploads\/2026\/01\/Banner-Iulius-Town-Winter-Sales-ianuarie-2025-610x260-1.png\" class=\"slider-56545 slide-61078\" alt loading=\"lazy\" title=\"Banner Iulius Town - Winter Sales - ianuarie 2025 - 610x260\"><\/a><\/li>\n<\/ul>\n<\/div>\n<\/div>\n<div class=\"printfriendly pf-alignright\"><a href=\"https:\/\/timpolis.ro\/organizatori-de-conferinte-din-trei-tari-impresionati-de-timisoara\/\" rel=\"nofollow\" title=\"Printer Friendly, PDF &amp; Email\"><img decoding=\"async\" alt=\"Print Friendly, PDF &amp; Email\" class=\"lazyload\" src=\"https:\/\/cdn.printfriendly.com\/buttons\/print-button.png\"><img decoding=\"async\" src=\"https:\/\/cdn.printfriendly.com\/buttons\/print-button.png\" alt=\"Print Friendly, PDF &amp; Email\"><\/a><\/div>\n<\/div>\n<div class=\"yarpp-related\">\n<h3>\u015etiri din aceea\u015fi categorie:<\/h3>\n<div class=\"yarpp-thumbnails-horizontal\"><a class=\"yarpp-thumbnail\" rel=\"norewrite\" href=\"https:\/\/timpolis.ro\/targul-de-craciun-promovat-in-patru-tari\/\" title=\"T\u00e2rgul de Cr\u0103ciun, promovat \u00een patru \u021b\u0103ri\"><img decoding=\"async\" width=\"120\" height=\"120\" alt loading=\"lazy\" class=\"attachment-yarpp-thumbnail size-yarpp-thumbnail wp-post-image lazyload\" src=\"https:\/\/timpolis.ro\/wp-content\/uploads\/2025\/11\/Targ-Craciun-Timsioara-Foto-PMT-120x120.jpg\"><img decoding=\"async\" width=\"120\" height=\"120\" src=\"https:\/\/timpolis.ro\/wp-content\/uploads\/2025\/11\/Targ-Craciun-Timsioara-Foto-PMT-120x120.jpg\" class=\"attachment-yarpp-thumbnail size-yarpp-thumbnail wp-post-image\" alt loading=\"lazy\"><span class=\"yarpp-thumbnail-title\">T\u00e2rgul de Cr\u0103ciun, promovat \u00een patru \u021b\u0103ri<\/span><\/a><a class=\"yarpp-thumbnail\" rel=\"norewrite\" href=\"https:\/\/timpolis.ro\/organizatori-prima-editie-a-turului-ciclist-bartok-intre-timisoara-si-szeged-a-fost-un-succes\/\" title=\"Organizatori: \u201ePrima edi\u021bie a turului ciclist \u00abBartok\u00bb \u00eentre Timi\u0219oara \u0219i Szeged a fost un succes\u201d\"><img decoding=\"async\" width=\"120\" height=\"120\" alt loading=\"lazy\" class=\"attachment-yarpp-thumbnail size-yarpp-thumbnail wp-post-image lazyload\" src=\"https:\/\/timpolis.ro\/wp-content\/uploads\/2022\/06\/Turul-ciclist-Bartok-intre-Timisoara-si-Szeged-Foto-Stefan-Both-120x120.jpg\"><img decoding=\"async\" width=\"120\" height=\"120\" src=\"https:\/\/timpolis.ro\/wp-content\/uploads\/2022\/06\/Turul-ciclist-Bartok-intre-Timisoara-si-Szeged-Foto-Stefan-Both-120x120.jpg\" class=\"attachment-yarpp-thumbnail size-yarpp-thumbnail wp-post-image\" alt loading=\"lazy\"><span class=\"yarpp-thumbnail-title\">Organizatori: \u201ePrima edi\u021bie a turului ciclist \u00abBartok\u00bb \u00eentre Timi\u0219oara \u0219i Szeged a fost un succes\u201d<\/span><\/a><a class=\"yarpp-thumbnail\" rel=\"norewrite\" href=\"https:\/\/timpolis.ro\/ghid-dedicat-atragerii-de-congrese-conferinte-si-evenimente-internationale-la-timisoara\/\" title=\"Ghid dedicat atragerii de congrese, conferin\u021be \u0219i evenimente interna\u021bionale la Timi\u015foara\"><img decoding=\"async\" width=\"120\" height=\"120\" alt loading=\"lazy\" class=\"attachment-yarpp-thumbnail size-yarpp-thumbnail wp-post-image lazyload\" src=\"https:\/\/timpolis.ro\/wp-content\/uploads\/2025\/04\/Timisoara-Piata-Unirii-Foto-Visit-Timisoara-120x120.jpg\"><img decoding=\"async\" width=\"120\" height=\"120\" src=\"https:\/\/timpolis.ro\/wp-content\/uploads\/2025\/04\/Timisoara-Piata-Unirii-Foto-Visit-Timisoara-120x120.jpg\" class=\"attachment-yarpp-thumbnail size-yarpp-thumbnail wp-post-image\" alt loading=\"lazy\"><span class=\"yarpp-thumbnail-title\">Ghid dedicat atragerii de congrese, conferin\u021be \u0219i evenimente interna\u021bionale la Timi\u015foara<\/span><\/a><a class=\"yarpp-thumbnail\" rel=\"norewrite\" href=\"https:\/\/timpolis.ro\/intreceri-sportive-intre-actori-din-trei-tari-la-timisoara\/\" title=\"\u00centreceri sportive \u00eentre actori din trei \u0163\u0103ri, la Timi\u015foara\"><img decoding=\"async\" width=\"120\" height=\"120\" alt loading=\"lazy\" class=\"attachment-yarpp-thumbnail size-yarpp-thumbnail wp-post-image lazyload\" src=\"https:\/\/timpolis.ro\/wp-content\/uploads\/2017\/08\/AWC-plakat-120x120.jpg\"><img decoding=\"async\" width=\"120\" height=\"120\" src=\"https:\/\/timpolis.ro\/wp-content\/uploads\/2017\/08\/AWC-plakat-120x120.jpg\" class=\"attachment-yarpp-thumbnail size-yarpp-thumbnail wp-post-image\" alt loading=\"lazy\"><span class=\"yarpp-thumbnail-title\">\u00centreceri sportive \u00eentre actori din trei \u0163\u0103ri, la Timi\u015foara<\/span><\/a><\/div>\n<\/div>\n<\/div>\n<div class=\"pf-content\">\n<div id=\"attachment_61259\" class=\"wp-caption aligncenter\"><a href=\"https:\/\/timpolis.ro\/wp-content\/uploads\/2026\/02\/Organizatori-internationali-de-conferinte-la-Timisoara-Foto-Visit-Timisoara.jpg\"><img decoding=\"async\" aria-describedby=\"caption-attachment-61259\" loading=\"lazy\" title=\"Organizatori internationali de conferinte la Timisoara Foto Visit Timisoara\" alt width=\"1200\" height=\"702\" class=\"wp-image-61259 size-full lazyload\" src=\"https:\/\/timpolis.ro\/wp-content\/uploads\/2026\/02\/Organizatori-internationali-de-conferinte-la-Timisoara-Foto-Visit-Timisoara.jpg\"><img decoding=\"async\" aria-describedby=\"caption-attachment-61259\" loading=\"lazy\" class=\"wp-image-61259 size-full\" title=\"Organizatori internationali de conferinte la Timisoara Foto Visit Timisoara\" src=\"https:\/\/timpolis.ro\/wp-content\/uploads\/2026\/02\/Organizatori-internationali-de-conferinte-la-Timisoara-Foto-Visit-Timisoara.jpg\" alt width=\"1200\" height=\"702\"><\/a><\/p>\n<p id=\"caption-attachment-61259\" class=\"wp-caption-text\">Foto: Visit Timi\u015foara<\/p>\n<\/div>\n<p><strong>Timp de trei zile, reprezentan\u021bi ai unor importante companii din str\u0103in\u0103tate care organizeaz\u0103 conferin\u021be, congrese \u0219i expozi\u021bii au vizitat Timi\u0219oara la finalul s\u0103pt\u0103m\u00e2nii trecute.<\/strong><\/p>\n<p>\u00a0<\/p>\n<p>La invita\u021bia Visit Timi\u0219oara, cinci organizatori de evenimente din Rom\u00e2nia, opt din Ungaria \u0219i cinci din Serbia au inspectat s\u0103li de conferin\u021be \u0219i hoteluri, at\u00e2t din patrimoniul ora\u0219ului, c\u00e2t \u0219i ale operatorilor priva\u021bi. La \u00eent\u00e2lnire a participat ca invitat special \u0219i <strong>Dejan Crnomarkovic<\/strong>, directorul Biroului de Conven\u021bii al Serbiei, care a oferit gazdelor timi\u0219orene o mul\u021bime de informa\u021bii pre\u021bioase din experien\u021ba vecinilor.<\/p>\n<p><em>\u201eCei 19 vizitatori sunt lideri na\u021bionali \u00een acest domeniu, al turismului pentru afaceri \u0219i conferin\u021be. Asta \u00eei face probabil oamenii cu cea mai bun\u0103 pozi\u021bie din care s\u0103 ne evalueze poten\u021bialul \u0219i s\u0103 ne spun\u0103 unde mai avem de lucru. E remarcabil \u00eens\u0103 c\u0103 to\u021bi au plecat impresiona\u021bi de facilit\u0103\u021bile din ora\u0219, de ospitalitatea partenerilor no\u0219tri \u0219i vor s\u0103 organizeze \u00eent\u00e2lniri \u00een Timi\u0219oara\u201d, <\/em>spune <strong>Laura Boldovici<\/strong>, manager Visit Timi\u0219oara.<\/p>\n<p>De la cele mai mari dou\u0103 companii de profil din Serbia \u0219i Ungaria, la firme cu interese \u00een regiune din Bucure\u0219ti, Sibiu, Szeged \u0219i Novi Sad, participan\u021bii au discutat despre colabor\u0103ri at\u00e2t cu Visit Timi\u0219oara, c\u00e2t \u0219i \u00eentre ei, pentru a aduce mai multe conferin\u021be interna\u021bionale \u00een capitala Banatului.<\/p>\n<p><em>\u201eE important pentru noi s\u0103 aducem aici c\u00e2t mai mul\u021bi profesioni\u0219ti care nu ne-au mai vizitat. \u00cen Timi\u0219oara se organizeaz\u0103 \u0219i acum conferin\u021be \u0219i congrese, \u00eens\u0103 este poten\u021bial de mult, mult mai mult. Iar l\u0103rgirea bazei de clien\u021bi \u0219i organizatori profesioni\u0219ti ne preocup\u0103. Toat\u0103 comunitate are de c\u00e2\u0219tigat, c\u00e2nd \u00ee\u021bi vin 500 de participan\u021bi la un congres \u0219i dorm aici, iau masa \u0219i viziteaz\u0103 ora\u0219ul\u201d<\/em>, mai spune Laura Boldovici.<\/p>\n<p><em>\u201eAm venit s\u0103 descoperim loca\u021bii noi pentru evenimentele noastre. Noi consider\u0103m c\u0103 Timi\u0219oara este super-aproape de Budapesta, mai ales acum, c\u0103 nu mai exist\u0103 vama terestr\u0103 \u0219i suntem cu to\u021bii \u00een Schengen. Clien\u021bii no\u0219tri ne cer mereu spa\u021bii noi pentru conferin\u021bele lor, \u00een care nu au mai fost, iar compania noastr\u0103 organizeaz\u0103 c\u00e2te sute de astfel de \u00eent\u00e2lniri pe an. Credem c\u0103 Timi\u0219oara ni se potrive\u0219te\u201d<\/em>, a declarat, dup\u0103 vizit\u0103, <strong>Robert Revesz<\/strong>, managerul celui mai mare organizator de evenimente din Ungaria, compania HotelPremio Group.<\/p>\n<p>Dup\u0103 lansarea <em>Ghidului Planificatorului de Evenimente,<\/em> disponibil gratuit meetings.visit-timisoara.com, \u0219i participarea la \u00eent\u00e2lnirea speciali\u0219tilor din domeniu de la Graz, Visit Timi\u015foara anun\u0163\u0103 participarea la trei foarte importante t\u00e2rguri de profil: Conventa Ljubljana, IMEX Frankfurt \u0219i IBTM Barcelona, \u00eenainte de reuniunea \u0219efilor de birouri de conven\u021bii \u0219i conferin\u021be din Europa, care se va desf\u0103\u0219ura la Timi\u0219oara, \u00een ianuarie 2027.<\/p>\n<div id=\"metaslider-id-56545\" class=\"ml-slider-3-18-9 metaslider metaslider-responsive metaslider-56545 ml-slider nav-hidden nav-hidden nav-hidden\">\n<div id=\"metaslider_container_56545\">\n<ul id=\"metaslider_56545\" class=\"rslides\">\n<li><a href=\"https:\/\/www.iuliustown.ro\/ro\/winter-sale\" target=\"_blank\"><img decoding=\"async\" width=\"610\" height=\"260\" alt loading=\"lazy\" title=\"Banner Iulius Town - Winter Sales - ianuarie 2025 - 610x260\" class=\"slider-56545 slide-61078 lazyload\" src=\"https:\/\/timpolis.ro\/wp-content\/uploads\/2026\/01\/Banner-Iulius-Town-Winter-Sales-ianuarie-2025-610x260-1.png\"><img decoding=\"async\" width=\"610\" height=\"260\" src=\"https:\/\/timpolis.ro\/wp-content\/uploads\/2026\/01\/Banner-Iulius-Town-Winter-Sales-ianuarie-2025-610x260-1.png\" class=\"slider-56545 slide-61078\" alt loading=\"lazy\" title=\"Banner Iulius Town - Winter Sales - ianuarie 2025 - 610x260\"><\/a><\/li>\n<\/ul>\n<\/div>\n<\/div>\n<div class=\"printfriendly pf-alignright\"><a href=\"https:\/\/timpolis.ro\/organizatori-de-conferinte-din-trei-tari-impresionati-de-timisoara\/\" rel=\"nofollow\" title=\"Printer Friendly, PDF &amp; Email\"><img decoding=\"async\" alt=\"Print Friendly, PDF &amp; Email\" class=\"lazyload\" src=\"https:\/\/cdn.printfriendly.com\/buttons\/print-button.png\"><img decoding=\"async\" src=\"https:\/\/cdn.printfriendly.com\/buttons\/print-button.png\" alt=\"Print Friendly, PDF &amp; Email\"><\/a><\/div>\n<\/div>\n<p>[analyse_source url=&#8221;https:\/\/timpolis.ro\/organizatori-de-conferinte-din-trei-tari-impresionati-de-timisoara\/&#8221;]<\/p>\n","protected":false},"excerpt":{"rendered":"<p>[analyse_image type=&#8221;featured&#8221; src=&#8221;https:\/\/timpolis.ro\/wp-content\/uploads\/2026\/02\/Organizatori-internationali-de-conferinte-la-Timisoara-Foto-Visit-Timisoara-1024&#215;599.jpghttps:\/\/timpolis.ro\/wp-content\/uploads\/2026\/02\/Organizatori-internationali-de-conferinte-la-Timisoara-Foto-Visit-Timisoara-1024&#215;599.jpg&#8221;] Foto: Visit Timi\u015foara Timp de trei zile, reprezentan\u021bi ai unor importante companii din str\u0103in\u0103tate care organizeaz\u0103 conferin\u021be, congrese \u0219i expozi\u021bii au vizitat Timi\u0219oara la finalul s\u0103pt\u0103m\u00e2nii trecute. \u00a0 La invita\u021bia Visit Timi\u0219oara, cinci organizatori de evenimente din Rom\u00e2nia, opt din Ungaria \u0219i cinci din Serbia au inspectat s\u0103li de conferin\u021be \u0219i hoteluri, [&hellip;]<\/p>\n","protected":false},"author":1,"featured_media":0,"comment_status":"open","ping_status":"","sticky":false,"template":"","format":"standard","meta":{"footnotes":""},"categories":[89],"tags":[226,202],"class_list":["post-1750813","post","type-post","status-publish","format-standard","hentry","category-romania","tag-crawlmanager","tag-timpolis-ro"],"_links":{"self":[{"href":"https:\/\/analyse.optim.biz\/index.php?rest_route=\/wp\/v2\/posts\/1750813","targetHints":{"allow":["GET"]}}],"collection":[{"href":"https:\/\/analyse.optim.biz\/index.php?rest_route=\/wp\/v2\/posts"}],"about":[{"href":"https:\/\/analyse.optim.biz\/index.php?rest_route=\/wp\/v2\/types\/post"}],"author":[{"embeddable":true,"href":"https:\/\/analyse.optim.biz\/index.php?rest_route=\/wp\/v2\/users\/1"}],"replies":[{"embeddable":true,"href":"https:\/\/analyse.optim.biz\/index.php?rest_route=%2Fwp%2Fv2%2Fcomments&post=1750813"}],"version-history":[{"count":0,"href":"https:\/\/analyse.optim.biz\/index.php?rest_route=\/wp\/v2\/posts\/1750813\/revisions"}],"wp:attachment":[{"href":"https:\/\/analyse.optim.biz\/index.php?rest_route=%2Fwp%2Fv2%2Fmedia&parent=1750813"}],"wp:term":[{"taxonomy":"category","embeddable":true,"href":"https:\/\/analyse.optim.biz\/index.php?rest_route=%2Fwp%2Fv2%2Fcategories&post=1750813"},{"taxonomy":"post_tag","embeddable":true,"href":"https:\/\/analyse.optim.biz\/index.php?rest_route=%2Fwp%2Fv2%2Ftags&post=1750813"}],"curies":[{"name":"wp","href":"https:\/\/api.w.org\/{rel}","templated":true}]}}