{"id":1750811,"date":"2026-02-02T09:06:11","date_gmt":"2026-02-02T06:06:11","guid":{"rendered":"https:\/\/analyse.optim.biz\/?p=1750811"},"modified":"2026-02-02T09:06:11","modified_gmt":"2026-02-02T06:06:11","slug":"aproape-180-000-de-arbori-si-627-de-hectare-in-registrul-local-al-spatiilor-verzi-din-timisoara","status":"publish","type":"post","link":"https:\/\/analyse.optim.biz\/?p=1750811","title":{"rendered":"Aproape 180.000 de arbori \u0219i 627 de hectare, \u00een Registrul Local al Spa\u021biilor Verzi din Timi\u0219oara"},"content":{"rendered":"<p>[analyse_image type=&#8221;featured&#8221; src=&#8221;https:\/\/timpolis.ro\/wp-content\/uploads\/2023\/11\/Padurea-Verde-de-sus-Foto-PMT.jpghttps:\/\/timpolis.ro\/wp-content\/uploads\/2023\/11\/Padurea-Verde-de-sus-Foto-PMT.jpg&#8221;]<\/p>\n<div class=\"post-entry\">\n<div class=\"pf-content\">\n<div id=\"attachment_52489\" class=\"wp-caption aligncenter\"><a href=\"https:\/\/timpolis.ro\/wp-content\/uploads\/2023\/11\/Padurea-Verde-de-sus-Foto-PMT.jpg\"><img decoding=\"async\" aria-describedby=\"caption-attachment-52489\" loading=\"lazy\" title=\"Padurea Verde - de sus Foto PMT\" alt width=\"1000\" height=\"562\" class=\"wp-image-52489 size-full lazyload\" src=\"https:\/\/timpolis.ro\/wp-content\/uploads\/2023\/11\/Padurea-Verde-de-sus-Foto-PMT.jpg\"><img decoding=\"async\" aria-describedby=\"caption-attachment-52489\" loading=\"lazy\" class=\"wp-image-52489 size-full\" title=\"Padurea Verde - de sus Foto PMT\" src=\"https:\/\/timpolis.ro\/wp-content\/uploads\/2023\/11\/Padurea-Verde-de-sus-Foto-PMT.jpg\" alt width=\"1000\" height=\"562\"><\/a><\/p>\n<p id=\"caption-attachment-52489\" class=\"wp-caption-text\">P\u0103durea Verde. Surs\u0103 foto: Prim\u0103ria Timi\u015foara<\/p>\n<\/div>\n<p><strong>Aproape 180.000 de arbori \u0219i 627 de hectare de zone verzi sunt inventariate \u00een Registrul Local al Spa\u021biilor Verzi, instrument recep\u021bionat de c\u0103tre Prim\u0103ria Timi\u015foara. Inventarul anterior, vechi de aproape 25 de ani, nu reflecta realitatea din teren \u00een contextul dezvolt\u0103rii urbane accelerate \u0219i extinderea cartierelor, spune Municipalitatea.<\/strong><\/p>\n<p>\u00a0<\/p>\n<p>Cu date la zi, Prim\u0103ria Municipiului Timi\u0219oara transmite c\u0103 poate identifica rapid zonele cu deficit de vegeta\u021bie \u0219i poate planifica unde pot fi amenajate noi zone verzi.<\/p>\n<p><em>\u201e\u00cen sf\u00e2r\u0219it Timi\u0219oara \u0219tie exact ce patrimoniu verde are \u0219i cum \u00eel protejeaz\u0103. Avem arbori de 30 de metri care sunt parte din identitatea ora\u0219ului, dar vedem clar \u0219i unde e nevoie de noi plant\u0103ri \u0219i de extinderi ale zonelor verzi. E un avantaj faptul c\u0103 Registrul Spa\u021biilor Verzi poate fi actualizat constant, astfel \u00eenc\u00e2t deciziile noastre s\u0103 se bazeze pe date reale, la zi. Este un instrument esen\u021bial pentru a planifica dezvoltarea ora\u0219ului cu respect fa\u021b\u0103 de verdele existent. Timi\u0219orenii pot consulta aceste informa\u021bii \u0219i pot contribui direct\u201d, <\/em>spune primarul <strong>Dominic Fritz<\/strong>.<\/p>\n<p>Registrul Local al Spa\u021biilor Verzi permite integrarea spa\u021biilor verzi \u00een proiecte precum cele de mobilitate sau regenerare urban\u0103. \u00cen plus, instrumentul asigur\u0103 o eviden\u021b\u0103 exact\u0103 a arborilor, inclusiv starea lor de s\u0103n\u0103tate, informa\u021bii necesare pentru \u00eentre\u021binerea \u0219i protejarea lor. Printre cei mai \u00eenal\u021bi arbori din Timi\u0219oara se num\u0103r\u0103 frasinii \u0219i stejarii din zona Muzeului Satului B\u0103n\u0103\u021bean, care au atins \u00een\u0103l\u021bimi de p\u00e2n\u0103 la 30 de metri. Potrivit Prim\u0103riei, cel mai gros arbore din ora\u0219 este platanul secular de la Colegiul Na\u021bional B\u0103n\u0103\u021bean, cu un diametru de peste doi metri. Prin compara\u021bie, platanul de pe strada Pomiculturii, din cartierul Lipovei, are un diametru de aproximativ 170 de centimetri. La nivelul \u00eentregului ora\u0219, 1 din 6 arbori are o \u00een\u0103l\u021bime mai mare de 10 metri, iar doar 1 din 250 a dep\u0103\u0219it 20 de metri \u00een\u0103l\u021bime.<\/p>\n<p>Registrul include toate terenurile publice intravilane care sunt \u00eencadrate ca spa\u021bii verzi, precum parcuri, p\u0103duri, aliniamente stradale sau amenaj\u0103ri floricole. Acesta este integrat \u00een sistemul GIS al Municipalit\u0103\u021bii \u0219i poate fi consultat pe <strong>harta.primariatm.ro<\/strong>. Rreprezentan\u0163ii Municipalit\u0103\u0163ii spun c\u0103 datele vor fi actualizate constant, iar timi\u0219orenii pot s\u0103 contribuie la men\u021binerea acurate\u021bei bazei de date prin platforma <strong>sesizari.primariatm.ro<\/strong>. Unele interven\u021bii recente, precum arborii planta\u021bi \u00een cea mai recent\u0103 campanie, vor fi integrate etapizat \u00een registru.<\/p>\n<p>Municipiul Timi\u0219oara nu a dispus p\u00e2n\u0103 acum de un registru func\u021bional al spa\u021biilor verzi, documentul aprobat \u00een 2017 fiind anulat \u00een instan\u021b\u0103. Procesul demarat \u00een 2023 a inclus dezvoltarea platformei digitale, inventarierea arborilor \u0219i a suprafe\u021belor verzi cu echipamente specializate, verificarea datelor \u0219i instruirea personalului din Prim\u0103rie. Elaborarea registrului a fost realizat\u0103 printr-un contract \u00een valoare de 2,8 milioane lei (cu TVA inclus), cu asocierea Eterra Map SRL \u2013 Megagis SRL.<\/p>\n<div id=\"metaslider-id-56545\" class=\"ml-slider-3-18-9 metaslider metaslider-responsive metaslider-56545 ml-slider nav-hidden nav-hidden nav-hidden\">\n<div id=\"metaslider_container_56545\">\n<ul id=\"metaslider_56545\" class=\"rslides\">\n<li><a href=\"https:\/\/www.iuliustown.ro\/ro\/winter-sale\" target=\"_blank\"><img decoding=\"async\" width=\"610\" height=\"260\" alt loading=\"lazy\" title=\"Banner Iulius Town - Winter Sales - ianuarie 2025 - 610x260\" class=\"slider-56545 slide-61078 lazyload\" src=\"https:\/\/timpolis.ro\/wp-content\/uploads\/2026\/01\/Banner-Iulius-Town-Winter-Sales-ianuarie-2025-610x260-1.png\"><img decoding=\"async\" width=\"610\" height=\"260\" src=\"https:\/\/timpolis.ro\/wp-content\/uploads\/2026\/01\/Banner-Iulius-Town-Winter-Sales-ianuarie-2025-610x260-1.png\" class=\"slider-56545 slide-61078\" alt loading=\"lazy\" title=\"Banner Iulius Town - Winter Sales - ianuarie 2025 - 610x260\"><\/a><\/li>\n<\/ul>\n<\/div>\n<\/div>\n<div class=\"printfriendly pf-alignright\"><a href=\"https:\/\/timpolis.ro\/aproape-180-000-de-arbori-si-627-de-hectare-in-registrul-local-al-spatiilor-verzi-din-timisoara\/\" rel=\"nofollow\" title=\"Printer Friendly, PDF &amp; Email\"><img decoding=\"async\" alt=\"Print Friendly, PDF &amp; Email\" class=\"lazyload\" src=\"https:\/\/cdn.printfriendly.com\/buttons\/print-button.png\"><img decoding=\"async\" src=\"https:\/\/cdn.printfriendly.com\/buttons\/print-button.png\" alt=\"Print Friendly, PDF &amp; Email\"><\/a><\/div>\n<\/div>\n<div class=\"yarpp-related\">\n<h3>\u015etiri din aceea\u015fi categorie:<\/h3>\n<div class=\"yarpp-thumbnails-horizontal\"><a class=\"yarpp-thumbnail\" rel=\"norewrite\" href=\"https:\/\/timpolis.ro\/primaria-timisoara-a-atribuit-contractul-de-intretinere-si-amenajare-a-spatiilor-verzi\/\" title=\"Prim\u0103ria Timi\u0219oara a atribuit contractul de \u00eentre\u021binere \u0219i amenajare a spa\u021biilor verzi\"><img decoding=\"async\" width=\"120\" height=\"120\" alt loading=\"lazy\" class=\"attachment-yarpp-thumbnail size-yarpp-thumbnail wp-post-image lazyload\" src=\"https:\/\/timpolis.ro\/wp-content\/uploads\/2025\/08\/Curatare-spatii-verzi-Foto-PMT-120x120.jpg\"><img decoding=\"async\" width=\"120\" height=\"120\" src=\"https:\/\/timpolis.ro\/wp-content\/uploads\/2025\/08\/Curatare-spatii-verzi-Foto-PMT-120x120.jpg\" class=\"attachment-yarpp-thumbnail size-yarpp-thumbnail wp-post-image\" alt loading=\"lazy\"><span class=\"yarpp-thumbnail-title\">Prim\u0103ria Timi\u0219oara a atribuit contractul de \u00eentre\u021binere \u0219i amenajare a spa\u021biilor verzi<\/span><\/a><a class=\"yarpp-thumbnail\" rel=\"norewrite\" href=\"https:\/\/timpolis.ro\/la-timisoara-a-inceput-reabilitarea-spatiilor-verzi-dintre-blocuri\/\" title=\"La Timi\u0219oara a \u00eenceput reabilitarea spa\u021biilor verzi dintre blocuri\"><img decoding=\"async\" width=\"120\" height=\"120\" alt loading=\"lazy\" class=\"attachment-yarpp-thumbnail size-yarpp-thumbnail wp-post-image lazyload\" src=\"https:\/\/timpolis.ro\/wp-content\/uploads\/2025\/02\/Reabilitare-spatii-verzi-blocuri-Foto-PMT-120x120.jpg\"><img decoding=\"async\" width=\"120\" height=\"120\" src=\"https:\/\/timpolis.ro\/wp-content\/uploads\/2025\/02\/Reabilitare-spatii-verzi-blocuri-Foto-PMT-120x120.jpg\" class=\"attachment-yarpp-thumbnail size-yarpp-thumbnail wp-post-image\" alt loading=\"lazy\"><span class=\"yarpp-thumbnail-title\">La Timi\u0219oara a \u00eenceput reabilitarea spa\u021biilor verzi dintre blocuri<\/span><\/a><a class=\"yarpp-thumbnail\" rel=\"norewrite\" href=\"https:\/\/timpolis.ro\/registrul-spatiilor-verzi-proiect-fara-final-la-primaria-timisoara\/\" title=\"Registrul spa\u0163iilor verzi, proiect f\u0103r\u0103 final la Prim\u0103ria Timi\u015foara\"><img decoding=\"async\" width=\"120\" height=\"120\" alt loading=\"lazy\" class=\"attachment-yarpp-thumbnail size-yarpp-thumbnail wp-post-image lazyload\" src=\"https:\/\/timpolis.ro\/wp-content\/uploads\/2014\/03\/Parc-Central-Timisoara-120x120.jpg\"><img decoding=\"async\" width=\"120\" height=\"120\" src=\"https:\/\/timpolis.ro\/wp-content\/uploads\/2014\/03\/Parc-Central-Timisoara-120x120.jpg\" class=\"attachment-yarpp-thumbnail size-yarpp-thumbnail wp-post-image\" alt loading=\"lazy\"><span class=\"yarpp-thumbnail-title\">Registrul spa\u0163iilor verzi, proiect f\u0103r\u0103 final la Prim\u0103ria Timi\u015foara<\/span><\/a><a class=\"yarpp-thumbnail\" rel=\"norewrite\" href=\"https:\/\/timpolis.ro\/registrul-spatiilor-verzi-in-sfarsit-o-prioritate-pentru-primaria-timisoara\/\" title=\"Registrul spa\u0163iilor verzi, \u00een sf\u00e2r\u015fit o prioritate pentru Prim\u0103ria Timi\u015foara\"><img decoding=\"async\" width=\"120\" height=\"120\" alt loading=\"lazy\" class=\"attachment-yarpp-thumbnail size-yarpp-thumbnail wp-post-image lazyload\" src=\"https:\/\/timpolis.ro\/wp-content\/uploads\/2013\/09\/parcul-rozelor-120x120.jpg\"><img decoding=\"async\" width=\"120\" height=\"120\" src=\"https:\/\/timpolis.ro\/wp-content\/uploads\/2013\/09\/parcul-rozelor-120x120.jpg\" class=\"attachment-yarpp-thumbnail size-yarpp-thumbnail wp-post-image\" alt loading=\"lazy\"><span class=\"yarpp-thumbnail-title\">Registrul spa\u0163iilor verzi, \u00een sf\u00e2r\u015fit o prioritate pentru Prim\u0103ria Timi\u015foara<\/span><\/a><\/div>\n<\/div>\n<\/div>\n<div class=\"pf-content\">\n<div id=\"attachment_52489\" class=\"wp-caption aligncenter\"><a href=\"https:\/\/timpolis.ro\/wp-content\/uploads\/2023\/11\/Padurea-Verde-de-sus-Foto-PMT.jpg\"><img decoding=\"async\" aria-describedby=\"caption-attachment-52489\" loading=\"lazy\" title=\"Padurea Verde - de sus Foto PMT\" alt width=\"1000\" height=\"562\" class=\"wp-image-52489 size-full lazyload\" src=\"https:\/\/timpolis.ro\/wp-content\/uploads\/2023\/11\/Padurea-Verde-de-sus-Foto-PMT.jpg\"><img decoding=\"async\" aria-describedby=\"caption-attachment-52489\" loading=\"lazy\" class=\"wp-image-52489 size-full\" title=\"Padurea Verde - de sus Foto PMT\" src=\"https:\/\/timpolis.ro\/wp-content\/uploads\/2023\/11\/Padurea-Verde-de-sus-Foto-PMT.jpg\" alt width=\"1000\" height=\"562\"><\/a><\/p>\n<p id=\"caption-attachment-52489\" class=\"wp-caption-text\">P\u0103durea Verde. Surs\u0103 foto: Prim\u0103ria Timi\u015foara<\/p>\n<\/div>\n<p><strong>Aproape 180.000 de arbori \u0219i 627 de hectare de zone verzi sunt inventariate \u00een Registrul Local al Spa\u021biilor Verzi, instrument recep\u021bionat de c\u0103tre Prim\u0103ria Timi\u015foara. Inventarul anterior, vechi de aproape 25 de ani, nu reflecta realitatea din teren \u00een contextul dezvolt\u0103rii urbane accelerate \u0219i extinderea cartierelor, spune Municipalitatea.<\/strong><\/p>\n<p>\u00a0<\/p>\n<p>Cu date la zi, Prim\u0103ria Municipiului Timi\u0219oara transmite c\u0103 poate identifica rapid zonele cu deficit de vegeta\u021bie \u0219i poate planifica unde pot fi amenajate noi zone verzi.<\/p>\n<p><em>\u201e\u00cen sf\u00e2r\u0219it Timi\u0219oara \u0219tie exact ce patrimoniu verde are \u0219i cum \u00eel protejeaz\u0103. Avem arbori de 30 de metri care sunt parte din identitatea ora\u0219ului, dar vedem clar \u0219i unde e nevoie de noi plant\u0103ri \u0219i de extinderi ale zonelor verzi. E un avantaj faptul c\u0103 Registrul Spa\u021biilor Verzi poate fi actualizat constant, astfel \u00eenc\u00e2t deciziile noastre s\u0103 se bazeze pe date reale, la zi. Este un instrument esen\u021bial pentru a planifica dezvoltarea ora\u0219ului cu respect fa\u021b\u0103 de verdele existent. Timi\u0219orenii pot consulta aceste informa\u021bii \u0219i pot contribui direct\u201d, <\/em>spune primarul <strong>Dominic Fritz<\/strong>.<\/p>\n<p>Registrul Local al Spa\u021biilor Verzi permite integrarea spa\u021biilor verzi \u00een proiecte precum cele de mobilitate sau regenerare urban\u0103. \u00cen plus, instrumentul asigur\u0103 o eviden\u021b\u0103 exact\u0103 a arborilor, inclusiv starea lor de s\u0103n\u0103tate, informa\u021bii necesare pentru \u00eentre\u021binerea \u0219i protejarea lor. Printre cei mai \u00eenal\u021bi arbori din Timi\u0219oara se num\u0103r\u0103 frasinii \u0219i stejarii din zona Muzeului Satului B\u0103n\u0103\u021bean, care au atins \u00een\u0103l\u021bimi de p\u00e2n\u0103 la 30 de metri. Potrivit Prim\u0103riei, cel mai gros arbore din ora\u0219 este platanul secular de la Colegiul Na\u021bional B\u0103n\u0103\u021bean, cu un diametru de peste doi metri. Prin compara\u021bie, platanul de pe strada Pomiculturii, din cartierul Lipovei, are un diametru de aproximativ 170 de centimetri. La nivelul \u00eentregului ora\u0219, 1 din 6 arbori are o \u00een\u0103l\u021bime mai mare de 10 metri, iar doar 1 din 250 a dep\u0103\u0219it 20 de metri \u00een\u0103l\u021bime.<\/p>\n<p>Registrul include toate terenurile publice intravilane care sunt \u00eencadrate ca spa\u021bii verzi, precum parcuri, p\u0103duri, aliniamente stradale sau amenaj\u0103ri floricole. Acesta este integrat \u00een sistemul GIS al Municipalit\u0103\u021bii \u0219i poate fi consultat pe <strong>harta.primariatm.ro<\/strong>. Rreprezentan\u0163ii Municipalit\u0103\u0163ii spun c\u0103 datele vor fi actualizate constant, iar timi\u0219orenii pot s\u0103 contribuie la men\u021binerea acurate\u021bei bazei de date prin platforma <strong>sesizari.primariatm.ro<\/strong>. Unele interven\u021bii recente, precum arborii planta\u021bi \u00een cea mai recent\u0103 campanie, vor fi integrate etapizat \u00een registru.<\/p>\n<p>Municipiul Timi\u0219oara nu a dispus p\u00e2n\u0103 acum de un registru func\u021bional al spa\u021biilor verzi, documentul aprobat \u00een 2017 fiind anulat \u00een instan\u021b\u0103. Procesul demarat \u00een 2023 a inclus dezvoltarea platformei digitale, inventarierea arborilor \u0219i a suprafe\u021belor verzi cu echipamente specializate, verificarea datelor \u0219i instruirea personalului din Prim\u0103rie. Elaborarea registrului a fost realizat\u0103 printr-un contract \u00een valoare de 2,8 milioane lei (cu TVA inclus), cu asocierea Eterra Map SRL \u2013 Megagis SRL.<\/p>\n<div id=\"metaslider-id-56545\" class=\"ml-slider-3-18-9 metaslider metaslider-responsive metaslider-56545 ml-slider nav-hidden nav-hidden nav-hidden\">\n<div id=\"metaslider_container_56545\">\n<ul id=\"metaslider_56545\" class=\"rslides\">\n<li><a href=\"https:\/\/www.iuliustown.ro\/ro\/winter-sale\" target=\"_blank\"><img decoding=\"async\" width=\"610\" height=\"260\" alt loading=\"lazy\" title=\"Banner Iulius Town - Winter Sales - ianuarie 2025 - 610x260\" class=\"slider-56545 slide-61078 lazyload\" src=\"https:\/\/timpolis.ro\/wp-content\/uploads\/2026\/01\/Banner-Iulius-Town-Winter-Sales-ianuarie-2025-610x260-1.png\"><img decoding=\"async\" width=\"610\" height=\"260\" src=\"https:\/\/timpolis.ro\/wp-content\/uploads\/2026\/01\/Banner-Iulius-Town-Winter-Sales-ianuarie-2025-610x260-1.png\" class=\"slider-56545 slide-61078\" alt loading=\"lazy\" title=\"Banner Iulius Town - Winter Sales - ianuarie 2025 - 610x260\"><\/a><\/li>\n<\/ul>\n<\/div>\n<\/div>\n<div class=\"printfriendly pf-alignright\"><a href=\"https:\/\/timpolis.ro\/aproape-180-000-de-arbori-si-627-de-hectare-in-registrul-local-al-spatiilor-verzi-din-timisoara\/\" rel=\"nofollow\" title=\"Printer Friendly, PDF &amp; Email\"><img decoding=\"async\" alt=\"Print Friendly, PDF &amp; Email\" class=\"lazyload\" src=\"https:\/\/cdn.printfriendly.com\/buttons\/print-button.png\"><img decoding=\"async\" src=\"https:\/\/cdn.printfriendly.com\/buttons\/print-button.png\" alt=\"Print Friendly, PDF &amp; Email\"><\/a><\/div>\n<\/div>\n<p>[analyse_source url=&#8221;https:\/\/timpolis.ro\/aproape-180-000-de-arbori-si-627-de-hectare-in-registrul-local-al-spatiilor-verzi-din-timisoara\/&#8221;]<\/p>\n","protected":false},"excerpt":{"rendered":"<p>[analyse_image type=&#8221;featured&#8221; src=&#8221;https:\/\/timpolis.ro\/wp-content\/uploads\/2023\/11\/Padurea-Verde-de-sus-Foto-PMT.jpghttps:\/\/timpolis.ro\/wp-content\/uploads\/2023\/11\/Padurea-Verde-de-sus-Foto-PMT.jpg&#8221;] P\u0103durea Verde. Surs\u0103 foto: Prim\u0103ria Timi\u015foara Aproape 180.000 de arbori \u0219i 627 de hectare de zone verzi sunt inventariate \u00een Registrul Local al Spa\u021biilor Verzi, instrument recep\u021bionat de c\u0103tre Prim\u0103ria Timi\u015foara. Inventarul anterior, vechi de aproape 25 de ani, nu reflecta realitatea din teren \u00een contextul dezvolt\u0103rii urbane accelerate \u0219i extinderea cartierelor, [&hellip;]<\/p>\n","protected":false},"author":1,"featured_media":0,"comment_status":"open","ping_status":"","sticky":false,"template":"","format":"standard","meta":{"footnotes":""},"categories":[89],"tags":[226,202],"class_list":["post-1750811","post","type-post","status-publish","format-standard","hentry","category-romania","tag-crawlmanager","tag-timpolis-ro"],"_links":{"self":[{"href":"https:\/\/analyse.optim.biz\/index.php?rest_route=\/wp\/v2\/posts\/1750811","targetHints":{"allow":["GET"]}}],"collection":[{"href":"https:\/\/analyse.optim.biz\/index.php?rest_route=\/wp\/v2\/posts"}],"about":[{"href":"https:\/\/analyse.optim.biz\/index.php?rest_route=\/wp\/v2\/types\/post"}],"author":[{"embeddable":true,"href":"https:\/\/analyse.optim.biz\/index.php?rest_route=\/wp\/v2\/users\/1"}],"replies":[{"embeddable":true,"href":"https:\/\/analyse.optim.biz\/index.php?rest_route=%2Fwp%2Fv2%2Fcomments&post=1750811"}],"version-history":[{"count":0,"href":"https:\/\/analyse.optim.biz\/index.php?rest_route=\/wp\/v2\/posts\/1750811\/revisions"}],"wp:attachment":[{"href":"https:\/\/analyse.optim.biz\/index.php?rest_route=%2Fwp%2Fv2%2Fmedia&parent=1750811"}],"wp:term":[{"taxonomy":"category","embeddable":true,"href":"https:\/\/analyse.optim.biz\/index.php?rest_route=%2Fwp%2Fv2%2Fcategories&post=1750811"},{"taxonomy":"post_tag","embeddable":true,"href":"https:\/\/analyse.optim.biz\/index.php?rest_route=%2Fwp%2Fv2%2Ftags&post=1750811"}],"curies":[{"name":"wp","href":"https:\/\/api.w.org\/{rel}","templated":true}]}}