{"id":175037,"date":"2015-09-09T15:09:15","date_gmt":"2015-09-09T12:09:15","guid":{"rendered":"https:\/\/analyse.optim.biz\/?p=175037"},"modified":"2015-09-09T15:09:15","modified_gmt":"2015-09-09T12:09:15","slug":"votul-pentru-pensiile-speciale-ale-parlamentarilor-a-fost-amanat","status":"publish","type":"post","link":"https:\/\/analyse.optim.biz\/?p=175037","title":{"rendered":"Votul pentru pensiile speciale ale parlamentarilor a fost am\u00e2nat"},"content":{"rendered":"<div class=\"entry data-app-meta data-app-meta-article\" data-embed-base-url-canonical=\"https:\/\/www.digi24.ro\/embed\/stiri\/actualitate\/politica\/votul-pentru-pensiile-speciale-ale-parlamentarilor-a-fost-amanat-436338\">\n<p data-index=\"1\"><strong>Parlamentarii au acceptat toate observa\u0163iile pre\u015fedintelui Klaus Iohannis, dar, \u00eentre timp, \u015fi Liviu Dragnea, pre\u015fedintele interimar al PSD, a avut c\u00e2teva obiec\u0163ii legate de modul \u00een care arat\u0103 acum legea privind pensiile speciale.<\/strong><\/p>\n<p data-index=\"2\"><strong>Dragnea spune c\u0103 nu pot s\u0103 primeasc\u0103 pensii speciale \u015fi ale\u015fii care au doar \u015fase luni de mandat, ci c\u0103 ar fi nevoie s\u0103 aib\u0103 un mandat \u00eentreg, de patru ani.<\/strong> Liderul PSD \u015fi-a transmis observa\u0163ia ieri diminea\u0163\u0103, \u00een timp ce Comisia de statut deja lucra \u015fi apucase deja s\u0103 redacteze raportul final care urma s\u0103 fie dezb\u0103tut ast\u0103zi \u00een plen.<\/p>\n<p data-index=\"3\">Ale\u015fii au \u00eencercat totu\u015fi s\u0103 opereze modificarea asear\u0103, dar grupul social-democra\u0163ilor din Camera Deputa\u0163ilor a decis ast\u0103zi c\u0103 aceste modific\u0103ri nu pot fi f\u0103cute dup\u0103 redactarea raportului. Astfel, legea trebuie re\u00eentoars\u0103 din plenul reunit la Comisie, pentru a fi rediscutat\u0103.<\/p>\n<p data-index=\"4\">Prin urmare, <strong>parlamentarii nu vor lua ast\u0103zi o decizie privind pensiile speciale, ci abia s\u0103pt\u0103m\u00e2na viitoare, \u00eentr-o nou\u0103 \u015fedin\u0163\u0103 de plen reunit. <\/strong><\/p>\n<p data-index=\"5\">Copre\u015fedintele PNL Alina Gorghiu a anun\u0163at c\u0103 liberalii nu vor sus\u0163ine legea. <\/p>\n<p data-index=\"6\">\u201c<span>Partidul Na\u0163ional Liberal va vota \u00eempotriva legii, vom vota \u00eempotriva privilegiilor. Raportul nu se refer\u0103 exclusiv la cererea de reexaminare. Dac\u0103 o s\u0103 v\u0103 uita\u0163i pe el, acel raport se refer\u0103 \u00een parte la cererea de reexaminare, iar restul legii, din nefericire, r\u0103m\u00e2ne neschimbat. Eu m\u0103 \u00eendoiesc c\u0103 exist\u0103 colegi din PNL care nu \u00een\u0163eleg pozi\u0163ia politic\u0103 a partidului. V\u0103 asigur \u00eens\u0103 c\u0103, din p\u0103cate, voturile PSD sunt mai mult dec\u00e2t suficiente ca s\u0103 fie promovat\u0103 aceast\u0103 lege\u201d, a spus Alina Gorghiu, copre\u015fedintele PNL.<\/span><\/p>\n<p data-index=\"7\"><a href=\"https:\/\/www.digi24.ro\/Stiri\/Digi24\/Actualitate\/Politica\/Proiect+Pensii+speciale+dar+nu+pentru+toti+parlamentarii\" target=\"_blank\" data-skip-linkfix=\"1\" rel=\"noopener\">Legea promite<\/a> pensii mari parlamentarilor, \u00een func\u0163ie de num\u0103rul de mandate: de la 1.500 de lei pentru cei care au un singur mandat, p\u00e2n\u0103 la peste 4.000 de lei pentru cei care au trei mandate. <\/p>\n<p data-index=\"8\">Cei acuza\u0163i de fapte de corup\u0163ie nu vor putea ob\u0163ine pensii speciale. De asemenea, nu vor ob\u0163ine pensii speciale nici cei care au ajuns la v\u00e2rsta de pensionare \u015fi \u00eenc\u0103 sunt senatori sau deputa\u0163i.<\/p>\n<\/div>\n<p> Source URL: https:\/\/www.digi24.ro\/stiri\/actualitate\/politica\/votul-pentru-pensiile-speciale-ale-parlamentarilor-a-fost-amanat-436338<\/p>\n","protected":false},"excerpt":{"rendered":"<p>Parlamentarii au acceptat toate observa\u0163iile pre\u015fedintelui Klaus Iohannis, dar, \u00eentre timp, \u015fi Liviu Dragnea, pre\u015fedintele interimar al PSD, a avut c\u00e2teva obiec\u0163ii legate de modul \u00een care arat\u0103 acum legea privind pensiile speciale. Dragnea spune c\u0103 nu pot s\u0103 primeasc\u0103 pensii speciale \u015fi ale\u015fii care au doar \u015fase luni de mandat, ci c\u0103 ar fi [&hellip;]<\/p>\n","protected":false},"author":1,"featured_media":175038,"comment_status":"open","ping_status":"","sticky":false,"template":"","format":"standard","meta":{"footnotes":""},"categories":[2],"tags":[11],"class_list":["post-175037","post","type-post","status-publish","format-standard","has-post-thumbnail","hentry","category-politics","tag-digi24"],"_links":{"self":[{"href":"https:\/\/analyse.optim.biz\/index.php?rest_route=\/wp\/v2\/posts\/175037","targetHints":{"allow":["GET"]}}],"collection":[{"href":"https:\/\/analyse.optim.biz\/index.php?rest_route=\/wp\/v2\/posts"}],"about":[{"href":"https:\/\/analyse.optim.biz\/index.php?rest_route=\/wp\/v2\/types\/post"}],"author":[{"embeddable":true,"href":"https:\/\/analyse.optim.biz\/index.php?rest_route=\/wp\/v2\/users\/1"}],"replies":[{"embeddable":true,"href":"https:\/\/analyse.optim.biz\/index.php?rest_route=%2Fwp%2Fv2%2Fcomments&post=175037"}],"version-history":[{"count":0,"href":"https:\/\/analyse.optim.biz\/index.php?rest_route=\/wp\/v2\/posts\/175037\/revisions"}],"wp:featuredmedia":[{"embeddable":true,"href":"https:\/\/analyse.optim.biz\/index.php?rest_route=\/wp\/v2\/media\/175038"}],"wp:attachment":[{"href":"https:\/\/analyse.optim.biz\/index.php?rest_route=%2Fwp%2Fv2%2Fmedia&parent=175037"}],"wp:term":[{"taxonomy":"category","embeddable":true,"href":"https:\/\/analyse.optim.biz\/index.php?rest_route=%2Fwp%2Fv2%2Fcategories&post=175037"},{"taxonomy":"post_tag","embeddable":true,"href":"https:\/\/analyse.optim.biz\/index.php?rest_route=%2Fwp%2Fv2%2Ftags&post=175037"}],"curies":[{"name":"wp","href":"https:\/\/api.w.org\/{rel}","templated":true}]}}