{"id":175026,"date":"2015-09-09T16:08:26","date_gmt":"2015-09-09T13:08:26","guid":{"rendered":"https:\/\/analyse.optim.biz\/?p=175026"},"modified":"2015-09-09T16:08:26","modified_gmt":"2015-09-09T13:08:26","slug":"liviu-dragnea-l-a-criticat-pe-ministrul-educatiei-pe-tema-refugiatilor","status":"publish","type":"post","link":"https:\/\/analyse.optim.biz\/?p=175026","title":{"rendered":"Liviu Dragnea l-a criticat pe ministrul Educa\u0163iei pe tema refugia\u0163ilor"},"content":{"rendered":"<div class=\"entry data-app-meta data-app-meta-article\" data-embed-base-url-canonical=\"https:\/\/www.digi24.ro\/embed\/stiri\/actualitate\/politica\/liviu-dragnea-l-a-criticat-pe-ministrul-educatiei-pe-tema-refugiatilor-436363\">\n<p data-index=\"1\"><strong>Liviu Dragnea spune c\u0103 a fost surprins de ordinul dat de ministru. Ba chiar l-a criticat, sus\u0163in\u00e2nd c\u0103 o asemenea decizie ar trebui luat\u0103 \u00een Consiliul Suprem de Ap\u0103rare a \u0162\u0103rii.<\/strong><\/p>\n<p data-index=\"2\">\u015eeful interimar al PSD a mers mai departe cu avertismentul s\u0103u \u015fi le-a atras aten\u0163ia tuturor mini\u015ftrilor c\u0103, \u00een aceste zile, ar trebui ca toate institu\u0163iile s\u0103 vorbeasc\u0103 pe aceea\u015fi voce.<\/p>\n<p data-index=\"3\">\u201e<span>Eu nu \u015ftiu ce a avut \u00een minte domnul ministru al Educa\u0163iei, dar eu cred c\u0103 ar trebui s\u0103 fie mai ponderat \u015fi el, \u015fi to\u0163i mini\u015ftrii, \u015fi aceast\u0103 ac\u0163iune trebuie s\u0103 fie sub o coordonare unitar\u0103 (&#8230;) Rom\u00e2nii sunt foarte \u00eengrijora\u0163i \u015fi orice comunicare necoordonat\u0103 pe acest subiect nu face dec\u00e2t s\u0103 creasc\u0103 \u00eengrijorarea \u00een r\u00e2ndul rom\u00e2nilor\u201d, a spus Liviu Dragnea la <a href=\"http:\/\/www.europafm.ro\/dragnea-despre-ordinul-ministrului-educatiei-privind-camine-pentru-refugiati-nu-stiu-ce-a-avut-in-minte\/\" target=\"_blank\" data-skip-linkfix=\"1\" rel=\"noopener\">Europa FM.<\/a> \u00a0<\/span><\/p>\n<\/div>\n<p> Source URL: https:\/\/www.digi24.ro\/stiri\/actualitate\/politica\/liviu-dragnea-l-a-criticat-pe-ministrul-educatiei-pe-tema-refugiatilor-436363<\/p>\n","protected":false},"excerpt":{"rendered":"<p>Liviu Dragnea spune c\u0103 a fost surprins de ordinul dat de ministru. Ba chiar l-a criticat, sus\u0163in\u00e2nd c\u0103 o asemenea decizie ar trebui luat\u0103 \u00een Consiliul Suprem de Ap\u0103rare a \u0162\u0103rii. \u015eeful interimar al PSD a mers mai departe cu avertismentul s\u0103u \u015fi le-a atras aten\u0163ia tuturor mini\u015ftrilor c\u0103, \u00een aceste zile, ar trebui ca [&hellip;]<\/p>\n","protected":false},"author":1,"featured_media":175027,"comment_status":"open","ping_status":"","sticky":false,"template":"","format":"standard","meta":{"footnotes":""},"categories":[2],"tags":[11],"class_list":["post-175026","post","type-post","status-publish","format-standard","has-post-thumbnail","hentry","category-politics","tag-digi24"],"_links":{"self":[{"href":"https:\/\/analyse.optim.biz\/index.php?rest_route=\/wp\/v2\/posts\/175026","targetHints":{"allow":["GET"]}}],"collection":[{"href":"https:\/\/analyse.optim.biz\/index.php?rest_route=\/wp\/v2\/posts"}],"about":[{"href":"https:\/\/analyse.optim.biz\/index.php?rest_route=\/wp\/v2\/types\/post"}],"author":[{"embeddable":true,"href":"https:\/\/analyse.optim.biz\/index.php?rest_route=\/wp\/v2\/users\/1"}],"replies":[{"embeddable":true,"href":"https:\/\/analyse.optim.biz\/index.php?rest_route=%2Fwp%2Fv2%2Fcomments&post=175026"}],"version-history":[{"count":0,"href":"https:\/\/analyse.optim.biz\/index.php?rest_route=\/wp\/v2\/posts\/175026\/revisions"}],"wp:featuredmedia":[{"embeddable":true,"href":"https:\/\/analyse.optim.biz\/index.php?rest_route=\/wp\/v2\/media\/175027"}],"wp:attachment":[{"href":"https:\/\/analyse.optim.biz\/index.php?rest_route=%2Fwp%2Fv2%2Fmedia&parent=175026"}],"wp:term":[{"taxonomy":"category","embeddable":true,"href":"https:\/\/analyse.optim.biz\/index.php?rest_route=%2Fwp%2Fv2%2Fcategories&post=175026"},{"taxonomy":"post_tag","embeddable":true,"href":"https:\/\/analyse.optim.biz\/index.php?rest_route=%2Fwp%2Fv2%2Ftags&post=175026"}],"curies":[{"name":"wp","href":"https:\/\/api.w.org\/{rel}","templated":true}]}}