{"id":175012,"date":"2015-09-09T19:04:20","date_gmt":"2015-09-09T16:04:20","guid":{"rendered":"https:\/\/analyse.optim.biz\/?p=175012"},"modified":"2015-09-09T19:04:20","modified_gmt":"2015-09-09T16:04:20","slug":"gelu-voican-voiculescu-si-alexandru-arsinel-luptatori-ai-revolutiei-romane","status":"publish","type":"post","link":"https:\/\/analyse.optim.biz\/?p=175012","title":{"rendered":"Gelu Voican Voiculescu \u0219i Alexandru Ar\u0219inel, lupt\u0103tori ai Revolu\u021biei Rom\u00e2ne"},"content":{"rendered":"<div class=\"entry data-app-meta data-app-meta-article\" data-embed-base-url-canonical=\"https:\/\/www.digi24.ro\/embed\/stiri\/actualitate\/politica\/gelu-voican-voiculescu-si-alexandru-arsinel-luptatori-ai-revolutiei-romane-436481\">\n<p data-index=\"1\"><img decoding=\"async\" src=\"https:\/\/analyse.optim.biz\/wp-content\/uploads\/2024\/09\/jnc9odawjmhhc2g9otzkmdbhntcwnzc3ymiyogi5nwy5nmrmzmnkzmi4odu-thumb_.jpg\" data-skip-htmlfix=\"1\" title=\"jnc9odawjmhhc2g9otzkmdbhntcwnzc3ymiyogi5nwy5nmrmzmnkzmi4odu-thumb_\"><\/p>\n<p data-index=\"2\"><em>Foto: Agerpres\u00a0<\/em><\/p>\n<p data-index=\"3\">Printre cei care au primit acest titlu se afl\u0103 Alexandru Ar\u0219inel, Gelu Voican Voiculescu \u0219i fostul parlamentar Grigore Zanc, noteaz\u0103 <a href=\"http:\/\/www.agerpres.ro\/\" target=\"_blank\" data-skip-linkfix=\"1\" rel=\"noopener\">Agerpres<\/a>. <\/p>\n<p data-index=\"4\">Preciz\u0103rile Administra\u021biei Preziden\u021biale:<\/p>\n<p data-index=\"5\">\u201e<span>\u00cen leg\u0103tur\u0103 cu informa\u021biile ap\u0103rute \u00een mass-media referitoare la decretul semnat de Pre\u0219edintele Rom\u00e2niei, domnul Klaus Iohannis, privind conferirea titlului de &#8220;Lupt\u0103tor pentru Victoria Revolu\u0163iei Rom\u00e2ne din Decembrie 1989 \u2013 Lupt\u0103tor cu Rol Determinant&#8221;, Departamentul Comunicare Public\u0103 face urm\u0103toarele preciz\u0103ri:<\/p>\n<p>Titlul de &#8220;Lupt\u0103tor cu Rol Determinant&#8221; a fost instituit prin OUG 95\/2014 pentru modificarea \u015fi completarea Legii recuno\u0219tin\u021bei fa\u0163\u0103 de eroii-martiri \u015fi lupt\u0103tori care au contribuit la victoria Revolu\u021biei rom\u00e2ne din decembrie 1989, precum \u015fi fa\u0163\u0103 de persoanele care \u015fi-au jertfit via\u021ba sau au avut de suferit \u00een urma revoltei muncitore\u0219ti anticomuniste de la Bra\u0219ov din noiembrie 1987 nr. 341\/2004.<\/p>\n<p>Potrivit acestui act normativ, propunerile pentru acordarea acestui titlu au fost \u00eenaintate de c\u0103tre Secretariatul de Stat pentru recunoa\u0219terea meritelor lupt\u0103torilor \u00eempotriva regimului comunist instaurat \u00een Rom\u00e2nia \u00een perioada 1945-1989, cu avizul Comisiei parlamentare a Revolu\u021bionarilor din Decembrie 1989.<\/p>\n<p>Conform documenta\u021biei transmise Administra\u021biei Preziden\u021biale, procedura s-a desf\u0103\u0219urat la nivelul institu\u021biilor abilitate de lege. Aceasta include analiza dosarelor personale, iar decizia acord\u0103rii acestui titlu, \u00een urma verific\u0103rilor, revine \u00een totalitate, din punctul de vedere al legalit\u0103\u021bii \u0219i oportunit\u0103\u021bii, Secretariatului de Stat pentru recunoa\u0219terea meritelor lupt\u0103torilor \u00eempotriva regimului comunist instaurat \u00een Rom\u00e2nia \u00een perioada 1945-1989 \u0219i Comisiei parlamentare a revolu\u021bionarilor din Decembrie 1989. Acestea din urm\u0103 sunt singurele organisme \u00een m\u0103sur\u0103 s\u0103 ofere clarific\u0103ri suplimentare.<\/p>\n<p>\u00cen temeiul OUG 95\/2014, constat\u00e2nd respectarea \u00eendeplinirii procedurilor legale, Pre\u0219edintele Rom\u00e2niei a emis decretul privind acordarea titlului de &#8220;Lupt\u0103tor pentru Victoria Revolu\u0163iei Rom\u00e2ne din Decembrie 1989 \u2013 Lupt\u0103tor cu Rol Determinant&#8221;.\u201d<\/span><\/p>\n<p data-index=\"6\">Lista \u00eentreag\u0103 poate fi consultat\u0103 <a href=\"http:\/\/www.presidency.ro\/static\/upload\/1441874154.pdf\" target=\"_blank\" data-skip-linkfix=\"1\" rel=\"noopener\">aici<\/a>.<\/p>\n<\/div>\n<p> Source URL: https:\/\/www.digi24.ro\/stiri\/actualitate\/politica\/gelu-voican-voiculescu-si-alexandru-arsinel-luptatori-ai-revolutiei-romane-436481<\/p>\n","protected":false},"excerpt":{"rendered":"<p>Foto: Agerpres\u00a0 Printre cei care au primit acest titlu se afl\u0103 Alexandru Ar\u0219inel, Gelu Voican Voiculescu \u0219i fostul parlamentar Grigore Zanc, noteaz\u0103 Agerpres. Preciz\u0103rile Administra\u021biei Preziden\u021biale: \u201e\u00cen leg\u0103tur\u0103 cu informa\u021biile ap\u0103rute \u00een mass-media referitoare la decretul semnat de Pre\u0219edintele Rom\u00e2niei, domnul Klaus Iohannis, privind conferirea titlului de &#8220;Lupt\u0103tor pentru Victoria Revolu\u0163iei Rom\u00e2ne din Decembrie 1989 [&hellip;]<\/p>\n","protected":false},"author":1,"featured_media":175013,"comment_status":"open","ping_status":"","sticky":false,"template":"","format":"standard","meta":{"footnotes":""},"categories":[2],"tags":[11],"class_list":["post-175012","post","type-post","status-publish","format-standard","has-post-thumbnail","hentry","category-politics","tag-digi24"],"_links":{"self":[{"href":"https:\/\/analyse.optim.biz\/index.php?rest_route=\/wp\/v2\/posts\/175012","targetHints":{"allow":["GET"]}}],"collection":[{"href":"https:\/\/analyse.optim.biz\/index.php?rest_route=\/wp\/v2\/posts"}],"about":[{"href":"https:\/\/analyse.optim.biz\/index.php?rest_route=\/wp\/v2\/types\/post"}],"author":[{"embeddable":true,"href":"https:\/\/analyse.optim.biz\/index.php?rest_route=\/wp\/v2\/users\/1"}],"replies":[{"embeddable":true,"href":"https:\/\/analyse.optim.biz\/index.php?rest_route=%2Fwp%2Fv2%2Fcomments&post=175012"}],"version-history":[{"count":0,"href":"https:\/\/analyse.optim.biz\/index.php?rest_route=\/wp\/v2\/posts\/175012\/revisions"}],"wp:featuredmedia":[{"embeddable":true,"href":"https:\/\/analyse.optim.biz\/index.php?rest_route=\/wp\/v2\/media\/175013"}],"wp:attachment":[{"href":"https:\/\/analyse.optim.biz\/index.php?rest_route=%2Fwp%2Fv2%2Fmedia&parent=175012"}],"wp:term":[{"taxonomy":"category","embeddable":true,"href":"https:\/\/analyse.optim.biz\/index.php?rest_route=%2Fwp%2Fv2%2Fcategories&post=175012"},{"taxonomy":"post_tag","embeddable":true,"href":"https:\/\/analyse.optim.biz\/index.php?rest_route=%2Fwp%2Fv2%2Ftags&post=175012"}],"curies":[{"name":"wp","href":"https:\/\/api.w.org\/{rel}","templated":true}]}}